{"id":1990,"date":"2021-09-27T08:47:22","date_gmt":"2021-09-27T11:47:22","guid":{"rendered":"https:\/\/www.reportedeprensa.utalca.cl\/?p=1990"},"modified":"2021-09-27T09:02:45","modified_gmt":"2021-09-27T12:02:45","slug":"27-de-septiembre-de-2021","status":"publish","type":"post","link":"https:\/\/www.reportedeprensa.utalca.cl\/?p=1990","title":{"rendered":"27 de septiembre de 2021"},"content":{"rendered":"\t\t<div data-elementor-type=\"wp-post\" data-elementor-id=\"1990\" class=\"elementor elementor-1990\" data-elementor-settings=\"[]\">\n\t\t\t\t\t\t\t<div class=\"elementor-section-wrap\">\n\t\t\t\t\t\t\t<section class=\"elementor-section elementor-top-section elementor-element elementor-element-a06ca45 elementor-section-boxed elementor-section-height-default elementor-section-height-default\" data-id=\"a06ca45\" data-element_type=\"section\">\n\t\t\t\t\t\t<div class=\"elementor-container elementor-column-gap-default\">\n\t\t\t\t\t<div class=\"elementor-column elementor-col-100 elementor-top-column elementor-element elementor-element-1486c35\" data-id=\"1486c35\" data-element_type=\"column\">\n\t\t\t<div class=\"elementor-widget-wrap elementor-element-populated\">\n\t\t\t\t\t\t\t\t<div class=\"elementor-element elementor-element-42b145e elementor-widget elementor-widget-text-editor\" data-id=\"42b145e\" data-element_type=\"widget\" data-widget_type=\"text-editor.default\">\n\t\t\t\t<div class=\"elementor-widget-container\">\n\t\t\t\t\t\t\t\t<p><b>LA PRENSA\u00a0<\/b><\/p><p><a style=\"font-style: inherit; font-weight: inherit; background-color: #ffffff; font-family: -apple-system, BlinkMacSystemFont,;\" href=\"https:\/\/www.litoralpress.cl\/paginaconsultas\/Servicios_NClip\/Get_Imagen_Nota.aspx?LPKey=7SSFE6H3Y3US5OGCYFAY6FUMMZWVCLOJ2MN5R4TCE2JMXRO3VEWGV24NK2F476AIJRYRHHGCQ72JK\" target=\"_blank\" rel=\"noopener\">UTalca y Hospital de Curic\u00f3 afianzan trabajo colaborativo.<\/a><\/p><p>\u00a0<\/p><p><b>DIARIOLAPRENSA.CL<\/b><\/p><p><a style=\"font-style: inherit; font-weight: inherit; background-color: #ffffff; font-family: -apple-system, BlinkMacSystemFont,;\" href=\"https:\/\/new.diariolaprensa.cl\/index.php\/2021\/09\/25\/utalca-y-hospital-de-curico-afianzan-trabajo-colaborativo\/\" target=\"_blank\" rel=\"noopener\">UTalca y Hospital de Curic\u00f3 afianzan trabajo colaborativo.<\/a><\/p><p>\u00a0<\/p><p><b>ADPRENSA.CL<\/b><\/p><p><a style=\"font-style: inherit; font-weight: inherit; background-color: #ffffff; font-family: -apple-system, BlinkMacSystemFont,;\" href=\"https:\/\/www.adprensa.cl\/cronica\/universidad-de-talca-y-hospital-de-curico-afianzan-trabajo-colaborativo\/\" target=\"_blank\" rel=\"noopener\">Universidad de Talca y Hospital de Curic\u00f3 afianzan trabajo colaborativo.<\/a><\/p><p>\u00a0<\/p><p><b>LINARESENLINEA.CL<\/b><\/p><p><a style=\"font-style: inherit; font-weight: inherit; background-color: #ffffff; font-family: -apple-system, BlinkMacSystemFont,;\" href=\"https:\/\/www.linaresenlinea.cl\/2021\/09\/25\/hospital-de-curico-y-universidad-de-talca-afianzan-trabajo-colaborativo\/\" target=\"_blank\" rel=\"noopener\">UTalca y Hospital de Curic\u00f3 afianzan trabajo colaborativo.<\/a><\/p><p>\u00a0<\/p><p><b>CANAL TVN<\/b><\/p><p><a style=\"font-style: inherit; font-weight: inherit; background-color: #ffffff; font-family: -apple-system, BlinkMacSystemFont,;\" href=\"https:\/\/www.litoralpress.cl\/sitio\/RadioTV_Detalles.cshtml?LPKey=UGG5TEPQQNPLN4YGZOXIALD3OBIRXAD36M4PQ5ZMN5WCYH5JH54A\" target=\"_blank\" rel=\"noopener\">Adelantan floraci\u00f3n de cerezos con innovaci\u00f3n chilena. Se refiere Patricio Gonz\u00e1lez, agroclimat\u00f3logo de la UTalca.<\/a><\/p><p>\u00a0<\/p><p><b>CANAL 24 HORAS<\/b><\/p><p><a style=\"font-style: inherit; font-weight: inherit; background-color: #ffffff; font-family: -apple-system, BlinkMacSystemFont,;\" href=\"https:\/\/www.litoralpress.cl\/sitio\/RadioTV_Detalles.cshtml?LPKey=GOUDLGCHPK3TOYUGIB227LEUSWRFNYXW2AXDSLVHHDGKBKDELLDA\" target=\"_blank\" rel=\"noopener\">Adelantan floraci\u00f3n de cerezos con innovaci\u00f3n chilena. Se refiere Patricio Gonz\u00e1lez, agroclimat\u00f3logo de la UTalca.<\/a><\/p><p>\u00a0<\/p><p><b>CANAL TVN RED MAULE<\/b><\/p><p><a style=\"font-style: inherit; font-weight: inherit; background-color: #ffffff; font-family: -apple-system, BlinkMacSystemFont,;\" href=\"https:\/\/www.litoralpress.cl\/sitio\/RadioTV_Detalles.cshtml?LPKey=EKNXWSUJD3RF3RIGCCKBOHTSMHWHOJHOULNZRM2IHC7O557M6CSA\" target=\"_blank\" rel=\"noopener\">Recurso h\u00eddrico: Balance del invierno y proyecciones de la primavera. Se refiere Patricio Gonz\u00e1lez, agroclimat\u00f3logo de la UTalca.<\/a><\/p><p>\u00a0<\/p><p><b>CANAL TVN RED MAULE<\/b><\/p><p><a style=\"font-style: inherit; font-weight: inherit; background-color: #ffffff; font-family: -apple-system, BlinkMacSystemFont,;\" href=\"https:\/\/www.litoralpress.cl\/sitio\/RadioTV_Detalles.cshtml?LPKey=RMZVGMUF5IEDKGGH2Q7IBO4TEOWF7Y3ZEQW3CD66Y7327KYHNSWQ\" target=\"_blank\" rel=\"noopener\">Pelarco: Agricultores preocupados por contaminaci\u00f3n del agua. Se refiere Ana Karina Peralta, directora del Centro de Inocuidad Alimentaria (CIA) de la UTalca.<\/a><\/p><p>\u00a0<\/p><p><b>ELMOSTRADOR.CL<\/b><\/p><p><a style=\"font-style: inherit; font-weight: inherit; background-color: #ffffff; font-family: -apple-system, BlinkMacSystemFont,;\" href=\"https:\/\/www.elmostrador.cl\/dia\/2021\/09\/24\/academico-de-la-utalca-critica-al-nuevo-servicio-mejor-ninez-reemplazo-del-sename-por-problematicas-con-el-marco-legal-al-primer-problema-se-va-a-caer-como-un-castillo-de-naipes\/\" target=\"_blank\" rel=\"noopener\">Acad\u00e9mico de la UTalca critica al nuevo Servicio Mejor Ni\u00f1ez, reemplazo del Sename, por problem\u00e1ticas con el marco legal: &#8220;Al primer problema, se va a caer como un castillo de naipes&#8221;.<\/a><\/p><p>\u00a0<\/p><p><b>ADPRENSA.CL<\/b><\/p><p><a style=\"font-style: inherit; font-weight: inherit; background-color: #ffffff; font-family: -apple-system, BlinkMacSystemFont,;\" href=\"https:\/\/www.adprensa.cl\/cronica\/experto-utalca-plantea-criticas-al-nuevo-servicio-mejor-ninez\/\" target=\"_blank\" rel=\"noopener\">Experto UTalca plantea cr\u00edticas al nuevo Servicio Mejor Ni\u00f1ez.<\/a><\/p><p>\u00a0<\/p><p><b>EL HERALDO<\/b><\/p><p><a style=\"font-style: inherit; font-weight: inherit; background-color: #ffffff; font-family: -apple-system, BlinkMacSystemFont,;\" href=\"https:\/\/www.litoralpress.cl\/paginaconsultas\/Servicios_NClip\/Get_Imagen_Nota.aspx?LPKey=PMKTIZLD2A63SODUWLFXCFTTYW2PFV5HIFMJYV4WUE3XFOWAZSTFVMEBI2BYJHVFNP6UYRXOCTXF6\" target=\"_blank\" rel=\"noopener\">Experto UTalca plantea cr\u00edticas al nuevo Servicio Mejor Ni\u00f1ez.<\/a><\/p><p>\u00a0<\/p><p><b>LANOTICIA.CL<\/b><\/p><p><a style=\"font-style: inherit; font-weight: inherit; background-color: #ffffff; font-family: -apple-system, BlinkMacSystemFont,;\" href=\"https:\/\/lanoticia.cl\/experto-utalca-plantea-criticas-al-nuevo-servicio-mejor-ninez\/\" target=\"_blank\" rel=\"noopener\">Experto UTalca plantea cr\u00edticas al nuevo servicio Mejor Ni\u00f1ez.<\/a><\/p><p>\u00a0<\/p><p><b>G5NOTICIAS.CL<\/b><\/p><p><a style=\"font-style: inherit; font-weight: inherit; background-color: #ffffff; font-family: -apple-system, BlinkMacSystemFont,;\" href=\"https:\/\/g5noticias.cl\/2021\/09\/25\/experto-utalca-plantea-criticas-al-nuevo-servicio-mejor-ninez\/\" target=\"_blank\" rel=\"noopener\">Experto UTalca plantea cr\u00edticas al nuevo Servicio Mejor Ni\u00f1ez.<\/a><\/p><p>\u00a0<\/p><p><b>RADIO COOPERATIVA<\/b><\/p><p><a style=\"font-style: inherit; font-weight: inherit; background-color: #ffffff; font-family: -apple-system, BlinkMacSystemFont,;\" href=\"https:\/\/www.litoralpress.cl\/sitio\/RadioTV_Detalles.cshtml?LPKey=LXXOHV5S2QBU4IDL67EEHOVT3AJF4PPN5EG7Z7KGKLRMYYQQLSCQ\" target=\"_blank\" rel=\"noopener\">Mesa de reporteros. Comienza el programa de vacunaci\u00f3n contra el COVID en colegios. Se refiere Erika Retamal, directora de Salud P\u00fablica de la UTalca.<\/a><\/p><p>\u00a0<\/p><p><b>RADIO COOPERATIVA<\/b><\/p><p><a style=\"font-style: inherit; font-weight: inherit; background-color: #ffffff; font-family: -apple-system, BlinkMacSystemFont,;\" href=\"https:\/\/www.litoralpress.cl\/sitio\/RadioTV_Detalles.cshtml?LPKey=W3KZ73XHSDCCIM2O6BQNC7XCQZX5KECBAEBT4NPD7J7UINVAG2XQ\" target=\"_blank\" rel=\"noopener\">La positividad de los ex\u00e1menes PCR que detectan el COVID-19 se mantiene sobre el 1%. Se refiere Erika Retamal, directora de Salud P\u00fablica de la UTalca.<\/a><\/p><p>\u00a0<\/p><p><b>RADIOPOLAR.COM<\/b><\/p><p><a style=\"font-style: inherit; font-weight: inherit; background-color: #ffffff; font-family: -apple-system, BlinkMacSystemFont,;\" href=\"http:\/\/radiopolar.com\/noticia_170210.html\" target=\"_blank\" rel=\"noopener\">Rector UTalca: \u201cLas universidades son un aporte al territorio y rompen con el centralismo\u201d.<\/a><\/p><p>\u00a0<\/p><p><b>LA TERCERA<\/b><\/p><p><a style=\"font-style: inherit; font-weight: inherit; background-color: #ffffff; font-family: -apple-system, BlinkMacSystemFont,;\" href=\"https:\/\/www.litoralpress.cl\/paginaconsultas\/Servicios_NClip\/Get_Imagen_Nota.aspx?LPKey=3BES2PCB3VGJZFBTX7JRRADLMXXCXXQ4DKISRA43YF2Z5YKPAWB7OYK4MLGBXRLSQRZPBMXUKMIQQ\" target=\"_blank\" rel=\"noopener\">Diesel: el gran ausente. Carta al director de Andrea Bentancor, acad\u00e9mica de la Facultad de Econom\u00eda y Negocios (FEN) de la UTalca.<\/a><\/p><p>\u00a0<\/p><p><b>RADIO USACH<\/b><\/p><p><a style=\"font-style: inherit; font-weight: inherit; background-color: #ffffff; font-family: -apple-system, BlinkMacSystemFont,;\" href=\"https:\/\/www.litoralpress.cl\/sitio\/RadioTV_Detalles.cshtml?LPKey=QGULVJXB3BOPQUUARMZJHSXZ3LKSZV5CR4TLBNRVYDWR3DXFWYDQ\" target=\"_blank\" rel=\"noopener\">Entrevista a Soraya Le\u00f3n, cirujano dentista, directora del Magister en Odontogeriatr\u00eda de la UTalca.<\/a><\/p><p>\u00a0<\/p><p><b>RADIO.USACH.CL<\/b><\/p><p><a style=\"font-style: inherit; font-weight: inherit; background-color: #ffffff; font-family: -apple-system, BlinkMacSystemFont,;\" href=\"https:\/\/www.litoralpress.cl\/sitio\/RadioTV_Detalles.cshtml?LPKey=LYXPT5NNZZVKVJDNPCWB37GVSJ6JWV5FZ7EGURVLZK3BLQIPMNZQ\" target=\"_blank\" rel=\"noopener\">Entrevista a Soraya Le\u00f3n, odontogeriatra de la UTalca.<\/a><\/p><p>\u00a0<\/p><p><b>ADPRENSA.CL<\/b><\/p><p><a style=\"font-style: inherit; font-weight: inherit; background-color: #ffffff; font-family: -apple-system, BlinkMacSystemFont,;\" href=\"https:\/\/www.adprensa.cl\/cronica\/academicas-recalcan-riesgos-del-embarazo-adolescente\/\" target=\"_blank\" rel=\"noopener\">Acad\u00e9micas recalcan riesgos del embarazo adolescente. Se refieren Gabriela Herrera y Alicia Parada, acad\u00e9micas de la Escuela de Obstetricia y Puericultura de la UTalca.<\/a><\/p><p>\u00a0<\/p><p><b>EL HERALDO<\/b><\/p><p><a style=\"font-style: inherit; font-weight: inherit; background-color: #ffffff; font-family: -apple-system, BlinkMacSystemFont,;\" href=\"https:\/\/www.litoralpress.cl\/paginaconsultas\/Servicios_NClip\/Get_Imagen_Nota.aspx?LPKey=7YBU74INMNYP2IWM2R6NIP4OOHOP63ETXXA24OUBPG6TEYV3XI6UUTDOOZCIELOH2BAED4AS7GN2K\" target=\"_blank\" rel=\"noopener\">Acad\u00e9micas recalcan riesgos del embarazo adolescente. Se refieren Gabriela Herrera y Alicia Parada, acad\u00e9micas de la Escuela de Obstetricia y Puericultura de la UTalca.<\/a><\/p><p>\u00a0<\/p><p><b>DIARIOELHERALDO.CL<\/b><\/p><p><a style=\"font-style: inherit; font-weight: inherit; background-color: #ffffff; font-family: -apple-system, BlinkMacSystemFont,;\" href=\"http:\/\/www.diarioelheraldo.cl\/noticia\/academicas-recalcan-riesgos-del-embarazo-adolescente-\" target=\"_blank\" rel=\"noopener\">Acad\u00e9micas recalcan riesgos del embarazo adolescente. Se refieren Gabriela Herrera y Alicia Parada, acad\u00e9micas de la Escuela de Obstetricia y Puericultura de la UTalca.<\/a><\/p><p>\u00a0<\/p><p><b>LANOTICIA.CL<\/b><\/p><p><a style=\"font-style: inherit; font-weight: inherit; background-color: #ffffff; font-family: -apple-system, BlinkMacSystemFont,;\" href=\"https:\/\/lanoticia.cl\/academicas-recalcan-riesgos-del-embarazo-adolescente\/\" target=\"_blank\" rel=\"noopener\">Acad\u00e9micas recalcan riesgos del embarazo adolescente. Se refieren Gabriela Herrera y Alicia Parada, acad\u00e9micas de la Escuela de Obstetricia y Puericultura de la UTalca.<\/a><\/p><p>\u00a0<\/p><p><b>G5NOTICIAS.CL<\/b><\/p><p><a style=\"font-style: inherit; font-weight: inherit; background-color: #ffffff; font-family: -apple-system, BlinkMacSystemFont,;\" href=\"https:\/\/g5noticias.cl\/2021\/09\/26\/cambio-climatico-impactaria-en-el-uso-de-suelo-y-en-el-precio-de-los-alimentos\/\" target=\"_blank\" rel=\"noopener\">Cambio clim\u00e1tico impactar\u00eda en el uso de suelo y en el precio de los alimentos. Se refiere Roberto Jara, acad\u00e9mico de la Facultad de Ciencias Agrarias de la UTalca.<\/a><\/p><p>\u00a0<\/p><p><b>CANAL TVN<\/b><\/p><p><a style=\"font-style: inherit; font-weight: inherit; background-color: #ffffff; font-family: -apple-system, BlinkMacSystemFont,;\" href=\"https:\/\/www.litoralpress.cl\/sitio\/RadioTV_Detalles.cshtml?LPKey=ZS6HKWODXTD7S3CDCLBFOXIRLPDGQUODLDPSW255Y74FDE7YRKVQ\" target=\"_blank\" rel=\"noopener\">Jornadas cruciales para el cuarto retiro de fondos de pensiones. Se refiere Mauricio Morales, director del Centro de An\u00e1lisis Pol\u00edtico (CAP) de la UTalca.<\/a><\/p><p>\u00a0<\/p><p><b>CANAL 24 HORAS<\/b><\/p><p><a style=\"font-style: inherit; font-weight: inherit; background-color: #ffffff; font-family: -apple-system, BlinkMacSystemFont,;\" href=\"https:\/\/www.litoralpress.cl\/sitio\/RadioTV_Detalles.cshtml?LPKey=SGTZ5M6CORBZF4KQUQLTJO3BW3KBE5H3PHBG6Z4RI5IXXWZECCYQ\" target=\"_blank\" rel=\"noopener\">Jornadas cruciales para el cuarto retiro de fondos de pensiones. Se refiere Mauricio Morales, director del Centro de An\u00e1lisis Pol\u00edtico (CAP) de la UTalca.<\/a><\/p><p>\u00a0<\/p><p><b>EMOL.COM<\/b><\/p><p><a style=\"font-style: inherit; font-weight: inherit; background-color: #ffffff; font-family: -apple-system, BlinkMacSystemFont,;\" href=\"https:\/\/www.emol.com\/noticias\/Nacional\/2021\/09\/26\/1033614\/participacion-indecisos-presidenciales.html\" target=\"_blank\" rel=\"noopener\">Alto n\u00famero de indecisos y cambios en el electorado: La inc\u00f3gnita abierta sobre la participaci\u00f3n en las presidenciales. Se refiere Mauricio Morales, director del Centro de An\u00e1lisis Pol\u00edtico (CAP) de la UTalca.<\/a><\/p><p>\u00a0<\/p><p><b>SOYCHLE.CL<\/b><\/p><p><a style=\"font-style: inherit; font-weight: inherit; background-color: #ffffff; font-family: -apple-system, BlinkMacSystemFont,;\" href=\"https:\/\/www.soychile.cl\/Santiago\/Politica\/2021\/09\/26\/724899\/elecciones-presidenciales-expertos-2021.aspx\" target=\"_blank\" rel=\"noopener\">Expertos prev\u00e9n un alto n\u00famero de indecisos en las pr\u00f3ximas elecciones presidenciales. Se refiere Mauricio Morales, director del Centro de An\u00e1lisis Pol\u00edtico (CAP) de la UTalca.<\/a><\/p><p>\u00a0<\/p><p><b>MARGAMARGATV.CL<\/b><\/p><p><a style=\"font-style: inherit; font-weight: inherit; background-color: #ffffff; font-family: -apple-system, BlinkMacSystemFont,;\" href=\"https:\/\/margamargatv.cl\/expertos-estiman-un-alto-numero-de-indecisos-en-las-proximas-elecciones-presidenciales\/\" target=\"_blank\" rel=\"noopener\">Expertos estiman un alto n\u00famero de indecisos en las pr\u00f3ximas elecciones presidenciales. Se refiere Mauricio Morales, director del Centro de An\u00e1lisis Pol\u00edtico (CAP) de la UTalca.<\/a><\/p><p>\u00a0<\/p><p><b>WAPPTV.CL<\/b><\/p><p><a style=\"font-style: inherit; font-weight: inherit; background-color: #ffffff; font-family: -apple-system, BlinkMacSystemFont,;\" href=\"https:\/\/www.wapptv.cl\/2021\/09\/26\/en-sus-marcas-listos-fuera-completo-analisis-a-la-carrera-presidencial-en-dime-wapp\/\" target=\"_blank\" rel=\"noopener\">\u00a1En sus marcas, listos, fuera!: Completo an\u00e1lisis a la carrera presidencial en Dime Wapp. Entrevista a Mario Herrera, acad\u00e9mico del Centro de An\u00e1lisis Pol\u00edtico (CAP) de la UTalca.<\/a><\/p><p>\u00a0<\/p><p><b>RADIO AMIGA<\/b><\/p><p><a style=\"font-style: inherit; font-weight: inherit; background-color: #ffffff; font-family: -apple-system, BlinkMacSystemFont,;\" href=\"https:\/\/www.litoralpress.cl\/sitio\/RadioTV_Detalles.cshtml?LPKey=W3A5SHUX3KLPYQGQIAXNC2RTPSFFAD3WKRBMDX3DAWF2YACWA2VA\" target=\"_blank\" rel=\"noopener\">Panel: Entrevista a Mario Herrera, acad\u00e9mico del Centro de An\u00e1lisis Pol\u00edtico (CAP) de la UTalca.<\/a><\/p><p>\u00a0<\/p><p><b>ADPRENSA.CL<\/b><\/p><p><a style=\"font-style: inherit; font-weight: inherit; background-color: #ffffff; font-family: -apple-system, BlinkMacSystemFont,;\" href=\"https:\/\/www.adprensa.cl\/actividades-academicas\/extension-utalca-continua-ciclo-de-talleres-artisticos-con-sesiones-de-deconstruccion-musical-de-cuatro-iconos-del-pop-latinoamericano\/\" target=\"_blank\" rel=\"noopener\">Extensi\u00f3n UTalca contin\u00faa ciclo de talleres art\u00edsticos con sesiones de deconstrucci\u00f3n musical de cuatro \u00edconos del pop latinoamericano.<\/a><\/p><p>\u00a0<\/p><p><b>CANAL TVN RED MAULE<\/b><\/p><p><a style=\"font-style: inherit; font-weight: inherit; background-color: #ffffff; font-family: -apple-system, BlinkMacSystemFont,;\" href=\"https:\/\/www.litoralpress.cl\/sitio\/RadioTV_Detalles.cshtml?LPKey=BZ4CUZPZYCSPGHOLO75GTTEODMBBIK6U5GMS6UD6R752X7WNF23A\" target=\"_blank\" rel=\"noopener\">Taller de construcci\u00f3n musical. Actividad es realizada por Centro de Extensi\u00f3n de UTalca.<\/a><\/p><p>\u00a0<\/p><p><b>CANAL TVN RED MAULE<\/b><\/p><p><a style=\"font-style: inherit; font-weight: inherit; background-color: #ffffff; font-family: -apple-system, BlinkMacSystemFont,;\" href=\"https:\/\/www.litoralpress.cl\/sitio\/RadioTV_Detalles.cshtml?LPKey=AGXP7VLHDQTWNKTVIBLOP354RDZ6I5D2PTGQ3JZSY2QEN2TO5OFQ\" target=\"_blank\" rel=\"noopener\">Panoramas para el fin de semana. Se menciona al Centro de Extensi\u00f3n de UTalca.<\/a><\/p><p>\u00a0<\/p>\t\t\t\t\t\t<\/div>\n\t\t\t\t<\/div>\n\t\t\t\t\t<\/div>\n\t\t<\/div>\n\t\t\t\t\t\t\t<\/div>\n\t\t<\/section>\n\t\t\t\t\t\t<\/div>\n\t\t\t\t\t<\/div>\n\t\t","protected":false},"excerpt":{"rendered":"<p>LA PRENSA\u00a0 UTalca y Hospital de Curic\u00f3 afianzan trabajo colaborativo. \u00a0 DIARIOLAPRENSA.CL UTalca y Hospital de Curic\u00f3 afianzan trabajo colaborativo. \u00a0 ADPRENSA.CL Universidad de Talca y Hospital de Curic\u00f3 afianzan trabajo colaborativo. \u00a0 LINARESENLINEA.CL UTalca y Hospital de Curic\u00f3 afianzan trabajo colaborativo. \u00a0 CANAL TVN Adelantan floraci\u00f3n de cerezos con innovaci\u00f3n chilena. Se refiere Patricio &hellip;<\/p>\n<p class=\"read-more\"> <a class=\"\" href=\"https:\/\/www.reportedeprensa.utalca.cl\/?p=1990\"> <span class=\"screen-reader-text\">27 de septiembre de 2021<\/span> Read More &raquo;<\/a><\/p>\n","protected":false},"author":1,"featured_media":0,"comment_status":"closed","ping_status":"open","sticky":false,"template":"elementor_theme","format":"standard","meta":{"_monsterinsights_skip_tracking":false,"_monsterinsights_sitenote_active":false,"_monsterinsights_sitenote_note":"","_monsterinsights_sitenote_category":0},"categories":[12],"tags":[],"_links":{"self":[{"href":"https:\/\/www.reportedeprensa.utalca.cl\/index.php?rest_route=\/wp\/v2\/posts\/1990"}],"collection":[{"href":"https:\/\/www.reportedeprensa.utalca.cl\/index.php?rest_route=\/wp\/v2\/posts"}],"about":[{"href":"https:\/\/www.reportedeprensa.utalca.cl\/index.php?rest_route=\/wp\/v2\/types\/post"}],"author":[{"embeddable":true,"href":"https:\/\/www.reportedeprensa.utalca.cl\/index.php?rest_route=\/wp\/v2\/users\/1"}],"replies":[{"embeddable":true,"href":"https:\/\/www.reportedeprensa.utalca.cl\/index.php?rest_route=%2Fwp%2Fv2%2Fcomments&post=1990"}],"version-history":[{"count":4,"href":"https:\/\/www.reportedeprensa.utalca.cl\/index.php?rest_route=\/wp\/v2\/posts\/1990\/revisions"}],"predecessor-version":[{"id":1994,"href":"https:\/\/www.reportedeprensa.utalca.cl\/index.php?rest_route=\/wp\/v2\/posts\/1990\/revisions\/1994"}],"wp:attachment":[{"href":"https:\/\/www.reportedeprensa.utalca.cl\/index.php?rest_route=%2Fwp%2Fv2%2Fmedia&parent=1990"}],"wp:term":[{"taxonomy":"category","embeddable":true,"href":"https:\/\/www.reportedeprensa.utalca.cl\/index.php?rest_route=%2Fwp%2Fv2%2Fcategories&post=1990"},{"taxonomy":"post_tag","embeddable":true,"href":"https:\/\/www.reportedeprensa.utalca.cl\/index.php?rest_route=%2Fwp%2Fv2%2Ftags&post=1990"}],"curies":[{"name":"wp","href":"https:\/\/api.w.org\/{rel}","templated":true}]}}