{"id":2036,"date":"2021-10-01T08:41:47","date_gmt":"2021-10-01T11:41:47","guid":{"rendered":"https:\/\/www.reportedeprensa.utalca.cl\/?p=2036"},"modified":"2021-10-01T08:51:34","modified_gmt":"2021-10-01T11:51:34","slug":"01-de-octubre-de-2021","status":"publish","type":"post","link":"https:\/\/www.reportedeprensa.utalca.cl\/?p=2036","title":{"rendered":"01 de octubre de 2021"},"content":{"rendered":"\t\t<div data-elementor-type=\"wp-post\" data-elementor-id=\"2036\" class=\"elementor elementor-2036\" data-elementor-settings=\"[]\">\n\t\t\t\t\t\t\t<div class=\"elementor-section-wrap\">\n\t\t\t\t\t\t\t<section class=\"elementor-section elementor-top-section elementor-element elementor-element-a06ca45 elementor-section-boxed elementor-section-height-default elementor-section-height-default\" data-id=\"a06ca45\" data-element_type=\"section\">\n\t\t\t\t\t\t<div class=\"elementor-container elementor-column-gap-default\">\n\t\t\t\t\t<div class=\"elementor-column elementor-col-100 elementor-top-column elementor-element elementor-element-1486c35\" data-id=\"1486c35\" data-element_type=\"column\">\n\t\t\t<div class=\"elementor-widget-wrap elementor-element-populated\">\n\t\t\t\t\t\t\t\t<div class=\"elementor-element elementor-element-42b145e elementor-widget elementor-widget-text-editor\" data-id=\"42b145e\" data-element_type=\"widget\" data-widget_type=\"text-editor.default\">\n\t\t\t\t<div class=\"elementor-widget-container\">\n\t\t\t\t\t\t\t\t<p><b>DIARIOTALCA.CL<\/b><\/p><p><a style=\"font-style: inherit; font-weight: inherit; background-color: #ffffff; font-family: -apple-system, BlinkMacSystemFont,;\" href=\"https:\/\/diariotalca.cl\/utalca-contara-con-mil-cupos-de-admision-especial-para-alumnos-destacados\/\" target=\"_blank\" rel=\"noopener\">UTalca contar\u00e1 con mil cupos de admisi\u00f3n especial para alumnos destacados.<\/a><\/p><p>\u00a0<\/p><p><b>ELMAULEINFORMA.CL<\/b><\/p><p><a style=\"font-style: inherit; font-weight: inherit; background-color: #ffffff; font-family: -apple-system, BlinkMacSystemFont,;\" href=\"https:\/\/elmauleinforma.cl\/utalca-ofrece-mas-de-1000-cupos-para-ingreso-especial-durante-el-2022\/\" target=\"_blank\" rel=\"noopener\">UTalca ofrece m\u00e1s de 1000 cupos para ingreso especial durante el 2022.<\/a><\/p><p>\u00a0<\/p><p><b>DIARIOELHERALDO.CL<\/b><\/p><p><a style=\"font-style: inherit; font-weight: inherit; background-color: #ffffff; font-family: -apple-system, BlinkMacSystemFont,;\" href=\"http:\/\/www.diarioelheraldo.cl\/noticia\/utalca-ofrece-mas-de-1000-cupos-para-ingreso-especial-durante-el-2022-2\" target=\"_blank\" rel=\"noopener\">UTalca ofrece m\u00e1s de 1000 cupos para ingreso especial durante el 2022.<\/a><\/p><p>\u00a0<\/p><p><b>ADPRENSA.CL<\/b><\/p><p><a style=\"font-style: inherit; font-weight: inherit; background-color: #ffffff; font-family: -apple-system, BlinkMacSystemFont,;\" href=\"https:\/\/www.adprensa.cl\/cronica\/expertos-internacionales-analizaron-formulas-para-avanzar-hacia-la-descentralizacion-del-pais\/\" target=\"_blank\" rel=\"noopener\">Expertos internacionales analizaron f\u00f3rmulas para avanzar hacia la descentralizaci\u00f3n del pa\u00eds. Se Refiere \u00c1lvaro Rojas, rector de la Universidad de Talca.<\/a><\/p><p>\u00a0<\/p><p><b>EL HERALDO<\/b><\/p><p><a style=\"font-style: inherit; font-weight: inherit; background-color: #ffffff; font-family: -apple-system, BlinkMacSystemFont,;\" href=\"https:\/\/www.litoralpress.cl\/paginaconsultas\/Servicios_NClip\/Get_Imagen_Nota.aspx?LPKey=5BL6FV2UWKIAWWZHDUTB7W4L3J6MEA36X2N66VAX66BOO6MIJYOVKZ2QTKP3FJXVCFRU7KQV7MO4M\" target=\"_blank\" rel=\"noopener\">Expertos internacionales analizaron f\u00f3rmulas para avanzar hacia la descentralizaci\u00f3n del pa\u00eds. Se Refiere \u00c1lvaro Rojas, rector de la Universidad de Talca.<\/a><\/p><p>\u00a0<\/p><p><b>CANAL TVN RED MAULE<\/b><\/p><p><a style=\"font-style: inherit; font-weight: inherit; background-color: #ffffff; font-family: -apple-system, BlinkMacSystemFont,;\" href=\"https:\/\/www.litoralpress.cl\/sitio\/RadioTV_Detalles.cshtml?LPKey=W3WAUP5PYHUNNGMBJDPWAFKRRBRT6HDDN4W3I6DKI6V3CQGZHTTQ\" target=\"_blank\" rel=\"noopener\">Proyecto busca potenciar la agricultura ante el cambio clim\u00e1tico. Se refiere Patricio Gonz\u00e1lez, agroclimat\u00f3logo de la UTalca.<\/a><\/p><p>\u00a0<\/p><p><b>RADIO DUNA<\/b><\/p><p><a style=\"font-style: inherit; font-weight: inherit; background-color: #ffffff; font-family: -apple-system, BlinkMacSystemFont,;\" href=\"https:\/\/www.litoralpress.cl\/sitio\/RadioTV_Detalles.cshtml?LPKey=W56HDY7XE3MW3BWL7MJ7UQRJPA33DIUWRYEK75AXLGVCIN6AOMJA\" target=\"_blank\" rel=\"noopener\">Entrevista a Katerina Kliwadenko y Mario Novas. Se menciona a Escuela de Arquitectura de la UTalca.<\/a><\/p><p>\u00a0<\/p><p><b>ADPRENSA.CL<\/b><\/p><p><a style=\"font-style: inherit; font-weight: inherit; background-color: #ffffff; font-family: -apple-system, BlinkMacSystemFont,;\" href=\"https:\/\/www.adprensa.cl\/cronica\/migracion-en-chile-experto-plantea-necesidad-de-una-politica-con-enfoque-en-los-derechos-humanos\/\" target=\"_blank\" rel=\"noopener\">Migraci\u00f3n en Chile: Experto plantea necesidad de una pol\u00edtica con enfoque en los derechos humanos. Se refiere Isaac Ravetllat, acad\u00e9mico de la Facultad de Ciencias Jur\u00eddicas y Sociales de la UTalca. <\/a><\/p><p>\u00a0<\/p><p><b>ADPRENSA.CL<\/b><\/p><p><a style=\"font-style: inherit; font-weight: inherit; background-color: #ffffff; font-family: -apple-system, BlinkMacSystemFont,;\" href=\"https:\/\/www.adprensa.cl\/cronica\/experto-advierte-consumo-de-alcohol-y-tabaco-aumentan-probabilidad-de-cancer-bucal\/\" target=\"_blank\" rel=\"noopener\">Experto advierte: Consumo de alcohol y tabaco aumentan probabilidad de c\u00e1ncer bucal. Se refiere Daniel Droguett, acad\u00e9mico del Departamento de Estomatolog\u00eda de la UTalca.<\/a><\/p><p>\u00a0<\/p><p><b>LINARESENLINEA.CL<\/b><\/p><p><a style=\"font-style: inherit; font-weight: inherit; background-color: #ffffff; font-family: -apple-system, BlinkMacSystemFont,;\" href=\"https:\/\/www.linaresenlinea.cl\/2021\/09\/30\/academico-de-la-utalca-senala-que-el-consumo-de-alcohol-y-tabaco-aumentan-probabilidad-de-cancer-bucal\/\" target=\"_blank\" rel=\"noopener\">Acad\u00e9mico de la UTalca se\u00f1ala que el consumo de alcohol y tabaco aumentan probabilidad de c\u00e1ncer bucal.<\/a><\/p><p>\u00a0<\/p><p><b>VLTV.CL<\/b><\/p><p><a style=\"font-style: inherit; font-weight: inherit; background-color: #ffffff; font-family: -apple-system, BlinkMacSystemFont,;\" href=\"https:\/\/vltv.cl\/experto-advierte-consumo-de-alcohol-y-tabaco-aumentan-probabilidad-de-cancer-bucal\/\" target=\"_blank\" rel=\"noopener\">Experto advierte: Consumo de alcohol y tabaco aumentan probabilidad de c\u00e1ncer bucal. Se refiere Daniel Droguett, acad\u00e9mico del Departamento de Estomatolog\u00eda de la UTalca.<\/a><\/p><p>\u00a0<\/p><p><b>TVMAULE.CL<\/b><\/p><p><a style=\"font-style: inherit; font-weight: inherit; background-color: #ffffff; font-family: -apple-system, BlinkMacSystemFont,;\" href=\"https:\/\/www.tvmaule.cl\/expertas-explican-los-riesgos-del-embarazo-adolescente\/\" target=\"_blank\" rel=\"noopener\">Expertas explican los riesgos del embarazo adolescente. Se refieren Gabriela Herrera y Alicia Parada, docentes de la Facultad de Ciencias de la Salud de la UTalca.<\/a><\/p><p>\u00a0<\/p><p><b>TALCAPITAL.CL<\/b><\/p><p><a style=\"font-style: inherit; font-weight: inherit; background-color: #ffffff; font-family: -apple-system, BlinkMacSystemFont,;\" href=\"https:\/\/talcacapital.cl\/academicas-recalcan-riesgos-del-embarazo-adolescente\/\" target=\"_blank\" rel=\"noopener\">Acad\u00e9micas recalcan riesgos del embarazo adolescente. Se refieren Gabriela Herrera y Alicia Parada, docentes de la Facultad de Ciencias de la Salud de la UTalca.<\/a><\/p><p>\u00a0<\/p><p><b>LA PRENSA<\/b><\/p><p><a style=\"font-style: inherit; font-weight: inherit; background-color: #ffffff; font-family: -apple-system, BlinkMacSystemFont,;\" href=\"https:\/\/www.litoralpress.cl\/paginaconsultas\/Servicios_NClip\/Get_Imagen_Nota.aspx?LPKey=EFOGVYQZKVW6LYKVDQJSNU5BENTVTSOD3XTCBPQIKNDLQBRAELMX3L33VJNR55P3I4L376D24HHPC\" target=\"_blank\" rel=\"noopener\">Centros formadores de profesionales de la salud visitaron el nuevo Hospital. Se menciona a la UTalca.<\/a><\/p><p>\u00a0<\/p><p><b>DIARIOLAPRENSA.CL<\/b><\/p><p><a style=\"font-style: inherit; font-weight: inherit; background-color: #ffffff; font-family: -apple-system, BlinkMacSystemFont,;\" href=\"https:\/\/new.diariolaprensa.cl\/index.php\/2021\/09\/30\/explora-maule-abre-convocatoria-para-presentar-trabajos-en-congreso-regional-de-ciencia-escolar\/\" target=\"_blank\" rel=\"noopener\">Explora Maule abre convocatoria para presentar trabajos en Congreso Regional de Ciencia Escolar.<\/a><\/p><p>\u00a0<\/p><p><b>CAUQUENESNET.CL<\/b><\/p><p><a style=\"font-style: inherit; font-weight: inherit; background-color: #ffffff; font-family: -apple-system, BlinkMacSystemFont,;\" href=\"https:\/\/cauquenesnet.cl\/2021\/09\/30\/explora-maule-abre-convocatoria-para-presentar-trabajos-en-congreso-regional-de-ciencia-escolar\/\" target=\"_blank\" rel=\"noopener\">Explora Maule abre convocatoria para presentar trabajos en Congreso Regional de Ciencia Escolar.<\/a><\/p><p>\u00a0<\/p><p><b>EL RANCAGUINO<\/b><\/p><p><a style=\"font-style: inherit; font-weight: inherit; background-color: #ffffff; font-family: -apple-system, BlinkMacSystemFont,;\" href=\"https:\/\/www.litoralpress.cl\/paginaconsultas\/Servicios_NClip\/Get_Imagen_Nota.aspx?LPKey=HFFWREJK4EDZZBNWMZ6USAQ7J6ADZAS4LHY2BCPBR7JVJBXC5BM42U24T5ON4H3CTTFK26SSQ2HIM\" target=\"_blank\" rel=\"noopener\">\u201cS\u00faper jueves de ciencia&#8221; para toda la familia. Se menciona a Carlos Restrepo, acad\u00e9mico de la Facultad de Ingenier\u00eda de la UTalca.<\/a><\/p><p>\u00a0<\/p><p><b>ELRANCAGUINO.CL<\/b><\/p><p><a style=\"font-style: inherit; font-weight: inherit; background-color: #ffffff; font-family: -apple-system, BlinkMacSystemFont,;\" href=\"https:\/\/www.elrancaguino.cl\/2021\/09\/30\/super-jueves-de-ciencia-para-toda-la-familia\/\" target=\"_blank\" rel=\"noopener\">\u201cS\u00faper jueves de ciencia&#8221; para toda la familia. Se menciona a Carlos Restrepo, acad\u00e9mico de la Facultad de Ingenier\u00eda de la UTalca.<\/a><\/p><p>\u00a0<\/p><p><b>DIARIORANCAGUA.CL<\/b><\/p><p><a style=\"font-style: inherit; font-weight: inherit; background-color: #ffffff; font-family: -apple-system, BlinkMacSystemFont,;\" href=\"http:\/\/diariorancagua.cl\/par-explora-ohiggins-super-jueves-de-ciencia-para-toda-la-familia\/\" target=\"_blank\" rel=\"noopener\">PAR Explora O\u00b4Higgins: \u201cS\u00faper jueves de ciencia\u201d para toda la familia. Se menciona a Carlos Restrepo, acad\u00e9mico de la Facultad de Ingenier\u00eda de la UTalca.<\/a><\/p><p>\u00a0<\/p><p><b>ELURBANORURAL.CL<\/b><\/p><p><a style=\"font-style: inherit; font-weight: inherit; background-color: #ffffff; font-family: -apple-system, BlinkMacSystemFont,;\" href=\"http:\/\/elurbanorural.cl\/par-explora-ohiggins-super-jueves-de-ciencia-para-toda-la-familia\/\" target=\"_blank\" rel=\"noopener\">PAR Explora O\u00b4Higgins: \u201cS\u00faper jueves de ciencia\u201d para toda la familia. Se menciona a Carlos Restrepo, acad\u00e9mico de la Facultad de Ingenier\u00eda de la UTalca.<\/a><\/p><p>\u00a0<\/p><p><b>RENGOENLANOTICIA.CL<\/b><\/p><p><a style=\"font-style: inherit; font-weight: inherit; background-color: #ffffff; font-family: -apple-system, BlinkMacSystemFont,;\" href=\"http:\/\/www.rengoenlanoticia.cl\/not\/2021\/09\/30\/par-explora-ohiggins-super-jueves-de-ciencia-para-toda-la-familia\/\" target=\"_blank\" rel=\"noopener\">PAR Explora O\u00b4Higgins: \u201cS\u00faper jueves de ciencia\u201d para toda la familia. Se menciona a Carlos Restrepo, acad\u00e9mico de la Facultad de Ingenier\u00eda de la UTalca.<\/a><\/p><p>\u00a0<\/p><p><b>EL MERCURIO<\/b><\/p><p><a style=\"font-style: inherit; font-weight: inherit; background-color: #ffffff; font-family: -apple-system, BlinkMacSystemFont,;\" href=\"https:\/\/www.litoralpress.cl\/paginaconsultas\/Servicios_NClip\/Get_Imagen_Nota.aspx?LPKey=M3VXXNIZCPDJMHR2WL73ACLODBU6ADU7OMJLS253S6IRYFG4Y2H43OJQBUUZSTLZUCUKDWEBKPSL2\" target=\"_blank\" rel=\"noopener\">Convencionales se organizan para integrar comisiones y adelantan principales debates. Se refiere Mar\u00eda Elisa Quinteros, acad\u00e9mica de la Facultad de Ciencias de la Salud de la UTalca.<\/a><\/p><p>\u00a0<\/p><p><b>LA SEGUNDA<\/b><\/p><p><a style=\"font-style: inherit; font-weight: inherit; background-color: #ffffff; font-family: -apple-system, BlinkMacSystemFont,;\" href=\"https:\/\/www.litoralpress.cl\/sitio\/Prensa_PaginaCompleta.cshtml?LPKey=VT35UBY6WCGBY53X3575MCLKSPCBIF53DFPLLGHFMSWLY7B2EWTQ\" target=\"_blank\" rel=\"noopener\">Definitivo, el eje de la Convenci\u00f3n es el FA y Convergencia Socialista: \u00bfCon qui\u00e9n armar los 2\/3? Se refiere Mauricio Morales, director del Centro de An\u00e1lisis Pol\u00edtico (CAP) de UTalca.<\/a><\/p><p>\u00a0<\/p><p><b>ELMOSTRADOR.CL<\/b><\/p><p><a style=\"font-style: inherit; font-weight: inherit; background-color: #ffffff; font-family: -apple-system, BlinkMacSystemFont,;\" href=\"https:\/\/www.elmostrador.cl\/noticias\/pais\/2021\/09\/30\/el-tobogan-del-cuarto-retiro-si-crece-apoyo-entre-senadores-sube-provoste-y-baja-sichel-y-viceversa\/\" target=\"_blank\" rel=\"noopener\">El tobog\u00e1n del cuarto retiro: si crece apoyo entre senadores sube Provoste y baja Sichel y viceversa. Se refiere Mauricio Morales, director del Centro de An\u00e1lisis Pol\u00edtico (CAP) de UTalca.<\/a><\/p><p>\u00a0<\/p><p><b>CANAL TVN RED MAULE<\/b><\/p><p><a style=\"font-style: inherit; font-weight: inherit; background-color: #ffffff; font-family: -apple-system, BlinkMacSystemFont,;\" href=\"https:\/\/www.litoralpress.cl\/sitio\/RadioTV_Detalles.cshtml?LPKey=LFURWAO2ZFDDAPITPGYPPQG7NCD64OONOMOLJMKCPUL6DT3GX2FQ\" target=\"_blank\" rel=\"noopener\">Nuevo cap\u00edtulo de Viaje al origen del presente en la web mav.utalca.cl. <\/a><\/p>\t\t\t\t\t\t<\/div>\n\t\t\t\t<\/div>\n\t\t\t\t\t<\/div>\n\t\t<\/div>\n\t\t\t\t\t\t\t<\/div>\n\t\t<\/section>\n\t\t\t\t\t\t<\/div>\n\t\t\t\t\t<\/div>\n\t\t","protected":false},"excerpt":{"rendered":"<p>DIARIOTALCA.CL UTalca contar\u00e1 con mil cupos de admisi\u00f3n especial para alumnos destacados. \u00a0 ELMAULEINFORMA.CL UTalca ofrece m\u00e1s de 1000 cupos para ingreso especial durante el 2022. \u00a0 DIARIOELHERALDO.CL UTalca ofrece m\u00e1s de 1000 cupos para ingreso especial durante el 2022. \u00a0 ADPRENSA.CL Expertos internacionales analizaron f\u00f3rmulas para avanzar hacia la descentralizaci\u00f3n del pa\u00eds. Se Refiere &hellip;<\/p>\n<p class=\"read-more\"> <a class=\"\" href=\"https:\/\/www.reportedeprensa.utalca.cl\/?p=2036\"> <span class=\"screen-reader-text\">01 de octubre de 2021<\/span> Read More &raquo;<\/a><\/p>\n","protected":false},"author":1,"featured_media":0,"comment_status":"closed","ping_status":"open","sticky":false,"template":"elementor_theme","format":"standard","meta":{"_monsterinsights_skip_tracking":false,"_monsterinsights_sitenote_active":false,"_monsterinsights_sitenote_note":"","_monsterinsights_sitenote_category":0},"categories":[13],"tags":[],"_links":{"self":[{"href":"https:\/\/www.reportedeprensa.utalca.cl\/index.php?rest_route=\/wp\/v2\/posts\/2036"}],"collection":[{"href":"https:\/\/www.reportedeprensa.utalca.cl\/index.php?rest_route=\/wp\/v2\/posts"}],"about":[{"href":"https:\/\/www.reportedeprensa.utalca.cl\/index.php?rest_route=\/wp\/v2\/types\/post"}],"author":[{"embeddable":true,"href":"https:\/\/www.reportedeprensa.utalca.cl\/index.php?rest_route=\/wp\/v2\/users\/1"}],"replies":[{"embeddable":true,"href":"https:\/\/www.reportedeprensa.utalca.cl\/index.php?rest_route=%2Fwp%2Fv2%2Fcomments&post=2036"}],"version-history":[{"count":4,"href":"https:\/\/www.reportedeprensa.utalca.cl\/index.php?rest_route=\/wp\/v2\/posts\/2036\/revisions"}],"predecessor-version":[{"id":2040,"href":"https:\/\/www.reportedeprensa.utalca.cl\/index.php?rest_route=\/wp\/v2\/posts\/2036\/revisions\/2040"}],"wp:attachment":[{"href":"https:\/\/www.reportedeprensa.utalca.cl\/index.php?rest_route=%2Fwp%2Fv2%2Fmedia&parent=2036"}],"wp:term":[{"taxonomy":"category","embeddable":true,"href":"https:\/\/www.reportedeprensa.utalca.cl\/index.php?rest_route=%2Fwp%2Fv2%2Fcategories&post=2036"},{"taxonomy":"post_tag","embeddable":true,"href":"https:\/\/www.reportedeprensa.utalca.cl\/index.php?rest_route=%2Fwp%2Fv2%2Ftags&post=2036"}],"curies":[{"name":"wp","href":"https:\/\/api.w.org\/{rel}","templated":true}]}}