{"id":2058,"date":"2021-10-05T08:40:40","date_gmt":"2021-10-05T11:40:40","guid":{"rendered":"https:\/\/www.reportedeprensa.utalca.cl\/?p=2058"},"modified":"2021-10-05T08:52:02","modified_gmt":"2021-10-05T11:52:02","slug":"05-de-octubre-de-2021","status":"publish","type":"post","link":"https:\/\/www.reportedeprensa.utalca.cl\/?p=2058","title":{"rendered":"05 de octubre de 2021"},"content":{"rendered":"\t\t<div data-elementor-type=\"wp-post\" data-elementor-id=\"2058\" class=\"elementor elementor-2058\" data-elementor-settings=\"[]\">\n\t\t\t\t\t\t\t<div class=\"elementor-section-wrap\">\n\t\t\t\t\t\t\t<section class=\"elementor-section elementor-top-section elementor-element elementor-element-a06ca45 elementor-section-boxed elementor-section-height-default elementor-section-height-default\" data-id=\"a06ca45\" data-element_type=\"section\">\n\t\t\t\t\t\t<div class=\"elementor-container elementor-column-gap-default\">\n\t\t\t\t\t<div class=\"elementor-column elementor-col-100 elementor-top-column elementor-element elementor-element-1486c35\" data-id=\"1486c35\" data-element_type=\"column\">\n\t\t\t<div class=\"elementor-widget-wrap elementor-element-populated\">\n\t\t\t\t\t\t\t\t<div class=\"elementor-element elementor-element-42b145e elementor-widget elementor-widget-text-editor\" data-id=\"42b145e\" data-element_type=\"widget\" data-widget_type=\"text-editor.default\">\n\t\t\t\t<div class=\"elementor-widget-container\">\n\t\t\t\t\t\t\t\t<p><b>DIARIO TALCA<\/b><\/p><p><a style=\"font-style: inherit; font-weight: inherit; background-color: #ffffff; font-family: -apple-system, BlinkMacSystemFont,;\" href=\"https:\/\/www.litoralpress.cl\/paginaconsultas\/Servicios_NClip\/Get_Imagen_Nota.aspx?LPKey=XKRSCBKMJ7QZUNSHLNIPJELQ4CDPMZ6JQCM32OFI6A74D5OTD2HN64RRXN7G2YGKEJUUND7PIO54E\" target=\"_blank\" rel=\"noopener\">UTalca en su 40\u00b0 aniversario reabre espacios culturales y el Jard\u00edn Bot\u00e1nico.<\/a><\/p><p>\u00a0<\/p><p><b>DIARIOTALCA.CL<\/b><\/p><p><a style=\"font-style: inherit; font-weight: inherit; background-color: #ffffff; font-family: -apple-system, BlinkMacSystemFont,;\" href=\"https:\/\/diariotalca.cl\/utalca-reabre-espacios-culturales-y-el-jardin-botanico\/\" target=\"_blank\" rel=\"noopener\">UTalca reabre espacios culturales y el Jard\u00edn Bot\u00e1nico.<\/a><\/p><p>\u00a0<\/p><p><b>ELMAULEINFORMA.CL<\/b><\/p><p><a style=\"font-style: inherit; font-weight: inherit; background-color: #ffffff; font-family: -apple-system, BlinkMacSystemFont,;\" href=\"https:\/\/elmauleinforma.cl\/utalca-en-su-40-aniversario-reabre-espacios-culturales-y-el-jardin-botanico-a-la-comunidad\/\" target=\"_blank\" rel=\"noopener\">UTalca en su 40\u00b0 aniversario reabre espacios culturales y el Jard\u00edn Bot\u00e1nico a la comunidad.<\/a><\/p><p>\u00a0<\/p><p><b>DIARIOLAPRENSA.CL<\/b><\/p><p><a style=\"font-style: inherit; font-weight: inherit; background-color: #ffffff; font-family: -apple-system, BlinkMacSystemFont,;\" href=\"https:\/\/new.diariolaprensa.cl\/index.php\/2021\/10\/04\/utalca-ofrece-mas-de-mil-cupos-para-ingreso-especial-durante-el-ano-2022\/\" target=\"_blank\" rel=\"noopener\">UTalca ofrece m\u00e1s de mil cupos para ingreso especial durante el a\u00f1o 2022.<\/a><\/p><p>\u00a0<\/p><p><b>CANAL CHILEVISI\u00d3N<\/b><\/p><p><a style=\"font-style: inherit; font-weight: inherit; background-color: #ffffff; font-family: -apple-system, BlinkMacSystemFont,;\" href=\"https:\/\/www.litoralpress.cl\/sitio\/RadioTV_Detalles.cshtml?LPKey=RHZRSXG3F2GC4IJYXKBSAF5RWE7NJBO7E7KU5BYKR2TVP5KG5N7Q\" target=\"_blank\" rel=\"noopener\">El Ministerio de Salud inform\u00f3 que existe un incremento en la variaci\u00f3n de casos nuevos de COVID-19. Se refiere Erika Retamal, directora de Salud P\u00fablica de la UTalca.<\/a><\/p><p>\u00a0<\/p><p><b>CANAL CNN CHILE<\/b><\/p><p><a style=\"font-style: inherit; font-weight: inherit; background-color: #ffffff; font-family: -apple-system, BlinkMacSystemFont,;\" href=\"https:\/\/www.litoralpress.cl\/sitio\/RadioTV_Detalles.cshtml?LPKey=P32HSFXUNZD4PADHWN5F3XDSBWTPQHN6Y3PKFQL4YOHV5H5FHKAA\" target=\"_blank\" rel=\"noopener\">El Ministerio de Salud inform\u00f3 que existe un incremento en la variaci\u00f3n de casos nuevos de COVID-19. Se refiere Erika Retamal, directora de Salud P\u00fablica de la UTalca.<\/a><\/p><p>\u00a0<\/p><p><b>DIARIOTALCA.CL<\/b><\/p><p><a style=\"font-style: inherit; font-weight: inherit; background-color: #ffffff; font-family: -apple-system, BlinkMacSystemFont,;\" href=\"https:\/\/diariotalca.cl\/cualquiera-de-nosotros-podria-tener-variante-delta\/\" target=\"_blank\" rel=\"noopener\">Erika Retamal: \u201cCualquiera de nosotros podr\u00eda tener variante Delta\u201d.<\/a><\/p><p>\u00a0<\/p><p><b>EL MERCURIO<\/b><\/p><p><a style=\"font-style: inherit; font-weight: inherit; background-color: #ffffff; font-family: -apple-system, BlinkMacSystemFont,;\" href=\"https:\/\/www.litoralpress.cl\/paginaconsultas\/Servicios_NClip\/Get_Imagen_Nota.aspx?LPKey=MS65DNUHIW4NG6TBR4YRIGG34KJ2FALRS5HGTQWS64QXB26WNYFDEIWHNFEHYKIUWTEQAGBV2O6US\" target=\"_blank\" rel=\"noopener\">Adelanto de requisitos para pedagog\u00edas mantiene en alerta al Mineduc: dice que perjudicar\u00eda a casi 40 universidades. Se menciona a la UTalca.<\/a><\/p><p>\u00a0<\/p><p><b>DIARIO TALCA<\/b><\/p><p><a style=\"font-style: inherit; font-weight: inherit; background-color: #ffffff; font-family: -apple-system, BlinkMacSystemFont,;\" href=\"https:\/\/www.litoralpress.cl\/sitio\/Prensa_PaginaCompleta.cshtml?LPKey=EKOUBNAPLVNMERQBZEXEYKLRROKE2KZ7V35PLGDXLJ2BBFU435MQ\" target=\"_blank\" rel=\"noopener\">Jos\u00e9 Donoso Y\u00e1\u00f1ez (1924-1996): Cuatro palabras sobre el origen. Se menciona a \u00c1lvaro Rojas, rector de la UTalca.<\/a><\/p><p>\u00a0<\/p><p><b>ELMAULEINFORMA.CL<\/b><\/p><p><a style=\"font-style: inherit; font-weight: inherit; background-color: #ffffff; font-family: -apple-system, BlinkMacSystemFont,;\" href=\"https:\/\/elmauleinforma.cl\/lanzan-polo-tecnologico-alimentario-regional\/\" target=\"_blank\" rel=\"noopener\">Lanzan Polo Tecnol\u00f3gico Alimentario Regional. Se refiere Pablo Villalobos, vicerrector de Innovaci\u00f3n de UTalca.<\/a><\/p><p>\u00a0<\/p><p><b>LINARESENLINEA.CL<\/b><\/p><p><a style=\"font-style: inherit; font-weight: inherit; background-color: #ffffff; font-family: -apple-system, BlinkMacSystemFont,;\" href=\"https:\/\/www.linaresenlinea.cl\/2021\/10\/04\/lanzan-polo-tecnologico-alimentario-en-el-maule\/\" target=\"_blank\" rel=\"noopener\">Lanzan Polo Tecnol\u00f3gico Alimentario en el Maule. Se refiere Pablo Villalobos, vicerrector de Innovaci\u00f3n de UTalca.<\/a><\/p><p>\u00a0<\/p><p><b>ENLINEAMAULE.CL\u00a0<\/b><\/p><p><a style=\"font-style: inherit; font-weight: inherit; background-color: #ffffff; font-family: -apple-system, BlinkMacSystemFont,;\" href=\"https:\/\/enlineamaule.cl\/archivo\/45411\" target=\"_blank\" rel=\"noopener\">A trav\u00e9s de videojuego se busca dar a conocer el patrimonio cultural y natural de la regi\u00f3n del Maule. Se menciona a MauleTec, laboratorio de medios dependiente de la UTalca.<\/a><\/p><p>\u00a0<\/p><p><b>ELMAULEINFORMA.CL<\/b><\/p><p><a style=\"font-style: inherit; font-weight: inherit; background-color: #ffffff; font-family: -apple-system, BlinkMacSystemFont,;\" href=\"https:\/\/elmauleinforma.cl\/a-traves-de-videojuego-promueven-patrimonio-de-la-region-del-maule\/\" target=\"_blank\" rel=\"noopener\">A trav\u00e9s de videojuego promueven patrimonio de la Regi\u00f3n del Maule. Se refiere Felipe Besoa\u00edn, director de MauleTec.<\/a><\/p><p>\u00a0<\/p><p><b>EL HERALDO<\/b><\/p><p><a style=\"font-style: inherit; font-weight: inherit; background-color: #ffffff; font-family: -apple-system, BlinkMacSystemFont,;\" href=\"https:\/\/www.litoralpress.cl\/paginaconsultas\/Servicios_NClip\/Get_Imagen_Nota.aspx?LPKey=OLCOXA6OTX2ZG7DJHHSZEPAB3JTLYHN6XQSWNVLNAUDTSD4JXKQXNH2ONA2O3VPRT3GVHSGKXMCLG\" target=\"_blank\" rel=\"noopener\">Jardines de bajo consumo: recomendaciones en tiempos de cambio clim\u00e1tico. Se refiere Flavia Schiappacasse, acad\u00e9mica de la Facultad de Ciencias Agrarias de la UTalca.<\/a><\/p><p>\u00a0<\/p><p><b>REDMAULE.COM<\/b><\/p><p><a style=\"font-style: inherit; font-weight: inherit; background-color: #ffffff; font-family: -apple-system, BlinkMacSystemFont,;\" href=\"https:\/\/www.redmaule.com\/tendencia\/jardines-de-bajo-consumo-recomendaciones-ante-el-cambio-climatico\" target=\"_blank\" rel=\"noopener\">Jardines de bajo consumo: recomendaciones ante el cambio clim\u00e1tico. Se refiere Flavia Schiappacasse, acad\u00e9mica de la Facultad de Ciencias Agrarias de la UTalca.<\/a><\/p><p>\u00a0<\/p><p><b>G5NOTICIAS.CL<\/b><\/p><p><a style=\"font-style: inherit; font-weight: inherit; background-color: #ffffff; font-family: -apple-system, BlinkMacSystemFont,;\" href=\"https:\/\/g5noticias.cl\/2021\/10\/04\/jardines-de-bajo-consumo-recomendaciones-en-tiempos-de-cambio-climatico\/\" target=\"_blank\" rel=\"noopener\">Jardines de bajo consumo: recomendaciones ante el cambio clim\u00e1tico. Se refiere Flavia Schiappacasse, acad\u00e9mica de la Facultad de Ciencias Agrarias de la UTalca.<\/a><\/p><p>\u00a0<\/p><p><b>RADIO DUNA<\/b><\/p><p><a style=\"font-style: inherit; font-weight: inherit; background-color: #ffffff; font-family: -apple-system, BlinkMacSystemFont,;\" href=\"https:\/\/www.litoralpress.cl\/sitio\/RadioTV_Detalles.cshtml?LPKey=76YGAKL3ZAU4BN65H63KZXZGU47HFWX2BUMBKN2453EUMUOWV7WQ\" target=\"_blank\" rel=\"noopener\">Participaci\u00f3n en la versi\u00f3n 39 del encuentro Arquisur. Se menciona la Escuela de Arquitectura de la UTalca.<\/a><\/p><p>\u00a0<\/p><p><b>IMPACTOREGIONAL.CL<\/b><\/p><p><a style=\"font-style: inherit; font-weight: inherit; background-color: #ffffff; font-family: -apple-system, BlinkMacSystemFont,;\" href=\"http:\/\/www.impactoregional.cl\/?p=4333\" target=\"_blank\" rel=\"noopener\">Revive el programa Impacto Regional. Se menciona a Marcelo Alarc\u00f3n, acad\u00e9mico del Departamento de Bioqu\u00edmica Cl\u00ednica e Inmunohematolog\u00eda; e Isaac Ravetllat, docente de la Facultad de Ciencias Jur\u00eddicas y Sociales de la UTalca.<\/a><\/p><p>\u00a0<\/p><p><b>DIARIO TALCA<\/b><\/p><p><a style=\"font-style: inherit; font-weight: inherit; background-color: #ffffff; font-family: -apple-system, BlinkMacSystemFont,;\" href=\"https:\/\/www.litoralpress.cl\/sitio\/Prensa_PaginaCompleta.cshtml?LPKey=2HXY5ZOA6G6UBAFVX2ZA7RKVGI6D77557UAGWI26NUG3QU6OIQHQ\" target=\"_blank\" rel=\"noopener\">Ha partido el eterno marginado de la cultura chilena. Se menciona a la UTalca.<\/a><\/p><p>\u00a0<\/p><p><b>CANAL MEGA<\/b><\/p><p><a style=\"font-style: inherit; font-weight: inherit; background-color: #ffffff; font-family: -apple-system, BlinkMacSystemFont,;\" href=\"https:\/\/www.litoralpress.cl\/sitio\/RadioTV_Detalles.cshtml?LPKey=FL4FGK5AIWDVNA6JP5BNEXORKRSIZ3KIVXPYZGLW52UFB2BSR5FA\" target=\"_blank\" rel=\"noopener\">Las encuestas de cara a la megaelecci\u00f3n 2021. Se refiere Mauricio Morales, director del Centro de An\u00e1lisis Pol\u00edtico (CAP) de la UTalca.<\/a><\/p><p>\u00a0<\/p><p><b>CANAL MEGA PLUS<\/b><\/p><p><a style=\"font-style: inherit; font-weight: inherit; background-color: #ffffff; font-family: -apple-system, BlinkMacSystemFont,;\" href=\"https:\/\/www.litoralpress.cl\/sitio\/RadioTV_Detalles.cshtml?LPKey=TSHTMGZKCQQ6JEX7H6C5BQRNBHNFHS4CFCA5LV33GIPPMXYQSOPA\" target=\"_blank\" rel=\"noopener\">Las encuestas de cara a la megaelecci\u00f3n 2021. Se refiere Mauricio Morales, director del Centro de An\u00e1lisis Pol\u00edtico (CAP) de la UTalca.<\/a><\/p><p>\u00a0<\/p><p><b>EMOL.COM<\/b><\/p><p><a style=\"font-style: inherit; font-weight: inherit; background-color: #ffffff; font-family: -apple-system, BlinkMacSystemFont,;\" href=\"https:\/\/www.emol.com\/noticias\/Nacional\/2021\/10\/03\/1034201\/crisis-migratoria-elecciones-parlamentarias-norte.html\" target=\"_blank\" rel=\"noopener\">Parlamentarias en el norte: Qui\u00e9nes son los candidatos y c\u00f3mo la crisis migratoria podr\u00eda afectar la campa\u00f1a. Se refiere Mauricio Morales, director del Centro de An\u00e1lisis Pol\u00edtico (CAP) de la UTalca.<\/a><\/p><p>\u00a0<\/p><p><b>CHILLANONLINE.CL<\/b><\/p><p><a style=\"font-style: inherit; font-weight: inherit; background-color: #ffffff; font-family: -apple-system, BlinkMacSystemFont,;\" href=\"https:\/\/www.chillanonline.cl\/V5\/chilenos-crean-primera-energetica-basada-completamente-en-plantas\/\" target=\"_blank\" rel=\"noopener\">Chilenos crean primera bebida energ\u00e9tica basada completamente en plantas. Se menciona a la UTalca.<\/a><\/p><p>\u00a0<\/p><p><b>MARGAMARGAONLINE.CL<\/b><\/p><p><a style=\"font-style: inherit; font-weight: inherit; background-color: #ffffff; font-family: -apple-system, BlinkMacSystemFont,;\" href=\"https:\/\/www.margamargaonline.cl\/regional\/18641-chilenos-crean-primera-energetica-basada-completamente-en-plantas\" target=\"_blank\" rel=\"noopener\">Chilenos crean primera bebida energ\u00e9tica basada completamente en plantas. Se menciona a la UTalca.<\/a><\/p><p>\u00a0<\/p><p><b>CANAL CONTIVISI\u00d3N<\/b><\/p><p><a style=\"font-style: inherit; font-weight: inherit; background-color: #ffffff; font-family: -apple-system, BlinkMacSystemFont,;\" href=\"https:\/\/www.litoralpress.cl\/sitio\/RadioTV_Detalles.cshtml?LPKey=ZKSB2BQWN3JMRGC2LLRGSJS6LVAJWWUDF57NEK7N3PUCWWVYJEQA\" target=\"_blank\" rel=\"noopener\">Se realiz\u00f3 la apertura de la avenida Lircay. Se menciona a la UTalca.<\/a><\/p>\t\t\t\t\t\t<\/div>\n\t\t\t\t<\/div>\n\t\t\t\t\t<\/div>\n\t\t<\/div>\n\t\t\t\t\t\t\t<\/div>\n\t\t<\/section>\n\t\t\t\t\t\t<\/div>\n\t\t\t\t\t<\/div>\n\t\t","protected":false},"excerpt":{"rendered":"<p>DIARIO TALCA UTalca en su 40\u00b0 aniversario reabre espacios culturales y el Jard\u00edn Bot\u00e1nico. \u00a0 DIARIOTALCA.CL UTalca reabre espacios culturales y el Jard\u00edn Bot\u00e1nico. \u00a0 ELMAULEINFORMA.CL UTalca en su 40\u00b0 aniversario reabre espacios culturales y el Jard\u00edn Bot\u00e1nico a la comunidad. \u00a0 DIARIOLAPRENSA.CL UTalca ofrece m\u00e1s de mil cupos para ingreso especial durante el a\u00f1o &hellip;<\/p>\n<p class=\"read-more\"> <a class=\"\" href=\"https:\/\/www.reportedeprensa.utalca.cl\/?p=2058\"> <span class=\"screen-reader-text\">05 de octubre de 2021<\/span> Read More &raquo;<\/a><\/p>\n","protected":false},"author":1,"featured_media":0,"comment_status":"closed","ping_status":"open","sticky":false,"template":"elementor_theme","format":"standard","meta":{"_monsterinsights_skip_tracking":false,"_monsterinsights_sitenote_active":false,"_monsterinsights_sitenote_note":"","_monsterinsights_sitenote_category":0},"categories":[13],"tags":[],"_links":{"self":[{"href":"https:\/\/www.reportedeprensa.utalca.cl\/index.php?rest_route=\/wp\/v2\/posts\/2058"}],"collection":[{"href":"https:\/\/www.reportedeprensa.utalca.cl\/index.php?rest_route=\/wp\/v2\/posts"}],"about":[{"href":"https:\/\/www.reportedeprensa.utalca.cl\/index.php?rest_route=\/wp\/v2\/types\/post"}],"author":[{"embeddable":true,"href":"https:\/\/www.reportedeprensa.utalca.cl\/index.php?rest_route=\/wp\/v2\/users\/1"}],"replies":[{"embeddable":true,"href":"https:\/\/www.reportedeprensa.utalca.cl\/index.php?rest_route=%2Fwp%2Fv2%2Fcomments&post=2058"}],"version-history":[{"count":4,"href":"https:\/\/www.reportedeprensa.utalca.cl\/index.php?rest_route=\/wp\/v2\/posts\/2058\/revisions"}],"predecessor-version":[{"id":2062,"href":"https:\/\/www.reportedeprensa.utalca.cl\/index.php?rest_route=\/wp\/v2\/posts\/2058\/revisions\/2062"}],"wp:attachment":[{"href":"https:\/\/www.reportedeprensa.utalca.cl\/index.php?rest_route=%2Fwp%2Fv2%2Fmedia&parent=2058"}],"wp:term":[{"taxonomy":"category","embeddable":true,"href":"https:\/\/www.reportedeprensa.utalca.cl\/index.php?rest_route=%2Fwp%2Fv2%2Fcategories&post=2058"},{"taxonomy":"post_tag","embeddable":true,"href":"https:\/\/www.reportedeprensa.utalca.cl\/index.php?rest_route=%2Fwp%2Fv2%2Ftags&post=2058"}],"curies":[{"name":"wp","href":"https:\/\/api.w.org\/{rel}","templated":true}]}}