{"id":2070,"date":"2021-10-06T08:39:59","date_gmt":"2021-10-06T11:39:59","guid":{"rendered":"https:\/\/www.reportedeprensa.utalca.cl\/?p=2070"},"modified":"2021-10-06T08:50:36","modified_gmt":"2021-10-06T11:50:36","slug":"06-de-octubre-de-2021","status":"publish","type":"post","link":"https:\/\/www.reportedeprensa.utalca.cl\/?p=2070","title":{"rendered":"06 de octubre de 2021"},"content":{"rendered":"\t\t<div data-elementor-type=\"wp-post\" data-elementor-id=\"2070\" class=\"elementor elementor-2070\" data-elementor-settings=\"[]\">\n\t\t\t\t\t\t\t<div class=\"elementor-section-wrap\">\n\t\t\t\t\t\t\t<section class=\"elementor-section elementor-top-section elementor-element elementor-element-a06ca45 elementor-section-boxed elementor-section-height-default elementor-section-height-default\" data-id=\"a06ca45\" data-element_type=\"section\">\n\t\t\t\t\t\t<div class=\"elementor-container elementor-column-gap-default\">\n\t\t\t\t\t<div class=\"elementor-column elementor-col-100 elementor-top-column elementor-element elementor-element-1486c35\" data-id=\"1486c35\" data-element_type=\"column\">\n\t\t\t<div class=\"elementor-widget-wrap elementor-element-populated\">\n\t\t\t\t\t\t\t\t<div class=\"elementor-element elementor-element-42b145e elementor-widget elementor-widget-text-editor\" data-id=\"42b145e\" data-element_type=\"widget\" data-widget_type=\"text-editor.default\">\n\t\t\t\t<div class=\"elementor-widget-container\">\n\t\t\t\t\t\t\t\t<p><b>LA TERCERA<\/b><\/p><p><a style=\"font-style: inherit; font-weight: inherit; background-color: #ffffff; font-family: -apple-system, BlinkMacSystemFont,;\" href=\"https:\/\/www.litoralpress.cl\/sitio\/Prensa_PaginaCompleta.cshtml?LPKey=UVMNQEDVV7X6C2AB5DM5665QM3I44FCSQK5K6CS5X7R6VP7NNQTA\" target=\"_blank\" rel=\"noopener\">Sobre Jane Austen y los olvidados a\u00f1os en Princeton: el in\u00e9dito libro de Jos\u00e9 Donoso. Se menciona que texto fue publicado por Ediciones Universidad de Talca.<\/a><\/p><p>\u00a0<\/p><p><b>LATERCERA.COM<\/b><\/p><p><a style=\"font-style: inherit; font-weight: inherit; background-color: #ffffff; font-family: -apple-system, BlinkMacSystemFont,;\" href=\"https:\/\/www.latercera.com\/la-tercera-pm\/noticia\/sobre-jane-austen-y-los-olvidados-anos-en-princeton-el-inedito-libro-de-jose-donoso\/YCJR5AEMHJFAVMQUSSRVJAPD3M\/\" target=\"_blank\" rel=\"noopener\">Sobre Jane Austen y los olvidados a\u00f1os en Princeton: el in\u00e9dito libro de Jos\u00e9 Donoso. Se menciona que texto fue publicado por Ediciones Universidad de Talca.<\/a><\/p><p>\u00a0<\/p><p><b>DIARIOTALCA.CL<\/b><\/p><p><a style=\"font-style: inherit; font-weight: inherit; background-color: #ffffff; font-family: -apple-system, BlinkMacSystemFont,;\" href=\"https:\/\/diariotalca.cl\/como-tener-un-jardin-en-casa-en-tiempos-de-escasez-hidrica\/\" target=\"_blank\" rel=\"noopener\">\u00bfC\u00f3mo tener un jard\u00edn en casa en tiempos de escasez h\u00eddrica? Se refiere Flavia Schiappacasse, acad\u00e9mica de la Facultad de Ciencias Agrarias de la UTalca.<\/a><\/p><p>\u00a0<\/p><p><b>DIAROELHERALDO.CL<\/b><\/p><p><a style=\"font-style: inherit; font-weight: inherit; background-color: #ffffff; font-family: -apple-system, BlinkMacSystemFont,;\" href=\"http:\/\/www.diarioelheraldo.cl\/noticia\/jardines-de-bajo-consumo-recomendaciones-en-tiempos-de-cambio-climatico-\" target=\"_blank\" rel=\"noopener\">Jardines de bajo consumo: recomendaciones en tiempos de cambio clim\u00e1tico. Se refiere Flavia Schiappacasse, acad\u00e9mica de la Facultad de Ciencias Agrarias de la UTalca.<\/a><\/p><p>\u00a0<\/p><p><b>ADPRENSA.CL<\/b><\/p><p><a style=\"font-style: inherit; font-weight: inherit; background-color: #ffffff; font-family: -apple-system, BlinkMacSystemFont,;\" href=\"https:\/\/www.adprensa.cl\/cronica\/efectos-psicologicos-de-la-pandemia-se-prolongarian-en-el-tiempo\/\" target=\"_blank\" rel=\"noopener\">Efectos psicol\u00f3gicos de la pandemia se prolongar\u00edan en el tiempo. Se refiere Nadia Ramos, acad\u00e9mica de la Facultad de Psicolog\u00eda de la UTalca.<\/a><\/p><p>\u00a0<\/p><p><b>LA PRENSA<\/b><\/p><p><a style=\"font-style: inherit; font-weight: inherit; background-color: #ffffff; font-family: -apple-system, BlinkMacSystemFont,;\" href=\"https:\/\/www.litoralpress.cl\/paginaconsultas\/Servicios_NClip\/Get_Imagen_Nota.aspx?LPKey=YNPNSFGLP5ZFZKYGKBVTV6GYVTGNZNCTG466CHXCH24KQ5LAJ2PAA372BHRJV5M3IGGDVTW6KUCFA\" target=\"_blank\" rel=\"noopener\">Advierten sobre efectos psicol\u00f3gicos de la pandemia. Se refiere Nadia Ramos, acad\u00e9mica de la Facultad de Psicolog\u00eda de la UTalca.<\/a><\/p><p>\u00a0<\/p><p><b>EL HERALDO<\/b><\/p><p><a style=\"font-style: inherit; font-weight: inherit; background-color: #ffffff; font-family: -apple-system, BlinkMacSystemFont,;\" href=\"https:\/\/www.litoralpress.cl\/paginaconsultas\/Servicios_NClip\/Get_Imagen_Nota.aspx?LPKey=7BKCMAETDHRAISGLUBXSYWJYACSWWJKTQG2SOUJX2ETJIG7YGFQ4CGM6PZUUBHHU6IEKVMM4EBK3I\" target=\"_blank\" rel=\"noopener\">Efectos psicol\u00f3gicos de la pandemia se prolongar\u00edan en el tiempo. Se refiere Nadia Ramos, acad\u00e9mica de la Facultad de Psicolog\u00eda de la UTalca.<\/a><\/p><p>\u00a0<\/p><p><b>REDMAULE.COM<\/b><\/p><p><a style=\"font-style: inherit; font-weight: inherit; background-color: #ffffff; font-family: -apple-system, BlinkMacSystemFont,;\" href=\"https:\/\/www.redmaule.com\/nacional\/efectos-psicologicos-de-la-pandemia-se-prolongarian-en-el-tiempo\" target=\"_blank\" rel=\"noopener\">Efectos psicol\u00f3gicos de la pandemia se prolongar\u00edan en el tiempo. Se refiere Nadia Ramos, acad\u00e9mica de la Facultad de Psicolog\u00eda de la UTalca.<\/a><\/p><p>\u00a0<\/p><p><b>REDANTOFAGASTA.COM<\/b><\/p><p><a style=\"font-style: inherit; font-weight: inherit; background-color: #ffffff; font-family: -apple-system, BlinkMacSystemFont,;\" href=\"https:\/\/redantofagasta.com\/nacional\/efectos-psicologicos-de-la-pandemia-se-prolongarian-en-el-tiempo\" target=\"_blank\" rel=\"noopener\">Efectos psicol\u00f3gicos de la pandemia se prolongar\u00edan en el tiempo. Se refiere Nadia Ramos, acad\u00e9mica de la Facultad de Psicolog\u00eda de la UTalca.<\/a><\/p><p>\u00a0<\/p><p><b>CANAL TV5<\/b><\/p><p><a style=\"font-style: inherit; font-weight: inherit; background-color: #ffffff; font-family: -apple-system, BlinkMacSystemFont,;\" href=\"https:\/\/www.litoralpress.cl\/sitio\/RadioTV_Detalles.cshtml?LPKey=S675CIY46OSAI74PD2VQR32777FYBSHHDOVIODZSJTD7PTUWDKGA\" target=\"_blank\" rel=\"noopener\">Situaci\u00f3n del COVID-19, analizan \u201cterror\u201d de personas a mayor apertura. Se refiere Nadia Ramos, acad\u00e9mica de la Facultad de Psicolog\u00eda de la UTalca.<\/a><\/p><p>\u00a0<\/p><p><b>TVMAULE.CL<\/b><\/p><p><a style=\"font-style: inherit; font-weight: inherit; background-color: #ffffff; font-family: -apple-system, BlinkMacSystemFont,;\" href=\"https:\/\/www.tvmaule.cl\/consumo-de-alcohol-y-tabaco-aumentan-probabilidad-de-cancer-bucal\/\" target=\"_blank\" rel=\"noopener\">Consumo de alcohol y tabaco aumentan probabilidad de c\u00e1ncer bucal. Se refiere Daniel Droguett, acad\u00e9mico de la Escuela de Odontolog\u00eda de la UTalca.<\/a><\/p><p>\u00a0<\/p><p><b>TALCACAPITAL.CL<\/b><\/p><p><a style=\"font-style: inherit; font-weight: inherit; background-color: #ffffff; font-family: -apple-system, BlinkMacSystemFont,;\" href=\"https:\/\/talcacapital.cl\/experto-advierte-consumo-de-alcohol-y-tabaco-aumentan-probabilidad-de-cancer-bucal\/\" target=\"_blank\" rel=\"noopener\">Experto advierte: Consumo de alcohol y tabaco aumentan probabilidad de c\u00e1ncer bucal. Se refiere Daniel Droguett, acad\u00e9mico de la Escuela de Odontolog\u00eda de la UTalca.<\/a><\/p><p>\u00a0<\/p><p><b>CENTREOSURNOTICIAS.CL<\/b><\/p><p><a style=\"font-style: inherit; font-weight: inherit; background-color: #ffffff; font-family: -apple-system, BlinkMacSystemFont,;\" href=\"https:\/\/centrosurnoticias.cl\/experto-advierte-consumo-de-alcohol-y-tabaco-aumentan-probabilidad-de-cancer-bucal\/\" target=\"_blank\" rel=\"noopener\">Experto advierte: Consumo de alcohol y tabaco aumentan probabilidad de c\u00e1ncer bucal. Se refiere Daniel Droguett, acad\u00e9mico de la Escuela de Odontolog\u00eda de la UTalca.<\/a><\/p><p>\u00a0<\/p><p><b>RADIO AMIGA<\/b><\/p><p><a style=\"font-style: inherit; font-weight: inherit; background-color: #ffffff; font-family: -apple-system, BlinkMacSystemFont,;\" href=\"https:\/\/www.litoralpress.cl\/sitio\/RadioTV_Detalles.cshtml?LPKey=SJIE2ZMSZ5HY4HH2B2BH6IFQZOG3FKBWM6XFUGEITJAQSCOLC6NA\" target=\"_blank\" rel=\"noopener\">Aporte de la tecnolog\u00eda al patrimonio y turismo de la regi\u00f3n del Maule. Se refiere Felipe Besoa\u00edn, director de MauleTec de la UTalca.<\/a><\/p><p>\u00a0<\/p><p><b>REDMAULE.COM<\/b><\/p><p><a style=\"font-style: inherit; font-weight: inherit; background-color: #ffffff; font-family: -apple-system, BlinkMacSystemFont,;\" href=\"https:\/\/www.redmaule.com\/regional\/museo-virtual-del-maule-arriba-a-empedrado-curepto-villa-alegre-y-san\" target=\"_blank\" rel=\"noopener\">Museo virtual del Maule arriba a Empedrado, Curepto, Villa Alegre y San Javier. Se refiere Felipe Besoa\u00edn, director de MauleTec de la UTalca.<\/a><\/p><p>\u00a0<\/p><p><b>VGRAFICO.CL<\/b><\/p><p><a style=\"font-style: inherit; font-weight: inherit; background-color: #ffffff; font-family: -apple-system, BlinkMacSystemFont,;\" href=\"https:\/\/vgrafico.cl\/2021\/10\/05\/museo-virtual\/\" target=\"_blank\" rel=\"noopener\">Museo virtual del Maule arriba a Empedrado, Curepto, Villa Alegre y San Javier. Se refiere Felipe Besoa\u00edn, director de MauleTec de la UTalca.<\/a><\/p><p>\u00a0<\/p><p><b>LINARESENLINEA.CL<\/b><\/p><p><a style=\"font-style: inherit; font-weight: inherit; background-color: #ffffff; font-family: -apple-system, BlinkMacSystemFont,;\" href=\"https:\/\/www.linaresenlinea.cl\/2021\/10\/05\/museo-virtual-del-maule-llegara-a-comunas-de-las-provincias-de-linares-y-talca\/\" target=\"_blank\" rel=\"noopener\">Museo Virtual del Maule llegar\u00e1 a comunas de las provincias de Linares y Talca. Se refiere Felipe Besoa\u00edn, director de MauleTec de la UTalca.<\/a><\/p><p>\u00a0<\/p><p><b>NOSMAGAZINE.CL<\/b><\/p><p><a style=\"font-style: inherit; font-weight: inherit; background-color: #ffffff; font-family: -apple-system, BlinkMacSystemFont,;\" href=\"https:\/\/nosmagazine.cl\/lo-nuevo\/tecnologia-de-ejercicio-a-distancia-para-adultos-mayores-con-inteligencia-artificial\/\" target=\"_blank\" rel=\"noopener\">Tecnolog\u00eda de ejercicio a distancia para adultos mayores con inteligencia artificial. Se refiere Valeska Gatica, directora del Centro Tecnol\u00f3gico y Telerrehabilitaci\u00f3n y Neurociencias en el Movimiento Humano (CTTN) de la UTalca.<\/a><\/p><p>\u00a0<\/p><p><b>LA PRENSA<\/b><\/p><p><a style=\"font-style: inherit; font-weight: inherit; background-color: #ffffff; font-family: -apple-system, BlinkMacSystemFont,;\" href=\"https:\/\/www.litoralpress.cl\/paginaconsultas\/Servicios_NClip\/Get_Imagen_Nota.aspx?LPKey=7OE3TY6SPXCD4EP2UCNSQKPAB643EH5SK5LQE2BTVRERFIDSUPKTFTCT5HV73QED7JZNHN7AJCMDW\" target=\"_blank\" rel=\"noopener\">Priorizan forestaci\u00f3n del cerro Condell. Se menciona a la UTalca.<\/a><\/p><p>\u00a0<\/p><p><b>RADIO COOPERATIVA<\/b><\/p><p><a style=\"font-style: inherit; font-weight: inherit; background-color: #ffffff; font-family: -apple-system, BlinkMacSystemFont,;\" href=\"https:\/\/www.litoralpress.cl\/Archivos\/IFOWISAKPIXEL5ZRFFHBMXHHTQ.mp3\" target=\"_blank\" rel=\"noopener\">Mesa de reporteros: Conmemoraci\u00f3n de Plebiscito de 1988. Se menciona estudio de la Universidad de Talca.<\/a><\/p><p>\u00a0<\/p><p><b>TEMUCOTELEVISION.CL<\/b><\/p><p><a style=\"font-style: inherit; font-weight: inherit; background-color: #ffffff; font-family: -apple-system, BlinkMacSystemFont,;\" href=\"https:\/\/temucotelevision.cl\/web\/2021\/10\/04\/chilenos-crean-primera-energetica-basada-completamente-en-plantas\/\" target=\"_blank\" rel=\"noopener\">Chilenos crean primera energ\u00e9tica basada completamente en plantas. Se menciona a la UTalca.<\/a><\/p><p>\u00a0<\/p><p><b>G5NOTICIAS.CL<\/b><\/p><p><a style=\"font-style: inherit; font-weight: inherit; background-color: #ffffff; font-family: -apple-system, BlinkMacSystemFont,;\" href=\"https:\/\/g5noticias.cl\/2021\/10\/05\/chilenos-crean-primera-energetica-basada-completamente-en-plantas\/\" target=\"_blank\" rel=\"noopener\">Chilenos crean primera energ\u00e9tica basada completamente en plantas. Se menciona a la UTalca.<\/a><\/p>\t\t\t\t\t\t<\/div>\n\t\t\t\t<\/div>\n\t\t\t\t\t<\/div>\n\t\t<\/div>\n\t\t\t\t\t\t\t<\/div>\n\t\t<\/section>\n\t\t\t\t\t\t<\/div>\n\t\t\t\t\t<\/div>\n\t\t","protected":false},"excerpt":{"rendered":"<p>LA TERCERA Sobre Jane Austen y los olvidados a\u00f1os en Princeton: el in\u00e9dito libro de Jos\u00e9 Donoso. Se menciona que texto fue publicado por Ediciones Universidad de Talca. \u00a0 LATERCERA.COM Sobre Jane Austen y los olvidados a\u00f1os en Princeton: el in\u00e9dito libro de Jos\u00e9 Donoso. Se menciona que texto fue publicado por Ediciones Universidad de &hellip;<\/p>\n<p class=\"read-more\"> <a class=\"\" href=\"https:\/\/www.reportedeprensa.utalca.cl\/?p=2070\"> <span class=\"screen-reader-text\">06 de octubre de 2021<\/span> Read More &raquo;<\/a><\/p>\n","protected":false},"author":1,"featured_media":0,"comment_status":"closed","ping_status":"open","sticky":false,"template":"elementor_theme","format":"standard","meta":{"_monsterinsights_skip_tracking":false,"_monsterinsights_sitenote_active":false,"_monsterinsights_sitenote_note":"","_monsterinsights_sitenote_category":0},"categories":[13],"tags":[],"_links":{"self":[{"href":"https:\/\/www.reportedeprensa.utalca.cl\/index.php?rest_route=\/wp\/v2\/posts\/2070"}],"collection":[{"href":"https:\/\/www.reportedeprensa.utalca.cl\/index.php?rest_route=\/wp\/v2\/posts"}],"about":[{"href":"https:\/\/www.reportedeprensa.utalca.cl\/index.php?rest_route=\/wp\/v2\/types\/post"}],"author":[{"embeddable":true,"href":"https:\/\/www.reportedeprensa.utalca.cl\/index.php?rest_route=\/wp\/v2\/users\/1"}],"replies":[{"embeddable":true,"href":"https:\/\/www.reportedeprensa.utalca.cl\/index.php?rest_route=%2Fwp%2Fv2%2Fcomments&post=2070"}],"version-history":[{"count":4,"href":"https:\/\/www.reportedeprensa.utalca.cl\/index.php?rest_route=\/wp\/v2\/posts\/2070\/revisions"}],"predecessor-version":[{"id":2074,"href":"https:\/\/www.reportedeprensa.utalca.cl\/index.php?rest_route=\/wp\/v2\/posts\/2070\/revisions\/2074"}],"wp:attachment":[{"href":"https:\/\/www.reportedeprensa.utalca.cl\/index.php?rest_route=%2Fwp%2Fv2%2Fmedia&parent=2070"}],"wp:term":[{"taxonomy":"category","embeddable":true,"href":"https:\/\/www.reportedeprensa.utalca.cl\/index.php?rest_route=%2Fwp%2Fv2%2Fcategories&post=2070"},{"taxonomy":"post_tag","embeddable":true,"href":"https:\/\/www.reportedeprensa.utalca.cl\/index.php?rest_route=%2Fwp%2Fv2%2Ftags&post=2070"}],"curies":[{"name":"wp","href":"https:\/\/api.w.org\/{rel}","templated":true}]}}