{"id":2081,"date":"2021-10-07T11:10:50","date_gmt":"2021-10-07T14:10:50","guid":{"rendered":"https:\/\/www.reportedeprensa.utalca.cl\/?p=2081"},"modified":"2021-10-07T11:24:14","modified_gmt":"2021-10-07T14:24:14","slug":"07-de-octubre-de-2021","status":"publish","type":"post","link":"https:\/\/www.reportedeprensa.utalca.cl\/?p=2081","title":{"rendered":"07 de octubre de 2021"},"content":{"rendered":"\t\t<div data-elementor-type=\"wp-post\" data-elementor-id=\"2081\" class=\"elementor elementor-2081\" data-elementor-settings=\"[]\">\n\t\t\t\t\t\t\t<div class=\"elementor-section-wrap\">\n\t\t\t\t\t\t\t<section class=\"elementor-section elementor-top-section elementor-element elementor-element-a06ca45 elementor-section-boxed elementor-section-height-default elementor-section-height-default\" data-id=\"a06ca45\" data-element_type=\"section\">\n\t\t\t\t\t\t<div class=\"elementor-container elementor-column-gap-default\">\n\t\t\t\t\t<div class=\"elementor-column elementor-col-100 elementor-top-column elementor-element elementor-element-1486c35\" data-id=\"1486c35\" data-element_type=\"column\">\n\t\t\t<div class=\"elementor-widget-wrap elementor-element-populated\">\n\t\t\t\t\t\t\t\t<div class=\"elementor-element elementor-element-42b145e elementor-widget elementor-widget-text-editor\" data-id=\"42b145e\" data-element_type=\"widget\" data-widget_type=\"text-editor.default\">\n\t\t\t\t<div class=\"elementor-widget-container\">\n\t\t\t\t\t\t\t\t<p><b>ADPRENSA.CL<\/b><\/p><p><a style=\"font-style: inherit; font-weight: inherit; background-color: #ffffff; font-family: -apple-system, BlinkMacSystemFont,;\" href=\"https:\/\/www.adprensa.cl\/cronica\/escuela-de-arquitectura-de-la-utalca-es-finalista-en-premio-nacional-de-innovacion-avonni\/\" target=\"_blank\" rel=\"noopener\">Escuela de Arquitectura de la UTalca es finalista en Premio Nacional de Innovaci\u00f3n Avonni.<\/a><\/p><p>\u00a0<\/p><p><b>EL MERCURIO<\/b><\/p><p><a style=\"font-style: inherit; font-weight: inherit; background-color: #ffffff; font-family: -apple-system, BlinkMacSystemFont,;\" href=\"https:\/\/www.litoralpress.cl\/paginaconsultas\/Servicios_NClip\/Get_Imagen_Nota.aspx?LPKey=KC5HMYM6BEDFZT52BBN4EMK3HWQKCA44KOB4PRHUEN45V6TDNP4YKLRMYMWUFR55XNKF2RVBLPUUM\" target=\"_blank\" rel=\"noopener\">\u00bfQu\u00e9 es el metaverso? El mundo paralelo, digital e inmersivo que es la nueva obsesi\u00f3n de Facebook. Se refiere Marco Gonz\u00e1lez, acad\u00e9mico de la carrera de Ingenier\u00eda en Desarrollo de Videojuegos y Realidad Virtual de la UTalca.<\/a><\/p><p>\u00a0<\/p><p><b>DIARIOTALCA.CL<\/b><\/p><p><a style=\"font-style: inherit; font-weight: inherit; background-color: #ffffff; font-family: -apple-system, BlinkMacSystemFont,;\" href=\"https:\/\/diariotalca.cl\/experto-advierte-los-riesgos-del-alza-de-contagios-por-variante-delta\/\" target=\"_blank\" rel=\"noopener\">Experto advierte los riesgos del alza de contagios por variante Delta. Se refiere Daniel Jim\u00e9nez, director de Salud del estudiante de la UTalca.<\/a><\/p><p>\u00a0<\/p><p><b>CANAL CONTIVISI\u00d3N<\/b><\/p><p><a style=\"font-style: inherit; font-weight: inherit; background-color: #ffffff; font-family: -apple-system, BlinkMacSystemFont,;\" href=\"https:\/\/www.litoralpress.cl\/sitio\/RadioTV_Detalles.cshtml?LPKey=U7PW34CVFNSQTZE5E6WAAZUSEHGA3SG36CT6UCPZAJNXRRSVXXZQ\" target=\"_blank\" rel=\"noopener\">Se hizo entrega de kit deportivos para adultos mayores del Maule. Se refiere Exequiel Plaza, acad\u00e9mico de la Escuela de Fonoaudiolog\u00eda de la UTalca.<\/a><\/p><p>\u00a0<\/p><p><b>DIARIOLAPRENSA.CL<\/b><\/p><p><a style=\"font-style: inherit; font-weight: inherit; background-color: #ffffff; font-family: -apple-system, BlinkMacSystemFont,;\" href=\"https:\/\/new.diariolaprensa.cl\/index.php\/2021\/10\/06\/adultos-mayores-del-maule-reciben-implementos-deportivos\/\" target=\"_blank\" rel=\"noopener\">Adultos Mayores del Maule reciben implementos deportivos. Se refiere Exequiel Plaza, acad\u00e9mico de la Escuela de Fonoaudiolog\u00eda de la UTalca.<\/a><\/p><p>\u00a0<\/p><p><b>EL LECTOR<\/b><\/p><p><a style=\"font-style: inherit; font-weight: inherit; background-color: #ffffff; font-family: -apple-system, BlinkMacSystemFont,;\" href=\"https:\/\/www.litoralpress.cl\/paginaconsultas\/Servicios_NClip\/Get_Imagen_Nota.aspx?LPKey=6OGNXX5K4TA3NBP4LR6HKIEGNZMGIQLSQSPYENALMEFAL32DWFIFLJ2F4QZP2SDE3PLWT3TZSODSC\" target=\"_blank\" rel=\"noopener\">Adultos Mayores del Maule mejorar\u00e1n su actividad f\u00edsica tras entrega de implementaci\u00f3n deportiva. Se refiere Exequiel Plaza, acad\u00e9mico de la Escuela de Fonoaudiolog\u00eda de la UTalca.<\/a><\/p><p>\u00a0<\/p><p><b>FUTURAFM.CL\u00a0<\/b><\/p><p><a style=\"font-style: inherit; font-weight: inherit; background-color: #ffffff; font-family: -apple-system, BlinkMacSystemFont,;\" href=\"https:\/\/www.futurafm.cl\/adultos-mayores-del-maule-mejoraran-su-actividad-fisica-tras-entrega-de-implementacion-deportiva\/\" target=\"_blank\" rel=\"noopener\">Adultos Mayores del Maule mejorar\u00e1n su actividad f\u00edsica tras entrega de implementaci\u00f3n deportiva. Se refiere Exequiel Plaza, acad\u00e9mico de la Escuela de Fonoaudiolog\u00eda de la UTalca.<\/a><\/p><p>\u00a0<\/p><p><b>DIARIOELHERALDO.CL<\/b><\/p><p><a style=\"font-style: inherit; font-weight: inherit; background-color: #ffffff; font-family: -apple-system, BlinkMacSystemFont,;\" href=\"http:\/\/www.diarioelheraldo.cl\/noticia\/efectos-psicologicos-de-la-pandemia-se-prolongarian-en-el-tiempo-\" target=\"_blank\" rel=\"noopener\">Efectos psicol\u00f3gicos de la pandemia se prolongar\u00edan en el tiempo. Se refiere Nadia Ramos, acad\u00e9mica de la Facultad de Psicolog\u00eda de la UTalca.<\/a><\/p><p>\u00a0<\/p><p><b>ELMAULEINFORMA.CL\u00a0<\/b><\/p><p><a style=\"font-style: inherit; font-weight: inherit; background-color: #ffffff; font-family: -apple-system, BlinkMacSystemFont,;\" href=\"https:\/\/elmauleinforma.cl\/efectos-psicologicos-de-la-pandemia-se-prolongarian-en-el-tiempo\/\" target=\"_blank\" rel=\"noopener\">Efectos psicol\u00f3gicos de la pandemia se prolongar\u00edan en el tiempo. Se refiere Nadia Ramos, acad\u00e9mica de la Facultad de Psicolog\u00eda de la UTalca.<\/a><\/p><p>\u00a0<\/p><p><b>REDMAGALLANES.COM<\/b><\/p><p><a style=\"font-style: inherit; font-weight: inherit; background-color: #ffffff; font-family: -apple-system, BlinkMacSystemFont,;\" href=\"https:\/\/redmagallanes.com\/nacional\/los-sintomas-de-una-depresion-y-como-mantener-una-buena-higiene-psicologica\" target=\"_blank\" rel=\"noopener\">Los s\u00edntomas de una depresi\u00f3n y c\u00f3mo mantener una buena higiene psicol\u00f3gica. Se refiere Soledad Schott, directora del Centro de Psicolog\u00eda Aplicada (CEPA) de la UTalca.<\/a><\/p><p>\u00a0<\/p><p><b>EL LECTOR<\/b><\/p><p><a style=\"font-style: inherit; font-weight: inherit; background-color: #ffffff; font-family: -apple-system, BlinkMacSystemFont,;\" href=\"https:\/\/www.litoralpress.cl\/paginaconsultas\/Servicios_NClip\/Get_Imagen_Nota.aspx?LPKey=OJX3O54CHV6J66HSC7PV6ZIXIYLCQXFJVBFHODLXAW42HY6HNQUMA7Q4B2G7RI5NODVI2UIDSOIVU\" target=\"_blank\" rel=\"noopener\">Museo Virtual del Maule arriba a Empedrado, Curepto, Villa Alegre y San Javier. Se refiere Felipe Besoa\u00edn, director de MauleTec de la UTalca.<\/a><\/p><p>\u00a0<\/p><p><b>RADIO AMIGA<\/b><\/p><p><a style=\"font-style: inherit; font-weight: inherit; background-color: #ffffff; font-family: -apple-system, BlinkMacSystemFont,;\" href=\"https:\/\/www.litoralpress.cl\/sitio\/RadioTV_Detalles.cshtml?LPKey=OTBFA7Z2CV4PTJYDRQNOKL4WXHDJHNQ3HTPZ24MJJWYAS6SPSGNA\" target=\"_blank\" rel=\"noopener\">Circuito itinerante del Museo Virtual del Maule. Se menciona a Se refiere Felipe Besoa\u00edn, director de MauleTec de la UTalca.<\/a><\/p><p>\u00a0<\/p><p><b>ELMAULEINFORMA.CL\u00a0<\/b><\/p><p><a style=\"font-style: inherit; font-weight: inherit; background-color: #ffffff; font-family: -apple-system, BlinkMacSystemFont,;\" href=\"https:\/\/elmauleinforma.cl\/museo-virtual-del-maule-arriba-a-empedrado-curepto-villa-alegre-y-san-javier\/\" target=\"_blank\" rel=\"noopener\">Museo Virtual del Maule arriba a Empedrado, Curepto, Villa Alegre y San Javier. Se refiere Felipe Besoa\u00edn, director de MauleTec de la UTalca.<\/a><\/p><p>\u00a0<\/p><p><b>LAVOZDECURICO.CL<\/b><\/p><p><a style=\"font-style: inherit; font-weight: inherit; background-color: #ffffff; font-family: -apple-system, BlinkMacSystemFont,;\" href=\"https:\/\/www.lavozdecurico.cl\/post.php?name=11400_\" target=\"_blank\" rel=\"noopener\">Museo Virtual del Maule arriba a Empedrado, Curepto, Villa Alegre y San Javier. Se refiere Felipe Besoa\u00edn, director de MauleTec de la UTalca.<\/a><\/p><p>\u00a0<\/p><p><b>LADIRECTALONGAVIANA.CL<\/b><\/p><p><a style=\"font-style: inherit; font-weight: inherit; background-color: #ffffff; font-family: -apple-system, BlinkMacSystemFont,;\" href=\"https:\/\/www.ladirectalongaviana.cl\/2021\/10\/06\/museo-virtual-del-maule-llegara-a-comunas-de-las-provincias-de-linares-y-talca\/\" target=\"_blank\" rel=\"noopener\">Museo Virtual del Maule llegar\u00e1 a comunas de las provincias de Linares y Talca. Se refiere Felipe Besoa\u00edn, director de MauleTec de la UTalca.<\/a><\/p><p>\u00a0<\/p><p><b>EL MERCURIO<\/b><\/p><p><a style=\"font-style: inherit; font-weight: inherit; background-color: #ffffff; font-family: -apple-system, BlinkMacSystemFont,;\" href=\"https:\/\/www.litoralpress.cl\/paginaconsultas\/Servicios_NClip\/Get_Imagen_Nota.aspx?LPKey=4LIKGBAUKGYOLE2X6PWEOLITB33RSBJSZPO6NWKMPP4VX52WILD7NYR7RHF5QWNEGODOGICMRCFI2\" target=\"_blank\" rel=\"noopener\">Plantean obras h\u00eddricas y de abrigo en puertos ante el cambio clim\u00e1tico. Se menciona a Roberto Pizarro, acad\u00e9mico de la Escuela de Ingenier\u00eda Forestal de la UTalca.<\/a><\/p><p>\u00a0<\/p><p><b>ADPRENSA.CL<\/b><\/p><p><a style=\"font-style: inherit; font-weight: inherit; background-color: #ffffff; font-family: -apple-system, BlinkMacSystemFont,;\" href=\"https:\/\/www.adprensa.cl\/cronica\/xi-congreso-nacional-de-concesiones-cambio-climatico-y-alta-conflictividad-los-principales-desafios-de-la-industria-de-las-concesiones-en-chile\/\" target=\"_blank\" rel=\"noopener\">XI Congreso Nacional de Concesiones Cambio Clim\u00e1tico y Alta conflictividad: los principales desaf\u00edos de la industria de las concesiones en Chile. Se refiere Roberto Pizarro, acad\u00e9mico de la Escuela de Ingenier\u00eda Forestal de la UTalca.<\/a><\/p><p>\u00a0<\/p><p><b>EX\u2013ANTE.CL<\/b><\/p><p><a style=\"font-style: inherit; font-weight: inherit; background-color: #ffffff; font-family: -apple-system, BlinkMacSystemFont,;\" href=\"https:\/\/www.ex-ante.cl\/analista-mauricio-morales-esta-acusacion-constitucional-va-a-tensionar-y-polarizar-la-campana-presidencial\/\" target=\"_blank\" rel=\"noopener\">Analista Mauricio Morales: \u201cEsta acusaci\u00f3n constitucional va a tensionar y polarizar la campa\u00f1a presidencial\u201d.<\/a><\/p><p>\u00a0<\/p><p><b>ELLIBERO.CL<\/b><\/p><p><a style=\"font-style: inherit; font-weight: inherit; background-color: #ffffff; font-family: -apple-system, BlinkMacSystemFont,;\" href=\"https:\/\/ellibero.cl\/actualidad\/boric-y-el-ajuste-de-cuentas-del-pc-que-lo-obliga-a-tomarse-un-cafe-con-jadue\/\" target=\"_blank\" rel=\"noopener\">Boric y el \u201cajuste de cuentas\u201d del PC que lo obliga a tomarse un caf\u00e9 con Jadue. Se Mauricio Morales, director del Centro de An\u00e1lisis Pol\u00edtico (CAP) de la UTalca.<\/a><\/p>\t\t\t\t\t\t<\/div>\n\t\t\t\t<\/div>\n\t\t\t\t\t<\/div>\n\t\t<\/div>\n\t\t\t\t\t\t\t<\/div>\n\t\t<\/section>\n\t\t\t\t\t\t<\/div>\n\t\t\t\t\t<\/div>\n\t\t","protected":false},"excerpt":{"rendered":"<p>ADPRENSA.CL Escuela de Arquitectura de la UTalca es finalista en Premio Nacional de Innovaci\u00f3n Avonni. \u00a0 EL MERCURIO \u00bfQu\u00e9 es el metaverso? El mundo paralelo, digital e inmersivo que es la nueva obsesi\u00f3n de Facebook. Se refiere Marco Gonz\u00e1lez, acad\u00e9mico de la carrera de Ingenier\u00eda en Desarrollo de Videojuegos y Realidad Virtual de la UTalca. &hellip;<\/p>\n<p class=\"read-more\"> <a class=\"\" href=\"https:\/\/www.reportedeprensa.utalca.cl\/?p=2081\"> <span class=\"screen-reader-text\">07 de octubre de 2021<\/span> Read More &raquo;<\/a><\/p>\n","protected":false},"author":1,"featured_media":0,"comment_status":"closed","ping_status":"open","sticky":false,"template":"elementor_theme","format":"standard","meta":{"_monsterinsights_skip_tracking":false,"_monsterinsights_sitenote_active":false,"_monsterinsights_sitenote_note":"","_monsterinsights_sitenote_category":0},"categories":[13],"tags":[],"_links":{"self":[{"href":"https:\/\/www.reportedeprensa.utalca.cl\/index.php?rest_route=\/wp\/v2\/posts\/2081"}],"collection":[{"href":"https:\/\/www.reportedeprensa.utalca.cl\/index.php?rest_route=\/wp\/v2\/posts"}],"about":[{"href":"https:\/\/www.reportedeprensa.utalca.cl\/index.php?rest_route=\/wp\/v2\/types\/post"}],"author":[{"embeddable":true,"href":"https:\/\/www.reportedeprensa.utalca.cl\/index.php?rest_route=\/wp\/v2\/users\/1"}],"replies":[{"embeddable":true,"href":"https:\/\/www.reportedeprensa.utalca.cl\/index.php?rest_route=%2Fwp%2Fv2%2Fcomments&post=2081"}],"version-history":[{"count":4,"href":"https:\/\/www.reportedeprensa.utalca.cl\/index.php?rest_route=\/wp\/v2\/posts\/2081\/revisions"}],"predecessor-version":[{"id":2085,"href":"https:\/\/www.reportedeprensa.utalca.cl\/index.php?rest_route=\/wp\/v2\/posts\/2081\/revisions\/2085"}],"wp:attachment":[{"href":"https:\/\/www.reportedeprensa.utalca.cl\/index.php?rest_route=%2Fwp%2Fv2%2Fmedia&parent=2081"}],"wp:term":[{"taxonomy":"category","embeddable":true,"href":"https:\/\/www.reportedeprensa.utalca.cl\/index.php?rest_route=%2Fwp%2Fv2%2Fcategories&post=2081"},{"taxonomy":"post_tag","embeddable":true,"href":"https:\/\/www.reportedeprensa.utalca.cl\/index.php?rest_route=%2Fwp%2Fv2%2Ftags&post=2081"}],"curies":[{"name":"wp","href":"https:\/\/api.w.org\/{rel}","templated":true}]}}