{"id":2103,"date":"2021-10-12T08:49:22","date_gmt":"2021-10-12T11:49:22","guid":{"rendered":"https:\/\/www.reportedeprensa.utalca.cl\/?p=2103"},"modified":"2021-10-12T09:11:17","modified_gmt":"2021-10-12T12:11:17","slug":"12-de-octubre-de-2021","status":"publish","type":"post","link":"https:\/\/www.reportedeprensa.utalca.cl\/?p=2103","title":{"rendered":"12 de octubre de 2021"},"content":{"rendered":"\t\t<div data-elementor-type=\"wp-post\" data-elementor-id=\"2103\" class=\"elementor elementor-2103\" data-elementor-settings=\"[]\">\n\t\t\t\t\t\t\t<div class=\"elementor-section-wrap\">\n\t\t\t\t\t\t\t<section class=\"elementor-section elementor-top-section elementor-element elementor-element-a06ca45 elementor-section-boxed elementor-section-height-default elementor-section-height-default\" data-id=\"a06ca45\" data-element_type=\"section\">\n\t\t\t\t\t\t<div class=\"elementor-container elementor-column-gap-default\">\n\t\t\t\t\t<div class=\"elementor-column elementor-col-100 elementor-top-column elementor-element elementor-element-1486c35\" data-id=\"1486c35\" data-element_type=\"column\">\n\t\t\t<div class=\"elementor-widget-wrap elementor-element-populated\">\n\t\t\t\t\t\t\t\t<div class=\"elementor-element elementor-element-42b145e elementor-widget elementor-widget-text-editor\" data-id=\"42b145e\" data-element_type=\"widget\" data-widget_type=\"text-editor.default\">\n\t\t\t\t<div class=\"elementor-widget-container\">\n\t\t\t\t\t\t\t\t<p><b>RADIO COOPERATIVA<\/b><\/p><p><a style=\"font-style: inherit; font-weight: inherit; background-color: #ffffff; font-family: -apple-system, BlinkMacSystemFont,;\" href=\"https:\/\/www.litoralpress.cl\/sitio\/RadioTV_Detalles.cshtml?LPKey=WKCIVH6CUMJXPOSEUF2GC55POW6HGCNP3GSWVGIVFNYMLVZ772FQ\" target=\"_blank\" rel=\"noopener\">COVID-19: Preocupaci\u00f3n por aumento de contagios. Se refiere Marcelo Alarc\u00f3n, acad\u00e9mico del Departamento de Bioqu\u00edmica Cl\u00ednica e Inmunohematolog\u00eda de la UTalca.<\/a><\/p><p>\u00a0<\/p><p><b>RADIO COOPERATIVA<\/b><\/p><p><a style=\"font-style: inherit; font-weight: inherit; background-color: #ffffff; font-family: -apple-system, BlinkMacSystemFont,;\" href=\"https:\/\/www.litoralpress.cl\/sitio\/RadioTV_Detalles.cshtml?LPKey=W5SZGCND2TFK4SNA7TQA5ZIC32UGMWTWYWOG74L4IZ3TZUDSEMTQ\" target=\"_blank\" rel=\"noopener\">Por tercer d\u00eda consecutivo los contagios diarios de COVID- 19 sobrepasan la barrera de los 1.000 en el pa\u00eds. Se refiere Marcelo Alarc\u00f3n, acad\u00e9mico del Departamento de Bioqu\u00edmica Cl\u00ednica e Inmunohematolog\u00eda de la UTalca.<\/a><\/p><p>\u00a0<\/p><p><b>RADIO AGRICULTURA<\/b><\/p><p><a style=\"font-style: inherit; font-weight: inherit; background-color: #ffffff; font-family: -apple-system, BlinkMacSystemFont,;\" href=\"https:\/\/www.litoralpress.cl\/sitio\/RadioTV_Detalles.cshtml?LPKey=H44Z4ZP4CXYNUM7NVEVBIM2NCATVMHZLK3NNYGA4LTLYBVG633QA\" target=\"_blank\" rel=\"noopener\">Ministerio de Salud report\u00f3 996 nuevos contagios y 7 decesos por COVID-19 en las \u00faltimas 24 horas. Se refiere Marcelo Alarc\u00f3n, acad\u00e9mico del Departamento de Bioqu\u00edmica Cl\u00ednica e Inmunohematolog\u00eda de la UTalca.<\/a><\/p><p>\u00a0<\/p><p><b>RADIO ADN<\/b><\/p><p><a style=\"font-style: inherit; font-weight: inherit; background-color: #ffffff; font-family: -apple-system, BlinkMacSystemFont,;\" href=\"https:\/\/www.litoralpress.cl\/sitio\/RadioTV_Detalles.cshtml?LPKey=RBDY6YU5PM5U5M2ULQ6HI2QOMXFKCEN2R7HPYK5STNBOTFG5PFOA\" target=\"_blank\" rel=\"noopener\">Minsal inform\u00f3 ayer 996 nuevos casos de Coronavirus. Se refiere Marcelo Alarc\u00f3n, acad\u00e9mico del Departamento de Bioqu\u00edmica Cl\u00ednica e Inmunohematolog\u00eda de la UTalca.<\/a><\/p><p>\u00a0<\/p><p><b>RADIO ADN<\/b><\/p><p><a style=\"font-style: inherit; font-weight: inherit; background-color: #ffffff; font-family: -apple-system, BlinkMacSystemFont,;\" href=\"https:\/\/www.litoralpress.cl\/sitio\/RadioTV_Detalles.cshtml?LPKey=S4TR5ERFWF32YHCIRDQGX2676QAZNHC7WNR6JXBR3QPVHQYD2TAQ\" target=\"_blank\" rel=\"noopener\">Minsal inform\u00f3 sobre el COVID. Se refiere Marcelo Alarc\u00f3n, acad\u00e9mico del Departamento de Bioqu\u00edmica Cl\u00ednica e Inmunohematolog\u00eda de la UTalca.<\/a><\/p><p>\u00a0<\/p><p><b>ADPRENSA.CL<\/b><\/p><p><a style=\"font-style: inherit; font-weight: inherit; background-color: #ffffff; font-family: -apple-system, BlinkMacSystemFont,;\" href=\"https:\/\/www.adprensa.cl\/cronica\/especialista-utalca-destaca-efectividad-de-la-dosis-de-refuerzo-en-batalla-contra-el-covid\/\" target=\"_blank\" rel=\"noopener\">Especialista UTalca destaca efectividad de la dosis de refuerzo en batalla contra el COVID.<\/a><\/p><p>\u00a0<\/p><p><b>RADIOMAGALLANES.CL<\/b><\/p><p><a style=\"font-style: inherit; font-weight: inherit; background-color: #ffffff; font-family: -apple-system, BlinkMacSystemFont,;\" href=\"https:\/\/www.radiomagallanes.cl\/noticia.php?id_not=98178\" target=\"_blank\" rel=\"noopener\">Especialista UTalca destaca efectividad de la dosis de refuerzo en batalla contra el COVID.<\/a><\/p><p>\u00a0<\/p><p><b>EL MERCURIO<\/b><\/p><p><a style=\"font-style: inherit; font-weight: inherit; background-color: #ffffff; font-family: -apple-system, BlinkMacSystemFont,;\" href=\"https:\/\/www.litoralpress.cl\/paginaconsultas\/Servicios_NClip\/Get_Imagen_Nota.aspx?LPKey=AFVXAT4VNLM5PRKF7BQGVKYXUHIEUOC6MXRIMZ2NQX6TLEFESMMZH4ZUSWXQFHYNXTF2AMCERYBMC\" target=\"_blank\" rel=\"noopener\">Cristina Rivera Garza y la construcci\u00f3n de un expediente afectivo. Se menciona Premio Iberoamericano de Letras Jos\u00e9 Donoso de la UTalca.<\/a><\/p><p>\u00a0<\/p><p><b>LAS \u00daLTIMAS NOTICIAS<\/b><\/p><p><a style=\"font-style: inherit; font-weight: inherit; background-color: #ffffff; font-family: -apple-system, BlinkMacSystemFont,;\" href=\"https:\/\/www.litoralpress.cl\/paginaconsultas\/Servicios_NClip\/Get_Imagen_Nota.aspx?LPKey=XVF5CFGDKKXU6H6MZYP4UT3OWFNIIIVDKWBBERLI2DPSHC7VQIEKS23SGPAJHXHEGZOEUTMJ6NPS2\" target=\"_blank\" rel=\"noopener\">Si usted tiene m\u00e1s de 60 a\u00f1os podr\u00e1 excusarse de ser vocal de mesa en las elecciones presidenciales. Se refiere Mauricio Morales, director del Centro de An\u00e1lisis Pol\u00edtico (CAP) de la UTalca.<\/a><\/p><p>\u00a0<\/p><p><b>ELMOSTRADOR.CL<\/b><\/p><p><a style=\"font-style: inherit; font-weight: inherit; background-color: #ffffff; font-family: -apple-system, BlinkMacSystemFont,;\" href=\"https:\/\/www.elmostrador.cl\/agenda-pais\/2021\/10\/08\/crisis-migratoria-expertos-profundizan-en-como-generar-una-sociedad-mas-inclusiva\/\" target=\"_blank\" rel=\"noopener\">Crisis migratoria: Expertos profundizan en c\u00f3mo generar una sociedad m\u00e1s inclusiva. Se refieren Ismael Gallardo, decano de la Facultad de Psicolog\u00eda y Nibaldo Benavides, director ( s ) del Instituto de Investigaci\u00f3n y Desarrollo Educacional (IIDE) de la UTalca.<\/a><\/p><p>\u00a0<\/p><p><b>LA PRENSA<\/b><\/p><p><a style=\"font-style: inherit; font-weight: inherit; background-color: #ffffff; font-family: -apple-system, BlinkMacSystemFont,;\" href=\"https:\/\/www.litoralpress.cl\/paginaconsultas\/Servicios_NClip\/Get_Imagen_Nota.aspx?LPKey=A25HJLAJBHTYQMZM7GAYKY3D6SE4UUDPLV2U52WK7IGHIDNBWRLI4S4CLWMXI7ZFQR2KNIJ3N3IGQ\" target=\"_blank\" rel=\"noopener\">Expertos sostienen que es fundamental generar una sociedad m\u00e1s Inclusiva hacia las minor\u00edas. Se refieren Ismael Gallardo, decano de la Facultad de Psicolog\u00eda y Nibaldo Benavides, director ( s ) del Instituto de Investigaci\u00f3n y Desarrollo Educacional (IIDE) de la UTalca.<\/a><\/p><p>\u00a0<\/p><p><b>EL HERALDO<\/b><\/p><p><a style=\"font-style: inherit; font-weight: inherit; background-color: #ffffff; font-family: -apple-system, BlinkMacSystemFont,;\" href=\"https:\/\/www.litoralpress.cl\/paginaconsultas\/Servicios_NClip\/Get_Imagen_Nota.aspx?LPKey=PU3Q5U24A5I2JXGBRFIA3HOIZFTWM3CES4IZ576W2C4DNCAIBQ6VICD36GXUD5ABJYCFOYSB3Z46W\" target=\"_blank\" rel=\"noopener\">Crisis migratoria: Expertos profundizan en c\u00f3mo generar una sociedad m\u00e1s inclusiva. Se refieren Ismael Gallardo, decano de la Facultad de Psicolog\u00eda y Nibaldo Benavides, director ( s ) del Instituto de Investigaci\u00f3n y Desarrollo Educacional (IIDE) de la UTalca.<\/a><\/p><p>\u00a0<\/p><p><b>DIARIOELHERALDO.CL<\/b><\/p><p><a style=\"font-style: inherit; font-weight: inherit; background-color: #ffffff; font-family: -apple-system, BlinkMacSystemFont,;\" href=\"http:\/\/www.diarioelheraldo.cl\/noticia\/crisis-migratoria-expertos-profundizan-en-como-generar-una-sociedad-mas-inclusiva\" target=\"_blank\" rel=\"noopener\">Crisis migratoria: Expertos profundizan en c\u00f3mo generar una sociedad m\u00e1s inclusiva. Se refieren Ismael Gallardo, decano de la Facultad de Psicolog\u00eda y Nibaldo Benavides, director ( s ) del Instituto de Investigaci\u00f3n y Desarrollo Educacional (IIDE) de la UTalca.<\/a><\/p><p>\u00a0<\/p><p><b>ATENTOS.CL<\/b><\/p><p><a style=\"font-style: inherit; font-weight: inherit; background-color: #ffffff; font-family: -apple-system, BlinkMacSystemFont,;\" href=\"https:\/\/www.atentos.cl\/crisis-migratoria-expertos-profundizan-en-como-generar-una-sociedad-mas-inclusiva\/\" target=\"_blank\" rel=\"noopener\">Crisis migratoria: Expertos profundizan en c\u00f3mo generar una sociedad m\u00e1s inclusiva. Se refieren Ismael Gallardo, decano de la Facultad de Psicolog\u00eda y Nibaldo Benavides, director ( s ) del Instituto de Investigaci\u00f3n y Desarrollo Educacional (IIDE) de la UTalca.<\/a><\/p><p>\u00a0<\/p><p><b>LA PRENSA<\/b><\/p><p><a style=\"font-style: inherit; font-weight: inherit; background-color: #ffffff; font-family: -apple-system, BlinkMacSystemFont,;\" href=\"https:\/\/www.litoralpress.cl\/paginaconsultas\/Servicios_NClip\/Get_Imagen_Nota.aspx?LPKey=VOKH5DOPEZMD375Q6GS2WL3JVCG4CFB5ZAL2PYOMGEECNMLXZLNF5YCCBN7HLVJQLGCM7EYFYRVSK\" target=\"_blank\" rel=\"noopener\">Escuela de Arquitectura es finalista en el Premio Nacional de Innovaci\u00f3n. Se refiere Jos\u00e9 Luis Uribe, acad\u00e9mico de la Escuela de Arquitectura de la UTalca.<\/a><\/p><p>\u00a0<\/p><p><b>DIARIOTALCA.CL<\/b><\/p><p><a style=\"font-style: inherit; font-weight: inherit; background-color: #ffffff; font-family: -apple-system, BlinkMacSystemFont,;\" href=\"https:\/\/diariotalca.cl\/utalca-busca-potenciar-el-talento-femenino-en-ingenieria\/\" target=\"_blank\" rel=\"noopener\">UTalca busca potenciar el talento femenino en Ingenier\u00eda.<\/a><\/p><p>\u00a0<\/p><p><b>ADPRENSA.CL<\/b><\/p><p><a style=\"font-style: inherit; font-weight: inherit; background-color: #ffffff; font-family: -apple-system, BlinkMacSystemFont,;\" href=\"https:\/\/www.adprensa.cl\/actividades-academicas\/tecnologia-medica-de-la-universidad-de-talca-celebro-57-anos-con-positivo-balance-de-sus-resultados\/\" target=\"_blank\" rel=\"noopener\">Tecnolog\u00eda M\u00e9dica de la Universidad de Talca celebr\u00f3 57 a\u00f1os con positivo balance de sus resultados.<\/a><\/p><p>\u00a0<\/p><p><b>LANOTICIA.CL<\/b><\/p><p><a style=\"font-style: inherit; font-weight: inherit; background-color: #ffffff; font-family: -apple-system, BlinkMacSystemFont,;\" href=\"https:\/\/lanoticia.cl\/tecnologia-medica-de-la-universidad-de-talca-celebro-57-anos-con-positivo-balance-de-sus-resultados\/\" target=\"_blank\" rel=\"noopener\">Tecnolog\u00eda M\u00e9dica de la Universidad de Talca celebr\u00f3 57 a\u00f1os con positivo balance de sus resultados.<\/a><\/p><p>\u00a0<\/p><p><b>ADPRENSA.CL<\/b><\/p><p><a style=\"font-style: inherit; font-weight: inherit; background-color: #ffffff; font-family: -apple-system, BlinkMacSystemFont,;\" href=\"https:\/\/www.adprensa.cl\/cronica\/estudiantes-de-la-utalca-celebraron-dia-mundial-del-turismo\/\" target=\"_blank\" rel=\"noopener\">Estudiantes de la UTalca celebraron el D\u00eda Mundial del Turismo.<\/a><\/p><p>\u00a0<\/p><p><b>LANOTICIA.CL<\/b><\/p><p><a style=\"font-style: inherit; font-weight: inherit; background-color: #ffffff; font-family: -apple-system, BlinkMacSystemFont,;\" href=\"https:\/\/lanoticia.cl\/estudiantes-de-la-utalca-celebraron-dia-mundial-del-turismo\/\" target=\"_blank\" rel=\"noopener\">Estudiantes de la UTalca celebraron el D\u00eda Mundial del Turismo.<\/a><\/p><p>\u00a0<\/p><p><b>ELMOSTRADOR.CL<\/b><\/p><p><a style=\"font-style: inherit; font-weight: inherit; background-color: #ffffff; font-family: -apple-system, BlinkMacSystemFont,;\" href=\"https:\/\/www.elmostrador.cl\/mercados\/2021\/10\/08\/historica-alza-del-ipc-reaviva-ofensiva-del-gobierno-contra-el-cuarto-retiro-y-boric-considera-una-simplificacion-atribuir-la-inflacion-solo-a-los-giros-desde-las-afp\/\" target=\"_blank\" rel=\"noopener\">Hist\u00f3rica alza del IPC reaviva ofensiva del Gobierno contra el cuarto retiro y Boric considera una \u201csimplificaci\u00f3n\u201d atribuir la inflaci\u00f3n s\u00f3lo a los giros desde las AFP. Se refiere Rodrigo Herrera, decano de la Facultad de Econom\u00eda y Negocios (FEN) de la Universidad de Talca.<\/a><\/p><p>\u00a0<\/p><p><b>CANAL TVN RED MAULE<\/b><\/p><p><a style=\"font-style: inherit; font-weight: inherit; background-color: #ffffff; font-family: -apple-system, BlinkMacSystemFont,;\" href=\"https:\/\/www.litoralpress.cl\/sitio\/RadioTV_Detalles.cshtml?LPKey=M6HG2FG2JZTMCXRXSFAK2W3SOP2I6T3LUA2FZSMFBEHMW6VT6HVA\" target=\"_blank\" rel=\"noopener\">Taller de mapudung\u00fan realizar\u00e1 la UTalca.<\/a><\/p><p>\u00a0<\/p><p><b>CANAL TVN RED AUSTRAL<\/b><\/p><p><a style=\"font-style: inherit; font-weight: inherit; background-color: #ffffff; font-family: -apple-system, BlinkMacSystemFont,;\" href=\"https:\/\/www.litoralpress.cl\/sitio\/RadioTV_Detalles.cshtml?LPKey=K5GBOF7SNCPDGX357E6NA2DTSKAHJ62LCMRYA2JVCK72JRMIYJWA\" target=\"_blank\" rel=\"noopener\">Fisicoculturista magall\u00e1nica gan\u00f3 torneo mundial en Estados Unidos. Se refiere V\u00edctor Campos, coordinador de deporte de la Facultad de Ingenier\u00eda de la UTalca.<\/a><\/p><p>\u00a0<\/p><p><b>RADIO AMIGA<\/b><\/p><p><a style=\"font-style: inherit; font-weight: inherit; background-color: #ffffff; font-family: -apple-system, BlinkMacSystemFont,;\" href=\"https:\/\/www.litoralpress.cl\/sitio\/RadioTV_Detalles.cshtml?LPKey=623G5ETJRGMIXFX2I3ATWXCJDTKVGMIWMU26GSV2PL6VTFH2IRWA\" target=\"_blank\" rel=\"noopener\">Entrevista a Daniel Jim\u00e9nez, director de Salud del Estudiante de la UTalca.<\/a><\/p><p>\u00a0<\/p><p><b>CANAL 30<\/b><\/p><p><a style=\"font-style: inherit; font-weight: inherit; background-color: #ffffff; font-family: -apple-system, BlinkMacSystemFont,;\" href=\"https:\/\/www.youtube.com\/watch?v=ZdsXjMAWEz0\" target=\"_blank\" rel=\"noopener\">Efectos psicol\u00f3gicos de la pandemia. Se refiere Nadia Ramos, acad\u00e9mica de la Facultad de Psicolog\u00eda de la UTalca.<\/a><\/p><p>\u00a0<\/p><p><b>G5NOTICIAS.CL<\/b><\/p><p><a style=\"font-style: inherit; font-weight: inherit; background-color: #ffffff; font-family: -apple-system, BlinkMacSystemFont,;\" href=\"https:\/\/g5noticias.cl\/2021\/10\/11\/efectos-psicologicos-de-la-pandemia-se-prolongarian-en-el-tiempo\/\" target=\"_blank\" rel=\"noopener\">Efectos psicol\u00f3gicos de la pandemia se prolongar\u00edan en el tiempo. Se refiere Nadia Ramos, acad\u00e9mica de la Facultad de Psicolog\u00eda de la UTalca.<\/a><\/p><p>\u00a0<\/p><p><b>RADIOPOLAR.COM<\/b><\/p><p><a style=\"font-style: inherit; font-weight: inherit; background-color: #ffffff; font-family: -apple-system, BlinkMacSystemFont,;\" href=\"http:\/\/radiopolar.com\/noticia_170557.html\" target=\"_blank\" rel=\"noopener\">Efectos psicol\u00f3gicos de la pandemia se prolongar\u00edan en el tiempo. Se refiere Nadia Ramos, acad\u00e9mica de la Facultad de Psicolog\u00eda de la UTalca.<\/a><\/p><p>\u00a0<\/p><p><b>REDMAULE.COM<\/b><\/p><p><a style=\"font-style: inherit; font-weight: inherit; background-color: #ffffff; font-family: -apple-system, BlinkMacSystemFont,;\" href=\"https:\/\/www.redmaule.com\/nacional\/claves-de-salud-mental-para-personas-de-50-anos-y-mas\" target=\"_blank\" rel=\"noopener\">Claves de salud mental para personas de 50 a\u00f1os y m\u00e1s. Se refiere Carla Mendoza, coordinadora de la unidad cl\u00ednica del Centro de Psicolog\u00eda Aplicada (CEPA) de la UTalca.<\/a><\/p><p>\u00a0<\/p><p><b>EL HERALDO<\/b><\/p><p><a style=\"font-style: inherit; font-weight: inherit; background-color: #ffffff; font-family: -apple-system, BlinkMacSystemFont,;\" href=\"https:\/\/www.litoralpress.cl\/paginaconsultas\/Servicios_NClip\/Get_Imagen_Nota.aspx?LPKey=VLC4ALQ7BUHQAB26ET44BJSDW46JKV2OEDW72AWNHAITKU6UOVGNTSKVLIVPVYNXZ256F6PIRYERC\" target=\"_blank\" rel=\"noopener\">Especialista llam\u00f3 a avanzar en leyes que permitan reducir brecha remunerativa por g\u00e9nero. Se refiere Irene Rojas, acad\u00e9mica de la Facultad de Ciencias Jur\u00eddicas y Sociales de la UTalca.<\/a><\/p><p>\u00a0<\/p><p><b>DIARIOELHERALDO.CL<\/b><\/p><p><a style=\"font-style: inherit; font-weight: inherit; background-color: #ffffff; font-family: -apple-system, BlinkMacSystemFont,;\" href=\"http:\/\/www.diarioelheraldo.cl\/noticia\/especialista-llamo-a-avanzar-en-leyes-que-permitan-reducir-brecha-remunerativa-por-genero-\" target=\"_blank\" rel=\"noopener\">Especialista llam\u00f3 a avanzar en leyes que permitan reducir brecha remunerativa por g\u00e9nero. Se refiere Irene Rojas, acad\u00e9mica de la Facultad de Ciencias Jur\u00eddicas y Sociales de la UTalca.<\/a><\/p><p>\u00a0<\/p><p><b>DIARIOTALCA.CL<\/b><\/p><p><a style=\"font-style: inherit; font-weight: inherit; background-color: #ffffff; font-family: -apple-system, BlinkMacSystemFont,;\" href=\"https:\/\/diariotalca.cl\/llaman-a-generar-leyes-para-reducir-brecha-remunerativa-por-genero%e2%80%af\/\" target=\"_blank\" rel=\"noopener\">Llaman a generar leyes para reducir brecha remunerativa por g\u00e9nero. Se refiere Irene Rojas, acad\u00e9mica de la Facultad de Ciencias Jur\u00eddicas y Sociales de la UTalca.<\/a><\/p><p>\u00a0<\/p><p><b>G5NOTICIAS.CL<\/b><\/p><p><a style=\"font-style: inherit; font-weight: inherit; background-color: #ffffff; font-family: -apple-system, BlinkMacSystemFont,;\" href=\"https:\/\/g5noticias.cl\/2021\/10\/09\/especialista-llamo-a-avanzar-en-leyes-que-permitan-reducir-brecha-remunerativa-por-genero%e2%80%af\/\" target=\"_blank\" rel=\"noopener\">Especialista llam\u00f3 a avanzar en leyes que permitan reducir brecha remunerativa por g\u00e9nero. Se refiere Irene Rojas, acad\u00e9mica de la Facultad de Ciencias Jur\u00eddicas y Sociales de la UTalca.<\/a><\/p><p>\u00a0<\/p><p><b>CANAL TVN<\/b><\/p><p><a style=\"font-style: inherit; font-weight: inherit; background-color: #ffffff; font-family: -apple-system, BlinkMacSystemFont,;\" href=\"https:\/\/www.litoralpress.cl\/sitio\/RadioTV_Detalles.cshtml?LPKey=6OACIR5G47B743QLJCM3AI7YRBNM4FT73NSHV7CYHPHH6B44TQJA\" target=\"_blank\" rel=\"noopener\">Debate presidencial ser\u00e1 transmitido por TVN. Se refiere Mauricio Morales, director del Centro de An\u00e1lisis Pol\u00edtico (CAP) de la UTalca.<\/a><\/p><p>\u00a0<\/p><p><b>CANAL TVN<\/b><\/p><p><a style=\"font-style: inherit; font-weight: inherit; background-color: #ffffff; font-family: -apple-system, BlinkMacSystemFont,;\" href=\"https:\/\/www.litoralpress.cl\/sitio\/RadioTV_Detalles.cshtml?LPKey=MPPELCHFCUB5ELSWWPDMMRRIM4Z75RN73QJM3RPRY5WDBMZRAG3A\" target=\"_blank\" rel=\"noopener\">Buenos D\u00edas a Todos: Candidatos presidenciales se preparan para el debate de esta noche. Se refiere Mauricio Morales, director del Centro de An\u00e1lisis Pol\u00edtico (CAP) de la UTalca.<\/a><\/p><p>\u00a0<\/p><p><b>CANAL TVN\u00a0<\/b><\/p><p><a style=\"font-style: inherit; font-weight: inherit; background-color: #ffffff; font-family: -apple-system, BlinkMacSystemFont,;\" href=\"https:\/\/www.litoralpress.cl\/sitio\/RadioTV_Detalles.cshtml?LPKey=DJ7ZHIYOSEG346G3XLTMUYA2UOETMZ3A3CRQA7SFDZQVNG3RH6IQ\" target=\"_blank\" rel=\"noopener\">Buenos D\u00edas a Todos: Hoy se realizar\u00e1 el debate presidencial por TVN. Se refiere Mauricio Morales, director del Centro de An\u00e1lisis Pol\u00edtico (CAP) de la UTalca.<\/a><\/p><p>\u00a0<\/p><p><b>CANAL TVN\u00a0<\/b><\/p><p><a style=\"font-style: inherit; font-weight: inherit; background-color: #ffffff; font-family: -apple-system, BlinkMacSystemFont,;\" href=\"https:\/\/www.litoralpress.cl\/sitio\/RadioTV_Detalles.cshtml?LPKey=6OACIR5G47B743QLJCM3AI7YRBNM4FT73NSHV7CYHPHH6B44TQJA\" target=\"_blank\" rel=\"noopener\">Debate presidencial ser\u00e1 transmitido por TVN. Se refiere Mauricio Morales, director del Centro de An\u00e1lisis Pol\u00edtico (CAP) de la UTalca.<\/a><\/p><p>\u00a0<\/p><p><b>CANAL MEGA<\/b><\/p><p><a style=\"font-style: inherit; font-weight: inherit; background-color: #ffffff; font-family: -apple-system, BlinkMacSystemFont,;\" href=\"https:\/\/www.litoralpress.cl\/sitio\/RadioTV_Detalles.cshtml?LPKey=H6SROZHEJWMZHTPOFW7J7C2WOXX5RMV6B5RBGWNTPZCSVO25L4WQ\" target=\"_blank\" rel=\"noopener\">Seis de los siete candidatos participaron de un nuevo debate presidencial televisivo. Se menciona a Mauricio Morales, director del Centro de An\u00e1lisis Pol\u00edtico (CAP) de la UTalca.<\/a><\/p><p>\u00a0<\/p><p><b>CANAL MEGA<\/b><\/p><p><a style=\"font-style: inherit; font-weight: inherit; background-color: #ffffff; font-family: -apple-system, BlinkMacSystemFont,;\" href=\"https:\/\/www.litoralpress.cl\/sitio\/RadioTV_Detalles.cshtml?LPKey=BD6GMD7LBHQCLE2AJCLL2Q6BYOVTLUJBDIDJUM2KAAVLIA3AUZZQ\" target=\"_blank\" rel=\"noopener\">Misi\u00f3n Encubierta: Caso &#8220;Firmas Falsas&#8221;, Fiscal\u00eda investiga detalles del intento de fraude electoral. Se refiere Mauricio Morales, director del Centro de An\u00e1lisis Pol\u00edtico (CAP) de la UTalca.<\/a><\/p><p>\u00a0<\/p><p><b>CANAL MEGA<\/b><\/p><p><a style=\"font-style: inherit; font-weight: inherit; background-color: #ffffff; font-family: -apple-system, BlinkMacSystemFont,;\" href=\"https:\/\/www.litoralpress.cl\/sitio\/RadioTV_Detalles.cshtml?LPKey=2RSPJ4BYQ6FOUDJGTLVL7XGFJSB3PMSALT43NSGBAIDLHJ4EPD2Q\" target=\"_blank\" rel=\"noopener\">Entrevista a Mauricio Morales, director del Centro de An\u00e1lisis Pol\u00edtico (CAP) de la UTalca.<\/a><\/p><p>\u00a0<\/p><p><b>RADIO ADN<\/b><\/p><p><a style=\"font-style: inherit; font-weight: inherit; background-color: #ffffff; font-family: -apple-system, BlinkMacSystemFont,;\" href=\"https:\/\/www.litoralpress.cl\/sitio\/RadioTV_Detalles.cshtml?LPKey=M2S4UFYS664PW773RZWHHW32IAJ7QUCOGHDQ4AX6SDY3XMBR6YQQ\" target=\"_blank\" rel=\"noopener\">Encuesta Cadem: Sube Kast al segundo lugar y desplaza a Sichel y Provoste. Se refiere Mauricio Morales, director del Centro de An\u00e1lisis Pol\u00edtico (CAP) de la UTalca.<\/a><\/p><p>\u00a0<\/p><p><b>RADIO ADN<\/b><\/p><p><a style=\"font-style: inherit; font-weight: inherit; background-color: #ffffff; font-family: -apple-system, BlinkMacSystemFont,;\" href=\"https:\/\/www.litoralpress.cl\/sitio\/RadioTV_Detalles.cshtml?LPKey=KZHUPNGA3FKZCMDQJDAFMJV3VBL3RENHMWI5PE4QAAMGZGQQWC2A\" target=\"_blank\" rel=\"noopener\">Encuesta Cadem. Jos\u00e9 Antonio Kast aparece en el segundo lugar. Se refiere Mauricio Morales, director del Centro de An\u00e1lisis Pol\u00edtico (CAP) de la UTalca.<\/a><\/p><p>\u00a0<\/p><p><b>CANAL MEGA<\/b><\/p><p><a style=\"font-style: inherit; font-weight: inherit; background-color: #ffffff; font-family: -apple-system, BlinkMacSystemFont,;\" href=\"https:\/\/www.litoralpress.cl\/sitio\/RadioTV_Detalles.cshtml?LPKey=7A3CP7NQBI7H73PFW6DXCQPZXYKBEHD4W74NIDDR5IQUUWCKNVNQ\" target=\"_blank\" rel=\"noopener\">Declaran admisible querella presentada por negociaci\u00f3n incompatible en contra del Presidente Pi\u00f1era. Se refiere Mauricio Morales, director del Centro de An\u00e1lisis Pol\u00edtico (CAP) de la UTalca.<\/a><\/p><p>\u00a0<\/p><p><b>CANAL MEGA<\/b><\/p><p><a style=\"font-style: inherit; font-weight: inherit; background-color: #ffffff; font-family: -apple-system, BlinkMacSystemFont,;\" href=\"https:\/\/www.litoralpress.cl\/sitio\/RadioTV_Detalles.cshtml?LPKey=R2QSQ6HBIBAQZLT4F7SFOFHRDRSTFOKRPEHU4N7UWLKV6EMXOZUQ\" target=\"_blank\" rel=\"noopener\">Acusaci\u00f3n constitucional contra el Presidente Pi\u00f1era y posible cohecho por caso minera Dominga. Se refiere Mauricio Morales, director del Centro de An\u00e1lisis Pol\u00edtico (CAP) de la UTalca.<\/a><\/p><p>\u00a0<\/p><p><b>CANAL MEGA<\/b><\/p><p><a style=\"font-style: inherit; font-weight: inherit; background-color: #ffffff; font-family: -apple-system, BlinkMacSystemFont,;\" href=\"https:\/\/www.litoralpress.cl\/sitio\/RadioTV_Detalles.cshtml?LPKey=NEJMBALKF7CPSIBFT7RNDYOD3C64GTR7KFLYWHDG7FCZG5FZALZA\" target=\"_blank\" rel=\"noopener\">Fiscal\u00eda Nacional informar\u00e1 si se abre una indagaci\u00f3n penal contra el Presidente Pi\u00f1era. Se refiere Mauricio Morales, director del Centro de An\u00e1lisis Pol\u00edtico (CAP) de la UTalca.<\/a><\/p><p>\u00a0<\/p><p><b>CANAL MEGA<\/b><\/p><p><a style=\"font-style: inherit; font-weight: inherit; background-color: #ffffff; font-family: -apple-system, BlinkMacSystemFont,;\" href=\"https:\/\/www.litoralpress.cl\/sitio\/RadioTV_Detalles.cshtml?LPKey=W7PIU7UMBWN3MXTWQTCCXNJS2G2GSHHOHMASOKNPEGD4657T3MCA\" target=\"_blank\" rel=\"noopener\">Contacto con Mauricio Morales, director del Centro de An\u00e1lisis Pol\u00edtico (CAP) de la UTalca.<\/a><\/p><p>\u00a0<\/p><p><b>CANAL MEGA<\/b><\/p><p><a style=\"font-style: inherit; font-weight: inherit; background-color: #ffffff; font-family: -apple-system, BlinkMacSystemFont,;\" href=\"https:\/\/www.litoralpress.cl\/sitio\/RadioTV_Detalles.cshtml?LPKey=VSLQUQTEABV66Q34MRLZWCAVI7YIMPSMEDCQRIEWXO2NG24UZEZA\" target=\"_blank\" rel=\"noopener\">Divisi\u00f3n en la derecha por candidaturas presidenciales de Sichel y Kast. Se refiere Mauricio Morales, director del Centro de An\u00e1lisis Pol\u00edtico (CAP) de la UTalca.<\/a><\/p><p>\u00a0<\/p><p><b>CANAL MEGA<\/b><\/p><p><a style=\"font-style: inherit; font-weight: inherit; background-color: #ffffff; font-family: -apple-system, BlinkMacSystemFont,;\" href=\"https:\/\/www.litoralpress.cl\/sitio\/RadioTV_Detalles.cshtml?LPKey=ULP6BAWNHB6EBYW75NJNYU6NNTDSYDZO6UVEE4BXGZ2DUZJJXKPQ\" target=\"_blank\" rel=\"noopener\">Qu\u00e9 es un para\u00edso fiscal y c\u00f3mo funciona. Se refiere Mauricio Morales, director del Centro de An\u00e1lisis Pol\u00edtico (CAP) de la UTalca.<\/a><\/p><p>\u00a0<\/p><p><b>CANAL MEGA<\/b><\/p><p><a style=\"font-style: inherit; font-weight: inherit; background-color: #ffffff; font-family: -apple-system, BlinkMacSystemFont,;\" href=\"https:\/\/www.litoralpress.cl\/sitio\/RadioTV_Detalles.cshtml?LPKey=FGOMJDKISPESLYQ5Z6MJPNFA6NSMIAQXV4GOT74R5WFAQOJVPZXQ\" target=\"_blank\" rel=\"noopener\">Fuertes alzas del precio del gas. Se refiere Mauricio Morales, director del Centro de An\u00e1lisis Pol\u00edtico (CAP) de la UTalca.<\/a><\/p><p>\u00a0<\/p><p><b>EMOL.COM<\/b><\/p><p><a style=\"font-style: inherit; font-weight: inherit; background-color: #ffffff; font-family: -apple-system, BlinkMacSystemFont,;\" href=\"https:\/\/www.emol.com\/noticias\/Nacional\/2021\/10\/11\/1034820\/votos-lista-pueblo-donde.html\" target=\"_blank\" rel=\"noopener\">Medio mill\u00f3n de votos en el aire: A d\u00f3nde podr\u00edan ir los sufragios que obtuvo la extinta Lista del Pueblo en mayo. Se refiere Mauricio Morales, director del Centro de An\u00e1lisis Pol\u00edtico (CAP) de la UTalca.<\/a><\/p><p>\u00a0<\/p><p><b>LA TERCERA<\/b><\/p><p><a style=\"font-style: inherit; font-weight: inherit; background-color: #ffffff; font-family: -apple-system, BlinkMacSystemFont,;\" href=\"https:\/\/www.litoralpress.cl\/paginaconsultas\/Servicios_NClip\/Get_Imagen_Nota.aspx?LPKey=IB6E4ZMBYMNNYDIACUCCOWFAZEMJZONVWFHGSXJLL54HBHRA4DVZUSLJH2OAPTJKUDM3NIWIYQN3I\" target=\"_blank\" rel=\"noopener\">Idioma Lonc\u00f3n. Se menciona a la Universidad de Talca.<\/a><\/p><p>\u00a0<\/p><p><b>LATERCERA.COM<\/b><\/p><p><a style=\"font-style: inherit; font-weight: inherit; background-color: #ffffff; font-family: -apple-system, BlinkMacSystemFont,;\" href=\"https:\/\/www.latercera.com\/la-tercera-domingo\/noticia\/idioma-loncon-los-tres-meses-de-elisa-al-mando-de-la-convencion\/DMRWXTUTCJEK5DPVQIAMQP6R3Y\/\" target=\"_blank\" rel=\"noopener\">Idioma Lonc\u00f3n. Se menciona a la Universidad de Talca.<\/a><\/p><p>\u00a0<\/p><p><b>ELIBERO.CL<\/b><\/p><p><a style=\"font-style: inherit; font-weight: inherit; background-color: #ffffff; font-family: -apple-system, BlinkMacSystemFont,;\" href=\"https:\/\/ellibero.cl\/actualidad\/excandidatos-a-constituyentes-que-hoy-aspiran-al-congreso-trazan-los-limites-de-la-convencion\/\" target=\"_blank\" rel=\"noopener\">Excandidatos a constituyentes, que hoy aspiran al Congreso, trazan los l\u00edmites de la Convenci\u00f3n. Se refiere Mauricio Morales, director del Centro de An\u00e1lisis Pol\u00edtico (CAP) de la UTalca.<\/a><\/p><p>\u00a0<\/p><p><b>ELLIBERO.CL<\/b><\/p><p><a style=\"font-style: inherit; font-weight: inherit; background-color: #ffffff; font-family: -apple-system, BlinkMacSystemFont,;\" href=\"https:\/\/ellibero.cl\/actualidad\/ex-lista-del-pueblo-lidera-numero-de-asesores-en-la-convencion\/\" target=\"_blank\" rel=\"noopener\">Ex Lista del Pueblo lidera n\u00famero de asesores en la Convenci\u00f3n. Se refiere Mauricio Morales, director del Centro de An\u00e1lisis Pol\u00edtico (CAP) de la UTalca.<\/a><\/p><p>\u00a0<\/p><p><b>ELDIARIODELAARAUCANIA.CL<\/b><\/p><p><a style=\"font-style: inherit; font-weight: inherit; background-color: #ffffff; font-family: -apple-system, BlinkMacSystemFont,;\" href=\"https:\/\/eldiariodelaaraucania.cl\/2021\/10\/07\/pandora-papers-y-posible-juicio-politico-a-pinera-sacuden-la-previa-electoral\/\" target=\"_blank\" rel=\"noopener\">Pandora papers y posible juicio pol\u00edtico a Pi\u00f1era sacuden la previa electoral. Se refiere Mauricio Morales, director del Centro de An\u00e1lisis Pol\u00edtico (CAP) de la UTalca.<\/a><\/p><p>\u00a0<\/p><p><b>MUNDOACUICOLA.CL<\/b><\/p><p><a style=\"font-style: inherit; font-weight: inherit; background-color: #ffffff; font-family: -apple-system, BlinkMacSystemFont,;\" href=\"https:\/\/www.mundoacuicola.cl\/new\/destacan-conversatorio-sobre-ecologia-en-la-acuicultura-de-moluscos\/\" target=\"_blank\" rel=\"noopener\">Destacan conversatorio sobre ecolog\u00eda en la acuicultura de moluscos. Se menciona a la UTalca.<\/a><\/p><p>\u00a0<\/p><p><b>LA PRENSA<\/b><\/p><p><a style=\"font-style: inherit; font-weight: inherit; background-color: #ffffff; font-family: -apple-system, BlinkMacSystemFont,;\" href=\"https:\/\/www.litoralpress.cl\/paginaconsultas\/Servicios_NClip\/Get_Imagen_Nota.aspx?LPKey=5KRCZYYMA25UDIFPVLVNO5BEI5DWKQCAVXJDKQBHGFHJDF4EHCAGSWHJMLTSONDTQTOU52V7SKGEY\" target=\"_blank\" rel=\"noopener\">26 creadores pintaron en honor al artista visual Mario Gonz\u00e1lez. Se menciona Centro de Extensi\u00f3n de la UTalca.<\/a><\/p><p>\u00a0<\/p><p><b>EL LLANQUIHUE<\/b><\/p><p><a style=\"font-style: inherit; font-weight: inherit; background-color: #ffffff; font-family: -apple-system, BlinkMacSystemFont,;\" href=\"https:\/\/www.litoralpress.cl\/paginaconsultas\/Servicios_NClip\/Get_Imagen_Nota.aspx?LPKey=WCXYVMPJVSHUMATB5ZFWPYEWDJ6GQGOLF3WE23AJPHOHDGKVXJWLAPSMYHQPBHK3M4RUS2M2KBELK\" target=\"_blank\" rel=\"noopener\">Dedican primer concierto sinf\u00f3nico coral presencial a v\u00edctimas del COVID. Se menciona la UTalca.<\/a><\/p>\t\t\t\t\t\t<\/div>\n\t\t\t\t<\/div>\n\t\t\t\t\t<\/div>\n\t\t<\/div>\n\t\t\t\t\t\t\t<\/div>\n\t\t<\/section>\n\t\t\t\t\t\t<\/div>\n\t\t\t\t\t<\/div>\n\t\t","protected":false},"excerpt":{"rendered":"<p>RADIO COOPERATIVA COVID-19: Preocupaci\u00f3n por aumento de contagios. Se refiere Marcelo Alarc\u00f3n, acad\u00e9mico del Departamento de Bioqu\u00edmica Cl\u00ednica e Inmunohematolog\u00eda de la UTalca. \u00a0 RADIO COOPERATIVA Por tercer d\u00eda consecutivo los contagios diarios de COVID- 19 sobrepasan la barrera de los 1.000 en el pa\u00eds. Se refiere Marcelo Alarc\u00f3n, acad\u00e9mico del Departamento de Bioqu\u00edmica Cl\u00ednica &hellip;<\/p>\n<p class=\"read-more\"> <a class=\"\" href=\"https:\/\/www.reportedeprensa.utalca.cl\/?p=2103\"> <span class=\"screen-reader-text\">12 de octubre de 2021<\/span> Read More &raquo;<\/a><\/p>\n","protected":false},"author":1,"featured_media":0,"comment_status":"closed","ping_status":"open","sticky":false,"template":"elementor_theme","format":"standard","meta":{"_monsterinsights_skip_tracking":false,"_monsterinsights_sitenote_active":false,"_monsterinsights_sitenote_note":"","_monsterinsights_sitenote_category":0},"categories":[13],"tags":[],"_links":{"self":[{"href":"https:\/\/www.reportedeprensa.utalca.cl\/index.php?rest_route=\/wp\/v2\/posts\/2103"}],"collection":[{"href":"https:\/\/www.reportedeprensa.utalca.cl\/index.php?rest_route=\/wp\/v2\/posts"}],"about":[{"href":"https:\/\/www.reportedeprensa.utalca.cl\/index.php?rest_route=\/wp\/v2\/types\/post"}],"author":[{"embeddable":true,"href":"https:\/\/www.reportedeprensa.utalca.cl\/index.php?rest_route=\/wp\/v2\/users\/1"}],"replies":[{"embeddable":true,"href":"https:\/\/www.reportedeprensa.utalca.cl\/index.php?rest_route=%2Fwp%2Fv2%2Fcomments&post=2103"}],"version-history":[{"count":4,"href":"https:\/\/www.reportedeprensa.utalca.cl\/index.php?rest_route=\/wp\/v2\/posts\/2103\/revisions"}],"predecessor-version":[{"id":2107,"href":"https:\/\/www.reportedeprensa.utalca.cl\/index.php?rest_route=\/wp\/v2\/posts\/2103\/revisions\/2107"}],"wp:attachment":[{"href":"https:\/\/www.reportedeprensa.utalca.cl\/index.php?rest_route=%2Fwp%2Fv2%2Fmedia&parent=2103"}],"wp:term":[{"taxonomy":"category","embeddable":true,"href":"https:\/\/www.reportedeprensa.utalca.cl\/index.php?rest_route=%2Fwp%2Fv2%2Fcategories&post=2103"},{"taxonomy":"post_tag","embeddable":true,"href":"https:\/\/www.reportedeprensa.utalca.cl\/index.php?rest_route=%2Fwp%2Fv2%2Ftags&post=2103"}],"curies":[{"name":"wp","href":"https:\/\/api.w.org\/{rel}","templated":true}]}}