{"id":2229,"date":"2021-10-27T08:35:58","date_gmt":"2021-10-27T11:35:58","guid":{"rendered":"https:\/\/www.reportedeprensa.utalca.cl\/?p=2229"},"modified":"2021-10-27T08:45:41","modified_gmt":"2021-10-27T11:45:41","slug":"27-de-octubre-de-2021","status":"publish","type":"post","link":"https:\/\/www.reportedeprensa.utalca.cl\/?p=2229","title":{"rendered":"27 de octubre de 2021"},"content":{"rendered":"\t\t<div data-elementor-type=\"wp-post\" data-elementor-id=\"2229\" class=\"elementor elementor-2229\" data-elementor-settings=\"[]\">\n\t\t\t\t\t\t\t<div class=\"elementor-section-wrap\">\n\t\t\t\t\t\t\t<section class=\"elementor-section elementor-top-section elementor-element elementor-element-a06ca45 elementor-section-boxed elementor-section-height-default elementor-section-height-default\" data-id=\"a06ca45\" data-element_type=\"section\">\n\t\t\t\t\t\t<div class=\"elementor-container elementor-column-gap-default\">\n\t\t\t\t\t<div class=\"elementor-column elementor-col-100 elementor-top-column elementor-element elementor-element-1486c35\" data-id=\"1486c35\" data-element_type=\"column\">\n\t\t\t<div class=\"elementor-widget-wrap elementor-element-populated\">\n\t\t\t\t\t\t\t\t<div class=\"elementor-element elementor-element-42b145e elementor-widget elementor-widget-text-editor\" data-id=\"42b145e\" data-element_type=\"widget\" data-widget_type=\"text-editor.default\">\n\t\t\t\t<div class=\"elementor-widget-container\">\n\t\t\t\t\t\t\t\t<p><b>CANAL CONTIVISI\u00d3N<\/b><\/p><p><a style=\"font-style: inherit; font-weight: inherit; background-color: #ffffff; font-family: -apple-system, BlinkMacSystemFont,;\" href=\"https:\/\/www.litoralpress.cl\/sitio\/RadioTV_Detalles.cshtml?LPKey=VSOVAYSOTCQ6EUKU3PRNRKVFVLPIHETA33PBCGO57VNAIB5MMWPA\" target=\"_blank\" rel=\"noopener\">Entrevista a \u00c1lvaro Rojas, rector de la Universidad de Talca.<\/a><\/p><p>\u00a0<\/p><p><b>DIARIO TALCA<\/b><\/p><p><a style=\"font-style: inherit; font-weight: inherit; background-color: #ffffff; font-family: -apple-system, BlinkMacSystemFont,;\" href=\"https:\/\/www.litoralpress.cl\/paginaconsultas\/Servicios_NClip\/Get_Imagen_Nota.aspx?LPKey=COAO5ANP5W6NFDO7N6O3GOFMQDVLXNEW6SYM6WVVLMGG7VOO3VXRPS6RM7QQ6AUK5SIJWT7VNJMSU\" target=\"_blank\" rel=\"noopener\">Universidad de Talca inicia festejos por su aniversario.<\/a><\/p><p>\u00a0<\/p><p><b>CANAL TVN RED MAULE<\/b><\/p><p><a style=\"font-style: inherit; font-weight: inherit; background-color: #ffffff; font-family: -apple-system, BlinkMacSystemFont,;\" href=\"https:\/\/www.litoralpress.cl\/sitio\/RadioTV_Detalles.cshtml?LPKey=XGUYGCWRH4RB4V722G6A4574X6IRUKLXDEICQMAS3TGLQGQMWVUQ\" target=\"_blank\" rel=\"noopener\">Retiro es la primera comuna del pa\u00eds que retrocede a fase 1. Se refiere Daniel Jim\u00e9nez, director de Salud del Estudiante de la UTalca.<\/a><\/p><p>\u00a0<\/p><p><b>ADPRENSA.CL<\/b><\/p><p><a style=\"font-style: inherit; font-weight: inherit; background-color: #ffffff; font-family: -apple-system, BlinkMacSystemFont,;\" href=\"https:\/\/www.adprensa.cl\/cultura\/utalca-inaugura-mural-en-homenaje-a-margot-loyola-en-campus-linares\/\" target=\"_blank\" rel=\"noopener\">UTalca inaugura mural en homenaje a Margot Loyola en campus Linares.<\/a><\/p><p>\u00a0<\/p><p><b>LINARESENLINEA.CL<\/b><\/p><p><a style=\"font-style: inherit; font-weight: inherit; background-color: #ffffff; font-family: -apple-system, BlinkMacSystemFont,;\" href=\"https:\/\/www.linaresenlinea.cl\/2021\/10\/26\/inauguran-mural-en-linares-para-homenajear-a-margot-loyola\/\" target=\"_blank\" rel=\"noopener\">Inauguran mural en Linares para homenajear a Margot Loyola. Se refiere \u00c1lvaro Rojas, rector de la UTalca, y Cristian Rojas, decano de la Facultad de Ciencias de la Educaci\u00f3n.<\/a><\/p><p>\u00a0<\/p><p><b>SEPTIMAPAGINANOTICIAS.CL<\/b><\/p><p><a style=\"font-style: inherit; font-weight: inherit; background-color: #ffffff; font-family: -apple-system, BlinkMacSystemFont,;\" href=\"https:\/\/www.septimapaginanoticias.cl\/utalca-inaugura-mural-en-homenaje-a-la-gran-margot-loyola-palacios-en-campus-linares\" target=\"_blank\" rel=\"noopener\">UTalca inaugura mural en homenaje a la gran Margot Loyola Palacios en campus Linares.<\/a><\/p><p>\u00a0<\/p><p><b>CHILLANONLINE.CL<\/b><\/p><p><a style=\"font-style: inherit; font-weight: inherit; background-color: #ffffff; font-family: -apple-system, BlinkMacSystemFont,;\" href=\"https:\/\/www.chillanonline.cl\/V5\/utalca-inaugura-mural-en-homenaje-a-margot-loyola-en-campus-linares\/\" target=\"_blank\" rel=\"noopener\">UTalca inaugura mural en homenaje a Margot Loyola en campus Linares.<\/a><\/p><p>\u00a0<\/p><p><b>G5NOTICIAS.CL<\/b><\/p><p><a style=\"font-style: inherit; font-weight: inherit; background-color: #ffffff; font-family: -apple-system, BlinkMacSystemFont,;\" href=\"https:\/\/g5noticias.cl\/2021\/10\/26\/utalca-inaugura-mural-en-homenaje-a-margot-loyola-en-campus-linares\/\" target=\"_blank\" rel=\"noopener\">UTalca inaugura mural en homenaje a Margot Loyola en campus Linares.<\/a><\/p><p>\u00a0<\/p><p><b>RADIO VLN<\/b><\/p><p><a style=\"font-style: inherit; font-weight: inherit; background-color: #ffffff; font-family: -apple-system, BlinkMacSystemFont,;\" href=\"https:\/\/www.litoralpress.cl\/sitio\/RadioTV_Detalles.cshtml?LPKey=AUXRLKYM6F7WONYI6IMLXJOIZ4OQBK4C2MUWLBNYO55F6SEVQTEQ\" target=\"_blank\" rel=\"noopener\">Entrevista a C\u00e9sar Retamal, director de Ciclo de Vida Estudiantil.<\/a><\/p><p>\u00a0<\/p><p><b>PORTALEDUCACION.CL<\/b><\/p><p><a style=\"font-style: inherit; font-weight: inherit; background-color: #ffffff; font-family: -apple-system, BlinkMacSystemFont,;\" href=\"https:\/\/portaleducacion.cl\/index.php\/2021\/10\/26\/seminario-interdisciplinario-analizo-el-impacto-de-la-pandemia-en-la-educacion\/\" target=\"_blank\" rel=\"noopener\">Seminario interdisciplinario analiz\u00f3 el impacto de la pandemia en la educaci\u00f3n. Se refieren Cristian Rojas, decano de la Facultad de Ciencias de la Educaci\u00f3n; Ismael Gallardo, decano de la Facultad de Psicolog\u00eda; Rodrigo Herrera, decano de la Facultad de Econom\u00eda y Negocios (FEN); Rodrigo Palomo, decano de la Facultad de Ciencias Jur\u00eddicas y Sociales; Sebasti\u00e1n Donoso, acad\u00e9mico de la Facultad de Ciencias de la Educaci\u00f3n; Carolina Iturra, docente de la Facultad de Psicolog\u00eda; Isaac Ravetllat, director del Centro de Estudios sobre Derechos de la Infancia y la Adolescencia (CEDIA); y Lady Garc\u00eda, acad\u00e9mica de la Facultad de Econom\u00eda y Negocios (FEN) de la UTalca.<\/a><\/p><p>\u00a0<\/p><p><b>EL HERALDO<\/b><\/p><p><a style=\"font-style: inherit; font-weight: inherit; background-color: #ffffff; font-family: -apple-system, BlinkMacSystemFont,;\" href=\"https:\/\/www.litoralpress.cl\/paginaconsultas\/Servicios_NClip\/Get_Imagen_Nota.aspx?LPKey=HWBCBHH2OW3N4RKQUHBS33TVH44QDHLYCXM76JBHZHMNDKYH3DSK5YHDZ5JGKAS5W6HHYKTGFJ23I\" target=\"_blank\" rel=\"noopener\">Llaman a reforzar atenci\u00f3n preventiva de c\u00e1ncer mamario. Se refiere Pilar Garc\u00eda, acad\u00e9mica de la Escuela de Obstetricia y Puericultura de la UTalca.<\/a><\/p><p>\u00a0<\/p><p><b>DIARIOELHERALDO.CL<\/b><\/p><p><a style=\"font-style: inherit; font-weight: inherit; background-color: #ffffff; font-family: -apple-system, BlinkMacSystemFont,;\" href=\"http:\/\/www.diarioelheraldo.cl\/noticia\/llaman-a-reforzar-atencion-preventiva-de-cancer-mamario-\" target=\"_blank\" rel=\"noopener\">Llaman a reforzar atenci\u00f3n preventiva de c\u00e1ncer mamario. Se refiere Pilar Garc\u00eda, acad\u00e9mica de la Escuela de Obstetricia y Puericultura de la UTalca.<\/a><\/p><p>\u00a0<\/p><p><b>ADPRENSA.CL<\/b><\/p><p><a style=\"font-style: inherit; font-weight: inherit; background-color: #ffffff; font-family: -apple-system, BlinkMacSystemFont,;\" href=\"https:\/\/www.adprensa.cl\/cronica\/ola-de-calor-en-zona-central-produciria-efectos-en-la-agricultura-y-posible-aumento-de-incendios-forestales\/\" target=\"_blank\" rel=\"noopener\">Ola de calor en zona central producir\u00eda efectos en la agricultura y posible aumento de incendios forestales. Se refiere Patricio Gonz\u00e1lez, agroclimat\u00f3logo de la UTalca.<\/a><\/p><p>\u00a0<\/p><p><b>REDMAULE.COM<\/b><\/p><p><a style=\"font-style: inherit; font-weight: inherit; background-color: #ffffff; font-family: -apple-system, BlinkMacSystemFont,;\" href=\"https:\/\/www.redmaule.com\/nacional\/ola-de-calor-en-zona-central-produciria-efectos-en-la-agricultura-y\" target=\"_blank\" rel=\"noopener\">Ola de calor en zona central producir\u00eda efectos en la agricultura y posible aumento de incendios forestales. Se refiere Patricio Gonz\u00e1lez, agroclimat\u00f3logo de la UTalca.<\/a><\/p><p>\u00a0<\/p><p><b>ELTIPOGRAFO.CL<\/b><\/p><p><a style=\"font-style: inherit; font-weight: inherit; background-color: #ffffff; font-family: -apple-system, BlinkMacSystemFont,;\" href=\"https:\/\/eltipografo.cl\/2021\/10\/ola-de-calor-en-zona-central-afectaria-la-agricultura-e-incidiria-en-aumento-de-incendios-forestales\" target=\"_blank\" rel=\"noopener\">Ola de calor en zona central afectar\u00eda la agricultura e incidir\u00eda en aumento de incendios forestales. Se refiere Patricio Gonz\u00e1lez, agroclimat\u00f3logo de la UTalca.<\/a><\/p><p>\u00a0<\/p><p><b>G5NOTICIAS.CL<\/b><\/p><p><a style=\"font-style: inherit; font-weight: inherit; background-color: #ffffff; font-family: -apple-system, BlinkMacSystemFont,;\" href=\"https:\/\/g5noticias.cl\/2021\/10\/26\/ola-de-calor-en-zona-central-produciria-efectos-en-la-agricultura-y-posible-aumento-de-incendios-forestales\/\" target=\"_blank\" rel=\"noopener\">Ola de calor en zona central producir\u00eda efectos en la agricultura y posible aumento de incendios forestales. Se refiere Patricio Gonz\u00e1lez, agroclimat\u00f3logo de la UTalca.<\/a><\/p><p>\u00a0<\/p><p><b>RADIO FUTURO<\/b><\/p><p><a style=\"font-style: inherit; font-weight: inherit; background-color: #ffffff; font-family: -apple-system, BlinkMacSystemFont,;\" href=\"https:\/\/www.litoralpress.cl\/sitio\/RadioTV_Detalles.cshtml?LPKey=XBPDVJEQRPDB3F6EFXMXZZ6PRUXWQDFZEKFHEL4N5Y2BLQYR4P4A\" target=\"_blank\" rel=\"noopener\">Entrevista a Mauricio Morales, director del Centro de An\u00e1lisis Pol\u00edtico (CAP) de la UTalca.<\/a><\/p><p>\u00a0<\/p><p><b>RADIO COOPERATIVA<\/b><\/p><p><a style=\"font-style: inherit; font-weight: inherit; background-color: #ffffff; font-family: -apple-system, BlinkMacSystemFont,;\" href=\"https:\/\/www.litoralpress.cl\/sitio\/RadioTV_Detalles.cshtml?LPKey=DRJP2HZ7BHFNOZI53GKZLGMLHGIBNDO2ZBCJ2RYXZ6EPE6C2475Q\" target=\"_blank\" rel=\"noopener\">Presidenciales: Sichel estar\u00eda fuera de carrera. Se menciona opini\u00f3n de Mauricio Morales, director del Centro de An\u00e1lisis Pol\u00edtico (CAP) de la UTalca.<\/a><\/p><p>\u00a0<\/p><p><b>EL HERALDO AUSTRAL<\/b><\/p><p><a style=\"font-style: inherit; font-weight: inherit; background-color: #ffffff; font-family: -apple-system, BlinkMacSystemFont,;\" href=\"https:\/\/www.litoralpress.cl\/paginaconsultas\/Servicios_NClip\/Get_Imagen_Nota.aspx?LPKey=CVG2ML3DZF4Q7UMLYZ2CT5TIOMS663KYHBHJ5BEEKVI52YZ36CUNUWFAY6RFGM2ID7VSSVDDHP45S\" target=\"_blank\" rel=\"noopener\">CETA Alimentos y Fundaci\u00f3n Chinquihue firman convenio para fortalecer la industria alimentaria. Se menciona a la UTalca.<\/a><\/p><p>\u00a0<\/p><p><b>MUNDOACUICOLA.CL<\/b><\/p><p><a style=\"font-style: inherit; font-weight: inherit; background-color: #ffffff; font-family: -apple-system, BlinkMacSystemFont,;\" href=\"https:\/\/www.mundoacuicola.cl\/new\/ceta-alimentos-y-fundacion-chinquihue-fortalecen-la-industria-alimentaria\/\" target=\"_blank\" rel=\"noopener\">CETA y Fundaci\u00f3n Chinquihue buscan fortalecer la industria alimentaria. Se menciona a la UTalca.<\/a><\/p><p>\u00a0<\/p><p><b>DIARIO TALCA<\/b><\/p><p><a style=\"font-style: inherit; font-weight: inherit; background-color: #ffffff; font-family: -apple-system, BlinkMacSystemFont,;\" href=\"https:\/\/www.litoralpress.cl\/sitio\/Prensa_PaginaCompleta.cshtml?LPKey=ZQ6NFB45GXRVMBUKLHV3HGARGSLPFTKZXEKMFGGN4Q56SUN7S6AA\" target=\"_blank\" rel=\"noopener\">\u201cSoy del fierro de las ollas para fre\u00edr sopaipillas\u201d. Se menciona el Centro de Documentaci\u00f3n Patrimonial de la UTalca.<\/a><\/p><p>\u00a0<\/p><p><b>TALCACAPITAL.CL<\/b><\/p><p><a style=\"font-style: inherit; font-weight: inherit; background-color: #ffffff; font-family: -apple-system, BlinkMacSystemFont,;\" href=\"https:\/\/talcacapital.cl\/importante-despliegue-territorial-desarrolla-la-fundacion-sida-maule-en-la-region\/\" target=\"_blank\" rel=\"noopener\">Importante despliegue territorial desarrolla la Fundaci\u00f3n Sida Maule en la regi\u00f3n. Se menciona a la UTalca.<\/a><\/p>\t\t\t\t\t\t<\/div>\n\t\t\t\t<\/div>\n\t\t\t\t\t<\/div>\n\t\t<\/div>\n\t\t\t\t\t\t\t<\/div>\n\t\t<\/section>\n\t\t\t\t\t\t<\/div>\n\t\t\t\t\t<\/div>\n\t\t","protected":false},"excerpt":{"rendered":"<p>CANAL CONTIVISI\u00d3N Entrevista a \u00c1lvaro Rojas, rector de la Universidad de Talca. \u00a0 DIARIO TALCA Universidad de Talca inicia festejos por su aniversario. \u00a0 CANAL TVN RED MAULE Retiro es la primera comuna del pa\u00eds que retrocede a fase 1. Se refiere Daniel Jim\u00e9nez, director de Salud del Estudiante de la UTalca. \u00a0 ADPRENSA.CL UTalca &hellip;<\/p>\n<p class=\"read-more\"> <a class=\"\" href=\"https:\/\/www.reportedeprensa.utalca.cl\/?p=2229\"> <span class=\"screen-reader-text\">27 de octubre de 2021<\/span> Read More &raquo;<\/a><\/p>\n","protected":false},"author":1,"featured_media":0,"comment_status":"closed","ping_status":"open","sticky":false,"template":"elementor_theme","format":"standard","meta":{"_monsterinsights_skip_tracking":false,"_monsterinsights_sitenote_active":false,"_monsterinsights_sitenote_note":"","_monsterinsights_sitenote_category":0},"categories":[13],"tags":[],"_links":{"self":[{"href":"https:\/\/www.reportedeprensa.utalca.cl\/index.php?rest_route=\/wp\/v2\/posts\/2229"}],"collection":[{"href":"https:\/\/www.reportedeprensa.utalca.cl\/index.php?rest_route=\/wp\/v2\/posts"}],"about":[{"href":"https:\/\/www.reportedeprensa.utalca.cl\/index.php?rest_route=\/wp\/v2\/types\/post"}],"author":[{"embeddable":true,"href":"https:\/\/www.reportedeprensa.utalca.cl\/index.php?rest_route=\/wp\/v2\/users\/1"}],"replies":[{"embeddable":true,"href":"https:\/\/www.reportedeprensa.utalca.cl\/index.php?rest_route=%2Fwp%2Fv2%2Fcomments&post=2229"}],"version-history":[{"count":4,"href":"https:\/\/www.reportedeprensa.utalca.cl\/index.php?rest_route=\/wp\/v2\/posts\/2229\/revisions"}],"predecessor-version":[{"id":2233,"href":"https:\/\/www.reportedeprensa.utalca.cl\/index.php?rest_route=\/wp\/v2\/posts\/2229\/revisions\/2233"}],"wp:attachment":[{"href":"https:\/\/www.reportedeprensa.utalca.cl\/index.php?rest_route=%2Fwp%2Fv2%2Fmedia&parent=2229"}],"wp:term":[{"taxonomy":"category","embeddable":true,"href":"https:\/\/www.reportedeprensa.utalca.cl\/index.php?rest_route=%2Fwp%2Fv2%2Fcategories&post=2229"},{"taxonomy":"post_tag","embeddable":true,"href":"https:\/\/www.reportedeprensa.utalca.cl\/index.php?rest_route=%2Fwp%2Fv2%2Ftags&post=2229"}],"curies":[{"name":"wp","href":"https:\/\/api.w.org\/{rel}","templated":true}]}}