{"id":2240,"date":"2021-10-28T08:57:21","date_gmt":"2021-10-28T11:57:21","guid":{"rendered":"https:\/\/www.reportedeprensa.utalca.cl\/?p=2240"},"modified":"2021-10-28T09:16:13","modified_gmt":"2021-10-28T12:16:13","slug":"28-de-octubre-de-2021","status":"publish","type":"post","link":"https:\/\/www.reportedeprensa.utalca.cl\/?p=2240","title":{"rendered":"28 de octubre de 2021"},"content":{"rendered":"\t\t<div data-elementor-type=\"wp-post\" data-elementor-id=\"2240\" class=\"elementor elementor-2240\" data-elementor-settings=\"[]\">\n\t\t\t\t\t\t\t<div class=\"elementor-section-wrap\">\n\t\t\t\t\t\t\t<section class=\"elementor-section elementor-top-section elementor-element elementor-element-a06ca45 elementor-section-boxed elementor-section-height-default elementor-section-height-default\" data-id=\"a06ca45\" data-element_type=\"section\">\n\t\t\t\t\t\t<div class=\"elementor-container elementor-column-gap-default\">\n\t\t\t\t\t<div class=\"elementor-column elementor-col-100 elementor-top-column elementor-element elementor-element-1486c35\" data-id=\"1486c35\" data-element_type=\"column\">\n\t\t\t<div class=\"elementor-widget-wrap elementor-element-populated\">\n\t\t\t\t\t\t\t\t<div class=\"elementor-element elementor-element-42b145e elementor-widget elementor-widget-text-editor\" data-id=\"42b145e\" data-element_type=\"widget\" data-widget_type=\"text-editor.default\">\n\t\t\t\t<div class=\"elementor-widget-container\">\n\t\t\t\t\t\t\t\t<p><b>ADPRENSA.CL<\/b><\/p><p><a style=\"font-style: inherit; font-weight: inherit; background-color: #ffffff; font-family: -apple-system, BlinkMacSystemFont,;\" href=\"https:\/\/www.adprensa.cl\/cronica\/universidad-de-talca-celebra-sus-40-anos-con-conferencia-del-astronomo-jose-maza\/\" target=\"_blank\" rel=\"noopener\">Universidad de Talca celebra sus 40 a\u00f1os con conferencia del astr\u00f3nomo Jos\u00e9 Maza.<\/a><\/p><p>\u00a0<\/p><p><b>VLTV.CL<\/b><\/p><p><a style=\"font-style: inherit; font-weight: inherit; background-color: #ffffff; font-family: -apple-system, BlinkMacSystemFont,;\" href=\"https:\/\/vltv.cl\/utal-celebra-sus-40-anos-con-conferencia-del-astronomo-jose-maza\/\" target=\"_blank\" rel=\"noopener\">UTalca celebra sus 40 a\u00f1os con conferencia del astr\u00f3nomo Jos\u00e9 Maza.<\/a><\/p><p>\u00a0<\/p><p><b>G5NOTICIAS.CL<\/b><\/p><p><a style=\"font-style: inherit; font-weight: inherit; background-color: #ffffff; font-family: -apple-system, BlinkMacSystemFont,;\" href=\"https:\/\/g5noticias.cl\/2021\/10\/27\/universidad-de-talca-celebra-sus-40-anos-con-conferencia-del-astronomo-jose-maza\/\" target=\"_blank\" rel=\"noopener\">Universidad de Talca celebra sus 40 a\u00f1os con conferencia del astr\u00f3nomo Jos\u00e9 Maza.<\/a><\/p><p>\u00a0<\/p><p><b>CANAL CONTIVISI\u00d3N<\/b><\/p><p><a style=\"font-style: inherit; font-weight: inherit; background-color: #ffffff; font-family: -apple-system, BlinkMacSystemFont,;\" href=\"https:\/\/www.litoralpress.cl\/sitio\/RadioTV_Detalles.cshtml?LPKey=2AJBZW4HWJ36IEXTGGXIQ7GCJ5D6S5SEIYZFNZLDOXZABZHTC2CQ\" target=\"_blank\" rel=\"noopener\">Universidad de Talca inaugur\u00f3 nuevo espacio art\u00edstico.<\/a><\/p><p>\u00a0<\/p><p><b>ENLINEAMAULE.CL<\/b><\/p><p><a style=\"font-style: inherit; font-weight: inherit; background-color: #ffffff; font-family: -apple-system, BlinkMacSystemFont,;\" href=\"https:\/\/enlineamaule.cl\/archivo\/45743\" target=\"_blank\" rel=\"noopener\">La universidad de Talca inaugur\u00f3 un moderno y equipado edificio del instituto de qu\u00edmica de recursos naturales. El espacio ubicado en el campus Talca tiene m\u00e1s de 3 mil metros cuadrados.<\/a><\/p><p>\u00a0<\/p><p><b>ELMOSTRADOR.CL<\/b><\/p><p><a style=\"font-style: inherit; font-weight: inherit; background-color: #ffffff; font-family: -apple-system, BlinkMacSystemFont,;\" href=\"https:\/\/www.elmostrador.cl\/dia\/2021\/10\/27\/estudio-de-la-u-de-talca-revela-que-el-vencimiento-de-visas-y-la-entrada-por-pasos-irregulares-son-los-principales-obstaculos-que-enfrentan-los-migrantes-venezolanos-para-encontrar-trabajo\/\" target=\"_blank\" rel=\"noopener\">Estudio de la U. de Talca revela que el vencimiento de visas y la entrada por pasos irregulares son los principales obst\u00e1culos que enfrentan los migrantes venezolanos para encontrar trabajo.<\/a><\/p><p>\u00a0<\/p><p><b>ADNRADIO.CL<\/b><\/p><p><a style=\"font-style: inherit; font-weight: inherit; background-color: #ffffff; font-family: -apple-system, BlinkMacSystemFont,;\" href=\"https:\/\/www.adnradio.cl\/nacional\/2021\/10\/27\/estudio-determino-en-que-trabajan-los-migrantes-venezolanos-en-chile-70-en-situacion-irregular-tiene-ingresos-de-320-mil-o-menos.html\" target=\"_blank\" rel=\"noopener\">Estudio determin\u00f3 en qu\u00e9 trabajan los migrantes venezolanos en Chile: 70% en situaci\u00f3n irregular tiene ingresos de $320 mil o menos. Se refiere Medardo Aguirre, director del Centro Nacional de Estudio Migratorios de la Universidad de Talca.<\/a><\/p><p>\u00a0<\/p><p><b>ENESTRADO.COM<\/b><\/p><p><a style=\"font-style: inherit; font-weight: inherit; background-color: #ffffff; font-family: -apple-system, BlinkMacSystemFont,;\" href=\"https:\/\/enestrado.com\/estudio-del-centro-nacional-de-estudios-migratorios-de-la-utalca-principales-obstaculos-para-la-insercion-laboral-de-migrantes-venezolanos-son-el-vencimiento-de-las-visas-situacion-migratoria-i\/\" target=\"_blank\" rel=\"noopener\">Estudio del Centro Nacional de Estudios Migratorios de la UTalca: principales obst\u00e1culos para la inserci\u00f3n laboral de migrantes venezolanos son el vencimiento de las visas, situaci\u00f3n migratoria irregular y bajos salarios.<\/a><\/p><p>\u00a0<\/p><p><b>ELMAULEINFORMA.CL<\/b><\/p><p><a style=\"font-style: inherit; font-weight: inherit; background-color: #ffffff; font-family: -apple-system, BlinkMacSystemFont,;\" href=\"https:\/\/elmauleinforma.cl\/70-de-los-refugiados-y-migrantes-venezolanos-que-estan-en-situacion-irregular-gana-320-mil-o-menos\/\" target=\"_blank\" rel=\"noopener\">70% de los refugiados y migrantes venezolanos que est\u00e1n en situaci\u00f3n irregular gana $320 mil o menos. Se refiere Medardo Aguirre, director del Centro Nacional de Estudio Migratorios de la Universidad de Talca.<\/a><\/p><p>\u00a0<\/p><p><b>RADIO BIOB\u00cdO DE VALPARAISO<\/b><\/p><p><a style=\"font-style: inherit; font-weight: inherit; background-color: #ffffff; font-family: -apple-system, BlinkMacSystemFont,;\" href=\"https:\/\/www.litoralpress.cl\/sitio\/RadioTV_Detalles.cshtml?LPKey=S2JZUVQ5B4MUZNYJ67LECQ7GNHSVPCULEQENACXGKZS7WFHUOHIQ\" target=\"_blank\" rel=\"noopener\">Entrevista a Humberto Nogueira, director del Centro de Estudios Constitucionales de Chile (CECOCH) de la UTalca.<\/a><\/p><p>\u00a0<\/p><p><b>RADIO INICIA<\/b><\/p><p><a style=\"font-style: inherit; font-weight: inherit; background-color: #ffffff; font-family: -apple-system, BlinkMacSystemFont,;\" href=\"https:\/\/www.litoralpress.cl\/sitio\/RadioTV_Detalles.cshtml?LPKey=UJU5HUK25KOGXNZWTHPC5OO3DQ73HV6IE7GJAPL3T6KF3YXUGNIA\" target=\"_blank\" rel=\"noopener\">Subsecretaria Paula Daza insisti\u00f3 en la evidente preocupaci\u00f3n por las personas que no se han vacunado. Se refiere Minerva Astudillo, directora de la Escuela de Enfermer\u00eda de la UTalca.<\/a><\/p><p>\u00a0<\/p><p><b>EL LECTOR<\/b><\/p><p><a style=\"font-style: inherit; font-weight: inherit; background-color: #ffffff; font-family: -apple-system, BlinkMacSystemFont,;\" href=\"https:\/\/www.litoralpress.cl\/paginaconsultas\/Servicios_NClip\/Get_Imagen_Nota.aspx?LPKey=EZDR6WSPLMBYYFOSZS3U23FBLXSOQSCXELVP45OJVGGBK5X4AN2NORMWD3YN6Y6OGFZGO4F7ZZZBA\" target=\"_blank\" rel=\"noopener\">Portada: UTalca inaugura mural en homenaje a Margot Loyola en campus Linares.<\/a><\/p><p>\u00a0<\/p><p><b>EL LECTOR<\/b><\/p><p><a style=\"font-style: inherit; font-weight: inherit; background-color: #ffffff; font-family: -apple-system, BlinkMacSystemFont,;\" href=\"https:\/\/www.litoralpress.cl\/paginaconsultas\/Servicios_NClip\/Get_Imagen_Nota.aspx?LPKey=WTDZYRUPBLFQEMJHIDMJR36YAIM6KAOX4HHGBRKKAFSI2CZ5XO4UURPZP6T3F7SWT46AVHZV6TJHM\" target=\"_blank\" rel=\"noopener\">UTalca inaugura mural en homenaje a Margot Loyola en campus Linares.<\/a><\/p><p>\u00a0<\/p><p><b>DIARIOELHERALDO.CL<\/b><\/p><p><a style=\"font-style: inherit; font-weight: inherit; background-color: #ffffff; font-family: -apple-system, BlinkMacSystemFont,;\" href=\"http:\/\/www.diarioelheraldo.cl\/noticia\/-utalca-inaugura-mural-en-homenaje-a-margot-loyola-en-campus-linares-\" target=\"_blank\" rel=\"noopener\">UTalca inaugura mural en homenaje a Margot Loyola en campus Linares.<\/a><\/p><p>\u00a0<\/p><p><b>ELMAULEINFORMA.CL<\/b><\/p><p><a style=\"font-style: inherit; font-weight: inherit; background-color: #ffffff; font-family: -apple-system, BlinkMacSystemFont,;\" href=\"https:\/\/elmauleinforma.cl\/utalca-inaugura-mural-en-homenaje-a-margot-loyola-en-campus-linares\/\" target=\"_blank\" rel=\"noopener\">UTalca inaugura mural en homenaje a Margot Loyola en campus Linares.<\/a><\/p><p>\u00a0<\/p><p><b>DIARIOELHERALDO.CL<\/b><\/p><p><a style=\"font-style: inherit; font-weight: inherit; background-color: #ffffff; font-family: -apple-system, BlinkMacSystemFont,;\" href=\"http:\/\/www.diarioelheraldo.cl\/noticia\/ola-de-calor-en-zona-central-produciria-efectos-en-la-agricultura-y-posible-aumento-de-incendios-forestales-\" target=\"_blank\" rel=\"noopener\">Ola de calor en zona central producir\u00eda efectos en la agricultura y posible aumento de incendios forestales. Se refiere Patricio Gonz\u00e1lez, agroclimat\u00f3logo de la UTalca.<\/a><\/p><p>\u00a0<\/p><p><b>ELDIARIODEMAULE.CL<\/b><\/p><p><a style=\"font-style: inherit; font-weight: inherit; background-color: #ffffff; font-family: -apple-system, BlinkMacSystemFont,;\" href=\"https:\/\/eldiariodemaule.cl\/ola-de-calor-de-esta-semana-podria-danar-los-frutos-que-estan-madurando\/\" target=\"_blank\" rel=\"noopener\">Ola de calor de esta semana podr\u00eda da\u00f1ar los frutos que est\u00e1n madurando. Se refiere Patricio Gonz\u00e1lez, agroclimat\u00f3logo de la UTalca.<\/a><\/p><p>\u00a0<\/p><p><b>ELMAULEINFORMA.CL<\/b><\/p><p><a style=\"font-style: inherit; font-weight: inherit; background-color: #ffffff; font-family: -apple-system, BlinkMacSystemFont,;\" href=\"https:\/\/elmauleinforma.cl\/ola-de-calor-afectara-esta-semana-a-la-region-del-maule\/\" target=\"_blank\" rel=\"noopener\">Ola de calor afectar\u00e1 esta semana a la regi\u00f3n del Maule. Se refiere Patricio Gonz\u00e1lez, agroclimat\u00f3logo de la UTalca.<\/a><\/p><p>\u00a0<\/p><p><b>ENLINEAMAULE.CL<\/b><\/p><p><a style=\"font-style: inherit; font-weight: inherit; background-color: #ffffff; font-family: -apple-system, BlinkMacSystemFont,;\" href=\"https:\/\/enlineamaule.cl\/archivo\/45734\" target=\"_blank\" rel=\"noopener\">Se pronostican temperaturas que podr\u00edan alcanzar los 32\u00b0Celsius en la zona central del pa\u00eds durante esta semana. Se refiere Patricio Gonz\u00e1lez, agroclimat\u00f3logo de la UTalca.<\/a><\/p><p>\u00a0<\/p><p><b>CANAL MEGA<\/b><\/p><p><a style=\"font-style: inherit; font-weight: inherit; background-color: #ffffff; font-family: -apple-system, BlinkMacSystemFont,;\" href=\"https:\/\/www.litoralpress.cl\/sitio\/RadioTV_Detalles.cshtml?LPKey=SRHJPU5WTXT54RJGNWRV2KZH43TEERCG2MXBAZSISJM6ZSSOTGWA\" target=\"_blank\" rel=\"noopener\">Entrevista a Mario Herrera, acad\u00e9mico del Centro de An\u00e1lisis Pol\u00edtico (CAP) de la Universidad de Talca.<\/a><\/p><p>\u00a0<\/p><p><b>RADIO COOPERATIVA<\/b><\/p><p><a style=\"font-style: inherit; font-weight: inherit; background-color: #ffffff; font-family: -apple-system, BlinkMacSystemFont,;\" href=\"https:\/\/www.litoralpress.cl\/sitio\/RadioTV_Detalles.cshtml?LPKey=XPJSFRREDUGS6TTKXSDSDQCOF5ZGNVPFZVTXZNWKXWM3PEFT7HRA\" target=\"_blank\" rel=\"noopener\">Sebasti\u00e1n Sichel y el descuelgue de parlamentarios de su campa\u00f1a. Se menciona opini\u00f3n de Mauricio Morales, director del Centro de An\u00e1lisis Pol\u00edtico (CAP) de la Universidad de Talca.<\/a><\/p><p>\u00a0<\/p><p><b>COOPERATIVA.CL<\/b><\/p><p><a style=\"font-style: inherit; font-weight: inherit; background-color: #ffffff; font-family: -apple-system, BlinkMacSystemFont,;\" href=\"https:\/\/www.cooperativa.cl\/noticias\/pais\/politica\/presidenciales\/mauricio-morales-sichel-grafico-una-especie-de-claudicacion-politica\/2021-10-26\/215904.html\" target=\"_blank\" rel=\"noopener\">Mauricio Morales: &#8220;Sichel grafic\u00f3 una especie de claudicaci\u00f3n pol\u00edtica, est\u00e1 pr\u00e1cticamente fuera de carrera&#8221;.<\/a><\/p><p>\u00a0<\/p><p><b>THECLINIC.CL<\/b><\/p><p><a style=\"font-style: inherit; font-weight: inherit; background-color: #ffffff; font-family: -apple-system, BlinkMacSystemFont,;\" href=\"https:\/\/www.theclinic.cl\/2021\/10\/27\/division-organica-apuesta-parlamentaria-en-riesgo-y-una-hegemonia-conservadora-zoom-a-la-ruptura-entre-sichel-y-chile-podemos-mas\/\" target=\"_blank\" rel=\"noopener\">Divisi\u00f3n org\u00e1nica, apuesta parlamentaria en riesgo y una hegemon\u00eda conservadora: zoom a la ruptura entre Sichel y Chile Podemos M\u00e1s. Se refiere Mauricio Morales, director del Centro de An\u00e1lisis Pol\u00edtico (CAP) de la Universidad de Talca.<\/a><\/p><p>\u00a0<\/p><p><b>INFOGATE.CL<\/b><\/p><p><a style=\"font-style: inherit; font-weight: inherit; background-color: #ffffff; font-family: -apple-system, BlinkMacSystemFont,;\" href=\"https:\/\/www.infogate.cl\/2021\/10\/27\/libertad-de-accion-pedida-por-sichel-es-escuchada-centenar-de-militantes-udi-oficializan-apoyo-a-kast\/\" target=\"_blank\" rel=\"noopener\">Libertad de acci\u00f3n pedida por Sichel es escuchada: Centenar de militantes UDI oficializan apoyo a Kast. Se refiere Mauricio Morales, director del Centro de An\u00e1lisis Pol\u00edtico (CAP) de la Universidad de Talca.<\/a><\/p><p>\u00a0<\/p><p><b>RADIOPAULINA.CL<\/b><\/p><p><a style=\"font-style: inherit; font-weight: inherit; background-color: #ffffff; font-family: -apple-system, BlinkMacSystemFont,;\" href=\"https:\/\/www.radiopaulina.cl\/2021\/10\/27\/presidentes-de-renovacion-nacional-y-evopoli-ratificaron-apoyo-a-sichel-luego-de-que-los-dejara-en-libertad-de-accion\/\" target=\"_blank\" rel=\"noopener\">Presidentes de Renovaci\u00f3n Nacional y Ev\u00f3poli ratificaron apoyo a Sichel luego de que los dejara en \u201clibertad de acci\u00f3n\u201d. Se refiere Mauricio Morales, director del Centro de An\u00e1lisis Pol\u00edtico (CAP) de la Universidad de Talca.<\/a><\/p><p>\u00a0<\/p><p><b>REVISTA REDAGR\u00cdCOLA<\/b><\/p><p><a style=\"font-style: inherit; font-weight: inherit; background-color: #ffffff; font-family: -apple-system, BlinkMacSystemFont,;\" href=\"https:\/\/www.litoralpress.cl\/sitio\/Prensa_PaginaCompleta.cshtml?LPKey=JQQKJWILLEARGIKNDRTVHEPVMGWC4AMLQBLFXXA5ERAZDYUNQIMA\" target=\"_blank\" rel=\"noopener\">Producci\u00f3n de hortalizas: una oportunidad que no hay que desaprovechar. Se menciona a la UTalca.<\/a><\/p><p>\u00a0<\/p><p><b>ELDIARIODEMAULE.CL<\/b><\/p><p><a style=\"font-style: inherit; font-weight: inherit; background-color: #ffffff; font-family: -apple-system, BlinkMacSystemFont,;\" href=\"https:\/\/eldiariodemaule.cl\/importante-despliegue-territorial-desarrolla-la-fundacion-sida-maule-en-la-region\/\" target=\"_blank\" rel=\"noopener\">Importante despliegue territorial desarrolla la Fundaci\u00f3n Sida Maule en la regi\u00f3n. Se menciona a la UTalca.<\/a><\/p>\t\t\t\t\t\t<\/div>\n\t\t\t\t<\/div>\n\t\t\t\t\t<\/div>\n\t\t<\/div>\n\t\t\t\t\t\t\t<\/div>\n\t\t<\/section>\n\t\t\t\t\t\t<\/div>\n\t\t\t\t\t<\/div>\n\t\t","protected":false},"excerpt":{"rendered":"<p>ADPRENSA.CL Universidad de Talca celebra sus 40 a\u00f1os con conferencia del astr\u00f3nomo Jos\u00e9 Maza. \u00a0 VLTV.CL UTalca celebra sus 40 a\u00f1os con conferencia del astr\u00f3nomo Jos\u00e9 Maza. \u00a0 G5NOTICIAS.CL Universidad de Talca celebra sus 40 a\u00f1os con conferencia del astr\u00f3nomo Jos\u00e9 Maza. \u00a0 CANAL CONTIVISI\u00d3N Universidad de Talca inaugur\u00f3 nuevo espacio art\u00edstico. \u00a0 ENLINEAMAULE.CL La &hellip;<\/p>\n<p class=\"read-more\"> <a class=\"\" href=\"https:\/\/www.reportedeprensa.utalca.cl\/?p=2240\"> <span class=\"screen-reader-text\">28 de octubre de 2021<\/span> Read More &raquo;<\/a><\/p>\n","protected":false},"author":1,"featured_media":0,"comment_status":"closed","ping_status":"open","sticky":false,"template":"elementor_theme","format":"standard","meta":{"_monsterinsights_skip_tracking":false,"_monsterinsights_sitenote_active":false,"_monsterinsights_sitenote_note":"","_monsterinsights_sitenote_category":0},"categories":[13],"tags":[],"_links":{"self":[{"href":"https:\/\/www.reportedeprensa.utalca.cl\/index.php?rest_route=\/wp\/v2\/posts\/2240"}],"collection":[{"href":"https:\/\/www.reportedeprensa.utalca.cl\/index.php?rest_route=\/wp\/v2\/posts"}],"about":[{"href":"https:\/\/www.reportedeprensa.utalca.cl\/index.php?rest_route=\/wp\/v2\/types\/post"}],"author":[{"embeddable":true,"href":"https:\/\/www.reportedeprensa.utalca.cl\/index.php?rest_route=\/wp\/v2\/users\/1"}],"replies":[{"embeddable":true,"href":"https:\/\/www.reportedeprensa.utalca.cl\/index.php?rest_route=%2Fwp%2Fv2%2Fcomments&post=2240"}],"version-history":[{"count":4,"href":"https:\/\/www.reportedeprensa.utalca.cl\/index.php?rest_route=\/wp\/v2\/posts\/2240\/revisions"}],"predecessor-version":[{"id":2244,"href":"https:\/\/www.reportedeprensa.utalca.cl\/index.php?rest_route=\/wp\/v2\/posts\/2240\/revisions\/2244"}],"wp:attachment":[{"href":"https:\/\/www.reportedeprensa.utalca.cl\/index.php?rest_route=%2Fwp%2Fv2%2Fmedia&parent=2240"}],"wp:term":[{"taxonomy":"category","embeddable":true,"href":"https:\/\/www.reportedeprensa.utalca.cl\/index.php?rest_route=%2Fwp%2Fv2%2Fcategories&post=2240"},{"taxonomy":"post_tag","embeddable":true,"href":"https:\/\/www.reportedeprensa.utalca.cl\/index.php?rest_route=%2Fwp%2Fv2%2Ftags&post=2240"}],"curies":[{"name":"wp","href":"https:\/\/api.w.org\/{rel}","templated":true}]}}