{"id":2251,"date":"2021-10-29T08:47:22","date_gmt":"2021-10-29T11:47:22","guid":{"rendered":"https:\/\/www.reportedeprensa.utalca.cl\/?p=2251"},"modified":"2021-10-29T08:57:47","modified_gmt":"2021-10-29T11:57:47","slug":"29-de-octubre-de-2021","status":"publish","type":"post","link":"https:\/\/www.reportedeprensa.utalca.cl\/?p=2251","title":{"rendered":"29 de octubre de 2021"},"content":{"rendered":"\t\t<div data-elementor-type=\"wp-post\" data-elementor-id=\"2251\" class=\"elementor elementor-2251\" data-elementor-settings=\"[]\">\n\t\t\t\t\t\t\t<div class=\"elementor-section-wrap\">\n\t\t\t\t\t\t\t<section class=\"elementor-section elementor-top-section elementor-element elementor-element-a06ca45 elementor-section-boxed elementor-section-height-default elementor-section-height-default\" data-id=\"a06ca45\" data-element_type=\"section\">\n\t\t\t\t\t\t<div class=\"elementor-container elementor-column-gap-default\">\n\t\t\t\t\t<div class=\"elementor-column elementor-col-100 elementor-top-column elementor-element elementor-element-1486c35\" data-id=\"1486c35\" data-element_type=\"column\">\n\t\t\t<div class=\"elementor-widget-wrap elementor-element-populated\">\n\t\t\t\t\t\t\t\t<div class=\"elementor-element elementor-element-42b145e elementor-widget elementor-widget-text-editor\" data-id=\"42b145e\" data-element_type=\"widget\" data-widget_type=\"text-editor.default\">\n\t\t\t\t<div class=\"elementor-widget-container\">\n\t\t\t\t\t\t\t\t<p><b>ADPRENSA.CL<\/b><\/p><p><a style=\"font-style: inherit; font-weight: inherit; background-color: #ffffff; font-family: -apple-system, BlinkMacSystemFont,;\" href=\"https:\/\/www.adprensa.cl\/cronica\/utalca-conmemoro-40-anos-de-existencia-con-clase-magistral-de-cientifico-jose-maza\/\" target=\"_blank\" rel=\"noopener\">UTalca conmemor\u00f3 40 a\u00f1os de existencia con Clase Magistral de cient\u00edfico Jos\u00e9 Maza.<\/a><\/p><p>\u00a0<\/p><p><b>RADIO LAUTARO<\/b><\/p><p><a style=\"font-style: inherit; font-weight: inherit; background-color: #ffffff; font-family: -apple-system, BlinkMacSystemFont,;\" href=\"https:\/\/www.litoralpress.cl\/sitio\/RadioTV_Detalles.cshtml?LPKey=4GK4PB37FQFMKBAUQWMDADAEDUJUDNKFCBZZLV2K2DTK5ME4JSBA\" target=\"_blank\" rel=\"noopener\">Aniversario de la Universidad de Talca.<\/a><\/p><p>\u00a0<\/p><p><b>RADIO TELE 13<\/b><\/p><p><a style=\"font-style: inherit; font-weight: inherit; background-color: #ffffff; font-family: -apple-system, BlinkMacSystemFont,;\" href=\"https:\/\/www.litoralpress.cl\/sitio\/RadioTV_Detalles.cshtml?LPKey=LREO52AFRAFVHNDIQS62L6MBR2XGX3NEY5U4ZWT4Z4TJA2PSNMHQ\" target=\"_blank\" rel=\"noopener\">Los temas del d\u00eda. Se menciona aniversario de la Universidad de Talca.<\/a><\/p><p>\u00a0<\/p><p><b>LA PRENSA<\/b><\/p><p><a style=\"font-style: inherit; font-weight: inherit; background-color: #ffffff; font-family: -apple-system, BlinkMacSystemFont,;\" href=\"https:\/\/www.litoralpress.cl\/paginaconsultas\/Servicios_NClip\/Get_Imagen_Nota.aspx?LPKey=CUVPFB7WJFXHYBRZFYGJTIFTUHVJJPJ4Q7M6UK47Y3MEYR3SPKINZRN7I7YN5HOSJGJ2Y5DSMPNTO\" target=\"_blank\" rel=\"noopener\">Universidad de Talca: Jos\u00e9 Maza dictar\u00e1 conferencia por aniversario.<\/a><\/p><p>\u00a0<\/p><p><b>EL HERALDO<\/b><\/p><p><a style=\"font-style: inherit; font-weight: inherit; background-color: #ffffff; font-family: -apple-system, BlinkMacSystemFont,;\" href=\"https:\/\/www.litoralpress.cl\/paginaconsultas\/Servicios_NClip\/Get_Imagen_Nota.aspx?LPKey=2ZYESZ3K5ECPFBYSZ3MU3JQ36CEQ3VMEC7MG3UXOWR2IFNUIIYDMPMINJ5QLDEFLHMGK27GUDNOM2\" target=\"_blank\" rel=\"noopener\">Portada: Universidad de Talca celebra sus 40 a\u00f1os con conferencia del astr\u00f3nomo Jos\u00e9 Maza.<\/a><\/p><p>\u00a0<\/p><p><b>EL HERALDO<\/b><\/p><p><a style=\"font-style: inherit; font-weight: inherit; background-color: #ffffff; font-family: -apple-system, BlinkMacSystemFont,;\" href=\"https:\/\/www.litoralpress.cl\/paginaconsultas\/Servicios_NClip\/Get_Imagen_Nota.aspx?LPKey=OWEIGA2FQLAOBLKOUIEBLLNCSJ2OWUGVZYVYGFEHEO73625IRBEXBAM2CN5BQLNARXKOMAMAOLL76\" target=\"_blank\" rel=\"noopener\">Universidad de Talca celebra sus 40 a\u00f1os con conferencia del astr\u00f3nomo Jos\u00e9 Maza.<\/a><\/p><p>\u00a0<\/p><p><b>CANAL TVN RED MAULE<\/b><\/p><p><a style=\"font-style: inherit; font-weight: inherit; background-color: #ffffff; font-family: -apple-system, BlinkMacSystemFont,;\" href=\"https:\/\/www.litoralpress.cl\/sitio\/RadioTV_Detalles.cshtml?LPKey=BDKFHUKNWBSZJQONGSD6QK66WFH65ACRBF6ZG2DBVZ3FWFENY2ZA\" target=\"_blank\" rel=\"noopener\">Nuevo edificio del Instituto de Qu\u00edmica de Recursos Naturales de la U. de Talca.<\/a><\/p><p>\u00a0<\/p><p><b>CANAL TVN RED MAULE<\/b><\/p><p><a style=\"font-style: inherit; font-weight: inherit; background-color: #ffffff; font-family: -apple-system, BlinkMacSystemFont,;\" href=\"https:\/\/www.litoralpress.cl\/sitio\/RadioTV_Detalles.cshtml?LPKey=AKPBQBDZX7BO46OFBG7W67JGHHOBJNKYWJBFTAJQKPOBPR2BKWEQ\" target=\"_blank\" rel=\"noopener\">Linares: Se inaugur\u00f3 mural en honor a Margot Loyola en la Universidad de Talca.<\/a><\/p><p>\u00a0<\/p><p><b>LA PRENSA AUSTRAL<\/b><\/p><p><a style=\"font-style: inherit; font-weight: inherit; background-color: #ffffff; font-family: -apple-system, BlinkMacSystemFont,;\" href=\"https:\/\/www.litoralpress.cl\/paginaconsultas\/Servicios_NClip\/Get_Imagen_Nota.aspx?LPKey=G5ME7SHULT36G5XHKDDDH6ALLGBBGYFVULX54MM37PBYFZG6JVS7BGIMX3QXV2JXTTW5ZY3HDKEDM\" target=\"_blank\" rel=\"noopener\">Estudio revela situaci\u00f3n laboral de migrantes venezolanos. Investigaci\u00f3n es del Centro Nacional de Estudios Migratorios (CENEM) de la UTalca.<\/a><\/p><p>\u00a0<\/p><p><b>G5NOTICIAS.CL<\/b><\/p><p><a style=\"font-style: inherit; font-weight: inherit; background-color: #ffffff; font-family: -apple-system, BlinkMacSystemFont,;\" href=\"https:\/\/g5noticias.cl\/2021\/10\/28\/estudio-aborda-situacion-laboral-de-migrantes-y-refugiados-venezolanos-en-chile\/\" target=\"_blank\" rel=\"noopener\">Estudio aborda situaci\u00f3n laboral de migrantes y refugiados venezolanos en Chile. Se refiere Medardo Aguirre, director del Centro Nacional de Estudio Migratorios de la UTalca.<\/a><\/p><p>\u00a0<\/p><p><b>CANAL TVN RED MAULE<\/b><\/p><p><a style=\"font-style: inherit; font-weight: inherit; background-color: #ffffff; font-family: -apple-system, BlinkMacSystemFont,;\" href=\"https:\/\/www.litoralpress.cl\/sitio\/RadioTV_Detalles.cshtml?LPKey=VRBXL53SXI36ILZMJIKBENYENLNX6AXOMQUZU57KNZDB4DRYUD4Q\" target=\"_blank\" rel=\"noopener\">Altas temperaturas preocupan ante ocurrencia de incendios forestales. Se refiere Patricio Gonz\u00e1lez, agroclimat\u00f3logo de la UTalca.<\/a><\/p><p>\u00a0<\/p><p><b>LA PRENSA<\/b><\/p><p><a style=\"font-style: inherit; font-weight: inherit; background-color: #ffffff; font-family: -apple-system, BlinkMacSystemFont,;\" href=\"https:\/\/www.litoralpress.cl\/paginaconsultas\/Servicios_NClip\/Get_Imagen_Nota.aspx?LPKey=WRGKJVIE4OPC52TBMU3EWDEFAXWRTZ5FEUMWQVVTECSQ6S77XLNP73WUB2YS2QDVIXUCVT7SSL76K\" target=\"_blank\" rel=\"noopener\">Advierten negativas consecuencias en cultivos ante nueva &#8220;ola de calor&#8221;. Se refiere Patricio Gonz\u00e1lez, agroclimat\u00f3logo de la UTalca.<\/a><\/p><p>\u00a0<\/p><p><b>DIARIOLAPRENSA.CL<\/b><\/p><p><a style=\"font-style: inherit; font-weight: inherit; background-color: #ffffff; font-family: -apple-system, BlinkMacSystemFont,;\" href=\"https:\/\/new.diariolaprensa.cl\/index.php\/2021\/10\/28\/advierten-negativas-consecuencias-en-cultivos-ante-nueva-ola-de-calor\/\" target=\"_blank\" rel=\"noopener\">Advierten negativas consecuencias en cultivos ante nueva &#8220;ola de calor&#8221;. Se refiere Patricio Gonz\u00e1lez, agroclimat\u00f3logo de la UTalca.<\/a><\/p><p>\u00a0<\/p><p><b>RADIO CONDELL<\/b><\/p><p><a style=\"font-style: inherit; font-weight: inherit; background-color: #ffffff; font-family: -apple-system, BlinkMacSystemFont,;\" href=\"https:\/\/www.litoralpress.cl\/sitio\/RadioTV_Detalles.cshtml?LPKey=ZI6RYORVGDHQJADH5LY42B7A2ZA4Q7B3JHG4I223Y7XODQVOQLTQ\" target=\"_blank\" rel=\"noopener\">Especialistas se\u00f1alan que la ola de calor en la zona central del pa\u00eds producir\u00eda efectos en la agricultura. Se refiere Patricio Gonz\u00e1lez, agroclimat\u00f3logo de la UTalca.<\/a><\/p><p>\u00a0<\/p><p><b>RADIO AMIGA<\/b><\/p><p><a style=\"font-style: inherit; font-weight: inherit; background-color: #ffffff; font-family: -apple-system, BlinkMacSystemFont,;\" href=\"https:\/\/www.litoralpress.cl\/sitio\/RadioTV_Detalles.cshtml?LPKey=DIX7RGGTY3NE7IMGWVYEITISTVXHDKFDHGS7A6YDOQ5L2UMFLXZQ\" target=\"_blank\" rel=\"noopener\">Se pronostican temperaturas cercanas a los 32 grados en la zona central. Se refiere Patricio Gonz\u00e1lez, agroclimat\u00f3logo de la UTalca.<\/a><\/p><p>\u00a0<\/p><p><b>DIARIO VI REGI\u00d3N<\/b><\/p><p><a style=\"font-style: inherit; font-weight: inherit; background-color: #ffffff; font-family: -apple-system, BlinkMacSystemFont,;\" href=\"https:\/\/www.litoralpress.cl\/paginaconsultas\/Servicios_NClip\/Get_Imagen_Nota.aspx?LPKey=XGMJKRP7HH6X7XPXWEPC6BBH77YQYZLRTV677X7DPVWAA7HI5LCJZCX4A7HWUWAVHMFY5YPCEC6OE\" target=\"_blank\" rel=\"noopener\">Ola de calor producir\u00eda efectos en la agricultura y posible aumento de incendios forestales. Se refiere Patricio Gonz\u00e1lez, agroclimat\u00f3logo de la UTalca.<\/a><\/p><p>\u00a0<\/p><p><b>CANAL MEGA<\/b><\/p><p><a style=\"font-style: inherit; font-weight: inherit; background-color: #ffffff; font-family: -apple-system, BlinkMacSystemFont,;\" href=\"https:\/\/www.litoralpress.cl\/sitio\/RadioTV_Detalles.cshtml?LPKey=LFDHB2P457LHES4C3TWD7G6BGWXLCHJX6OAH4TLWNKIXZM5OLASA\" target=\"_blank\" rel=\"noopener\">An\u00e1lisis de las elecciones presidenciales con Mauricio Morales, director del Centro de An\u00e1lisis Pol\u00edtico (CAP) de la UTalca.<\/a><\/p><p>\u00a0<\/p><p><b>RADIO INFINITA<\/b><\/p><p><a style=\"font-style: inherit; font-weight: inherit; background-color: #ffffff; font-family: -apple-system, BlinkMacSystemFont,;\" href=\"https:\/\/www.litoralpress.cl\/sitio\/RadioTV_Detalles.cshtml?LPKey=XOK5VVLRMA4NJEABS6UNSEA4UHMPQS3LFA32NNPN4YKLLFD2YSHQ\" target=\"_blank\" rel=\"noopener\">Entrevista a con Mauricio Morales, director del Centro de An\u00e1lisis Pol\u00edtico (CAP) de la UTalca.<\/a><\/p><p>\u00a0<\/p><p><b>PUBLIMETRO<\/b><\/p><p><a style=\"font-style: inherit; font-weight: inherit; background-color: #ffffff; font-family: -apple-system, BlinkMacSystemFont,;\" href=\"https:\/\/www.litoralpress.cl\/paginaconsultas\/Servicios_NClip\/Get_Imagen_Nota.aspx?LPKey=WZE6JP6YVZRRDBFWNYPCNFM6276BX3P3NW5JIO3NSMCEMVQAN73LHJIHTCIUW56U366OU6O6FWOQ6\" target=\"_blank\" rel=\"noopener\">Chile Podemos M\u00e1s Intenta contener la crisis tras el \u201cultim\u00e1tum\u201d de Sichel. Se refiere Mauricio Morales, director del Centro de An\u00e1lisis Pol\u00edtico (CAP) de la UTalca.<\/a><\/p><p>\u00a0<\/p><p><b>PUBLIMETRO.CL<\/b><\/p><p><a style=\"font-style: inherit; font-weight: inherit; background-color: #ffffff; font-family: -apple-system, BlinkMacSystemFont,;\" href=\"https:\/\/www.publimetro.cl\/\/noticias\/2021\/10\/28\/chile-podemos-mas-intenta-contener-la-crisis-tras-el-ultimatum-de-sichel\/\" target=\"_blank\" rel=\"noopener\">Chile Podemos M\u00e1s Intenta contener la crisis tras el \u201cultim\u00e1tum\u201d de Sichel. Se refiere Mauricio Morales, director del Centro de An\u00e1lisis Pol\u00edtico (CAP) de la UTalca.<\/a><\/p><p>\u00a0<\/p><p><b>CANAL TVN RED MAULE<\/b><\/p><p><a style=\"font-style: inherit; font-weight: inherit; background-color: #ffffff; font-family: -apple-system, BlinkMacSystemFont,;\" href=\"https:\/\/www.litoralpress.cl\/sitio\/RadioTV_Detalles.cshtml?LPKey=FXQ27VX4ZPKAOCVJ2ETHIC7CFLURJ23UMGEJFJAKYXV7J7PO26ZA\" target=\"_blank\" rel=\"noopener\">Se inici\u00f3 la muestra interactiva Viaje por los Sentidos. Se menciona Centro de Extensi\u00f3n de la UTalca.<\/a><\/p><p>\u00a0<\/p><p><b>EL RANCAG\u00dcINO<\/b><\/p><p><a style=\"font-style: inherit; font-weight: inherit; background-color: #ffffff; font-family: -apple-system, BlinkMacSystemFont,;\" href=\"https:\/\/www.litoralpress.cl\/paginaconsultas\/Servicios_NClip\/Get_Imagen_Nota.aspx?LPKey=VF3ZXSKH5S55XZP2Q6FUJ4AJG47A3J3N3VKD2YKILKZ345RVG3JOMXINV5A4QRYH6XOUXYZ6522C4\" target=\"_blank\" rel=\"noopener\">\u201cRequerimos tomar medidas urgentes para defender el medioambiente\u201d. Se menciona a la UTalca.<\/a><\/p>\t\t\t\t\t\t<\/div>\n\t\t\t\t<\/div>\n\t\t\t\t\t<\/div>\n\t\t<\/div>\n\t\t\t\t\t\t\t<\/div>\n\t\t<\/section>\n\t\t\t\t\t\t<\/div>\n\t\t\t\t\t<\/div>\n\t\t","protected":false},"excerpt":{"rendered":"<p>ADPRENSA.CL UTalca conmemor\u00f3 40 a\u00f1os de existencia con Clase Magistral de cient\u00edfico Jos\u00e9 Maza. \u00a0 RADIO LAUTARO Aniversario de la Universidad de Talca. \u00a0 RADIO TELE 13 Los temas del d\u00eda. Se menciona aniversario de la Universidad de Talca. \u00a0 LA PRENSA Universidad de Talca: Jos\u00e9 Maza dictar\u00e1 conferencia por aniversario. \u00a0 EL HERALDO Portada: &hellip;<\/p>\n<p class=\"read-more\"> <a class=\"\" href=\"https:\/\/www.reportedeprensa.utalca.cl\/?p=2251\"> <span class=\"screen-reader-text\">29 de octubre de 2021<\/span> Read More &raquo;<\/a><\/p>\n","protected":false},"author":1,"featured_media":0,"comment_status":"closed","ping_status":"open","sticky":false,"template":"elementor_theme","format":"standard","meta":{"_monsterinsights_skip_tracking":false,"_monsterinsights_sitenote_active":false,"_monsterinsights_sitenote_note":"","_monsterinsights_sitenote_category":0},"categories":[13],"tags":[],"_links":{"self":[{"href":"https:\/\/www.reportedeprensa.utalca.cl\/index.php?rest_route=\/wp\/v2\/posts\/2251"}],"collection":[{"href":"https:\/\/www.reportedeprensa.utalca.cl\/index.php?rest_route=\/wp\/v2\/posts"}],"about":[{"href":"https:\/\/www.reportedeprensa.utalca.cl\/index.php?rest_route=\/wp\/v2\/types\/post"}],"author":[{"embeddable":true,"href":"https:\/\/www.reportedeprensa.utalca.cl\/index.php?rest_route=\/wp\/v2\/users\/1"}],"replies":[{"embeddable":true,"href":"https:\/\/www.reportedeprensa.utalca.cl\/index.php?rest_route=%2Fwp%2Fv2%2Fcomments&post=2251"}],"version-history":[{"count":7,"href":"https:\/\/www.reportedeprensa.utalca.cl\/index.php?rest_route=\/wp\/v2\/posts\/2251\/revisions"}],"predecessor-version":[{"id":2264,"href":"https:\/\/www.reportedeprensa.utalca.cl\/index.php?rest_route=\/wp\/v2\/posts\/2251\/revisions\/2264"}],"wp:attachment":[{"href":"https:\/\/www.reportedeprensa.utalca.cl\/index.php?rest_route=%2Fwp%2Fv2%2Fmedia&parent=2251"}],"wp:term":[{"taxonomy":"category","embeddable":true,"href":"https:\/\/www.reportedeprensa.utalca.cl\/index.php?rest_route=%2Fwp%2Fv2%2Fcategories&post=2251"},{"taxonomy":"post_tag","embeddable":true,"href":"https:\/\/www.reportedeprensa.utalca.cl\/index.php?rest_route=%2Fwp%2Fv2%2Ftags&post=2251"}],"curies":[{"name":"wp","href":"https:\/\/api.w.org\/{rel}","templated":true}]}}