{"id":2272,"date":"2021-11-02T08:33:53","date_gmt":"2021-11-02T11:33:53","guid":{"rendered":"https:\/\/www.reportedeprensa.utalca.cl\/?p=2272"},"modified":"2021-11-02T08:48:23","modified_gmt":"2021-11-02T11:48:23","slug":"02-de-noviembre-de-2021","status":"publish","type":"post","link":"https:\/\/www.reportedeprensa.utalca.cl\/?p=2272","title":{"rendered":"02 de noviembre de 2021"},"content":{"rendered":"\t\t<div data-elementor-type=\"wp-post\" data-elementor-id=\"2272\" class=\"elementor elementor-2272\" data-elementor-settings=\"[]\">\n\t\t\t\t\t\t\t<div class=\"elementor-section-wrap\">\n\t\t\t\t\t\t\t<section class=\"elementor-section elementor-top-section elementor-element elementor-element-a06ca45 elementor-section-boxed elementor-section-height-default elementor-section-height-default\" data-id=\"a06ca45\" data-element_type=\"section\">\n\t\t\t\t\t\t<div class=\"elementor-container elementor-column-gap-default\">\n\t\t\t\t\t<div class=\"elementor-column elementor-col-100 elementor-top-column elementor-element elementor-element-1486c35\" data-id=\"1486c35\" data-element_type=\"column\">\n\t\t\t<div class=\"elementor-widget-wrap elementor-element-populated\">\n\t\t\t\t\t\t\t\t<div class=\"elementor-element elementor-element-42b145e elementor-widget elementor-widget-text-editor\" data-id=\"42b145e\" data-element_type=\"widget\" data-widget_type=\"text-editor.default\">\n\t\t\t\t<div class=\"elementor-widget-container\">\n\t\t\t\t\t\t\t\t<p><b>EL MERCURIO<\/b><\/p><p><a style=\"font-style: inherit; font-weight: inherit; background-color: #ffffff; font-family: -apple-system, BlinkMacSystemFont,;\" href=\"https:\/\/www.litoralpress.cl\/paginaconsultas\/Servicios_NClip\/Get_Imagen_Nota.aspx?LPKey=LKWWXJLCKZKGEVWKML6AUZKOLW3K7BNU3B5AHYIZDSHBJUGMAJOHDQE2AOCCF32LLZPWEJCGFUALA\" target=\"_blank\" rel=\"noopener\">Por sus 40 a\u00f1os: Universidad de Talca abre nueva sala de arte.<\/a><\/p><p>\u00a0<\/p><p><b>LA PRENSA<\/b><\/p><p><a style=\"font-style: inherit; font-weight: inherit; background-color: #ffffff; font-family: -apple-system, BlinkMacSystemFont,;\" href=\"https:\/\/www.litoralpress.cl\/paginaconsultas\/Servicios_NClip\/Get_Imagen_Nota.aspx?LPKey=2B6M5YECABNQWHFEZZ6Z2LKDZJIZIUBPYTHUILKXVNHJYVXCI3JCCFZWF26FMGUY5GBUVHNIPI2GG\" target=\"_blank\" rel=\"noopener\">Con clase magistral de Jos\u00e9 Maza la UTalca celebr\u00f3 40\u00b0 aniversario.<\/a><\/p><p>\u00a0<\/p><p><b>DIARIOLAPRENSA.CL<\/b><\/p><p><a style=\"font-style: inherit; font-weight: inherit; background-color: #ffffff; font-family: -apple-system, BlinkMacSystemFont,;\" href=\"https:\/\/new.diariolaprensa.cl\/index.php\/2021\/10\/30\/con-clase-magistral-de-jose-maza-la-utalca-celebro-40o-aniversario\/\" target=\"_blank\" rel=\"noopener\">Con clase magistral de Jos\u00e9 Maza la UTalca celebr\u00f3 40\u00b0 aniversario.<\/a><\/p><p>\u00a0<\/p><p><b>DIARIOTALCA.CL<\/b><\/p><p><a style=\"font-style: inherit; font-weight: inherit; background-color: #ffffff; font-family: -apple-system, BlinkMacSystemFont,;\" href=\"https:\/\/diariotalca.cl\/utalca-conmemoro-40-anos-con-clase-magistral-de-jose-maza\/\" target=\"_blank\" rel=\"noopener\">UTalca conmemor\u00f3 40 a\u00f1os con Clase Magistral de Jos\u00e9 Maza.<\/a><\/p><p>\u00a0<\/p><p><b>ENLINEAMAULE.CL<\/b><\/p><p><a style=\"font-style: inherit; font-weight: inherit; background-color: #ffffff; font-family: -apple-system, BlinkMacSystemFont,;\" href=\"https:\/\/enlineamaule.cl\/archivo\/45786\" target=\"_blank\" rel=\"noopener\">UTALCA conmemor\u00f3 40 a\u00f1os de existencia con clase magistral de cient\u00edfico Jos\u00e9 Maza. Adem\u00e1s se homenaje\u00f3 a funcionarios, acad\u00e9micos y administrativos.<\/a><\/p><p>\u00a0<\/p><p><b>RADIO AMIGA<\/b><\/p><p><a style=\"font-style: inherit; font-weight: inherit; background-color: #ffffff; font-family: -apple-system, BlinkMacSystemFont,;\" href=\"https:\/\/www.litoralpress.cl\/sitio\/RadioTV_Detalles.cshtml?LPKey=HFDY7DAYNSBZHAR4F34L4M2DQFCRPMUVHGSEBFPRSUGSD32D3UVA\" target=\"_blank\" rel=\"noopener\">Nuevo edificio del Instituto de Qu\u00edmica de Recursos Naturales de la U Talca.<\/a><\/p><p>\u00a0<\/p><p><b>LA PRENSA<\/b><\/p><p><a style=\"font-style: inherit; font-weight: inherit; background-color: #ffffff; font-family: -apple-system, BlinkMacSystemFont,;\" href=\"https:\/\/www.litoralpress.cl\/paginaconsultas\/Servicios_NClip\/Get_Imagen_Nota.aspx?LPKey=MY5B3VBRQYKQS3P4ULVCAATVKD5JTDFM5KNNQRMRKH7E62F4QMYYZMRD6TQ22V4CNP3MDQYMI4RFM\" target=\"_blank\" rel=\"noopener\">MIM exhibe muestra gratuita en Talca. Se refiere Marcela Albornoz, directora de Extensi\u00f3n Cultural-Art\u00edstica de la UTalca.<\/a><\/p><p>\u00a0<\/p><p><b>EL HERALDO<\/b><\/p><p><a style=\"font-style: inherit; font-weight: inherit; background-color: #ffffff; font-family: -apple-system, BlinkMacSystemFont,;\" href=\"https:\/\/www.litoralpress.cl\/paginaconsultas\/Servicios_NClip\/Get_Imagen_Nota.aspx?LPKey=ORQR6Z22RTXOUOBQA3CSPAJO3LFXXKIGUW6TDAUUK6I37EHJJ7PRL4FMYFLELTWD2B4QOH5E55UBU\" target=\"_blank\" rel=\"noopener\">Museo Interactivo Mirador (MIM) llega a Talca con muestra gratuita que desaf\u00eda los sentidos. Se refiere Marcela Albornoz, directora de Extensi\u00f3n Cultural-Art\u00edstica de la UTalca.<\/a><\/p><p>\u00a0<\/p><p><b>DIARIOELHERALDO.CL<\/b><\/p><p><a style=\"font-style: inherit; font-weight: inherit; background-color: #ffffff; font-family: -apple-system, BlinkMacSystemFont,;\" href=\"http:\/\/www.diarioelheraldo.cl\/noticia\/museo-interactivo-mirador-mim-llega-a-talca-con-muestra-gratuita-que-desafia-los-sentidos\" target=\"_blank\" rel=\"noopener\">Museo Interactivo Mirador (MIM) llega a Talca con muestra gratuita que desaf\u00eda los sentidos. Se refiere Marcela Albornoz, directora de Extensi\u00f3n Cultural-Art\u00edstica de la UTalca.<\/a><\/p><p>\u00a0<\/p><p><b>REDMAULE.COM<\/b><\/p><p><a style=\"font-style: inherit; font-weight: inherit; background-color: #ffffff; font-family: -apple-system, BlinkMacSystemFont,;\" href=\"https:\/\/www.redmaule.com\/Regional\/\/\/museo-interactivo-mirador-llega-a-talca-con-exhibicion-gratuita\" target=\"_blank\" rel=\"noopener\">Museo Interactivo Mirador llega a Talca con exhibici\u00f3n gratuita. Se refiere Marcela Albornoz, directora de Extensi\u00f3n Cultural-Art\u00edstica de la UTalca.<\/a><\/p><p>\u00a0<\/p><p><b>ELMAULEINFORMA.CL<\/b><\/p><p><a style=\"font-style: inherit; font-weight: inherit; background-color: #ffffff; font-family: -apple-system, BlinkMacSystemFont,;\" href=\"https:\/\/elmauleinforma.cl\/museo-interactivo-mirador-mim-llega-a-talca-con-muestra-gratuita-que-desafia-los-sentidos\/\" target=\"_blank\" rel=\"noopener\">Museo Interactivo Mirador (MIM) llega a Talca con muestra gratuita que desaf\u00eda los sentidos. Se refiere Marcela Albornoz, directora de Extensi\u00f3n Cultural-Art\u00edstica de la UTalca.<\/a><\/p><p>\u00a0<\/p><p><b>REDCOQUIMBO.COM<\/b><\/p><p><a style=\"font-style: inherit; font-weight: inherit; background-color: #ffffff; font-family: -apple-system, BlinkMacSystemFont,;\" href=\"https:\/\/www.redcoquimbo.com\/Regional\/\/\/museo-interactivo-mirador-llega-a-talca-con-exhibicion-gratuita\" target=\"_blank\" rel=\"noopener\">Museo Interactivo Mirador llega a Talca con exhibici\u00f3n gratuita. Se refiere Marcela Albornoz, directora de Extensi\u00f3n Cultural-Art\u00edstica de la UTalca.<\/a><\/p><p>\u00a0<\/p><p><b>REDMAGALLANES.COM<\/b><\/p><p><a style=\"font-style: inherit; font-weight: inherit; background-color: #ffffff; font-family: -apple-system, BlinkMacSystemFont,;\" href=\"https:\/\/redmagallanes.com\/Regional\/museo-interactivo-mirador-llega-a-talca-con-exhibicion-gratuita\" target=\"_blank\" rel=\"noopener\">Museo Interactivo Mirador llega a Talca con exhibici\u00f3n gratuita. Se refiere Marcela Albornoz, directora de Extensi\u00f3n Cultural-Art\u00edstica de la UTalca.<\/a><\/p><p>\u00a0<\/p><p><b>LA TERCERA<\/b><\/p><p><a style=\"font-style: inherit; font-weight: inherit; background-color: #ffffff; font-family: -apple-system, BlinkMacSystemFont,;\" href=\"https:\/\/www.litoralpress.cl\/paginaconsultas\/Servicios_NClip\/Get_Imagen_Nota.aspx?LPKey=K7YOIK54K7GRH6B2UQO3SJ4DDP3GMG3N2WAKAGFT6X4SO5DU46S7S5K5CD22VQR6R3MDCHZK6YOH6\" target=\"_blank\" rel=\"noopener\">Los distintos tipos de duelo que deja la pandemia. Se refiere Nadia Ramos, acad\u00e9mica de la Facultad de Psicolog\u00eda de la UTalca.<\/a><\/p><p>\u00a0<\/p><p><b>LATERCERA.COM<\/b><\/p><p><a style=\"font-style: inherit; font-weight: inherit; background-color: #ffffff; font-family: -apple-system, BlinkMacSystemFont,;\" href=\"https:\/\/www.litoralpress.cl\/paginaconsultas\/Documentos\/Crear_Achivo_MO_Pdf.aspx?LPKey=Q62J5AIZDROT3EB5Z2CG37ZWOVMIOVSRGVND22FL5XKH2HLPFPLUCECRG57DU645X23OBFDZJYFXC\" target=\"_blank\" rel=\"noopener\">Los distintos tipos de duelo que deja la pandemia. Se refiere Nadia Ramos, acad\u00e9mica de la Facultad de Psicolog\u00eda de la UTalca.<\/a><\/p><p>\u00a0<\/p><p><b>DIARIOELHERALDO.CL<\/b><\/p><p><a style=\"font-style: inherit; font-weight: inherit; background-color: #ffffff; font-family: -apple-system, BlinkMacSystemFont,;\" href=\"http:\/\/www.diarioelheraldo.cl\/noticia\/universidad-de-talca-ensena-ingles-de-manera-ludica-en-escuelas-de-la-region-del-maule-\" target=\"_blank\" rel=\"noopener\">Universidad de Talca ense\u00f1a ingl\u00e9s de manera l\u00fadica en escuelas de la Regi\u00f3n del Maule.<\/a><\/p><p>\u00a0<\/p><p><b>LA TERCERA<\/b><\/p><p><a style=\"font-style: inherit; font-weight: inherit; background-color: #ffffff; font-family: -apple-system, BlinkMacSystemFont,;\" href=\"https:\/\/www.litoralpress.cl\/sitio\/Prensa_PaginaCompleta.cshtml?LPKey=L6MHFKGQPOKLJM4PZLVOFHDYDTWP47EN5VACLUP7UAGWQ2ZUSVAQ\" target=\"_blank\" rel=\"noopener\">Ennio Vivaldi \u201cMucha gente va a procurar usar la presencialidad como factor de marketing\u201d. Se menciona a la UTalca.<\/a><\/p><p>\u00a0<\/p><p><b>LANOTICIA.CL<\/b><\/p><p><a style=\"font-style: inherit; font-weight: inherit; background-color: #ffffff; font-family: -apple-system, BlinkMacSystemFont,;\" href=\"https:\/\/lanoticia.cl\/utalca-inaugura-mural-en-homenaje-a-margot-loyola-en-campus-linares\/\" target=\"_blank\" rel=\"noopener\">UTalca inaugura mural en homenaje a Margot Loyola en el Campus Linares.<\/a><\/p><p>\u00a0<\/p><p><b>DIARIOELHERALDO.CL<\/b><\/p><p><a style=\"font-style: inherit; font-weight: inherit; background-color: #ffffff; font-family: -apple-system, BlinkMacSystemFont,;\" href=\"http:\/\/www.diarioelheraldo.cl\/noticia\/prueba-de-transicion-universitaria-utalca-inicia-inscripciones-para-rendir-ensayo-\" target=\"_blank\" rel=\"noopener\">Prueba de Transici\u00f3n Universitaria: UTalca inicia inscripciones para rendir ensayo.<\/a><\/p><p>\u00a0<\/p><p><b>ELMAULEINFORMA.CL<\/b><\/p><p><a style=\"font-style: inherit; font-weight: inherit; background-color: #ffffff; font-family: -apple-system, BlinkMacSystemFont,;\" href=\"https:\/\/elmauleinforma.cl\/prueba-de-transicion-universitaria-utalca-inicia-inscripciones-para-rendir-ensayo\/\" target=\"_blank\" rel=\"noopener\">Prueba de Transici\u00f3n Universitaria: UTalca inicia inscripciones para rendir ensayo.<\/a><\/p><p>\u00a0<\/p><p><b>AURORADELMAULE.CL<\/b><\/p><p><a style=\"font-style: inherit; font-weight: inherit; background-color: #ffffff; font-family: -apple-system, BlinkMacSystemFont,;\" href=\"https:\/\/auroradelmaule.cl\/2021\/10\/31\/inician-inscripciones-para-rendir-ensayo-de-prueba-de-transicion-universitaria\/\" target=\"_blank\" rel=\"noopener\">Inician inscripciones para rendir ensayo de Prueba de Transici\u00f3n Universitaria. Se refiere Tania Mascar\u00f3, profesional de la Unidad de Vinculaci\u00f3n con el Sistema Escolar de la Direcci\u00f3n de Ciclo de Vida Estudiantil de la UTalca.<\/a><\/p><p>\u00a0<\/p><p><b>DIARIOELPULSO.CL<\/b><\/p><p><a style=\"font-style: inherit; font-weight: inherit; background-color: #ffffff; font-family: -apple-system, BlinkMacSystemFont,;\" href=\"https:\/\/www.diarioelpulso.cl\/2021\/10\/30\/desforestacion-estudio-internacional-revela-consecuencias-medioambientales-de-programas-de-desarrollo-rural\/\" target=\"_blank\" rel=\"noopener\">Desforestaci\u00f3n: estudio internacional revela consecuencias medioambientales de programas de desarrollo rural. Se refiere Dany Jaimovich, acad\u00e9mico de la Facultad de Econom\u00eda y Negocios de la UTalca.<\/a><\/p><p>\u00a0<\/p><p><b>G5NOTICIAS.CL<\/b><\/p><p><a style=\"font-style: inherit; font-weight: inherit; background-color: #ffffff; font-family: -apple-system, BlinkMacSystemFont,;\" href=\"https:\/\/g5noticias.cl\/2021\/10\/30\/desforestacion-estudio-internacional-revela-consecuencias-medioambientales-de-programas-de-desarrollo-rural\/\" target=\"_blank\" rel=\"noopener\">Desforestaci\u00f3n: estudio internacional revela consecuencias medioambientales de programas de desarrollo rural. Se refiere Dany Jaimovich, acad\u00e9mico de la Facultad de Econom\u00eda y Negocios de la UTalca.<\/a><\/p><p>\u00a0<\/p><p><b>RADIOPOLAR.COM<\/b><\/p><p><a style=\"font-style: inherit; font-weight: inherit; background-color: #ffffff; font-family: -apple-system, BlinkMacSystemFont,;\" href=\"http:\/\/radiopolar.com\/noticia_171045.html\" target=\"_blank\" rel=\"noopener\">Estudio aborda situaci\u00f3n laboral de migrantes y refugiados venezolanos en Chile. Se refiere Medardo Aguirre, director del Centro Nacional de Estudios Migratorios de la Universidad de Talca (CENEM).<\/a><\/p><p>\u00a0<\/p><p><b>AURORADELMAULE.CL<\/b><\/p><p><a style=\"font-style: inherit; font-weight: inherit; background-color: #ffffff; font-family: -apple-system, BlinkMacSystemFont,;\" href=\"https:\/\/auroradelmaule.cl\/2021\/10\/31\/estudio-aborda-situacion-laboral-de-migrantes-y-refugiados-venezolanos-en-chile\/\" target=\"_blank\" rel=\"noopener\">Estudio aborda situaci\u00f3n laboral de migrantes y refugiados venezolanos en Chile. Se refiere Medardo Aguirre, director del Centro Nacional de Estudios Migratorios de la Universidad de Talca (CENEM).<\/a><\/p><p>\u00a0<\/p><p><b>IMPACTOREGIONAL.CL<\/b><\/p><p><a style=\"font-style: inherit; font-weight: inherit; background-color: #ffffff; font-family: -apple-system, BlinkMacSystemFont,;\" href=\"http:\/\/www.impactoregional.cl\/?p=4411\" target=\"_blank\" rel=\"noopener\">Programa Impacto Regional. Se menciona participaci\u00f3n de Carolina Loren, acad\u00e9mica de Salud P\u00fablica de la UTalca.<\/a><\/p><p>\u00a0<\/p><p><b>CANAL 13<\/b><\/p><p><a style=\"font-style: inherit; font-weight: inherit; background-color: #ffffff; font-family: -apple-system, BlinkMacSystemFont,;\" href=\"https:\/\/www.litoralpress.cl\/sitio\/RadioTV_Detalles.cshtml?LPKey=UEPAU44IQUYWOC5WBGFPOKB6LBEVPAQONQWZ4TNTGHTFHMD7UH6A\" target=\"_blank\" rel=\"noopener\">Tensi\u00f3n entre Sichel y Kast abre fantasma de derrota parlamentaria para Chile Vamos. Se refiere Mauricio Morales, director del Centro de An\u00e1lisis Pol\u00edtico (CAP) de UTalca.<\/a><\/p><p>\u00a0<\/p><p><b>CANAL TVN<\/b><\/p><p><a style=\"font-style: inherit; font-weight: inherit; background-color: #ffffff; font-family: -apple-system, BlinkMacSystemFont,;\" href=\"https:\/\/www.litoralpress.cl\/sitio\/RadioTV_Detalles.cshtml?LPKey=UDRNB7CJWFHOH3TUEFBT5GPNPSIUHPMSQDRUUF7SYTH3EVDDMB3A\" target=\"_blank\" rel=\"noopener\">Presidentes sudamericanos enfrentan bajo apoyo e ingobernabilidad. Se refiere Mauricio Morales, director del Centro de An\u00e1lisis Pol\u00edtico (CAP) de UTalca.<\/a><\/p><p>\u00a0<\/p><p><b>CANAL 24 HORAS<\/b><\/p><p><a style=\"font-style: inherit; font-weight: inherit; background-color: #ffffff; font-family: -apple-system, BlinkMacSystemFont,;\" href=\"https:\/\/www.litoralpress.cl\/sitio\/RadioTV_Detalles.cshtml?LPKey=UNKEU2YF2R2HSEQQFA5ORM3FOUNUSP7K5LXQA53K7BW2GMJFLZQQ\" target=\"_blank\" rel=\"noopener\">Presidentes sudamericanos enfrentan bajo apoyo e ingobernabilidad. Se refiere Mauricio Morales, director del Centro de An\u00e1lisis Pol\u00edtico (CAP) de UTalca.<\/a><\/p><p>\u00a0<\/p><p><b>EL MERCURIO<\/b><\/p><p><a style=\"font-style: inherit; font-weight: inherit; background-color: #ffffff; font-family: -apple-system, BlinkMacSystemFont,;\" href=\"https:\/\/www.litoralpress.cl\/paginaconsultas\/Servicios_NClip\/Get_Imagen_Nota.aspx?LPKey=3XNKDY3SFKFDEX674FLD4AGG6A654GAKTWEAQP46JBLH3WHQ42DEPE2RIEOF6I4Z2RV4HFXMVDOVW\" target=\"_blank\" rel=\"noopener\">4.427 candidatos competir\u00e1n en megaelecci\u00f3n de noviembre, 60% m\u00e1s que el a\u00f1o 2017. Se refiere Mauricio Morales, director del Centro de An\u00e1lisis Pol\u00edtico (CAP) de UTalca.<\/a><\/p><p>\u00a0<\/p><p><b>EL MERCURIO<\/b><\/p><p><a style=\"font-style: inherit; font-weight: inherit; background-color: #ffffff; font-family: -apple-system, BlinkMacSystemFont,;\" href=\"https:\/\/www.litoralpress.cl\/paginaconsultas\/Servicios_NClip\/Get_Imagen_Nota.aspx?LPKey=I5UP74VXO2GPKBAZBU3A7PYCEXTHBV56L7RGZS6VQ6POJ47UFLPVMSCEKB5I6NZBRVN576OHLQGSC\" target=\"_blank\" rel=\"noopener\">Seis claves para el debate sobre el r\u00e9gimen pol\u00edtico. Columna de opini\u00f3n, firmada -entre otros- por Mauricio Morales, director del Centro de An\u00e1lisis Pol\u00edtico (CAP) de UTalca.<\/a><\/p><p>\u00a0<\/p><p><b>ELMERCURIO.COM<\/b><\/p><p><a style=\"font-style: inherit; font-weight: inherit; background-color: #ffffff; font-family: -apple-system, BlinkMacSystemFont,;\" href=\"https:\/\/www.litoralpress.cl\/paginaconsultas\/Documentos\/Crear_Achivo_MO_Pdf.aspx?LPKey=5W4CQVEQAA6TFCKL7WHHR3RLDMNYVGOLWFC6VZ2LCKLE3WAWDUQK6JSF74AITNFB4MLVUOLMKP3NM\" target=\"_blank\" rel=\"noopener\">Seis claves para el debate sobre el r\u00e9gimen pol\u00edtico. Columna de opini\u00f3n, firmada -entre otros- por Mauricio Morales, director del Centro de An\u00e1lisis Pol\u00edtico (CAP) de UTalca.<\/a><\/p><p>\u00a0<\/p><p><b>LA TERCERA<\/b><\/p><p><a style=\"font-style: inherit; font-weight: inherit; background-color: #ffffff; font-family: -apple-system, BlinkMacSystemFont,;\" href=\"https:\/\/www.litoralpress.cl\/paginaconsultas\/Servicios_NClip\/Get_Imagen_Nota.aspx?LPKey=GENJXGMI2JIOAWAN7J7LU24GJDBCM2DBONTREBN7X56MB6MN6FHC556UMHP3WEBXUQJPBGAX6RK2W\" target=\"_blank\" rel=\"noopener\">\u00bfEs conveniente cambiar un Congreso bicameral por uno de car\u00e1cter unicameral? Columna de opini\u00f3n de Mauricio Morales, director del Centro de An\u00e1lisis Pol\u00edtico (CAP) de UTalca.<\/a><\/p><p>\u00a0<\/p><p><b>EL MERCURIO DE VALPARA\u00cdSO<\/b><\/p><p><a style=\"font-style: inherit; font-weight: inherit; background-color: #ffffff; font-family: -apple-system, BlinkMacSystemFont,;\" href=\"https:\/\/www.litoralpress.cl\/paginaconsultas\/Servicios_NClip\/Get_Imagen_Nota.aspx?LPKey=YUDRNMY4DUZ5QM5ENE2WHV4BMQZIZYOPRUXUXUEZ4NYKQU5C4QZCVYLIGX5SEI5IHLEGVJBBMXIWY\" target=\"_blank\" rel=\"noopener\">Analistas concuerdan en no \u201cpresidencializar&#8221; labor de la Convenci\u00f3n. Se refiere Mauricio Morales, director del Centro de An\u00e1lisis Pol\u00edtico (CAP) de la UTalca.<\/a><\/p><p>\u00a0<\/p><p><b>LA SEGUNDA<\/b><\/p><p><a style=\"font-style: inherit; font-weight: inherit; background-color: #ffffff; font-family: -apple-system, BlinkMacSystemFont,;\" href=\"https:\/\/www.litoralpress.cl\/paginaconsultas\/Servicios_NClip\/Get_Imagen_Nota.aspx?LPKey=6HPWH2JTEFZDP6U463U5NRCQY57TIAOFM7LTQVQZ4KA5Y36HM4HNRIMLSGJMESHUOQLERSW5QX5QS\" target=\"_blank\" rel=\"noopener\">Pan en $1. 800 y bencina en $1. 000: La inflaci\u00f3n entra al debate electoral. Se refiere Mauricio Morales, director del Centro de An\u00e1lisis Pol\u00edtico (CAP) de UTalca.<\/a><\/p><p>\u00a0<\/p><p><b>CANAL MEGA<\/b><\/p><p><a style=\"font-style: inherit; font-weight: inherit; background-color: #ffffff; font-family: -apple-system, BlinkMacSystemFont,;\" href=\"https:\/\/www.litoralpress.cl\/sitio\/RadioTV_Detalles.cshtml?LPKey=RRQ6HSXZJUUGVD3DCFCTHUHLGUOQBMUUJ7VBLJIR3V2AV2MQSYOQ\" target=\"_blank\" rel=\"noopener\">Entrevista a Mauricio Morales, director del Centro de An\u00e1lisis Pol\u00edtico (CAP) de UTalca.<\/a><\/p><p>\u00a0<\/p><p><b>EL MERCURIO DE VALPARA\u00cdSO<\/b><\/p><p><a style=\"font-style: inherit; font-weight: inherit; background-color: #ffffff; font-family: -apple-system, BlinkMacSystemFont,;\" href=\"https:\/\/www.litoralpress.cl\/paginaconsultas\/Servicios_NClip\/Get_Imagen_Nota.aspx?LPKey=CAMX6SOZA2E4WNQWIA64SSLRWVUTHFC4A5RHEUHOYDQXLE2UFOR7D4TRPZVEWDB2WLBILCFNPYOAE\" target=\"_blank\" rel=\"noopener\">Los efectos colaterales de la \u201clibertad de acci\u00f3n\u201d de Sichel. Se refiere Mauricio Morales, director del Centro de An\u00e1lisis Pol\u00edtico (CAP) de UTalca.<\/a><\/p><p>\u00a0<\/p><p><b>EL MERCURIO DE VALPARA\u00cdSO<\/b><\/p><p><a style=\"font-style: inherit; font-weight: inherit; background-color: #ffffff; font-family: -apple-system, BlinkMacSystemFont,;\" href=\"https:\/\/www.litoralpress.cl\/paginaconsultas\/Servicios_NClip\/Get_Imagen_Nota.aspx?LPKey=EMIEH4ZU7M6AYQ2AFSOKAJWZM7WGY57DQO24J32F64KVOZZYVX7XGYVS4IEJECGUKR7XBOVSIYF5E\" target=\"_blank\" rel=\"noopener\">Editorial: Convencionales en campa\u00f1as pol\u00edticas. Se menciona opini\u00f3n de Mauricio Morales, director del Centro de An\u00e1lisis Pol\u00edtico (CAP) de UTalca.<\/a><\/p><p>\u00a0<\/p><p><b>COOPERATIVA.CL<\/b><\/p><p><a style=\"font-style: inherit; font-weight: inherit; background-color: #ffffff; font-family: -apple-system, BlinkMacSystemFont,;\" href=\"https:\/\/www.cooperativa.cl\/noticias\/pais\/politica\/elecciones\/elecciones-con-mayor-cantidad-de-candidatos-de-la-historia-hay-un-60\/2021-10-31\/093220.html\" target=\"_blank\" rel=\"noopener\">Elecciones con mayor cantidad de candidatos de la historia: Hay un 60% m\u00e1s de aspirantes que en 2017. Se refiere Mauricio Morales, director del Centro de An\u00e1lisis Pol\u00edtico (CAP) de UTalca.<\/a><\/p><p>\u00a0<\/p><p><b>EMOL.COM<\/b><\/p><p><a style=\"font-style: inherit; font-weight: inherit; background-color: #ffffff; font-family: -apple-system, BlinkMacSystemFont,;\" href=\"https:\/\/www.emol.com\/noticias\/Nacional\/2021\/10\/30\/1036863\/voto-cruzado-analisis-presidenciales-parlamentarias.html\" target=\"_blank\" rel=\"noopener\">Personalizaci\u00f3n de la pol\u00edtica y amplia oferta electoral: Los factores que empujar\u00edan el &#8220;voto cruzado&#8221; a niveles hist\u00f3ricos. Se refiere Mauricio Morales, director del Centro de An\u00e1lisis Pol\u00edtico (CAP) de UTalca.<\/a><\/p><p>\u00a0<\/p><p><b>ELDESCONCIERTO.CL<\/b><\/p><p><a style=\"font-style: inherit; font-weight: inherit; background-color: #ffffff; font-family: -apple-system, BlinkMacSystemFont,;\" href=\"https:\/\/www.eldesconcierto.cl\/tipos-moviles\/escena\/2021\/10\/31\/trienal-internacional-de-performance-deformes-llega-a-chile-en-formato-presencial.html\" target=\"_blank\" rel=\"noopener\">Trienal Internacional de Performance Deformes llega a Chile en formato presencial. Se menciona la UTalca.<\/a><\/p>\t\t\t\t\t\t<\/div>\n\t\t\t\t<\/div>\n\t\t\t\t\t<\/div>\n\t\t<\/div>\n\t\t\t\t\t\t\t<\/div>\n\t\t<\/section>\n\t\t\t\t\t\t<\/div>\n\t\t\t\t\t<\/div>\n\t\t","protected":false},"excerpt":{"rendered":"<p>EL MERCURIO Por sus 40 a\u00f1os: Universidad de Talca abre nueva sala de arte. \u00a0 LA PRENSA Con clase magistral de Jos\u00e9 Maza la UTalca celebr\u00f3 40\u00b0 aniversario. \u00a0 DIARIOLAPRENSA.CL Con clase magistral de Jos\u00e9 Maza la UTalca celebr\u00f3 40\u00b0 aniversario. \u00a0 DIARIOTALCA.CL UTalca conmemor\u00f3 40 a\u00f1os con Clase Magistral de Jos\u00e9 Maza. \u00a0 ENLINEAMAULE.CL &hellip;<\/p>\n<p class=\"read-more\"> <a class=\"\" href=\"https:\/\/www.reportedeprensa.utalca.cl\/?p=2272\"> <span class=\"screen-reader-text\">02 de noviembre de 2021<\/span> Read More &raquo;<\/a><\/p>\n","protected":false},"author":1,"featured_media":0,"comment_status":"closed","ping_status":"open","sticky":false,"template":"elementor_theme","format":"standard","meta":{"_monsterinsights_skip_tracking":false,"_monsterinsights_sitenote_active":false,"_monsterinsights_sitenote_note":"","_monsterinsights_sitenote_category":0},"categories":[14],"tags":[],"_links":{"self":[{"href":"https:\/\/www.reportedeprensa.utalca.cl\/index.php?rest_route=\/wp\/v2\/posts\/2272"}],"collection":[{"href":"https:\/\/www.reportedeprensa.utalca.cl\/index.php?rest_route=\/wp\/v2\/posts"}],"about":[{"href":"https:\/\/www.reportedeprensa.utalca.cl\/index.php?rest_route=\/wp\/v2\/types\/post"}],"author":[{"embeddable":true,"href":"https:\/\/www.reportedeprensa.utalca.cl\/index.php?rest_route=\/wp\/v2\/users\/1"}],"replies":[{"embeddable":true,"href":"https:\/\/www.reportedeprensa.utalca.cl\/index.php?rest_route=%2Fwp%2Fv2%2Fcomments&post=2272"}],"version-history":[{"count":4,"href":"https:\/\/www.reportedeprensa.utalca.cl\/index.php?rest_route=\/wp\/v2\/posts\/2272\/revisions"}],"predecessor-version":[{"id":2276,"href":"https:\/\/www.reportedeprensa.utalca.cl\/index.php?rest_route=\/wp\/v2\/posts\/2272\/revisions\/2276"}],"wp:attachment":[{"href":"https:\/\/www.reportedeprensa.utalca.cl\/index.php?rest_route=%2Fwp%2Fv2%2Fmedia&parent=2272"}],"wp:term":[{"taxonomy":"category","embeddable":true,"href":"https:\/\/www.reportedeprensa.utalca.cl\/index.php?rest_route=%2Fwp%2Fv2%2Fcategories&post=2272"},{"taxonomy":"post_tag","embeddable":true,"href":"https:\/\/www.reportedeprensa.utalca.cl\/index.php?rest_route=%2Fwp%2Fv2%2Ftags&post=2272"}],"curies":[{"name":"wp","href":"https:\/\/api.w.org\/{rel}","templated":true}]}}