{"id":2283,"date":"2021-11-03T08:28:53","date_gmt":"2021-11-03T11:28:53","guid":{"rendered":"https:\/\/www.reportedeprensa.utalca.cl\/?p=2283"},"modified":"2021-11-03T08:47:44","modified_gmt":"2021-11-03T11:47:44","slug":"03-de-noviembre-de-2021","status":"publish","type":"post","link":"https:\/\/www.reportedeprensa.utalca.cl\/?p=2283","title":{"rendered":"03 de noviembre de 2021"},"content":{"rendered":"\t\t<div data-elementor-type=\"wp-post\" data-elementor-id=\"2283\" class=\"elementor elementor-2283\" data-elementor-settings=\"[]\">\n\t\t\t\t\t\t\t<div class=\"elementor-section-wrap\">\n\t\t\t\t\t\t\t<section class=\"elementor-section elementor-top-section elementor-element elementor-element-a06ca45 elementor-section-boxed elementor-section-height-default elementor-section-height-default\" data-id=\"a06ca45\" data-element_type=\"section\">\n\t\t\t\t\t\t<div class=\"elementor-container elementor-column-gap-default\">\n\t\t\t\t\t<div class=\"elementor-column elementor-col-100 elementor-top-column elementor-element elementor-element-1486c35\" data-id=\"1486c35\" data-element_type=\"column\">\n\t\t\t<div class=\"elementor-widget-wrap elementor-element-populated\">\n\t\t\t\t\t\t\t\t<div class=\"elementor-element elementor-element-42b145e elementor-widget elementor-widget-text-editor\" data-id=\"42b145e\" data-element_type=\"widget\" data-widget_type=\"text-editor.default\">\n\t\t\t\t<div class=\"elementor-widget-container\">\n\t\t\t\t\t\t\t\t<p><b>CANAL CONTIVISI\u00d3N<\/b><\/p><p><a style=\"font-style: inherit; font-weight: inherit; background-color: #ffffff; font-family: -apple-system, BlinkMacSystemFont,;\" href=\"https:\/\/www.litoralpress.cl\/sitio\/RadioTV_Detalles.cshtml?LPKey=TZ4CSB36PMFTIF55NVHERM4SSPX4UDK342TCBNJUHN3JMEQFABSA\" target=\"_blank\" rel=\"noopener\">La Universidad de Talca contin\u00faa celebrando sus 40 a\u00f1os de vida.<\/a><\/p><p>\u00a0<\/p><p><b>DIARIO TALCA<\/b><\/p><p><a style=\"font-style: inherit; font-weight: inherit; background-color: #ffffff; font-family: -apple-system, BlinkMacSystemFont,;\" href=\"https:\/\/www.litoralpress.cl\/paginaconsultas\/Servicios_NClip\/Get_Imagen_Nota.aspx?LPKey=R42NBMFTGSXVKD4IQXBUOGBTVPOIO4HR57IZEWUZMV7Q7YA3KHLU4EFE4XCRH7DPHWW3WWFD2LYKM\" target=\"_blank\" rel=\"noopener\">UTalca conmemor\u00f3 40 a\u00f1os con Clase Magistral de Jos\u00e9 Maza.<\/a><\/p><p>\u00a0<\/p><p><b>CANAL TV5<\/b><\/p><p><a style=\"font-style: inherit; font-weight: inherit; background-color: #ffffff; font-family: -apple-system, BlinkMacSystemFont,;\" href=\"https:\/\/www.litoralpress.cl\/sitio\/RadioTV_Detalles.cshtml?LPKey=3FTZCI7NR3O7RTXQFHLRY7Z7TPWT7LMIYJLXXY4HGAJILYN6RLIQ\" target=\"_blank\" rel=\"noopener\">Universidad de Talca rinde homenaje a Margot Loyola.<\/a><\/p><p>\u00a0<\/p><p><b>CANAL TVR<\/b><\/p><p><a style=\"font-style: inherit; font-weight: inherit; background-color: #ffffff; font-family: -apple-system, BlinkMacSystemFont,;\" href=\"https:\/\/www.litoralpress.cl\/sitio\/RadioTV_Detalles.cshtml?LPKey=LCMFMY6BLLHR3YQWMBYRT6KXIOQB4H5UX44XEXQLAQQN5PEI6BHQ\" target=\"_blank\" rel=\"noopener\">Linares: U. de Talca inaugura mural en tributo a la folclorista chilena Margot Loyola.<\/a><\/p><p>\u00a0<\/p><p><b>RADIO COOPERATIVA<\/b><\/p><p><a style=\"font-style: inherit; font-weight: inherit; background-color: #ffffff; font-family: -apple-system, BlinkMacSystemFont,;\" href=\"https:\/\/www.litoralpress.cl\/sitio\/RadioTV_Detalles.cshtml?LPKey=HBCNTYW6IRWOD2QM3EY76PMCWHF74TRIH3ARBWNUZLSCY2ZGQPTA\" target=\"_blank\" rel=\"noopener\">El Ministerio de Salud inform\u00f3 la positividad de COVID-19 m\u00e1s alta en casi 4 meses. Se refiere Erika Retamal, directora de Salud P\u00fablica de la UTalca.<\/a><\/p><p>\u00a0<\/p><p><b>RADIO COOPERATIVA<\/b><\/p><p><a style=\"font-style: inherit; font-weight: inherit; background-color: #ffffff; font-family: -apple-system, BlinkMacSystemFont,;\" href=\"https:\/\/www.litoralpress.cl\/sitio\/RadioTV_Detalles.cshtml?LPKey=CXJT2TA7QVJMVJW6WKLLEXT3XFC7M3H7Z6F55RT3FJVDIXE3UCOA\" target=\"_blank\" rel=\"noopener\">Lo que queda del d\u00eda: El Ministerio de Salud inform\u00f3 la positividad m\u00e1s alta en los \u00faltimos cuatro meses. Se refiere Erika Retamal, directora de Salud P\u00fablica de la UTalca.<\/a><\/p><p>\u00a0<\/p><p><b>RADIO COOPERATIVA<\/b><\/p><p><a style=\"font-style: inherit; font-weight: inherit; background-color: #ffffff; font-family: -apple-system, BlinkMacSystemFont,;\" href=\"https:\/\/www.litoralpress.cl\/sitio\/RadioTV_Detalles.cshtml?LPKey=IIQBQJLFXS7QWOBS7RGQBLY7K7SPD6EYASW4UFQWWMFSCMTCEN6A\" target=\"_blank\" rel=\"noopener\">Sumario por fiesta de Halloween en el Teatro Caupolic\u00e1n. Se refiere Erika Retamal, directora de Salud P\u00fablica de la UTalca.<\/a><\/p><p>\u00a0<\/p><p><b>EL MERCURIO<\/b><\/p><p><a style=\"font-style: inherit; font-weight: inherit; background-color: #ffffff; font-family: -apple-system, BlinkMacSystemFont,;\" href=\"https:\/\/www.litoralpress.cl\/paginaconsultas\/Servicios_NClip\/Get_Imagen_Nota.aspx?LPKey=5CAXTZVSYVTOVEPHBMD6G3K5JAWW7AHY7IZ4GPPYQ2ZBD4I2NAMX3RZ7JNMVOJPR54XRL6KB45WIS\" target=\"_blank\" rel=\"noopener\">Primera Trienal Internacional de Performance busca consolidar el arte de acci\u00f3n en Chile. Se menciona la UTalca.<\/a><\/p><p>\u00a0<\/p><p><b>ENLINEAMAULE.CL<\/b><\/p><p><a style=\"font-style: inherit; font-weight: inherit; background-color: #ffffff; font-family: -apple-system, BlinkMacSystemFont,;\" href=\"https:\/\/enlineamaule.cl\/archivo\/45816\" target=\"_blank\" rel=\"noopener\">Museo interactivo mirador presenta exposici\u00f3n en centro de extensi\u00f3n de la UTalca hasta el 27 de noviembre.<\/a><\/p><p>\u00a0<\/p><p><b>TVMAULE.CL<\/b><\/p><p><a style=\"font-style: inherit; font-weight: inherit; background-color: #ffffff; font-family: -apple-system, BlinkMacSystemFont,;\" href=\"https:\/\/www.tvmaule.cl\/situacion-de-migrantes-y-refugiados-venezolanos-en-chile-es-abordado-en-estudio\/\" target=\"_blank\" rel=\"noopener\">Situaci\u00f3n de migrantes y refugiados venezolanos en Chile es abordado en estudio. Se refiere Medardo Aguirre, director del Centro Nacional de Estudios Migratorios (CENEM) de la UTalca.<\/a><\/p><p>\u00a0<\/p><p><b>TALCACAPITAL.CL<\/b><\/p><p><a style=\"font-style: inherit; font-weight: inherit; background-color: #ffffff; font-family: -apple-system, BlinkMacSystemFont,;\" href=\"https:\/\/talcacapital.cl\/estudio-aborda-situacion-laboral-de-migrantes-y-refugiados-venezolanos-en-chile\/\" target=\"_blank\" rel=\"noopener\">Estudio aborda situaci\u00f3n laboral de migrantes y refugiados venezolanos en Chile. Se refiere Medardo Aguirre, director del Centro Nacional de Estudios Migratorios (CENEM) de la UTalca.<\/a><\/p><p>\u00a0<\/p><p><b>EL HERALDO<\/b><\/p><p><a style=\"font-style: inherit; font-weight: inherit; background-color: #ffffff; font-family: -apple-system, BlinkMacSystemFont,;\" href=\"https:\/\/www.litoralpress.cl\/paginaconsultas\/Servicios_NClip\/Get_Imagen_Nota.aspx?LPKey=6R677VYTBDFSKJ2JR5GIZSCEUQDP2SCEEWTRDNYHNZO5HUQWC5YM5F7LNY3S4JWEBB4DC5CA4CZRS\" target=\"_blank\" rel=\"noopener\">Universidad de Talca ense\u00f1a ingl\u00e9s de manera l\u00fadica en escuelas de la Regi\u00f3n del Maule.<\/a><\/p><p>\u00a0<\/p><p><b>DIARIOELHERALDO.CL<\/b><\/p><p><a style=\"font-style: inherit; font-weight: inherit; background-color: #ffffff; font-family: -apple-system, BlinkMacSystemFont,;\" href=\"http:\/\/www.diarioelheraldo.cl\/noticia\/universidad-de-talca-ensena-ingles-de-manera-ludica-en-escuelas-de-la-region-del-maule-\" target=\"_blank\" rel=\"noopener\">Universidad de Talca ense\u00f1a ingl\u00e9s de manera l\u00fadica en escuelas de la Regi\u00f3n del Maule.<\/a><\/p><p>\u00a0<\/p><p><b>VLTV.CL<\/b><\/p><p><a style=\"font-style: inherit; font-weight: inherit; background-color: #ffffff; font-family: -apple-system, BlinkMacSystemFont,;\" href=\"https:\/\/vltv.cl\/universidad-de-talca-ensena-ingles-de-manera-ludica-en-escuelas-de-la-region-del-maule\/\" target=\"_blank\" rel=\"noopener\">Universidad de Talca ense\u00f1a ingl\u00e9s de manera l\u00fadica en escuelas de la Regi\u00f3n del Maule.<\/a><\/p><p>\u00a0<\/p><p><b>LINARESENLINEA.CL<\/b><\/p><p><a style=\"font-style: inherit; font-weight: inherit; background-color: #ffffff; font-family: -apple-system, BlinkMacSystemFont,;\" href=\"https:\/\/www.linaresenlinea.cl\/2021\/11\/02\/estudiantes-maulinos-aprenden-ingles-de-manera-ludica\/\" target=\"_blank\" rel=\"noopener\">Estudiantes maulinos aprenden ingl\u00e9s de manera l\u00fadica. Se refiere Paula Bell\u00f3, acad\u00e9mica de la Facultad de Ciencias de la Educaci\u00f3n de la UTalca.<\/a><\/p><p>\u00a0<\/p><p><b>CANAL 30<\/b><\/p><p><a style=\"font-style: inherit; font-weight: inherit; background-color: #ffffff; font-family: -apple-system, BlinkMacSystemFont,;\" href=\"https:\/\/www.litoralpress.cl\/sitio\/RadioTV_Detalles.cshtml?LPKey=XSXCWGYTQU6NHY3GX3RRKUOBL6AYJNKBURT3KX65OARPQ2HMNL4A\" target=\"_blank\" rel=\"noopener\">Se retomaron pr\u00e1cticas observacionales de alumnos de medicina de la UTalca.<\/a><\/p><p>\u00a0<\/p><p><b>DIARIOTALCA.CL<\/b><\/p><p><a style=\"font-style: inherit; font-weight: inherit; background-color: #ffffff; font-family: -apple-system, BlinkMacSystemFont,;\" href=\"https:\/\/diariotalca.cl\/hasta-el-5-de-noviembre-estaran-abiertas-las-inscripciones-para-el-ensayo-de-la-pdt-en-la-utalca\/\" target=\"_blank\" rel=\"noopener\">Hasta el 5 de noviembre estar\u00e1n abiertas las inscripciones para el ensayo de la PDT en la UTalca.<\/a><\/p><p>\u00a0<\/p><p><b>EL LECTOR<\/b><\/p><p><a style=\"font-style: inherit; font-weight: inherit; background-color: #ffffff; font-family: -apple-system, BlinkMacSystemFont,;\" href=\"https:\/\/www.litoralpress.cl\/paginaconsultas\/Servicios_NClip\/Get_Imagen_Nota.aspx?LPKey=O7KUGG6XQ2SSHOGS75JZSBHNQBBIYNEJ7SKDBUIL55YYQCBHSCZ5LV6BTPKQ37GLACKA5F6IUSWII\" target=\"_blank\" rel=\"noopener\">Prueba de Transici\u00f3n Universitaria: UTalca inicia inscripciones para rendir ensayo.<\/a><\/p><p>\u00a0<\/p><p><b>LA TERCERA<\/b><\/p><p><a style=\"font-style: inherit; font-weight: inherit; background-color: #ffffff; font-family: -apple-system, BlinkMacSystemFont,;\" href=\"https:\/\/www.litoralpress.cl\/sitio\/Prensa_PaginaCompleta.cshtml?LPKey=5GVENSZ4BUBW47P3ZQQATCL6LKDU7BQRQEQPQL3AV3G2YGA7AGHA\" target=\"_blank\" rel=\"noopener\">Nuevo defensor nacional asume el cargo y establece la \u201cautonom\u00eda\u201d institucional como una de sus prioridades. Se menciona a la UTalca.<\/a><\/p><p>\u00a0<\/p><p><b>LATERCERA.COM<\/b><\/p><p><a style=\"font-style: inherit; font-weight: inherit; background-color: #ffffff; font-family: -apple-system, BlinkMacSystemFont,;\" href=\"https:\/\/www.latercera.com\/nacional\/noticia\/nuevo-defensor-nacional-asume-en-el-cargo-y-coloca-la-autonomia-institucional-como-una-de-sus-prioridades\/JLQDC7S23VGLTBH2YLZOKGYZ6M\/\" target=\"_blank\" rel=\"noopener\">Nuevo defensor nacional asume en el cargo y coloca la autonom\u00eda institucional como una de sus prioridades. Se menciona a la UTalca.<\/a><\/p><p>\u00a0<\/p><p><b>CANAL TVN<\/b><\/p><p><a style=\"font-style: inherit; font-weight: inherit; background-color: #ffffff; font-family: -apple-system, BlinkMacSystemFont,;\" href=\"https:\/\/www.litoralpress.cl\/sitio\/RadioTV_Detalles.cshtml?LPKey=UMO72RWE5HSFTIJFSNM765Y4UHRBRQ3FDLNEYLB7NEQSJD6XF64Q\" target=\"_blank\" rel=\"noopener\">Boric present\u00f3 programa de gobierno a 20 d\u00edas de las elecciones. Se refiere Mauricio Morales, director del Centro de An\u00e1lisis Pol\u00edtico (CAP) de la UTalca.<\/a><\/p><p>\u00a0<\/p><p><b>CANAL CHILEVISI\u00d3N<\/b><\/p><p><a style=\"font-style: inherit; font-weight: inherit; background-color: #ffffff; font-family: -apple-system, BlinkMacSystemFont,;\" href=\"https:\/\/www.litoralpress.cl\/sitio\/RadioTV_Detalles.cshtml?LPKey=G3YDOI3CQ5DAUN5MLKR2KPH2WVB2U4O3NKPW3BBESZD642ZDTPAQ\" target=\"_blank\" rel=\"noopener\">Analizan las diferencias entre los programas de Gobierno presentado por Jos\u00e9 Antonio Kast y Gabriel Boric. Se refiere Mauricio Morales, director del Centro de An\u00e1lisis Pol\u00edtico (CAP) de la UTalca.<\/a><\/p><p>\u00a0<\/p><p><b>CANAL MEGA<\/b><\/p><p><a style=\"font-style: inherit; font-weight: inherit; background-color: #ffffff; font-family: -apple-system, BlinkMacSystemFont,;\" href=\"https:\/\/www.litoralpress.cl\/sitio\/RadioTV_Detalles.cshtml?LPKey=KUAUATLJKYDFPVPDJQR5AZZXT4OX7RF3M5XVZDBXXWJVTIIBLZSQ\" target=\"_blank\" rel=\"noopener\">Carrera presidencial a 20 d\u00edas de las elecciones. Se refiere Mauricio Morales, director del Centro de An\u00e1lisis Pol\u00edtico (CAP) de la UTalca.<\/a><\/p><p>\u00a0<\/p><p><b>CANAL MEGA<\/b><\/p><p><a style=\"font-style: inherit; font-weight: inherit; background-color: #ffffff; font-family: -apple-system, BlinkMacSystemFont,;\" href=\"https:\/\/www.litoralpress.cl\/sitio\/RadioTV_Detalles.cshtml?LPKey=5V5ARRQBPS7QIHJOEFJA66BSLHKANKPMXLOGCCGWP6JPSVMW6MIQ\" target=\"_blank\" rel=\"noopener\">\u00bfLlegar\u00e1 Franco Parisi al pa\u00eds para participar en las elecciones? Se refiere Mauricio Morales, director del Centro de An\u00e1lisis Pol\u00edtico (CAP) de la UTalca.<\/a><\/p><p>\u00a0<\/p><p><b>CANAL MEGA<\/b><\/p><p><a style=\"font-style: inherit; font-weight: inherit; background-color: #ffffff; font-family: -apple-system, BlinkMacSystemFont,;\" href=\"https:\/\/www.litoralpress.cl\/sitio\/RadioTV_Detalles.cshtml?LPKey=YKMW3AKP5JXNNMNYIBVLCWPNB3V7HSKYAJTSTHXUDXND6RS23HUQ\" target=\"_blank\" rel=\"noopener\">Entrevista a Mauricio Morales, director del Centro de An\u00e1lisis Pol\u00edtico (CAP) de la UTalca.<\/a><\/p><p>\u00a0<\/p><p><b>RADIO COOPERATIVA<\/b><\/p><p><a style=\"font-style: inherit; font-weight: inherit; background-color: #ffffff; font-family: -apple-system, BlinkMacSystemFont,;\" href=\"https:\/\/www.litoralpress.cl\/sitio\/RadioTV_Detalles.cshtml?LPKey=HMT4XJSUHBKRSHKNUGRB2H4BE5HS2SW47TXMMGGA2CZLSQLMZ2QQ\" target=\"_blank\" rel=\"noopener\">Los problemas que enfrent\u00f3 Gabriel Boric ante la presentaci\u00f3n de su programa. Menci\u00f3n a Mauricio Morales, director del Centro de An\u00e1lisis Pol\u00edtico (CAP) de la UTalca.<\/a><\/p><p>\u00a0<\/p><p><b>PUBLIMETRO<\/b><\/p><p><a style=\"font-style: inherit; font-weight: inherit; background-color: #ffffff; font-family: -apple-system, BlinkMacSystemFont,;\" href=\"https:\/\/www.litoralpress.cl\/paginaconsultas\/Servicios_NClip\/Get_Imagen_Nota.aspx?LPKey=UBM4VUB6S5UU3II3BEUJ7TLMG5Y4NAREENQUH6QNKSVIBA73DZ3IHWCKXSPGP3STZJKLYVCX3L3SI\" target=\"_blank\" rel=\"noopener\">Candidatos se juegan sus cartas en la recta final de las campa\u00f1as. Candidatos se juegan sus cartas en la recta final de las campa\u00f1as.<\/a><\/p><p>\u00a0<\/p><p><b>EL MERCURIO DE VALPARA\u00cdSO<\/b><\/p><p><a style=\"font-style: inherit; font-weight: inherit; background-color: #ffffff; font-family: -apple-system, BlinkMacSystemFont,;\" href=\"https:\/\/www.litoralpress.cl\/paginaconsultas\/Servicios_NClip\/Get_Imagen_Nota.aspx?LPKey=EMIEH4ZU7M6AYQ2AFSOKAJWZM7WGY57DQO24J32F64KVOZZYVX7XGYVS4IEJECGUKR7XBOVSIYF5E\" target=\"_blank\" rel=\"noopener\">Editorial: Convencionales en campa\u00f1as pol\u00edticas. Se menciona opini\u00f3n de Mauricio Morales, director del Centro de An\u00e1lisis Pol\u00edtico (CAP) de la UTalca.<\/a><\/p><p>\u00a0<\/p><p><b>EX\u2013ANTE.CL<\/b><\/p><p><a style=\"font-style: inherit; font-weight: inherit; background-color: #ffffff; font-family: -apple-system, BlinkMacSystemFont,;\" href=\"https:\/\/www.ex-ante.cl\/cual-es-el-perfil-de-los-votantes-de-franco-parisi-segun-estudios-y-especialistas\/\" target=\"_blank\" rel=\"noopener\">Cu\u00e1l es el perfil de los votantes de Franco Parisi, seg\u00fan estudios y especialistas. Se refiere Mauricio Morales, director del Centro de An\u00e1lisis Pol\u00edtico (CAP) de la UTalca.<\/a><\/p><p>\u00a0<\/p><p><b>ELPINGUINO.COM<\/b><\/p><p><a style=\"font-style: inherit; font-weight: inherit; background-color: #ffffff; font-family: -apple-system, BlinkMacSystemFont,;\" href=\"https:\/\/elpinguino.com\/noticia\/2021\/11\/02\/el-largo-historial-de-rencillas-entre-carolina-goic-y-yasna-provoste\" target=\"_blank\" rel=\"noopener\">El largo historial de rencillas entre Carolina Goic y Yasna Provoste. Se refiere Mauricio Morales, director del Centro de An\u00e1lisis Pol\u00edtico (CAP) de la UTalca.<\/a><\/p><p>\u00a0<\/p><p><b>DIARIO TALCA<\/b><\/p><p><a style=\"font-style: inherit; font-weight: inherit; background-color: #ffffff; font-family: -apple-system, BlinkMacSystemFont,;\" href=\"https:\/\/www.litoralpress.cl\/sitio\/Prensa_PaginaCompleta.cshtml?LPKey=BDDVR7DTLUPL4Y2RW6OE5A3SXDJ7P7TF7DAA27TZREFLB4EZD5VA\" target=\"_blank\" rel=\"noopener\">Efem\u00e9rides\/CDP UTalca. Remembranzas y olvidanzas de la maulina con los pies en la tierra.<\/a><\/p>\t\t\t\t\t\t<\/div>\n\t\t\t\t<\/div>\n\t\t\t\t\t<\/div>\n\t\t<\/div>\n\t\t\t\t\t\t\t<\/div>\n\t\t<\/section>\n\t\t\t\t\t\t<\/div>\n\t\t\t\t\t<\/div>\n\t\t","protected":false},"excerpt":{"rendered":"<p>CANAL CONTIVISI\u00d3N La Universidad de Talca contin\u00faa celebrando sus 40 a\u00f1os de vida. \u00a0 DIARIO TALCA UTalca conmemor\u00f3 40 a\u00f1os con Clase Magistral de Jos\u00e9 Maza. \u00a0 CANAL TV5 Universidad de Talca rinde homenaje a Margot Loyola. \u00a0 CANAL TVR Linares: U. de Talca inaugura mural en tributo a la folclorista chilena Margot Loyola. \u00a0 &hellip;<\/p>\n<p class=\"read-more\"> <a class=\"\" href=\"https:\/\/www.reportedeprensa.utalca.cl\/?p=2283\"> <span class=\"screen-reader-text\">03 de noviembre de 2021<\/span> Read More &raquo;<\/a><\/p>\n","protected":false},"author":1,"featured_media":0,"comment_status":"closed","ping_status":"open","sticky":false,"template":"elementor_theme","format":"standard","meta":{"_monsterinsights_skip_tracking":false,"_monsterinsights_sitenote_active":false,"_monsterinsights_sitenote_note":"","_monsterinsights_sitenote_category":0},"categories":[14],"tags":[],"_links":{"self":[{"href":"https:\/\/www.reportedeprensa.utalca.cl\/index.php?rest_route=\/wp\/v2\/posts\/2283"}],"collection":[{"href":"https:\/\/www.reportedeprensa.utalca.cl\/index.php?rest_route=\/wp\/v2\/posts"}],"about":[{"href":"https:\/\/www.reportedeprensa.utalca.cl\/index.php?rest_route=\/wp\/v2\/types\/post"}],"author":[{"embeddable":true,"href":"https:\/\/www.reportedeprensa.utalca.cl\/index.php?rest_route=\/wp\/v2\/users\/1"}],"replies":[{"embeddable":true,"href":"https:\/\/www.reportedeprensa.utalca.cl\/index.php?rest_route=%2Fwp%2Fv2%2Fcomments&post=2283"}],"version-history":[{"count":7,"href":"https:\/\/www.reportedeprensa.utalca.cl\/index.php?rest_route=\/wp\/v2\/posts\/2283\/revisions"}],"predecessor-version":[{"id":2296,"href":"https:\/\/www.reportedeprensa.utalca.cl\/index.php?rest_route=\/wp\/v2\/posts\/2283\/revisions\/2296"}],"wp:attachment":[{"href":"https:\/\/www.reportedeprensa.utalca.cl\/index.php?rest_route=%2Fwp%2Fv2%2Fmedia&parent=2283"}],"wp:term":[{"taxonomy":"category","embeddable":true,"href":"https:\/\/www.reportedeprensa.utalca.cl\/index.php?rest_route=%2Fwp%2Fv2%2Fcategories&post=2283"},{"taxonomy":"post_tag","embeddable":true,"href":"https:\/\/www.reportedeprensa.utalca.cl\/index.php?rest_route=%2Fwp%2Fv2%2Ftags&post=2283"}],"curies":[{"name":"wp","href":"https:\/\/api.w.org\/{rel}","templated":true}]}}