{"id":2303,"date":"2021-11-04T08:39:39","date_gmt":"2021-11-04T11:39:39","guid":{"rendered":"https:\/\/www.reportedeprensa.utalca.cl\/?p=2303"},"modified":"2021-11-04T09:05:42","modified_gmt":"2021-11-04T12:05:42","slug":"04-de-noviembre-de-2021","status":"publish","type":"post","link":"https:\/\/www.reportedeprensa.utalca.cl\/?p=2303","title":{"rendered":"04 de noviembre de 2021"},"content":{"rendered":"\t\t<div data-elementor-type=\"wp-post\" data-elementor-id=\"2303\" class=\"elementor elementor-2303\" data-elementor-settings=\"[]\">\n\t\t\t\t\t\t\t<div class=\"elementor-section-wrap\">\n\t\t\t\t\t\t\t<section class=\"elementor-section elementor-top-section elementor-element elementor-element-a06ca45 elementor-section-boxed elementor-section-height-default elementor-section-height-default\" data-id=\"a06ca45\" data-element_type=\"section\">\n\t\t\t\t\t\t<div class=\"elementor-container elementor-column-gap-default\">\n\t\t\t\t\t<div class=\"elementor-column elementor-col-100 elementor-top-column elementor-element elementor-element-1486c35\" data-id=\"1486c35\" data-element_type=\"column\">\n\t\t\t<div class=\"elementor-widget-wrap elementor-element-populated\">\n\t\t\t\t\t\t\t\t<div class=\"elementor-element elementor-element-42b145e elementor-widget elementor-widget-text-editor\" data-id=\"42b145e\" data-element_type=\"widget\" data-widget_type=\"text-editor.default\">\n\t\t\t\t<div class=\"elementor-widget-container\">\n\t\t\t\t\t\t\t\t<p><b>ADPRENSA.CL<\/b><\/p><p><a style=\"font-style: inherit; font-weight: inherit; background-color: #ffffff; font-family: -apple-system, BlinkMacSystemFont,;\" href=\"https:\/\/www.adprensa.cl\/cronica\/utalca-te-invita-a-conocer-muestra-del-museo-interactivo-mirador-mim\/\" target=\"_blank\" rel=\"noopener\">UTalca te invita a conocer muestra del Museo Interactivo Mirador (MIM).<\/a><\/p><p>\u00a0<\/p><p><b>PRESSLATAM.CL<\/b><\/p><p><a style=\"font-style: inherit; font-weight: inherit; background-color: #ffffff; font-family: -apple-system, BlinkMacSystemFont,;\" href=\"https:\/\/presslatam.cl\/2021\/11\/mim-inauguro-en-talca-muestra-interactiva-que-promete-un-viaje-por-los-sentidos\/\" target=\"_blank\" rel=\"noopener\">MIM inaugur\u00f3 en Talca muestra interactiva que promete un viaje por los sentidos. Se refiere \u00c1lvaro Rojas, rector de la UTalca y Marcela Albornoz, directora de Extensi\u00f3n Cultural-Art\u00edstica.<\/a><\/p><p>\u00a0<\/p><p><b>VLTV.CL<\/b><\/p><p><a style=\"font-style: inherit; font-weight: inherit; background-color: #ffffff; font-family: -apple-system, BlinkMacSystemFont,;\" href=\"https:\/\/vltv.cl\/museo-interactivo-mirador-expondra-en-el-centro-de-extension-de-la-u-talca\/\" target=\"_blank\" rel=\"noopener\">Museo Interactivo Mirador expondr\u00e1 en el Centro de Extensi\u00f3n de la U de Talca.<\/a><\/p><p>\u00a0<\/p><p><b>LINARESENLINEA.CL<\/b><\/p><p><a style=\"font-style: inherit; font-weight: inherit; background-color: #ffffff; font-family: -apple-system, BlinkMacSystemFont,;\" href=\"https:\/\/www.linaresenlinea.cl\/2021\/11\/03\/museo-interactivo-mirador-llego-al-maule\/\" target=\"_blank\" rel=\"noopener\">Museo Interactivo Mirador lleg\u00f3 al Maule. Se refiere \u00c1lvaro Rojas, rector de la UTalca y Marcela Albornoz, directora de Extensi\u00f3n Cultural-Art\u00edstica.<\/a><\/p><p>\u00a0<\/p><p><b>CANAL ANTOFAGASTA TELEVISI\u00d3N<\/b><\/p><p><a style=\"font-style: inherit; font-weight: inherit; background-color: #ffffff; font-family: -apple-system, BlinkMacSystemFont,;\" href=\"https:\/\/www.litoralpress.cl\/sitio\/RadioTV_Detalles.cshtml?LPKey=DB7SWCJS5NU2Y4PCOPFOBSSJ4FE4Q3ZVNGRYFZFYGI4VNG5QFS7Q\" target=\"_blank\" rel=\"noopener\">Exposici\u00f3n del MIM en la U de Talca.<\/a><\/p><p>\u00a0<\/p><p><b>ADPRENSA.CL<\/b><\/p><p><a style=\"font-style: inherit; font-weight: inherit; background-color: #ffffff; font-family: -apple-system, BlinkMacSystemFont,;\" href=\"https:\/\/www.adprensa.cl\/actividades-academicas\/utalca-feria-tecnologica-fomenta-el-interes-de-los-mas-jovenes-por-las-ciencias\/\" target=\"_blank\" rel=\"noopener\">UTalca: feria tecnol\u00f3gica fomenta el inter\u00e9s de los m\u00e1s j\u00f3venes por las ciencias.<\/a><\/p><p>\u00a0<\/p><p><b>CHILLANONLINE.CL<\/b><\/p><p><a style=\"font-style: inherit; font-weight: inherit; background-color: #ffffff; font-family: -apple-system, BlinkMacSystemFont,;\" href=\"https:\/\/www.chillanonline.cl\/V5\/utalca-feria-tecnologica-fomenta-el-interes-de-los-mas-jovenes-por-las-ciencias\/\" target=\"_blank\" rel=\"noopener\">UTalca: feria tecnol\u00f3gica fomenta el inter\u00e9s de los m\u00e1s j\u00f3venes por las ciencias.<\/a><\/p><p>\u00a0<\/p><p><b>LA DISCUSI\u00d3N<\/b><\/p><p><a style=\"font-style: inherit; font-weight: inherit; background-color: #ffffff; font-family: -apple-system, BlinkMacSystemFont,;\" href=\"https:\/\/www.litoralpress.cl\/paginaconsultas\/Servicios_NClip\/Get_Imagen_Nota.aspx?LPKey=Y5NSAQ24ZZNWSY2HO64CM64R6FXRK2RRVGMMSCMJZYYBKGS4ELBCZA67PXU6JCQR2KQMB2KCVCQLW\" target=\"_blank\" rel=\"noopener\">Editorial: Alimentaci\u00f3n sustentable. Se menciona estudio de la UTalca.<\/a><\/p><p>\u00a0<\/p><p><b>EL INFORMADOR<\/b><\/p><p><a style=\"font-style: inherit; font-weight: inherit; background-color: #ffffff; font-family: -apple-system, BlinkMacSystemFont,;\" href=\"https:\/\/www.litoralpress.cl\/paginaconsultas\/Servicios_NClip\/Get_Imagen_Nota.aspx?LPKey=W3LH7SDCYMOA7IORRLVBCM4KN7PNQ7OGNGHKBXXOUVEPPOTRWFDSGNUYVK7DBDQZ47D7IAVM57PUW\" target=\"_blank\" rel=\"noopener\">Defensor Nacional coloca autonom\u00eda institucional como una de sus prioridades. Se menciona a la UTalca.<\/a><\/p><p>\u00a0<\/p><p><b>PROARAUCANIA.COM<\/b><\/p><p><a style=\"font-style: inherit; font-weight: inherit; background-color: #ffffff; font-family: -apple-system, BlinkMacSystemFont,;\" href=\"http:\/\/www.proaraucania.com\/carlos-mora-jano-asumio-como-defensor-nacional-y-coloca-autonomia-institucional-como-prioridad\/\" target=\"_blank\" rel=\"noopener\">Carlos Mora Jano asumi\u00f3 como Defensor Nacional y coloca autonom\u00eda institucional como prioridad. Se menciona a la UTalca.<\/a><\/p><p>\u00a0<\/p><p><b>CHA\u00d1ARCILLO.CL<\/b><\/p><p><a style=\"font-style: inherit; font-weight: inherit; background-color: #ffffff; font-family: -apple-system, BlinkMacSystemFont,;\" href=\"https:\/\/www.chanarcillo.cl\/nuevo-defensor-nacional-se-reunio-con-ministro-y-subsecretario-de-justicia\/\" target=\"_blank\" rel=\"noopener\">Nuevo Defensor Nacional se reuni\u00f3 con ministro y subsecretario de Justicia. Se menciona a la UTalca.<\/a><\/p><p>\u00a0<\/p><p><b>SIMFRUIT.CL<\/b><\/p><p><a style=\"font-style: inherit; font-weight: inherit; background-color: #ffffff; font-family: -apple-system, BlinkMacSystemFont,;\" href=\"https:\/\/www.simfruit.cl\/ciclos-de-dialogos-sobre-el-agua-de-asoex-invertir-es-la-unica-respuesta-para-avanzar-en-eficiencia-hidrica-dentro-del-sector-destaco-experto\/\" target=\"_blank\" rel=\"noopener\">Ciclos de Di\u00e1logos sobre el Agua de ASOEX: \u201cInvertir es la \u00fanica respuesta para avanzar en eficiencia h\u00eddrica dentro del sector\u201d, destac\u00f3 experto. Se menciona a Samuel Ortega, director del Centro de Investigaci\u00f3n y Transferencia en Riego y Agroclimatolog\u00eda de la Universidad de Talca.<\/a><\/p><p>\u00a0<\/p><p><b>LA PRENSA<\/b><\/p><p><a style=\"font-style: inherit; font-weight: inherit; background-color: #ffffff; font-family: -apple-system, BlinkMacSystemFont,;\" href=\"https:\/\/www.litoralpress.cl\/paginaconsultas\/Servicios_NClip\/Get_Imagen_Nota.aspx?LPKey=RLHUAEPTMCXUXIUBZMC7GA4GOZL4UPW52BBYW3FTZEQK6SS5NMNTHR3KVPBEYYBBJMSVB4QE66JG2\" target=\"_blank\" rel=\"noopener\">Emprendimiento que busca educar y generar conciencia. Se menciona a la UTalca.<\/a><\/p><p>\u00a0<\/p><p><b>LA SEGUNDA<\/b><\/p><p><a style=\"font-style: inherit; font-weight: inherit; background-color: #ffffff; font-family: -apple-system, BlinkMacSystemFont,;\" href=\"https:\/\/www.litoralpress.cl\/sitio\/Prensa_PaginaCompleta.cshtml?LPKey=ZA4WQQDR6ZO7WM2ZDDSRPT2O6L4UT2FRPNOINE33LFWRMUE3DAEA\" target=\"_blank\" rel=\"noopener\">Congreso 2022: M\u00e1s fragmentado y con menos representantes de Chile Podemos M\u00e1s. Se refiere Mauricio Morales, director del Centro de An\u00e1lisis Pol\u00edtico (CAP) de la UTalca.<\/a><\/p><p>\u00a0<\/p><p><b>EX\u2013ANTE.CL<\/b><\/p><p><a style=\"font-style: inherit; font-weight: inherit; background-color: #ffffff; font-family: -apple-system, BlinkMacSystemFont,;\" href=\"https:\/\/www.ex-ante.cl\/cual-es-el-perfil-de-los-votantes-de-kast-segun-estudios-y-especialistas\/\" target=\"_blank\" rel=\"noopener\">Cu\u00e1l es el perfil de los votantes de Kast, seg\u00fan estudios y especialistas. Se refiere Mauricio Morales, director del Centro de An\u00e1lisis Pol\u00edtico (CAP) de la UTalca.<\/a><\/p><p>\u00a0<\/p><p><b>T13.CL<\/b><\/p><p><a style=\"font-style: inherit; font-weight: inherit; background-color: #ffffff; font-family: -apple-system, BlinkMacSystemFont,;\" href=\"https:\/\/www.t13.cl\/noticia\/elecciones-2021\/ex-ante\/politica\/cual-es-perfil-votantes-kast-segun-estudios-y-especialistas\" target=\"_blank\" rel=\"noopener\">Cu\u00e1l es el perfil de los votantes de Kast, seg\u00fan estudios y especialistas. Se refiere Mauricio Morales, director del Centro de An\u00e1lisis Pol\u00edtico (CAP) de la UTalca.<\/a><\/p><p>\u00a0<\/p><p><b>REDMAULE.COM<\/b><\/p><p><a style=\"font-style: inherit; font-weight: inherit; background-color: #ffffff; font-family: -apple-system, BlinkMacSystemFont,;\" href=\"https:\/\/www.redmaule.com\/regional\/quienes-son-los-candidatos-a-diputados-y-diputadas-por-la-region-del\" target=\"_blank\" rel=\"noopener\">\u00bfQui\u00e9nes son los candidatos a diputados y diputadas por la regi\u00f3n del Maule? Se refiere Mario Herrera, acad\u00e9mico del Centro de An\u00e1lisis Pol\u00edtico (CAP) de la UTalca.<\/a><\/p><p>\u00a0<\/p><p><b>TVMAULE.CL<\/b><\/p><p><a style=\"font-style: inherit; font-weight: inherit; background-color: #ffffff; font-family: -apple-system, BlinkMacSystemFont,;\" href=\"https:\/\/www.tvmaule.cl\/fotofestival-valija-de-luz-vuelve-a-la-region-de-manera-presencial\/\" target=\"_blank\" rel=\"noopener\">Fotofestival \u201cValija de Luz\u201d vuelve a la regi\u00f3n de manera presencial. Se menciona Centro de Extensi\u00f3n de la UTalca.<\/a><\/p><p>\u00a0<\/p><p><b>TALCACAPITAL.CL<\/b><\/p><p><a style=\"font-style: inherit; font-weight: inherit; background-color: #ffffff; font-family: -apple-system, BlinkMacSystemFont,;\" href=\"https:\/\/talcacapital.cl\/valija-de-luz-el-festival-de-la-fotografia-descentralizada-en-el-maule-comienza-este-jueves\/\" target=\"_blank\" rel=\"noopener\">\u201cValija de Luz, el Festival de la Fotograf\u00eda Descentralizada en el Maule\u201d comienza este jueves. Se menciona Centro de Extensi\u00f3n de la UTalca.<\/a><\/p>\t\t\t\t\t\t<\/div>\n\t\t\t\t<\/div>\n\t\t\t\t\t<\/div>\n\t\t<\/div>\n\t\t\t\t\t\t\t<\/div>\n\t\t<\/section>\n\t\t\t\t\t\t<\/div>\n\t\t\t\t\t<\/div>\n\t\t","protected":false},"excerpt":{"rendered":"<p>ADPRENSA.CL UTalca te invita a conocer muestra del Museo Interactivo Mirador (MIM). \u00a0 PRESSLATAM.CL MIM inaugur\u00f3 en Talca muestra interactiva que promete un viaje por los sentidos. Se refiere \u00c1lvaro Rojas, rector de la UTalca y Marcela Albornoz, directora de Extensi\u00f3n Cultural-Art\u00edstica. \u00a0 VLTV.CL Museo Interactivo Mirador expondr\u00e1 en el Centro de Extensi\u00f3n de la &hellip;<\/p>\n<p class=\"read-more\"> <a class=\"\" href=\"https:\/\/www.reportedeprensa.utalca.cl\/?p=2303\"> <span class=\"screen-reader-text\">04 de noviembre de 2021<\/span> Read More &raquo;<\/a><\/p>\n","protected":false},"author":1,"featured_media":0,"comment_status":"closed","ping_status":"open","sticky":false,"template":"elementor_theme","format":"standard","meta":{"_monsterinsights_skip_tracking":false,"_monsterinsights_sitenote_active":false,"_monsterinsights_sitenote_note":"","_monsterinsights_sitenote_category":0},"categories":[14],"tags":[],"_links":{"self":[{"href":"https:\/\/www.reportedeprensa.utalca.cl\/index.php?rest_route=\/wp\/v2\/posts\/2303"}],"collection":[{"href":"https:\/\/www.reportedeprensa.utalca.cl\/index.php?rest_route=\/wp\/v2\/posts"}],"about":[{"href":"https:\/\/www.reportedeprensa.utalca.cl\/index.php?rest_route=\/wp\/v2\/types\/post"}],"author":[{"embeddable":true,"href":"https:\/\/www.reportedeprensa.utalca.cl\/index.php?rest_route=\/wp\/v2\/users\/1"}],"replies":[{"embeddable":true,"href":"https:\/\/www.reportedeprensa.utalca.cl\/index.php?rest_route=%2Fwp%2Fv2%2Fcomments&post=2303"}],"version-history":[{"count":4,"href":"https:\/\/www.reportedeprensa.utalca.cl\/index.php?rest_route=\/wp\/v2\/posts\/2303\/revisions"}],"predecessor-version":[{"id":2307,"href":"https:\/\/www.reportedeprensa.utalca.cl\/index.php?rest_route=\/wp\/v2\/posts\/2303\/revisions\/2307"}],"wp:attachment":[{"href":"https:\/\/www.reportedeprensa.utalca.cl\/index.php?rest_route=%2Fwp%2Fv2%2Fmedia&parent=2303"}],"wp:term":[{"taxonomy":"category","embeddable":true,"href":"https:\/\/www.reportedeprensa.utalca.cl\/index.php?rest_route=%2Fwp%2Fv2%2Fcategories&post=2303"},{"taxonomy":"post_tag","embeddable":true,"href":"https:\/\/www.reportedeprensa.utalca.cl\/index.php?rest_route=%2Fwp%2Fv2%2Ftags&post=2303"}],"curies":[{"name":"wp","href":"https:\/\/api.w.org\/{rel}","templated":true}]}}