{"id":2314,"date":"2021-11-05T08:54:28","date_gmt":"2021-11-05T11:54:28","guid":{"rendered":"https:\/\/www.reportedeprensa.utalca.cl\/?p=2314"},"modified":"2021-11-05T09:05:14","modified_gmt":"2021-11-05T12:05:14","slug":"05-de-noviembre-de-2021","status":"publish","type":"post","link":"https:\/\/www.reportedeprensa.utalca.cl\/?p=2314","title":{"rendered":"05 de noviembre de 2021"},"content":{"rendered":"\t\t<div data-elementor-type=\"wp-post\" data-elementor-id=\"2314\" class=\"elementor elementor-2314\" data-elementor-settings=\"[]\">\n\t\t\t\t\t\t\t<div class=\"elementor-section-wrap\">\n\t\t\t\t\t\t\t<section class=\"elementor-section elementor-top-section elementor-element elementor-element-a06ca45 elementor-section-boxed elementor-section-height-default elementor-section-height-default\" data-id=\"a06ca45\" data-element_type=\"section\">\n\t\t\t\t\t\t<div class=\"elementor-container elementor-column-gap-default\">\n\t\t\t\t\t<div class=\"elementor-column elementor-col-100 elementor-top-column elementor-element elementor-element-1486c35\" data-id=\"1486c35\" data-element_type=\"column\">\n\t\t\t<div class=\"elementor-widget-wrap elementor-element-populated\">\n\t\t\t\t\t\t\t\t<div class=\"elementor-element elementor-element-42b145e elementor-widget elementor-widget-text-editor\" data-id=\"42b145e\" data-element_type=\"widget\" data-widget_type=\"text-editor.default\">\n\t\t\t\t<div class=\"elementor-widget-container\">\n\t\t\t\t\t\t\t\t<p><b>CANAL TVN RED MAULE<\/b><\/p><p><a style=\"font-style: inherit; font-weight: inherit; background-color: #ffffff; font-family: -apple-system, BlinkMacSystemFont,;\" href=\"https:\/\/www.litoralpress.cl\/sitio\/RadioTV_Detalles.cshtml?LPKey=24RHAWNFDRBENYYY6OOGCUENMVM56OMWYKX4JMZRTDQPVRKU4Q4A\" target=\"_blank\" rel=\"noopener\">El Museo Interactivo Mirador presenta una muestra en Talca. Se menciona Centro de Extensi\u00f3n de la UTalca.<\/a><\/p><p>\u00a0<\/p><p><b>MAULEHOY.CL<\/b><\/p><p><a style=\"font-style: inherit; font-weight: inherit; background-color: #ffffff; font-family: -apple-system, BlinkMacSystemFont,;\" href=\"https:\/\/maulehoy.cl\/2021\/11\/04\/museo-interactivo-mirador-mim-llega-a-la-capital-maulina-con-exhibicion-gratuita\/\" target=\"_blank\" rel=\"noopener\">Museo Interactivo Mirador (MIM) llega a la capital maulina con exhibici\u00f3n gratuita. Se menciona a \u00c1lvaro Rojas, rector de la UTalca, y se refiere Marcela Albornoz, directora de Extensi\u00f3n Cultural-Art\u00edstica.<\/a><\/p><p>\u00a0<\/p><p><b>CANAL CONTIVISI\u00d3N<\/b><\/p><p><a style=\"font-style: inherit; font-weight: inherit; background-color: #ffffff; font-family: -apple-system, BlinkMacSystemFont,;\" href=\"https:\/\/www.litoralpress.cl\/sitio\/RadioTV_Detalles.cshtml?LPKey=2MIVMJVJM6WWS7Q2QX46VILV2TBZJX2ALLVO7I5G72OMRQ3CI3MA\" target=\"_blank\" rel=\"noopener\">El MIM permanecer\u00e1 hasta el \u00faltimo s\u00e1bado de este mes en exhibici\u00f3n en la Universidad de Talca.<\/a><\/p><p>\u00a0<\/p><p><b>PORTALEDUCACION.CL<\/b><\/p><p><a style=\"font-style: inherit; font-weight: inherit; background-color: #ffffff; font-family: -apple-system, BlinkMacSystemFont,;\" href=\"https:\/\/portaleducacion.cl\/index.php\/2021\/11\/04\/feria-tecnologica-realidad-virtual-y-bioinformatica-fomenta-el-interes-de-los-jovenes-por-la-ciencia\/\" target=\"_blank\" rel=\"noopener\">Feria Tecnol\u00f3gica \u201cRealidad Virtual y Bioinform\u00e1tica\u00bb fomenta el inter\u00e9s de los j\u00f3venes por la ciencia. Se refiere Javier Mu\u00f1oz y Felipe Besoa\u00edn, decano y acad\u00e9mico de la Facultad de Ingenier\u00eda de la UTalca, respectivamente.<\/a><\/p><p>\u00a0<\/p><p><b>DIARIOTALCA.CL<\/b><\/p><p><a style=\"font-style: inherit; font-weight: inherit; background-color: #ffffff; font-family: -apple-system, BlinkMacSystemFont,;\" href=\"https:\/\/diariotalca.cl\/jovenes-disfrutan-y-aprenden-de-ciencias-con-feria-tecnologica-de-la-utalca\/\" target=\"_blank\" rel=\"noopener\">J\u00f3venes disfrutan y aprenden de ciencias con feria tecnol\u00f3gica de la UTalca.<\/a><\/p><p>\u00a0<\/p><p><b>ELMAULEINFORMA.CL<\/b><\/p><p><a style=\"font-style: inherit; font-weight: inherit; background-color: #ffffff; font-family: -apple-system, BlinkMacSystemFont,;\" href=\"https:\/\/elmauleinforma.cl\/utalca-realiza-feria-tecnologica-para-fomentar-interes-de-los-mas-jovenes-por-las-ciencias\/\" target=\"_blank\" rel=\"noopener\">UTalca realiza feria tecnol\u00f3gica para fomentar inter\u00e9s de los m\u00e1s j\u00f3venes por las ciencias.<\/a><\/p><p>\u00a0<\/p><p><b>REDMAULE.COM<\/b><\/p><p><a style=\"font-style: inherit; font-weight: inherit; background-color: #ffffff; font-family: -apple-system, BlinkMacSystemFont,;\" href=\"https:\/\/www.redmaule.com\/regional\/realidad-virtual-y-bioinformatica-feria-tecnologica-abierta-al\" target=\"_blank\" rel=\"noopener\">\u201cRealidad virtual y Bioinform\u00e1tica\u201d: Feria tecnol\u00f3gica abierta al p\u00fablico se realiza en Talca y Curic\u00f3.<\/a><\/p><p>\u00a0<\/p><p><b>ENLINEAMAULE.CL<\/b><\/p><p><a style=\"font-style: inherit; font-weight: inherit; background-color: #ffffff; font-family: -apple-system, BlinkMacSystemFont,;\" href=\"https:\/\/enlineamaule.cl\/archivo\/45863\" target=\"_blank\" rel=\"noopener\">En Talca y Curic\u00f3 se desarrollar\u00e1 feria de tecnolog\u00eda de la UTalca orientada a ni\u00f1os y j\u00f3venes.<\/a><\/p><p>\u00a0<\/p><p><b>PORTALEDUCACION.CL<\/b><\/p><p><a style=\"font-style: inherit; font-weight: inherit; background-color: #ffffff; font-family: -apple-system, BlinkMacSystemFont,;\" href=\"https:\/\/portaleducacion.cl\/index.php\/2021\/11\/03\/estudiantes-de-pedagogia-ensenan-ingles-de-manera-ludica-en-escuelas-de-la-region-del-maule\/\" target=\"_blank\" rel=\"noopener\">Estudiantes de Pedagog\u00eda ense\u00f1an ingl\u00e9s de manera l\u00fadica en escuelas de la regi\u00f3n del Maule. Se refiere Paula Bell\u00f3, acad\u00e9mica de la Facultad de Ciencias de la Educaci\u00f3n de la UTalca.<\/a><\/p><p>\u00a0<\/p><p><b>RADIO AMIGA<\/b><\/p><p><a style=\"font-style: inherit; font-weight: inherit; background-color: #ffffff; font-family: -apple-system, BlinkMacSystemFont,;\" href=\"https:\/\/www.litoralpress.cl\/sitio\/RadioTV_Detalles.cshtml?LPKey=SH4FQGP6KGNMRJ2DADPAR2XESNHASNVRA3OMBOYL2WSN6ZC2KQUQ\" target=\"_blank\" rel=\"noopener\">R\u00e1pido avance de la variante Delta en Chile. Se menciona la UTalca.<\/a><\/p><p>\u00a0<\/p><p><b>EMOL.COM<\/b><\/p><p><a style=\"font-style: inherit; font-weight: inherit; background-color: #ffffff; font-family: -apple-system, BlinkMacSystemFont,;\" href=\"https:\/\/www.emol.com\/noticias\/Nacional\/2021\/11\/05\/1037407\/candidatos-distritos-10-11-rm.html\" target=\"_blank\" rel=\"noopener\">La dura batalla electoral para llegar a la C\u00e1mara en tres de los distritos clave de la Regi\u00f3n Metropolitana. Se refiere Mario Herrera, acad\u00e9mico del Centro de An\u00e1lisis Pol\u00edtico (CAP) de la UTalca.<\/a><\/p><p>\u00a0<\/p><p><b>RADIO UNIVERSIDAD DE CHILE<\/b><\/p><p><a style=\"font-style: inherit; font-weight: inherit; background-color: #ffffff; font-family: -apple-system, BlinkMacSystemFont,;\" href=\"https:\/\/www.litoralpress.cl\/sitio\/RadioTV_Detalles.cshtml?LPKey=6EPGHZEF6T3IWEGVEJXRT5RR5YQ5UFSBDADJWIYFLEW26LRZHEMQ\" target=\"_blank\" rel=\"noopener\">Caso COVID-19 de Gabriel Boric altera la carrera presidencial y el trabajo en el Congreso. Se refiere Mauricio Morales, director del Centro de An\u00e1lisis Pol\u00edtico (CAP) de la UTalca.<\/a><\/p><p>\u00a0<\/p><p><b>EX\u2013ANTE.CL<\/b><\/p><p><a style=\"font-style: inherit; font-weight: inherit; background-color: #ffffff; font-family: -apple-system, BlinkMacSystemFont,;\" href=\"https:\/\/www.ex-ante.cl\/cual-es-el-perfil-de-los-votantes-de-boric-segun-estudios-y-especialistas\/\" target=\"_blank\" rel=\"noopener\">Cu\u00e1l es el perfil de los votantes de Boric, seg\u00fan estudios y especialistas. Se refiere Mauricio Morales, director del Centro de An\u00e1lisis Pol\u00edtico (CAP) de la UTalca.<\/a><\/p><p>\u00a0<\/p><p><b>CANAL TVN RED MAULE<\/b><\/p><p><a style=\"font-style: inherit; font-weight: inherit; background-color: #ffffff; font-family: -apple-system, BlinkMacSystemFont,;\" href=\"https:\/\/www.litoralpress.cl\/sitio\/RadioTV_Detalles.cshtml?LPKey=H7LWQM6LMN2SDZWHWFUWNVH7P7Q7XVFSHLTNOSKH44CHJ6YZSL6A\" target=\"_blank\" rel=\"noopener\">Ma\u00f1ana se inaugurar\u00e1 la tercera versi\u00f3n del festival de fotograf\u00eda &#8216;Valija de luz&#8217;. Se menciona Centro de Extensi\u00f3n de la UTalca en Curic\u00f3.<\/a><\/p>\t\t\t\t\t\t<\/div>\n\t\t\t\t<\/div>\n\t\t\t\t\t<\/div>\n\t\t<\/div>\n\t\t\t\t\t\t\t<\/div>\n\t\t<\/section>\n\t\t\t\t\t\t<\/div>\n\t\t\t\t\t<\/div>\n\t\t","protected":false},"excerpt":{"rendered":"<p>CANAL TVN RED MAULE El Museo Interactivo Mirador presenta una muestra en Talca. Se menciona Centro de Extensi\u00f3n de la UTalca. \u00a0 MAULEHOY.CL Museo Interactivo Mirador (MIM) llega a la capital maulina con exhibici\u00f3n gratuita. Se menciona a \u00c1lvaro Rojas, rector de la UTalca, y se refiere Marcela Albornoz, directora de Extensi\u00f3n Cultural-Art\u00edstica. \u00a0 CANAL &hellip;<\/p>\n<p class=\"read-more\"> <a class=\"\" href=\"https:\/\/www.reportedeprensa.utalca.cl\/?p=2314\"> <span class=\"screen-reader-text\">05 de noviembre de 2021<\/span> Read More &raquo;<\/a><\/p>\n","protected":false},"author":1,"featured_media":0,"comment_status":"closed","ping_status":"open","sticky":false,"template":"elementor_theme","format":"standard","meta":{"_monsterinsights_skip_tracking":false,"_monsterinsights_sitenote_active":false,"_monsterinsights_sitenote_note":"","_monsterinsights_sitenote_category":0},"categories":[14],"tags":[],"_links":{"self":[{"href":"https:\/\/www.reportedeprensa.utalca.cl\/index.php?rest_route=\/wp\/v2\/posts\/2314"}],"collection":[{"href":"https:\/\/www.reportedeprensa.utalca.cl\/index.php?rest_route=\/wp\/v2\/posts"}],"about":[{"href":"https:\/\/www.reportedeprensa.utalca.cl\/index.php?rest_route=\/wp\/v2\/types\/post"}],"author":[{"embeddable":true,"href":"https:\/\/www.reportedeprensa.utalca.cl\/index.php?rest_route=\/wp\/v2\/users\/1"}],"replies":[{"embeddable":true,"href":"https:\/\/www.reportedeprensa.utalca.cl\/index.php?rest_route=%2Fwp%2Fv2%2Fcomments&post=2314"}],"version-history":[{"count":4,"href":"https:\/\/www.reportedeprensa.utalca.cl\/index.php?rest_route=\/wp\/v2\/posts\/2314\/revisions"}],"predecessor-version":[{"id":2318,"href":"https:\/\/www.reportedeprensa.utalca.cl\/index.php?rest_route=\/wp\/v2\/posts\/2314\/revisions\/2318"}],"wp:attachment":[{"href":"https:\/\/www.reportedeprensa.utalca.cl\/index.php?rest_route=%2Fwp%2Fv2%2Fmedia&parent=2314"}],"wp:term":[{"taxonomy":"category","embeddable":true,"href":"https:\/\/www.reportedeprensa.utalca.cl\/index.php?rest_route=%2Fwp%2Fv2%2Fcategories&post=2314"},{"taxonomy":"post_tag","embeddable":true,"href":"https:\/\/www.reportedeprensa.utalca.cl\/index.php?rest_route=%2Fwp%2Fv2%2Ftags&post=2314"}],"curies":[{"name":"wp","href":"https:\/\/api.w.org\/{rel}","templated":true}]}}