{"id":2325,"date":"2021-11-08T08:40:54","date_gmt":"2021-11-08T11:40:54","guid":{"rendered":"https:\/\/www.reportedeprensa.utalca.cl\/?p=2325"},"modified":"2021-11-09T08:42:03","modified_gmt":"2021-11-09T11:42:03","slug":"08-de-noviembre-2021","status":"publish","type":"post","link":"https:\/\/www.reportedeprensa.utalca.cl\/?p=2325","title":{"rendered":"08 de noviembre de 2021"},"content":{"rendered":"\t\t<div data-elementor-type=\"wp-post\" data-elementor-id=\"2325\" class=\"elementor elementor-2325\" data-elementor-settings=\"[]\">\n\t\t\t\t\t\t\t<div class=\"elementor-section-wrap\">\n\t\t\t\t\t\t\t<section class=\"elementor-section elementor-top-section elementor-element elementor-element-a06ca45 elementor-section-boxed elementor-section-height-default elementor-section-height-default\" data-id=\"a06ca45\" data-element_type=\"section\">\n\t\t\t\t\t\t<div class=\"elementor-container elementor-column-gap-default\">\n\t\t\t\t\t<div class=\"elementor-column elementor-col-100 elementor-top-column elementor-element elementor-element-1486c35\" data-id=\"1486c35\" data-element_type=\"column\">\n\t\t\t<div class=\"elementor-widget-wrap elementor-element-populated\">\n\t\t\t\t\t\t\t\t<div class=\"elementor-element elementor-element-42b145e elementor-widget elementor-widget-text-editor\" data-id=\"42b145e\" data-element_type=\"widget\" data-widget_type=\"text-editor.default\">\n\t\t\t\t<div class=\"elementor-widget-container\">\n\t\t\t\t\t\t\t\t<p><b>CANAL TVN<\/b><\/p><p><a style=\"font-style: inherit; font-weight: inherit; background-color: #ffffff; font-family: -apple-system, BlinkMacSystemFont,;\" href=\"https:\/\/www.litoralpress.cl\/sitio\/RadioTV_Detalles.cshtml?LPKey=5GZQMT5DFWQRVI74L7AKEYQHFPX5KSOCXDCLV66GEMRQDUUIPO3Q\" target=\"_blank\" rel=\"noopener\">Entrevista a Dany Jaimovich, acad\u00e9mico de la Facultad de Econom\u00eda y Negocios (FEN) de la Universidad de Talca.<\/a><\/p><p>\u00a0<\/p><p><b>RADIO COOPERATIVA<\/b><\/p><p><a style=\"font-style: inherit; font-weight: inherit; background-color: #ffffff; font-family: -apple-system, BlinkMacSystemFont,;\" href=\"https:\/\/www.litoralpress.cl\/sitio\/RadioTV_Detalles.cshtml?LPKey=TC7AYYKB6HXMZJ66X7SLUKUGTPIK34L5XWMVOL33SI7N6PZ5XE5Q\" target=\"_blank\" rel=\"noopener\">Entrevista a Erika Retamal, epidemi\u00f3loga, directora del Departamento de Salud P\u00fablica de la UTalca.<\/a><\/p><p>\u00a0<\/p><p><b>RADIO COOPERATIVA<\/b><\/p><p><a style=\"font-style: inherit; font-weight: inherit; background-color: #ffffff; font-family: -apple-system, BlinkMacSystemFont,;\" href=\"https:\/\/www.litoralpress.cl\/sitio\/RadioTV_Detalles.cshtml?LPKey=O37CG7ZJDS4XC2ION5AWT6YCIDUNUAHHNYS2XJJ4OFEC4WOCQXRQ\" target=\"_blank\" rel=\"noopener\">Contagios por Coronavirus se acercan a los 3 mil nuevos casos diarios. Se refiere Erika Retamal, directora de Salud P\u00fablica de la UTalca.<\/a><\/p><p>\u00a0<\/p><p><b>RADIO COOPERATIVA<\/b><\/p><p><a style=\"font-style: inherit; font-weight: inherit; background-color: #ffffff; font-family: -apple-system, BlinkMacSystemFont,;\" href=\"https:\/\/www.litoralpress.cl\/sitio\/RadioTV_Detalles.cshtml?LPKey=Y42S7GK4SWYOWEVKEFMHC3CMWJZSBN4WG6WOAFMCFEDEOPDPITFA\" target=\"_blank\" rel=\"noopener\">Minsal report\u00f3 2.895 casos nuevos y 27 fallecidos por COVID- 19 y expertos apuntan a que Chile vive una tercera ola. Se refiere Erika Retamal, directora de Salud P\u00fablica de la UTalca.<\/a><\/p><p>\u00a0<\/p><p><b>LATERCERA.COM<\/b><\/p><p><a style=\"font-style: inherit; font-weight: inherit; background-color: #ffffff; font-family: -apple-system, BlinkMacSystemFont,;\" href=\"https:\/\/www.latercera.com\/laboratoriodecontenidos\/noticia\/expertos-entregan-consejos-para-disminuir-el-estres-que-implica-elegir-una-carrera\/SK2JJMMKPFB6ZNTL4SGQRIR64M\/\" target=\"_blank\" rel=\"noopener\">Expertos entregan consejos para disminuir el estr\u00e9s que implica elegir una carrera. Se refiere C\u00e9sar Retamal, director de Ciclo de Vida del Estudiante de la UTalca.<\/a><\/p><p>\u00a0<\/p><p><b>RADIO UNIVERSIDAD DE SANTIAGO<\/b><\/p><p><a style=\"font-style: inherit; font-weight: inherit; background-color: #ffffff; font-family: -apple-system, BlinkMacSystemFont,;\" href=\"https:\/\/www.litoralpress.cl\/sitio\/RadioTV_Detalles.cshtml?LPKey=GYGUV3Y23AR5XPLOOBGRXYWJGIXH23O6JOJ7TQUTK67JNYLSX2PA\" target=\"_blank\" rel=\"noopener\">Entrevista a Rodrigo Giacaman, acad\u00e9mico de la escuela de Odontolog\u00eda de la UTalca.<\/a><\/p><p>\u00a0<\/p><p><b>CANAL SANTIAGO TV<\/b><\/p><p><a style=\"font-style: inherit; font-weight: inherit; background-color: #ffffff; font-family: -apple-system, BlinkMacSystemFont,;\" href=\"https:\/\/www.litoralpress.cl\/sitio\/RadioTV_Detalles.cshtml?LPKey=X6LCJ3YIB7LXSXY6BTPEOUOHCS65XJ5A63QF3XP6C5YQRTGLBDOQ\" target=\"_blank\" rel=\"noopener\">Entrevista a Rodrigo Giacaman, acad\u00e9mico de la escuela de Odontolog\u00eda de la UTalca.<\/a><\/p><p>\u00a0<\/p><p><b>EL HERALDO<\/b><\/p><p><a style=\"font-style: inherit; font-weight: inherit; background-color: #ffffff; font-family: -apple-system, BlinkMacSystemFont,;\" href=\"https:\/\/www.litoralpress.cl\/paginaconsultas\/Servicios_NClip\/Get_Imagen_Nota.aspx?LPKey=Z5T6PIZAGKXHKBWCW6ANJ45ICSJ7DTVYMCCA6ISSBDSPPPZTIKIPH5CXFEY5V74JWSDHFSRESBG2A\" target=\"_blank\" rel=\"noopener\">UTalca abre sus puertas a estudiantes de educaci\u00f3n media.<\/a><\/p><p>\u00a0<\/p><p><b>DIARIOELHERALDO.CL<\/b><\/p><p><a style=\"font-style: inherit; font-weight: inherit; background-color: #ffffff; font-family: -apple-system, BlinkMacSystemFont,;\" href=\"http:\/\/www.diarioelheraldo.cl\/noticia\/-utalca-abre-sus-puertas-a-estudiantes-de-educacion-media-\" target=\"_blank\" rel=\"noopener\">UTalca abre sus puertas a estudiantes de educaci\u00f3n media.<\/a><\/p><p>\u00a0<\/p><p><b>REDMAULE.COM<\/b><\/p><p><a style=\"font-style: inherit; font-weight: inherit; background-color: #ffffff; font-family: -apple-system, BlinkMacSystemFont,;\" href=\"https:\/\/www.redmaule.com\/regional\/clinicas-de-la-utalca-retoman-atenciones-presenciales-para-la-comunidad\" target=\"_blank\" rel=\"noopener\">Cl\u00ednicas de la UTalca retoman atenciones presenciales para la comunidad.<\/a><\/p><p>\u00a0<\/p><p><b>CANAL TVN RED MAULE<\/b><\/p><p><a style=\"font-style: inherit; font-weight: inherit; background-color: #ffffff; font-family: -apple-system, BlinkMacSystemFont,;\" href=\"https:\/\/www.litoralpress.cl\/sitio\/RadioTV_Detalles.cshtml?LPKey=OBZTRUOMMDBVMWW3ITST4GB6QYE57ECZFPN36GRQ4KJ2ALVWNJRQ\" target=\"_blank\" rel=\"noopener\">U de Talca se une al banderazo por la diversidad.<\/a><\/p><p>\u00a0<\/p><p><b>LA PRENSA<\/b><\/p><p><a style=\"font-style: inherit; font-weight: inherit; background-color: #ffffff; font-family: -apple-system, BlinkMacSystemFont,;\" href=\"https:\/\/www.litoralpress.cl\/paginaconsultas\/Servicios_NClip\/Get_Imagen_Nota.aspx?LPKey=RUCHNE5HT4OG4JTFTOSUXEEAKPIQPIPVWS23RVQWYUT2FFV2U7MS2T2WD63KNJTSNZIQCYUDDXOVC\" target=\"_blank\" rel=\"noopener\">Universidad de Talca se une a \u201cbanderazo\u201d por la diversidad impulsado por Fundaci\u00f3n Iguales.<\/a><\/p><p>\u00a0<\/p><p><b>EL MERCURIO<\/b><\/p><p><a style=\"font-style: inherit; font-weight: inherit; background-color: #ffffff; font-family: -apple-system, BlinkMacSystemFont,;\" href=\"https:\/\/www.litoralpress.cl\/paginaconsultas\/Servicios_NClip\/Get_Imagen_Nota.aspx?LPKey=PMTBL3QSTBVPDCTCZPFSU7TF6QRFGZGBTCR27IBZRAHUX6ARR6TO723JU3B4SX3GGODVOANAA6AQA\" target=\"_blank\" rel=\"noopener\">\u201cNo he visto que un juez o un fiscal act\u00fae atemorizado por amenazas\u201d. Se menciona a la UTalca.<\/a><\/p><p>\u00a0<\/p><p><b>ELMERCURIO.COM<\/b><\/p><p><a style=\"font-style: inherit; font-weight: inherit; background-color: #ffffff; font-family: -apple-system, BlinkMacSystemFont,;\" href=\"https:\/\/www.litoralpress.cl\/paginaconsultas\/Documentos\/Crear_Achivo_MO_Pdf.aspx?LPKey=Q5VOEEMWCIA3W2EWWLGF2GEHBUVNWRLG42UTURXKFNF4W27OQFOFZ6DQHGRTXTWJFPPOREYS54W22\" target=\"_blank\" rel=\"noopener\">&#8220;Si como fiscal no logr\u00e9 en un a\u00f1o obtener pruebas, \u00bflo lograr\u00e9 el segundo a\u00f1o? Pareciera ser que la respuesta pudiera ser negativa&#8221;. Se menciona a la UTalca.<\/a><\/p><p>\u00a0<\/p><p><b>CANAL ANTOFAGASTA TELEVISI\u00d3N<\/b><\/p><p><a style=\"font-style: inherit; font-weight: inherit; background-color: #ffffff; font-family: -apple-system, BlinkMacSystemFont,;\" href=\"https:\/\/www.litoralpress.cl\/sitio\/RadioTV_Detalles.cshtml?LPKey=HQSH5KD7CKNEYPHAB3X7SUSPAJVNJG6QSIZR5LCEPKDEZA2MLDHA\" target=\"_blank\" rel=\"noopener\">Banco Santander entrega becas de movilidad internacional. Se refiere Mar\u00eda Ignacia Marchant, estudiante psicolog\u00eda de la UTalca.<\/a><\/p><p>\u00a0<\/p><p><b>EL HERALDO<\/b><\/p><p><a style=\"font-style: inherit; font-weight: inherit; background-color: #ffffff; font-family: -apple-system, BlinkMacSystemFont,;\" href=\"https:\/\/www.litoralpress.cl\/paginaconsultas\/Servicios_NClip\/Get_Imagen_Nota.aspx?LPKey=M6ONJAAS7LALDOAT6M5TQBA2ORRPDRAGUAWZ5DN7TEDCUHPQ6RRWN5XQBALKGKANRKUDYMLFZIGDO\" target=\"_blank\" rel=\"noopener\">Estudio busca conocer porcentaje de poblaci\u00f3n inmune al COVID-19 y monitorear la cobertura efectiva de vacunas. Se refiere Loreto N\u00fa\u00f1ez, acad\u00e9mica de Salud P\u00fablica de la UTalca.<\/a><\/p><p>\u00a0<\/p><p><b>G5NOTICIAS.CL<\/b><\/p><p><a style=\"font-style: inherit; font-weight: inherit; background-color: #ffffff; font-family: -apple-system, BlinkMacSystemFont,;\" href=\"https:\/\/g5noticias.cl\/2021\/11\/07\/estudio-busca-conocer-porcentaje-de-poblacion-inmune-al-covid-19-y-monitorear-la-cobertura-efectiva-de-vacunas\/\" target=\"_blank\" rel=\"noopener\">Estudio busca conocer porcentaje de poblaci\u00f3n inmune al COVID-19 y monitorear la cobertura efectiva de vacunas. Se refiere Loreto N\u00fa\u00f1ez, acad\u00e9mica de Salud P\u00fablica de la UTalca.<\/a><\/p><p>\u00a0<\/p><p><b>EL HERALDO<\/b><\/p><p><a style=\"font-style: inherit; font-weight: inherit; background-color: #ffffff; font-family: -apple-system, BlinkMacSystemFont,;\" href=\"https:\/\/www.litoralpress.cl\/paginaconsultas\/Servicios_NClip\/Get_Imagen_Nota.aspx?LPKey=U6T4JRRQHX5MQDJHI5FAF73WZUW4O6QLMYSDURVIRLNKLNP7M3XTBXP3K6SXP6PBGJXHLCZQXW7XY\" target=\"_blank\" rel=\"noopener\">Museo Virtual del Maule encant\u00f3 a habitantes de las provincias de Talca y Linares. Se refiere Felipe Besoa\u00edn, director de Mauletec de la UTalca.<\/a><\/p><p>\u00a0<\/p><p><b>EL HERALDO<\/b><\/p><p><a style=\"font-style: inherit; font-weight: inherit; background-color: #ffffff; font-family: -apple-system, BlinkMacSystemFont,;\" href=\"https:\/\/www.litoralpress.cl\/paginaconsultas\/Servicios_NClip\/Get_Imagen_Nota.aspx?LPKey=PWSYZZPPQTEWRNC6CQOEIGOKXI6UBJSSVXQAAFWX3ZPNUBVACP2BLCG33WXKZCLBAEDPXLH6A2IVE\" target=\"_blank\" rel=\"noopener\">Becarios de Medicina Familiar participaron de conversatorio con el SSM. Se menciona a la UTalca.<\/a><\/p><p>\u00a0<\/p><p><b>MAULEHOY.CL<\/b><\/p><p><a style=\"font-style: inherit; font-weight: inherit; background-color: #ffffff; font-family: -apple-system, BlinkMacSystemFont,;\" href=\"https:\/\/maulehoy.cl\/2021\/11\/07\/becarios-de-medicina-familiar-participaronde-conversatorio-con-el-ssm\/\" target=\"_blank\" rel=\"noopener\">Becarios de Medicina Familiar participaron de conversatorio con el SSM. Se menciona a la UTalca.<\/a><\/p><p>\u00a0<\/p><p><b>CANAL TVN<\/b><\/p><p><a style=\"font-style: inherit; font-weight: inherit; background-color: #ffffff; font-family: -apple-system, BlinkMacSystemFont,;\" href=\"https:\/\/www.litoralpress.cl\/sitio\/RadioTV_Detalles.cshtml?LPKey=2A5LOGUCL67Y2MGAWPIWUEGSPHWEOFLWYODUISRGQA7IUCAHBYJQ\" target=\"_blank\" rel=\"noopener\">A 14 d\u00edas de la elecci\u00f3n presidencial: Parisi no lleg\u00f3 a Chile por PCR &#8220;inconcluso&#8221;. Se refiere Mauricio Morales, director del Centro de An\u00e1lisis Pol\u00edtico (CAP) de la UTalca.<\/a><\/p><p>\u00a0<\/p><p><b>CANAL MEGA<\/b><\/p><p><a style=\"font-style: inherit; font-weight: inherit; background-color: #ffffff; font-family: -apple-system, BlinkMacSystemFont,;\" href=\"https:\/\/www.litoralpress.cl\/sitio\/RadioTV_Detalles.cshtml?LPKey=RH6ZTZLFP35WETIIQBA7D4FMT6ZXTCSUHCTQJZR2KQZIBKXIBUKA\" target=\"_blank\" rel=\"noopener\">Candidatos Sichel, Provoste, Kast y MEO dieron negativo de COVID-19 y podr\u00e1n retomar su campa\u00f1a este martes. Se refiere Mauricio Morales, director del Centro de An\u00e1lisis Pol\u00edtico (CAP) de la UTalca.<\/a><\/p><p>\u00a0<\/p><p><b>CANAL MEGA<\/b><\/p><p><a style=\"font-style: inherit; font-weight: inherit; background-color: #ffffff; font-family: -apple-system, BlinkMacSystemFont,;\" href=\"https:\/\/www.litoralpress.cl\/sitio\/RadioTV_Detalles.cshtml?LPKey=QIN7DXO6TNJ6LQLC5N37RCJJA3MVWVYYG3RVDOYLPOE55L3E6BUQ\" target=\"_blank\" rel=\"noopener\">Jos\u00e9 Antonio Kast lidera intenci\u00f3n de voto de las presidenciales seg\u00fan Cadem. Se refiere Mauricio Morales, director del Centro de An\u00e1lisis Pol\u00edtico (CAP) de la UTalca.<\/a><\/p><p>\u00a0<\/p><p><b>LA TERCERA<\/b><\/p><p><a style=\"font-style: inherit; font-weight: inherit; background-color: #ffffff; font-family: -apple-system, BlinkMacSystemFont,;\" href=\"https:\/\/www.litoralpress.cl\/paginaconsultas\/Servicios_NClip\/Get_Imagen_Nota.aspx?LPKey=PPOPJDPEO342ZHE6KMBJTEAOODKYD3FWCAO2CWEZ7OXEBSAFDHZ5IREM3T3DXTSTF3GFGIEJNASZS\" target=\"_blank\" rel=\"noopener\">Encuestas y pron\u00f3sticos, columna de opini\u00f3n de Mauricio Morales, director del Centro de An\u00e1lisis Pol\u00edtico (CAP) de la UTalca.<\/a><\/p><p>\u00a0<\/p><p><b>EX-ANTE.CL<\/b><\/p><p><a style=\"font-style: inherit; font-weight: inherit; background-color: #ffffff; font-family: -apple-system, BlinkMacSystemFont,;\" href=\"https:\/\/www.ex-ante.cl\/mauricio-morales-analista-temo-que-una-segunda-vuelta-entre-kast-y-boric-se-transforme-en-una-verdadera-carniceria\/\" target=\"_blank\" rel=\"noopener\">Mauricio Morales, analista: \u201cTemo que una segunda vuelta entre Kast y Boric se transforme en una verdadera carnicer\u00eda\u201d.<\/a><\/p><p>\u00a0<\/p><p><b>RADIO AMIGA<\/b><\/p><p><a style=\"font-style: inherit; font-weight: inherit; background-color: #ffffff; font-family: -apple-system, BlinkMacSystemFont,;\" href=\"https:\/\/www.litoralpress.cl\/sitio\/RadioTV_Detalles.cshtml?LPKey=J2QVVXEBC7VEK2AJN4BNQHCGNGGR5NLAMGR3A3IGA7POJG62ADRA\" target=\"_blank\" rel=\"noopener\">Entrevista a Mario Herrera, investigador y acad\u00e9mico del Centro de An\u00e1lisis Pol\u00edtico (CAP) de la UTalca.<\/a><\/p><p>\u00a0<\/p><p><b>RADIO M\u00c1GICA<\/b><\/p><p><a style=\"font-style: inherit; font-weight: inherit; background-color: #ffffff; font-family: -apple-system, BlinkMacSystemFont,;\" href=\"https:\/\/www.litoralpress.cl\/sitio\/RadioTV_Detalles.cshtml?LPKey=JNSNCNRDKI4KRQBYLDNBC7CO3N226UV2P4CYF27MZCAJ6KEJGVTQ\" target=\"_blank\" rel=\"noopener\">Entrevista a Mario Herrera, investigador y acad\u00e9mico del Centro de An\u00e1lisis Pol\u00edtico (CAP) de la UTalca.<\/a><\/p>\t\t\t\t\t\t<\/div>\n\t\t\t\t<\/div>\n\t\t\t\t\t<\/div>\n\t\t<\/div>\n\t\t\t\t\t\t\t<\/div>\n\t\t<\/section>\n\t\t\t\t\t\t<\/div>\n\t\t\t\t\t<\/div>\n\t\t","protected":false},"excerpt":{"rendered":"<p>CANAL TVN Entrevista a Dany Jaimovich, acad\u00e9mico de la Facultad de Econom\u00eda y Negocios (FEN) de la Universidad de Talca. \u00a0 RADIO COOPERATIVA Entrevista a Erika Retamal, epidemi\u00f3loga, directora del Departamento de Salud P\u00fablica de la UTalca. \u00a0 RADIO COOPERATIVA Contagios por Coronavirus se acercan a los 3 mil nuevos casos diarios. Se refiere Erika &hellip;<\/p>\n<p class=\"read-more\"> <a class=\"\" href=\"https:\/\/www.reportedeprensa.utalca.cl\/?p=2325\"> <span class=\"screen-reader-text\">08 de noviembre de 2021<\/span> Read More &raquo;<\/a><\/p>\n","protected":false},"author":1,"featured_media":0,"comment_status":"closed","ping_status":"open","sticky":false,"template":"elementor_theme","format":"standard","meta":{"_monsterinsights_skip_tracking":false,"_monsterinsights_sitenote_active":false,"_monsterinsights_sitenote_note":"","_monsterinsights_sitenote_category":0},"categories":[14],"tags":[],"_links":{"self":[{"href":"https:\/\/www.reportedeprensa.utalca.cl\/index.php?rest_route=\/wp\/v2\/posts\/2325"}],"collection":[{"href":"https:\/\/www.reportedeprensa.utalca.cl\/index.php?rest_route=\/wp\/v2\/posts"}],"about":[{"href":"https:\/\/www.reportedeprensa.utalca.cl\/index.php?rest_route=\/wp\/v2\/types\/post"}],"author":[{"embeddable":true,"href":"https:\/\/www.reportedeprensa.utalca.cl\/index.php?rest_route=\/wp\/v2\/users\/1"}],"replies":[{"embeddable":true,"href":"https:\/\/www.reportedeprensa.utalca.cl\/index.php?rest_route=%2Fwp%2Fv2%2Fcomments&post=2325"}],"version-history":[{"count":5,"href":"https:\/\/www.reportedeprensa.utalca.cl\/index.php?rest_route=\/wp\/v2\/posts\/2325\/revisions"}],"predecessor-version":[{"id":2347,"href":"https:\/\/www.reportedeprensa.utalca.cl\/index.php?rest_route=\/wp\/v2\/posts\/2325\/revisions\/2347"}],"wp:attachment":[{"href":"https:\/\/www.reportedeprensa.utalca.cl\/index.php?rest_route=%2Fwp%2Fv2%2Fmedia&parent=2325"}],"wp:term":[{"taxonomy":"category","embeddable":true,"href":"https:\/\/www.reportedeprensa.utalca.cl\/index.php?rest_route=%2Fwp%2Fv2%2Fcategories&post=2325"},{"taxonomy":"post_tag","embeddable":true,"href":"https:\/\/www.reportedeprensa.utalca.cl\/index.php?rest_route=%2Fwp%2Fv2%2Ftags&post=2325"}],"curies":[{"name":"wp","href":"https:\/\/api.w.org\/{rel}","templated":true}]}}