{"id":2336,"date":"2021-11-09T08:32:33","date_gmt":"2021-11-09T11:32:33","guid":{"rendered":"https:\/\/www.reportedeprensa.utalca.cl\/?p=2336"},"modified":"2021-11-09T08:40:05","modified_gmt":"2021-11-09T11:40:05","slug":"09-de-noviembre-de-2021","status":"publish","type":"post","link":"https:\/\/www.reportedeprensa.utalca.cl\/?p=2336","title":{"rendered":"09 de noviembre de 2021"},"content":{"rendered":"\t\t<div data-elementor-type=\"wp-post\" data-elementor-id=\"2336\" class=\"elementor elementor-2336\" data-elementor-settings=\"[]\">\n\t\t\t\t\t\t\t<div class=\"elementor-section-wrap\">\n\t\t\t\t\t\t\t<section class=\"elementor-section elementor-top-section elementor-element elementor-element-a06ca45 elementor-section-boxed elementor-section-height-default elementor-section-height-default\" data-id=\"a06ca45\" data-element_type=\"section\">\n\t\t\t\t\t\t<div class=\"elementor-container elementor-column-gap-default\">\n\t\t\t\t\t<div class=\"elementor-column elementor-col-100 elementor-top-column elementor-element elementor-element-1486c35\" data-id=\"1486c35\" data-element_type=\"column\">\n\t\t\t<div class=\"elementor-widget-wrap elementor-element-populated\">\n\t\t\t\t\t\t\t\t<div class=\"elementor-element elementor-element-42b145e elementor-widget elementor-widget-text-editor\" data-id=\"42b145e\" data-element_type=\"widget\" data-widget_type=\"text-editor.default\">\n\t\t\t\t<div class=\"elementor-widget-container\">\n\t\t\t\t\t\t\t\t<p><b>RADIO COOPERATIVA<\/b><\/p><p><a style=\"font-style: inherit; font-weight: inherit; background-color: #ffffff; font-family: -apple-system, BlinkMacSystemFont,;\" href=\"https:\/\/www.litoralpress.cl\/sitio\/RadioTV_Detalles.cshtml?LPKey=USTQBE6ZRFN6WDMANH3CWYPHBETSFUNRBJK6XBRPEC6ARZN6WH3A\" target=\"_blank\" rel=\"noopener\">Los contagios COVID siguen al alza en Chile. Se refiere Marcelo Alarc\u00f3n, acad\u00e9mico del Departamento de Bioqu\u00edmica Cl\u00ednica e Inmunohematolog\u00eda de la UTalca.<\/a><\/p><p>\u00a0<\/p><p><b>ELMOSTRADOR.CL<\/b><\/p><p><a style=\"font-style: inherit; font-weight: inherit; background-color: #ffffff; font-family: -apple-system, BlinkMacSystemFont,;\" href=\"https:\/\/www.elmostrador.cl\/destacado\/2021\/11\/08\/ipc-en-las-nubes-alta-inflacion-de-octubre-pone-presion-a-la-carrera-presidencial-y-a-la-votacion-del-cuarto-retiro\/\" target=\"_blank\" rel=\"noopener\">IPC en las nubes: alta inflaci\u00f3n de octubre pone presi\u00f3n a la carrera presidencial y a la votaci\u00f3n del cuarto retiro. Se refiere Paulo Cox, acad\u00e9mico de la Facultad de Econom\u00eda y Negocios (FEN) de la UTalca.<\/a><\/p><p>\u00a0<\/p><p><b>LAS \u00daLTIMAS NOTICIAS<\/b><\/p><p><a style=\"font-style: inherit; font-weight: inherit; background-color: #ffffff; font-family: -apple-system, BlinkMacSystemFont,;\" href=\"https:\/\/www.litoralpress.cl\/paginaconsultas\/Servicios_NClip\/Get_Imagen_Nota.aspx?LPKey=MJMEVVWCP4HDJEZBGEZFRPC67EHCPRY6RDOQC3X7Y5OMZTJI3QRB5UDYEAPQ6EZ74EUGE7E4TH6ZW\" target=\"_blank\" rel=\"noopener\">Meme cans\u00e9 de hablar: especialistas en voz analizan el megadiscurso de Jaime Naranjo. Se refiere Claudia Montoya, acad\u00e9mica de la Escuela de Fonoaudiolog\u00eda de la UTalca.<\/a><\/p><p>\u00a0<\/p><p><b>ADPRENSA.CL<\/b><\/p><p><a style=\"font-style: inherit; font-weight: inherit; background-color: #ffffff; font-family: -apple-system, BlinkMacSystemFont,;\" href=\"https:\/\/www.adprensa.cl\/cronica\/universidad-de-talca-se-adjudico-importante-proyecto-para-disminuir-brechas-de-genero\/\" target=\"_blank\" rel=\"noopener\">Universidad de Talca se adjudic\u00f3 importante proyecto para disminuir brechas de g\u00e9nero.<\/a><\/p><p>\u00a0<\/p><p><b>DIARIOTALCA.CL<\/b><\/p><p><a style=\"font-style: inherit; font-weight: inherit; background-color: #ffffff; font-family: -apple-system, BlinkMacSystemFont,;\" href=\"https:\/\/diariotalca.cl\/clinicas-de-la-universidad-de-talca-retoman-atenciones-presenciales\/\" target=\"_blank\" rel=\"noopener\">Cl\u00ednicas de la Universidad de Talca retoman atenciones presenciales.<\/a><\/p><p>\u00a0<\/p><p><b>ELMAULEINFORMA.CL<\/b><\/p><p><a style=\"font-style: inherit; font-weight: inherit; background-color: #ffffff; font-family: -apple-system, BlinkMacSystemFont,;\" href=\"https:\/\/elmauleinforma.cl\/clinicas-de-la-utalca-retoman-atenciones-presenciales-para-la-comunidad\/\" target=\"_blank\" rel=\"noopener\">Cl\u00ednicas de la UTalca retoman atenciones presenciales para la comunidad.<\/a><\/p><p>\u00a0<\/p><p><b>PORTALEDUCACION.CL<\/b><\/p><p><a style=\"font-style: inherit; font-weight: inherit; background-color: #ffffff; font-family: -apple-system, BlinkMacSystemFont,;\" href=\"https:\/\/portaleducacion.cl\/index.php\/2021\/11\/08\/visitas-guiadas-charlas-beneficios-estudiantiles-entre-otras-actividades-ofrecera-la-universidad-de-talca-a-estudiantes-de-educacion-media\/\" target=\"_blank\" rel=\"noopener\">Visitas guiadas, charlas, beneficios estudiantiles entre otras actividades ofrecer\u00e1 la Universidad de Talca a estudiantes de educaci\u00f3n media.<\/a><\/p><p>\u00a0<\/p><p><b>LA PRENSA<\/b><\/p><p><a style=\"font-style: inherit; font-weight: inherit; background-color: #ffffff; font-family: -apple-system, BlinkMacSystemFont,;\" href=\"https:\/\/www.litoralpress.cl\/paginaconsultas\/Servicios_NClip\/Get_Imagen_Nota.aspx?LPKey=AEYAMP7LVTOUR2CMU6EXP5PTCOOFGI46JL4GQGRHQN3ZLPJ75UD2MJ5HYYSDHF2CSYAIWAJ4GRH4A\" target=\"_blank\" rel=\"noopener\">Tecnolog\u00eda acerca el patrimonio cultural del Maule. Se refiere Felipe Besoa\u00edn, director de Mauletec de la UTalca.<\/a><\/p><p>\u00a0<\/p><p><b>ELMAULEINFORMA.CL<\/b><\/p><p><a style=\"font-style: inherit; font-weight: inherit; background-color: #ffffff; font-family: -apple-system, BlinkMacSystemFont,;\" href=\"https:\/\/elmauleinforma.cl\/salud-bucal-en-el-maule-como-estan-nuestros-adultos-mayores\/\" target=\"_blank\" rel=\"noopener\">Salud bucal en el Maule: \u00bfC\u00f3mo est\u00e1n nuestros adultos mayores? Se refiere Ramiro Castro, acad\u00e9mico de la Escuela de Odontolog\u00eda de la UTalca.<\/a><\/p><p>\u00a0<\/p><p><b>REDMAULE.COM<\/b><\/p><p><a style=\"font-style: inherit; font-weight: inherit; background-color: #ffffff; font-family: -apple-system, BlinkMacSystemFont,;\" href=\"https:\/\/www.redmaule.com\/regional\/salud-bucal-y-personas-mayores-cual-es-la-realidad-en-el-maule\" target=\"_blank\" rel=\"noopener\">Salud bucal y personas mayores: \u00bfCu\u00e1l es la realidad en el Maule? Se refiere Ramiro Castro, acad\u00e9mico de la Escuela de Odontolog\u00eda de la UTalca.<\/a><\/p><p>\u00a0<\/p><p><b>LANOTICIA.CL<\/b><\/p><p><a style=\"font-style: inherit; font-weight: inherit; background-color: #ffffff; font-family: -apple-system, BlinkMacSystemFont,;\" href=\"https:\/\/lanoticia.cl\/salud-bucal-en-el-maule-como-estan-nuestras-personas-mayores\/\" target=\"_blank\" rel=\"noopener\">Salud bucal en el Maule: \u00bfC\u00f3mo est\u00e1n nuestras personas mayores? Se refiere Ramiro Castro, acad\u00e9mico de la Escuela de Odontolog\u00eda de la UTalca.<\/a><\/p><p>\u00a0<\/p><p><b>CANAL 24 HORAS<\/b><\/p><p><a style=\"font-style: inherit; font-weight: inherit; background-color: #ffffff; font-family: -apple-system, BlinkMacSystemFont,;\" href=\"https:\/\/www.litoralpress.cl\/sitio\/RadioTV_Detalles.cshtml?LPKey=NOCXY7WT3KBUQ27CGQYZMB5YUMPDF57TRLCPC45IDAUMZXCFBY7A\" target=\"_blank\" rel=\"noopener\">Temas e invitados en V\u00eda P\u00fablica. Se menciona a Mauricio Morales, director del Centro de An\u00e1lisis Pol\u00edtico (CAP) de la UTalca.<\/a><\/p><p>\u00a0<\/p><p><b>CANAL 24 HORAS<\/b><\/p><p><a style=\"font-style: inherit; font-weight: inherit; background-color: #ffffff; font-family: -apple-system, BlinkMacSystemFont,;\" href=\"https:\/\/www.litoralpress.cl\/sitio\/RadioTV_Detalles.cshtml?LPKey=APBF2GGDR23ICB46C5TND27JTABSAABOK3JYPKRZIMFJSCYVGN2A\" target=\"_blank\" rel=\"noopener\">V\u00eda P\u00fablica: Entrevista a Mauricio Morales, director del Centro de An\u00e1lisis Pol\u00edtico (CAP) de la UTalca.<\/a><\/p><p>\u00a0<\/p><p><b>CANAL CHILEVISI\u00d3N<\/b><\/p><p><a style=\"font-style: inherit; font-weight: inherit; background-color: #ffffff; font-family: -apple-system, BlinkMacSystemFont,;\" href=\"https:\/\/www.litoralpress.cl\/sitio\/RadioTV_Detalles.cshtml?LPKey=7V5V5EG5MN26BHV6PVWNDDSK2K2F2D3NZEYRXVDUMWZFG23434NQ\" target=\"_blank\" rel=\"noopener\">Elecciones parlamentarias: La f\u00f3rmula para quedarse con el Congreso. Se refiere Mauricio Morales, director del Centro de An\u00e1lisis Pol\u00edtico (CAP) de la UTalca.<\/a><\/p><p>\u00a0<\/p><p><b>CANAL CNN CHILE<\/b><\/p><p><a style=\"font-style: inherit; font-weight: inherit; background-color: #ffffff; font-family: -apple-system, BlinkMacSystemFont,;\" href=\"https:\/\/www.litoralpress.cl\/sitio\/RadioTV_Detalles.cshtml?LPKey=HPEIFA3A5CUN7VKVS7VNPSGMOSTEMGMISJML2FK3MBIIOFXFFNJA\" target=\"_blank\" rel=\"noopener\">Elecciones parlamentarias: La f\u00f3rmula para quedarse con el Congreso. Se refiere Mauricio Morales, director del Centro de An\u00e1lisis Pol\u00edtico (CAP) de la UTalca.<\/a><\/p><p>\u00a0<\/p><p><b>CANAL 24 HORAS<\/b><\/p><p><a style=\"font-style: inherit; font-weight: inherit; background-color: #ffffff; font-family: -apple-system, BlinkMacSystemFont,;\" href=\"https:\/\/www.litoralpress.cl\/sitio\/RadioTV_Detalles.cshtml?LPKey=T2TGQ76JXQKNZBWQXRXZHLGCLRCPCRCIPXJG56NMIS6Z4CE5Q3FA\" target=\"_blank\" rel=\"noopener\">Nuevamente Franco Parisi posterga su llegada a Chile. Se refiere Mauricio Morales, director del Centro de An\u00e1lisis Pol\u00edtico (CAP) de la UTalca.<\/a><\/p><p>\u00a0<\/p><p><b>CANAL MEGA<\/b><\/p><p><a style=\"font-style: inherit; font-weight: inherit; background-color: #ffffff; font-family: -apple-system, BlinkMacSystemFont,;\" href=\"https:\/\/www.litoralpress.cl\/sitio\/RadioTV_Detalles.cshtml?LPKey=MKT4QN7VJWUWQDPYDO3JNRK2OUESYT4GZJQWPWVVAOWIJGR6O4HQ\" target=\"_blank\" rel=\"noopener\">C\u00e1mara de Diputados votar\u00e1 acusaci\u00f3n constitucional contra el Presidente Pi\u00f1era. Se refiere Mauricio Morales, director del Centro de An\u00e1lisis Pol\u00edtico (CAP) de la UTalca.<\/a><\/p><p>\u00a0<\/p><p><b>CANAL MEGA<\/b><\/p><p><a style=\"font-style: inherit; font-weight: inherit; background-color: #ffffff; font-family: -apple-system, BlinkMacSystemFont,;\" href=\"https:\/\/www.litoralpress.cl\/sitio\/RadioTV_Detalles.cshtml?LPKey=5O3MU2VQBWUZYBGGAR57BNWQAANO2XHQW4KCVZMWZCNVQ3LPGSFA\" target=\"_blank\" rel=\"noopener\">Diputado Jaime Naranjo lleva dos horas hablando en la C\u00e1mara como estrategia. Se refiere Mauricio Morales, director del Centro de An\u00e1lisis Pol\u00edtico (CAP) de la UTalca.<\/a><\/p><p>\u00a0<\/p><p><b>PUBLIMETRO<\/b><\/p><p><a style=\"font-style: inherit; font-weight: inherit; background-color: #ffffff; font-family: -apple-system, BlinkMacSystemFont,;\" href=\"https:\/\/www.litoralpress.cl\/paginaconsultas\/Servicios_NClip\/Get_Imagen_Nota.aspx?LPKey=LB7K6ILEZZ6GHGSSUSXWJHD4CQ73C6FQCCZCHUVY3BBHSYV7ZOPGJKCKKLX4AHA7Z4DQOJNFUYNQE\" target=\"_blank\" rel=\"noopener\">A 12 d\u00edas de la elecci\u00f3n, Franco Parisi sigue dilatando su regreso a Chile. Se refiere Mauricio Morales, director del Centro de An\u00e1lisis Pol\u00edtico (CAP) de la UTalca.<\/a><\/p><p>\u00a0<\/p><p><b>LA PRENSA<\/b><\/p><p><a style=\"font-style: inherit; font-weight: inherit; background-color: #ffffff; font-family: -apple-system, BlinkMacSystemFont,;\" href=\"https:\/\/www.litoralpress.cl\/paginaconsultas\/Servicios_NClip\/Get_Imagen_Nota.aspx?LPKey=4KUBTB3THQ6C7GSRJMHYFMWNNDRU2VMTRWJ2NFLRLTLIXZDIXTI35RD3RRQRGRSKY5MDH7OV6QA2E\" target=\"_blank\" rel=\"noopener\">Becarios de Medicina Familiar participaron de conversatorio. Se menciona a la UTalca.<\/a><\/p><p>\u00a0<\/p><p><b>INFOGATE.CL<\/b><\/p><p><a style=\"font-style: inherit; font-weight: inherit; background-color: #ffffff; font-family: -apple-system, BlinkMacSystemFont,;\" href=\"https:\/\/www.infogate.cl\/2021\/11\/08\/el-impacto-de-la-pandemia-en-la-educacion-y-como-enfrentarlo-con-el-uso-de-la-tecnologia\/\" target=\"_blank\" rel=\"noopener\">El impacto de la pandemia en la educaci\u00f3n y c\u00f3mo enfrentarlo con el uso de la tecnolog\u00eda. Se menciona a la UTalca.<\/a><\/p>\t\t\t\t\t\t<\/div>\n\t\t\t\t<\/div>\n\t\t\t\t\t<\/div>\n\t\t<\/div>\n\t\t\t\t\t\t\t<\/div>\n\t\t<\/section>\n\t\t\t\t\t\t<\/div>\n\t\t\t\t\t<\/div>\n\t\t","protected":false},"excerpt":{"rendered":"<p>RADIO COOPERATIVA Los contagios COVID siguen al alza en Chile. Se refiere Marcelo Alarc\u00f3n, acad\u00e9mico del Departamento de Bioqu\u00edmica Cl\u00ednica e Inmunohematolog\u00eda de la UTalca. \u00a0 ELMOSTRADOR.CL IPC en las nubes: alta inflaci\u00f3n de octubre pone presi\u00f3n a la carrera presidencial y a la votaci\u00f3n del cuarto retiro. Se refiere Paulo Cox, acad\u00e9mico de la &hellip;<\/p>\n<p class=\"read-more\"> <a class=\"\" href=\"https:\/\/www.reportedeprensa.utalca.cl\/?p=2336\"> <span class=\"screen-reader-text\">09 de noviembre de 2021<\/span> Read More &raquo;<\/a><\/p>\n","protected":false},"author":1,"featured_media":0,"comment_status":"closed","ping_status":"open","sticky":false,"template":"elementor_theme","format":"standard","meta":{"_monsterinsights_skip_tracking":false,"_monsterinsights_sitenote_active":false,"_monsterinsights_sitenote_note":"","_monsterinsights_sitenote_category":0},"categories":[14],"tags":[],"_links":{"self":[{"href":"https:\/\/www.reportedeprensa.utalca.cl\/index.php?rest_route=\/wp\/v2\/posts\/2336"}],"collection":[{"href":"https:\/\/www.reportedeprensa.utalca.cl\/index.php?rest_route=\/wp\/v2\/posts"}],"about":[{"href":"https:\/\/www.reportedeprensa.utalca.cl\/index.php?rest_route=\/wp\/v2\/types\/post"}],"author":[{"embeddable":true,"href":"https:\/\/www.reportedeprensa.utalca.cl\/index.php?rest_route=\/wp\/v2\/users\/1"}],"replies":[{"embeddable":true,"href":"https:\/\/www.reportedeprensa.utalca.cl\/index.php?rest_route=%2Fwp%2Fv2%2Fcomments&post=2336"}],"version-history":[{"count":4,"href":"https:\/\/www.reportedeprensa.utalca.cl\/index.php?rest_route=\/wp\/v2\/posts\/2336\/revisions"}],"predecessor-version":[{"id":2340,"href":"https:\/\/www.reportedeprensa.utalca.cl\/index.php?rest_route=\/wp\/v2\/posts\/2336\/revisions\/2340"}],"wp:attachment":[{"href":"https:\/\/www.reportedeprensa.utalca.cl\/index.php?rest_route=%2Fwp%2Fv2%2Fmedia&parent=2336"}],"wp:term":[{"taxonomy":"category","embeddable":true,"href":"https:\/\/www.reportedeprensa.utalca.cl\/index.php?rest_route=%2Fwp%2Fv2%2Fcategories&post=2336"},{"taxonomy":"post_tag","embeddable":true,"href":"https:\/\/www.reportedeprensa.utalca.cl\/index.php?rest_route=%2Fwp%2Fv2%2Ftags&post=2336"}],"curies":[{"name":"wp","href":"https:\/\/api.w.org\/{rel}","templated":true}]}}