{"id":2349,"date":"2021-11-10T08:38:22","date_gmt":"2021-11-10T11:38:22","guid":{"rendered":"https:\/\/www.reportedeprensa.utalca.cl\/?p=2349"},"modified":"2021-11-10T08:51:08","modified_gmt":"2021-11-10T11:51:08","slug":"10-de-noviembre-de-2021","status":"publish","type":"post","link":"https:\/\/www.reportedeprensa.utalca.cl\/?p=2349","title":{"rendered":"10 de noviembre de 2021"},"content":{"rendered":"\t\t<div data-elementor-type=\"wp-post\" data-elementor-id=\"2349\" class=\"elementor elementor-2349\" data-elementor-settings=\"[]\">\n\t\t\t\t\t\t\t<div class=\"elementor-section-wrap\">\n\t\t\t\t\t\t\t<section class=\"elementor-section elementor-top-section elementor-element elementor-element-a06ca45 elementor-section-boxed elementor-section-height-default elementor-section-height-default\" data-id=\"a06ca45\" data-element_type=\"section\">\n\t\t\t\t\t\t<div class=\"elementor-container elementor-column-gap-default\">\n\t\t\t\t\t<div class=\"elementor-column elementor-col-100 elementor-top-column elementor-element elementor-element-1486c35\" data-id=\"1486c35\" data-element_type=\"column\">\n\t\t\t<div class=\"elementor-widget-wrap elementor-element-populated\">\n\t\t\t\t\t\t\t\t<div class=\"elementor-element elementor-element-42b145e elementor-widget elementor-widget-text-editor\" data-id=\"42b145e\" data-element_type=\"widget\" data-widget_type=\"text-editor.default\">\n\t\t\t\t<div class=\"elementor-widget-container\">\n\t\t\t\t\t\t\t\t<p><b>CANAL 13<\/b><\/p><p><a style=\"font-style: inherit; font-weight: inherit; background-color: #ffffff; font-family: -apple-system, BlinkMacSystemFont,;\" href=\"https:\/\/www.litoralpress.cl\/Archivos\/U5QRK2JDUIC6S4N5HMFWOUJMJI.mp4\" target=\"_blank\" rel=\"noopener\">Aglomeraciones en el Metro: el miedo de contagiarse de COVID. Se refiere Erika Retamal, directora de Salud P\u00fablica de la UTalca.<\/a><\/p><p>\u00a0<\/p><p><b>DIARIO TALCA<\/b><\/p><p><a style=\"font-style: inherit; font-weight: inherit; background-color: #ffffff; font-family: -apple-system, BlinkMacSystemFont,;\" href=\"https:\/\/www.litoralpress.cl\/paginaconsultas\/Servicios_NClip\/Get_Imagen_Nota.aspx?LPKey=SMJBCI5HC7I7DQ26KMEOSR3A76U6JMJDGMAIHPKMHLIXFQUAHIKOCTX32RBTZFMIGRRR3EMXWCG52\" target=\"_blank\" rel=\"noopener\">Cl\u00ednicas UTalca retoman atenciones presenciales.<\/a><\/p><p>\u00a0<\/p><p><b>LA PRENSA<\/b><\/p><p><a style=\"font-style: inherit; font-weight: inherit; background-color: #ffffff; font-family: -apple-system, BlinkMacSystemFont,;\" href=\"https:\/\/www.litoralpress.cl\/paginaconsultas\/Servicios_NClip\/Get_Imagen_Nota.aspx?LPKey=UDSYUHYGAYU3CNFBTYLMU2ZWPEGUYLBHF74SHVNGI5VTJRXE7DUVU3QN3I3KJ3AE2TGZ7Y6T6VCKA\" target=\"_blank\" rel=\"noopener\">Cl\u00ednicas de la UTalca retoman atenciones presenciales.<\/a><\/p><p>\u00a0<\/p><p><b>EL HERALDO<\/b><\/p><p><a style=\"font-style: inherit; font-weight: inherit; background-color: #ffffff; font-family: -apple-system, BlinkMacSystemFont,;\" href=\"https:\/\/www.litoralpress.cl\/paginaconsultas\/Servicios_NClip\/Get_Imagen_Nota.aspx?LPKey=LZU7G7YV46DOVBH47ASX5RLXNVJC576D37OU4ZWPFMO3HG3V3BF44YMM5IZRHTFUU6VWO2KDK7XYM\" target=\"_blank\" rel=\"noopener\">Universidad de Talca se adjudic\u00f3 importante proyecto para disminuir brechas de g\u00e9nero.<\/a><\/p><p>\u00a0<\/p><p><b>DIARIOELHERALDO.CL<\/b><\/p><p><a style=\"font-style: inherit; font-weight: inherit; background-color: #ffffff; font-family: -apple-system, BlinkMacSystemFont,;\" href=\"http:\/\/www.diarioelheraldo.cl\/noticia\/universidad-de-talca-se-adjudico-importante-proyecto-para-disminuir-brechas-de-genero-\" target=\"_blank\" rel=\"noopener\">Universidad de Talca se adjudic\u00f3 importante proyecto para disminuir brechas de g\u00e9nero.<\/a><\/p><p>\u00a0<\/p><p><b>LANOTICIA.CL<\/b><\/p><p><a style=\"font-style: inherit; font-weight: inherit; background-color: #ffffff; font-family: -apple-system, BlinkMacSystemFont,;\" href=\"https:\/\/lanoticia.cl\/universidad-de-talca-se-adjudico-importante-proyecto-para-disminuir-brechas-de-genero\/\" target=\"_blank\" rel=\"noopener\">Universidad de Talca se adjudic\u00f3 importante proyecto para disminuir brechas de g\u00e9nero.<\/a><\/p><p>\u00a0<\/p><p><b>LAS \u00daLTIMAS NOTICIAS<\/b><\/p><p><a style=\"font-style: inherit; font-weight: inherit; background-color: #ffffff; font-family: -apple-system, BlinkMacSystemFont,;\" href=\"https:\/\/www.litoralpress.cl\/paginaconsultas\/Servicios_NClip\/Get_Imagen_Nota.aspx?LPKey=G4ZHBDZ5TG5QNHPOJABHPDUSZSABQ25U2PAVD4MBDOBWC4PIVFF6WZE7WBOMWYGRQAEKCJBHQBCMI\" target=\"_blank\" rel=\"noopener\">Videojuego le permite mandarse a cambiar y recorrer M\u00e9xico manejando. Se refiere Marco Gonz\u00e1lez, acad\u00e9mico de la carrera de Ingenier\u00eda en Desarrollo en Videojuegos y Realidad Virtual de la UTalca.<\/a><\/p><p>\u00a0<\/p><p><b>EL HERALDO<\/b><\/p><p><a style=\"font-style: inherit; font-weight: inherit; background-color: #ffffff; font-family: -apple-system, BlinkMacSystemFont,;\" href=\"https:\/\/www.litoralpress.cl\/paginaconsultas\/Servicios_NClip\/Get_Imagen_Nota.aspx?LPKey=HXTPIFCOZJZJPFSQUCH7E263TSCY2MBCCHZUVXLXHTCXPPOIA2BR73FHHCRHHABETLWUHFAQIVHCW\" target=\"_blank\" rel=\"noopener\">Salud bucal en el Maule, \u00bfc\u00f3mo est\u00e1n nuestras personas mayores? Se refiere Ramiro Castro, acad\u00e9mico de la Escuela de Odontolog\u00eda de la UTalca.<\/a><\/p><p>\u00a0<\/p><p><b>DIARIOELHERALDO.CL<\/b><\/p><p><a style=\"font-style: inherit; font-weight: inherit; background-color: #ffffff; font-family: -apple-system, BlinkMacSystemFont,;\" href=\"http:\/\/www.diarioelheraldo.cl\/noticia\/salud-bucal-en-el-maule-como-estan-nuestras-personas-mayores\" target=\"_blank\" rel=\"noopener\">Salud bucal en el Maule, \u00bfc\u00f3mo est\u00e1n nuestras personas mayores? Se refiere Ramiro Castro, acad\u00e9mico de la Escuela de Odontolog\u00eda de la UTalca.<\/a><\/p><p>\u00a0<\/p><p><b>REDMAULE.COM<\/b><\/p><p><a style=\"font-style: inherit; font-weight: inherit; background-color: #ffffff; font-family: -apple-system, BlinkMacSystemFont,;\" href=\"https:\/\/www.redmaule.com\/nacional\/economista-se-refiere-a-tendencia-inflacionaria-en-el-pais\" target=\"_blank\" rel=\"noopener\">Economista se refiere a tendencia inflacionaria en el pa\u00eds. La opini\u00f3n de Paulo Cox, acad\u00e9mico de la Facultad de Econom\u00eda y Negocios (FEN) de la UTalca.<\/a><\/p><p>\u00a0<\/p><p><b>G5NOTICIAS.CL<\/b><\/p><p><a style=\"font-style: inherit; font-weight: inherit; background-color: #ffffff; font-family: -apple-system, BlinkMacSystemFont,;\" href=\"https:\/\/g5noticias.cl\/2021\/11\/09\/economista-utalca-manifiesta-preocupacion-por-tendencia-inflacionaria\/\" target=\"_blank\" rel=\"noopener\">Economista UTalca manifiesta preocupaci\u00f3n por tendencia inflacionaria.<\/a><\/p><p>\u00a0<\/p><p><b>EL D\u00cdA<\/b><\/p><p><a style=\"font-style: inherit; font-weight: inherit; background-color: #ffffff; font-family: -apple-system, BlinkMacSystemFont,;\" href=\"https:\/\/www.litoralpress.cl\/paginaconsultas\/Servicios_NClip\/Get_Imagen_Nota.aspx?LPKey=2YPOBEU5FUGXZMU4TW3A4JBH72XSV24BJRQJVBY5MMDORJNSNH4ITIGWPNYTOKNHNRCB2EM2NKKQW\" target=\"_blank\" rel=\"noopener\">Estudio permitir\u00e1 conocer el porcentaje de poblaci\u00f3n inmune al COVID-19 en la conurbaci\u00f3n. Se menciona a la UTalca.<\/a><\/p><p>\u00a0<\/p><p><b>EL OVALLINO<\/b><\/p><p><a style=\"font-style: inherit; font-weight: inherit; background-color: #ffffff; font-family: -apple-system, BlinkMacSystemFont,;\" href=\"https:\/\/www.litoralpress.cl\/paginaconsultas\/Servicios_NClip\/Get_Imagen_Nota.aspx?LPKey=PHD5HVBPNQV5OZVDTNCUUDRPRI2PUP7MZF2NUU7YI6MMC3V7KB5HVICKJBOJPNYFN5GTAW2BFTJ76\" target=\"_blank\" rel=\"noopener\">Estudio busca conocer el porcentaje de poblaci\u00f3n inmune al COVID-19 en la conurbaci\u00f3n. Se menciona a la UTalca.<\/a><\/p><p>\u00a0<\/p><p><b>ELPINGUINO.COM<\/b><\/p><p><a style=\"font-style: inherit; font-weight: inherit; background-color: #ffffff; font-family: -apple-system, BlinkMacSystemFont,;\" href=\"https:\/\/elpinguino.com\/noticia\/2021\/11\/09\/estudio-busca-conocer-el-porcentaje-de-poblacion-inmune\" target=\"_blank\" rel=\"noopener\">Estudio busca conocer el porcentaje de poblaci\u00f3n inmune. Se refiere Loreto N\u00fa\u00f1ez, acad\u00e9mica del Departamento de Salud P\u00fablica de la UTalca.<\/a><\/p><p>\u00a0<\/p><p><b>EL OBSERVADOR<\/b><\/p><p><a style=\"font-style: inherit; font-weight: inherit; background-color: #ffffff; font-family: -apple-system, BlinkMacSystemFont,;\" href=\"https:\/\/www.litoralpress.cl\/paginaconsultas\/Servicios_NClip\/Get_Imagen_Nota.aspx?LPKey=TLRDJ2LNKDG2WAMWZM5WP5KRDHFL3UYUGIB5J2V7R6ZJ6BBRFC65EP5QZEQCSUUUXHPYMNDUQU3C2\" target=\"_blank\" rel=\"noopener\">Alumna de Colegio El Mel\u00f3n particip\u00f3 en las Olimpiadas Chilenas de Qu\u00edmica. Se menciona la UTalca.<\/a><\/p><p>\u00a0<\/p><p><b>CANAL MEGA<\/b><\/p><p><a style=\"font-style: inherit; font-weight: inherit; background-color: #ffffff; font-family: -apple-system, BlinkMacSystemFont,;\" href=\"https:\/\/www.litoralpress.cl\/sitio\/RadioTV_Detalles.cshtml?LPKey=X4I4FSCZESAXLCDVT5ESEJWT3MUZ542DUCFCU6AECIDKUJFPA57Q\" target=\"_blank\" rel=\"noopener\">Impacto de la acusaci\u00f3n constitucional contra Presidente Pi\u00f1era. Se refiere Mauricio Morales, director del Centro de An\u00e1lisis Pol\u00edtico (CAP) de la UTalca.<\/a><\/p><p>\u00a0<\/p><p><b>CANAL MEGA PLUS<\/b><\/p><p><a style=\"font-style: inherit; font-weight: inherit; background-color: #ffffff; font-family: -apple-system, BlinkMacSystemFont,;\" href=\"https:\/\/www.litoralpress.cl\/sitio\/RadioTV_Detalles.cshtml?LPKey=VUG7WQHYB2PT75QF4JZDWMLHI5HNIA2TVLYT46TFWYLVTQU6M6HQ\" target=\"_blank\" rel=\"noopener\">Impacto de la acusaci\u00f3n constitucional contra Presidente Pi\u00f1era. Se refiere Mauricio Morales, director del Centro de An\u00e1lisis Pol\u00edtico (CAP) de la UTalca.<\/a><\/p><p>\u00a0<\/p><p><b>EMOL.COM<\/b><\/p><p><a style=\"font-style: inherit; font-weight: inherit; background-color: #ffffff; font-family: -apple-system, BlinkMacSystemFont,;\" href=\"https:\/\/www.emol.com\/noticias\/Nacional\/2021\/11\/10\/1037907\/acusacion-constitucional-analisis-efectos-oposicion.html\" target=\"_blank\" rel=\"noopener\">Unidad y \u00e9pica versus descr\u00e9dito de la pol\u00edtica: Los puntos a favor y en contra de la performance de la oposici\u00f3n en la AC. Se refiere Mauricio Morales, director del Centro de An\u00e1lisis Pol\u00edtico (CAP) de la UTalca.<\/a><\/p><p>\u00a0<\/p><p><b>LA SEGUNDA<\/b><\/p><p><a style=\"font-style: inherit; font-weight: inherit; background-color: #ffffff; font-family: -apple-system, BlinkMacSystemFont,;\" href=\"https:\/\/www.litoralpress.cl\/paginaconsultas\/Servicios_NClip\/Get_Imagen_Nota.aspx?LPKey=K2K3Z446GI6FRKEAS26NXAWB2V2I6XALEVRUP3OUVUC6EKNJDCKQ6NJ3DEJEFQFW3LFXFQQGTLKOK\" target=\"_blank\" rel=\"noopener\">\u00bfNueva \u201c\u00e9pica&#8221; en la campa\u00f1a o \u201cdegradaci\u00f3n de la pol\u00edtica&#8221;? Se refiere Mauricio Morales, director del Centro de An\u00e1lisis Pol\u00edtico (CAP) de la UTalca.<\/a><\/p><p>\u00a0<\/p><p><b>24HORAS.CL<\/b><\/p><p><a style=\"font-style: inherit; font-weight: inherit; background-color: #ffffff; font-family: -apple-system, BlinkMacSystemFont,;\" href=\"https:\/\/www.24horas.cl\/programas\/viapublica\/via-publica---lunes-8-de-noviembre-5051412\" target=\"_blank\" rel=\"noopener\">Programa V\u00eda P\u00fablica. Entrevista a Mauricio Morales, director del Centro de An\u00e1lisis Pol\u00edtico (CAP) de la UTalca.<\/a><\/p><p>\u00a0<\/p><p><b>PUBLIMETRO<\/b><\/p><p><a style=\"font-style: inherit; font-weight: inherit; background-color: #ffffff; font-family: -apple-system, BlinkMacSystemFont,;\" href=\"https:\/\/www.publimetro.cl\/\/noticias\/2021\/11\/09\/a-12-dias-de-la-eleccion-franco-parisi-sigue-dilatando-su-regreso-a-chile\/\" target=\"_blank\" rel=\"noopener\">A 12 d\u00edas de la elecci\u00f3n, Franco Parisi sigue dilatando su regreso a Chile. Se refiere Mauricio Morales, director del Centro de An\u00e1lisis Pol\u00edtico (CAP) de la UTalca.<\/a><\/p><p>\u00a0<\/p><p><b>CANAL UATV<\/b><\/p><p><a style=\"font-style: inherit; font-weight: inherit; background-color: #ffffff; font-family: -apple-system, BlinkMacSystemFont,;\" href=\"https:\/\/www.litoralpress.cl\/sitio\/RadioTV_Detalles.cshtml?LPKey=VLN5PHRJ2XHB4QELSD3VVVROXWYGHLAZ4SQDO7MQZDE6TG5PCRKQ\" target=\"_blank\" rel=\"noopener\">Faltan s\u00f3lo 11 para las elecciones presidenciales. Se refiere Mauricio Morales, director del Centro de An\u00e1lisis Pol\u00edtico (CAP) de la UTalca.<\/a><\/p>\t\t\t\t\t\t<\/div>\n\t\t\t\t<\/div>\n\t\t\t\t\t<\/div>\n\t\t<\/div>\n\t\t\t\t\t\t\t<\/div>\n\t\t<\/section>\n\t\t\t\t\t\t<\/div>\n\t\t\t\t\t<\/div>\n\t\t","protected":false},"excerpt":{"rendered":"<p>CANAL 13 Aglomeraciones en el Metro: el miedo de contagiarse de COVID. Se refiere Erika Retamal, directora de Salud P\u00fablica de la UTalca. \u00a0 DIARIO TALCA Cl\u00ednicas UTalca retoman atenciones presenciales. \u00a0 LA PRENSA Cl\u00ednicas de la UTalca retoman atenciones presenciales. \u00a0 EL HERALDO Universidad de Talca se adjudic\u00f3 importante proyecto para disminuir brechas de &hellip;<\/p>\n<p class=\"read-more\"> <a class=\"\" href=\"https:\/\/www.reportedeprensa.utalca.cl\/?p=2349\"> <span class=\"screen-reader-text\">10 de noviembre de 2021<\/span> Read More &raquo;<\/a><\/p>\n","protected":false},"author":1,"featured_media":0,"comment_status":"closed","ping_status":"open","sticky":false,"template":"elementor_theme","format":"standard","meta":{"_monsterinsights_skip_tracking":false,"_monsterinsights_sitenote_active":false,"_monsterinsights_sitenote_note":"","_monsterinsights_sitenote_category":0},"categories":[14],"tags":[],"_links":{"self":[{"href":"https:\/\/www.reportedeprensa.utalca.cl\/index.php?rest_route=\/wp\/v2\/posts\/2349"}],"collection":[{"href":"https:\/\/www.reportedeprensa.utalca.cl\/index.php?rest_route=\/wp\/v2\/posts"}],"about":[{"href":"https:\/\/www.reportedeprensa.utalca.cl\/index.php?rest_route=\/wp\/v2\/types\/post"}],"author":[{"embeddable":true,"href":"https:\/\/www.reportedeprensa.utalca.cl\/index.php?rest_route=\/wp\/v2\/users\/1"}],"replies":[{"embeddable":true,"href":"https:\/\/www.reportedeprensa.utalca.cl\/index.php?rest_route=%2Fwp%2Fv2%2Fcomments&post=2349"}],"version-history":[{"count":10,"href":"https:\/\/www.reportedeprensa.utalca.cl\/index.php?rest_route=\/wp\/v2\/posts\/2349\/revisions"}],"predecessor-version":[{"id":2368,"href":"https:\/\/www.reportedeprensa.utalca.cl\/index.php?rest_route=\/wp\/v2\/posts\/2349\/revisions\/2368"}],"wp:attachment":[{"href":"https:\/\/www.reportedeprensa.utalca.cl\/index.php?rest_route=%2Fwp%2Fv2%2Fmedia&parent=2349"}],"wp:term":[{"taxonomy":"category","embeddable":true,"href":"https:\/\/www.reportedeprensa.utalca.cl\/index.php?rest_route=%2Fwp%2Fv2%2Fcategories&post=2349"},{"taxonomy":"post_tag","embeddable":true,"href":"https:\/\/www.reportedeprensa.utalca.cl\/index.php?rest_route=%2Fwp%2Fv2%2Ftags&post=2349"}],"curies":[{"name":"wp","href":"https:\/\/api.w.org\/{rel}","templated":true}]}}