{"id":2375,"date":"2021-11-11T08:40:17","date_gmt":"2021-11-11T11:40:17","guid":{"rendered":"https:\/\/www.reportedeprensa.utalca.cl\/?p=2375"},"modified":"2021-11-11T08:54:32","modified_gmt":"2021-11-11T11:54:32","slug":"11-de-noviembre-de-2021","status":"publish","type":"post","link":"https:\/\/www.reportedeprensa.utalca.cl\/?p=2375","title":{"rendered":"11 de noviembre de 2021"},"content":{"rendered":"\t\t<div data-elementor-type=\"wp-post\" data-elementor-id=\"2375\" class=\"elementor elementor-2375\" data-elementor-settings=\"[]\">\n\t\t\t\t\t\t\t<div class=\"elementor-section-wrap\">\n\t\t\t\t\t\t\t<section class=\"elementor-section elementor-top-section elementor-element elementor-element-a06ca45 elementor-section-boxed elementor-section-height-default elementor-section-height-default\" data-id=\"a06ca45\" data-element_type=\"section\">\n\t\t\t\t\t\t<div class=\"elementor-container elementor-column-gap-default\">\n\t\t\t\t\t<div class=\"elementor-column elementor-col-100 elementor-top-column elementor-element elementor-element-1486c35\" data-id=\"1486c35\" data-element_type=\"column\">\n\t\t\t<div class=\"elementor-widget-wrap elementor-element-populated\">\n\t\t\t\t\t\t\t\t<div class=\"elementor-element elementor-element-42b145e elementor-widget elementor-widget-text-editor\" data-id=\"42b145e\" data-element_type=\"widget\" data-widget_type=\"text-editor.default\">\n\t\t\t\t<div class=\"elementor-widget-container\">\n\t\t\t\t\t\t\t\t<p><b>EL MERCURIO<\/b><\/p><p><a style=\"font-style: inherit; font-weight: inherit; background-color: #ffffff; font-family: -apple-system, BlinkMacSystemFont,;\" href=\"https:\/\/www.litoralpress.cl\/paginaconsultas\/Servicios_NClip\/Get_Imagen_Nota.aspx?LPKey=U5URCNETJ2A4TAICIP6I2FWS6OZOEEWFQSWKMZWLFVELPKHVNUFFSKOP6N7VLQDDMAWJZD2CJEDK4\" target=\"_blank\" rel=\"noopener\">Ranking I+D+i 2021 muestra el dinamismo que est\u00e1n logrando las universidades chilenas en desaf\u00edos clave para entrar a la sociedad del conocimiento. Se menciona a la UTalca.<\/a><\/p><p>\u00a0<\/p><p><b>EL MERCURIO<\/b><\/p><p><a style=\"font-style: inherit; font-weight: inherit; background-color: #ffffff; font-family: -apple-system, BlinkMacSystemFont,;\" href=\"https:\/\/www.litoralpress.cl\/paginaconsultas\/Servicios_NClip\/Get_Imagen_Nota.aspx?LPKey=WVXYD6PD3TGVIISVKHOBFMPTXWL5MBOLTESVBBI6HNFASXMCMJN554PTVGYWJW3I5YILHJWHGOGGA\" target=\"_blank\" rel=\"noopener\">Las distintas fortalezas institucionales que muestran las tres dimensiones del ranking. Se menciona a la UTalca.<\/a><\/p><p>\u00a0<\/p><p><b>EL MERCURIO<\/b><\/p><p><a style=\"font-style: inherit; font-weight: inherit; background-color: #ffffff; font-family: -apple-system, BlinkMacSystemFont,;\" href=\"https:\/\/www.litoralpress.cl\/paginaconsultas\/Servicios_NClip\/Get_Imagen_Nota.aspx?LPKey=AFITYUIOOY2TWMMYIDHKZITMQSOJ2M3XIJ5X2RYW3IVQLFAE7W7GGBGEKFBFJCINM5G7MDDJGNS3O\" target=\"_blank\" rel=\"noopener\">En dos a\u00f1os, aumentan de 15 a 26 las universidades que ofrecen programas de doctorado acreditados. Se menciona a la UTalca.<\/a><\/p><p>\u00a0<\/p><p><b>EL MERCURIO<\/b><\/p><p><a style=\"font-style: inherit; font-weight: inherit; background-color: #ffffff; font-family: -apple-system, BlinkMacSystemFont,;\" href=\"https:\/\/www.litoralpress.cl\/paginaconsultas\/Servicios_NClip\/Get_Imagen_Nota.aspx?LPKey=3TS6DTCMZB7ZNU5VKZCSNBFHNUVIPLAUCHBRVHWODCQIVSGYUEFN32KIIHMRRHY32ACE5BVX37B4Q\" target=\"_blank\" rel=\"noopener\">Humanidades se abren espacio en los centros de investigaci\u00f3n avanzada. Se menciona a la UTalca.<\/a><\/p><p>\u00a0<\/p><p><b>EL MERCURIO<\/b><\/p><p><a style=\"font-style: inherit; font-weight: inherit; background-color: #ffffff; font-family: -apple-system, BlinkMacSystemFont,;\" href=\"https:\/\/www.litoralpress.cl\/paginaconsultas\/Servicios_NClip\/Get_Imagen_Nota.aspx?LPKey=L7XB7SPXUKOLHD3OCZM3HQWQPRZEM6ZNEGRAQ4KJHJB2MMZ75IEXH6GR6ERMR566BONZFQY2W5ZL2\" target=\"_blank\" rel=\"noopener\">Las ciencias naturales son las que generan las publicaciones de m\u00e1s impacto en Chile. Se menciona a la UTalca.<\/a><\/p><p>\u00a0<\/p><p><b>VERTICALFARMDAILY.COM<\/b><\/p><p><a style=\"font-style: inherit; font-weight: inherit; background-color: #ffffff; font-family: -apple-system, BlinkMacSystemFont,;\" href=\"https:\/\/www.verticalfarmdaily.com\/article\/9372484\/funded-project-to-develop-low-cost-container-farms\/\" target=\"_blank\" rel=\"noopener\">Funded project to develop low-cost container farms. Se refiere Gilda Carrasco, acad\u00e9mica de la Facultad de Ciencias Agrarias de la Universidad de Talca.<\/a><\/p><p>\u00a0<\/p><p><b>LAS \u00daLTIMAS NOTICIAS<\/b><\/p><p><a style=\"font-style: inherit; font-weight: inherit; background-color: #ffffff; font-family: -apple-system, BlinkMacSystemFont,;\" href=\"https:\/\/www.litoralpress.cl\/paginaconsultas\/Servicios_NClip\/Get_Imagen_Nota.aspx?LPKey=GKEQSEKS4HV2KBHBO2UIRHXAEBO4FONXW3BB5HML4CJAIER4F4MRU6QXOEQA5LYG765XZCRZLYYZK\" target=\"_blank\" rel=\"noopener\">Todos los alumnos de esta carrera se van a vivir a Alemania por dos meses. Se refiere Angelika Fraitzl, directora acad\u00e9mica de la Escuela de Pedagog\u00edas en Alem\u00e1n de la UTalca.<\/a><\/p><p>\u00a0<\/p><p><b>ADPRENSA.CL<\/b><\/p><p><a style=\"font-style: inherit; font-weight: inherit; background-color: #ffffff; font-family: -apple-system, BlinkMacSystemFont,;\" href=\"https:\/\/www.adprensa.cl\/actividades-academicas\/universidad-de-talca-se-adjudico-dos-nuevos-proyectos-de-innovacion\/\" target=\"_blank\" rel=\"noopener\">Universidad de Talca se adjudic\u00f3 dos nuevos proyectos de innovaci\u00f3n.<\/a><\/p><p>\u00a0<\/p><p><b>LANOTICIA.CL<\/b><\/p><p><a style=\"font-style: inherit; font-weight: inherit; background-color: #ffffff; font-family: -apple-system, BlinkMacSystemFont,;\" href=\"https:\/\/lanoticia.cl\/clinicas-de-la-utalca-retoman-atenciones-presenciales-para-la-comunidad\/\" target=\"_blank\" rel=\"noopener\">Cl\u00ednicas de la UTalca retoman atenciones presenciales para la comunidad.<\/a><\/p><p>\u00a0<\/p><p><b>EL MERCURIO<\/b><\/p><p><a style=\"font-style: inherit; font-weight: inherit; background-color: #ffffff; font-family: -apple-system, BlinkMacSystemFont,;\" href=\"https:\/\/www.litoralpress.cl\/paginaconsultas\/Servicios_NClip\/Get_Imagen_Nota.aspx?LPKey=VWHL5K6LK2D3AJ2F7HI7DCCWJGEUQCTRXRVTITBDBYA6LPWBCJMG3BV5OBXGUZP2FQZZAUDKI2MUW\" target=\"_blank\" rel=\"noopener\">Cristina Peri Rossi, Premio Cervantes 2021. Se menciona que obtuvo Premio Iberoamericano de Letras Jos\u00e9 Donoso de la Universidad de Talca.<\/a><\/p><p>\u00a0<\/p><p><b>EL LECTOR<\/b><\/p><p><a style=\"font-style: inherit; font-weight: inherit; background-color: #ffffff; font-family: -apple-system, BlinkMacSystemFont,;\" href=\"https:\/\/www.litoralpress.cl\/paginaconsultas\/Documentos\/Crear_Achivo_Pdf.aspx?LPKey=B6NGZOFQBLTBICW275HVN5RYDQG3CJOWAHNGVTMLHNJN3JPA5PIA\" target=\"_blank\" rel=\"noopener\">Estudio busca conocer porcentaje de poblaci\u00f3n inmune al COVID-19 y monitorear la cobertura efectiva de vacunas. Se refiere Loreto N\u00fa\u00f1ez, acad\u00e9mica del Departamento de Salud P\u00fablica de la UTalca.<\/a><\/p><p>\u00a0<\/p><p><b>CANAL TVN RED AUSTRAL<\/b><\/p><p><a style=\"font-style: inherit; font-weight: inherit; background-color: #ffffff; font-family: -apple-system, BlinkMacSystemFont,;\" href=\"https:\/\/www.litoralpress.cl\/Archivos\/MNULORPJUR3FE66FC5EKS5P3MQ.mp4\" target=\"_blank\" rel=\"noopener\">Se proyecta que la Regi\u00f3n de Magallanes experimentar\u00e1 un aumento de la variante Delta. Se refiere Daniel Jim\u00e9nez, director de Salud del Estudiante de la UTalca.<\/a><\/p><p>\u00a0<\/p><p><b>DIARIOTALCA.CL<\/b><\/p><p><a style=\"font-style: inherit; font-weight: inherit; background-color: #ffffff; font-family: -apple-system, BlinkMacSystemFont,;\" href=\"https:\/\/diariotalca.cl\/economista-utalca-se-sumo-a-preocupacion-por-tendencia-inflacionaria\/\" target=\"_blank\" rel=\"noopener\">Economista UTalca se sum\u00f3 a preocupaci\u00f3n por tendencia inflacionaria. Se refiere Paulo Cox, acad\u00e9mico de la Facultad de Econom\u00eda y Negocios de la UTalca.<\/a><\/p><p>\u00a0<\/p><p><b>EL HERALDO<\/b><\/p><p><a style=\"font-style: inherit; font-weight: inherit; background-color: #ffffff; font-family: -apple-system, BlinkMacSystemFont,;\" href=\"https:\/\/www.litoralpress.cl\/paginaconsultas\/Documentos\/Crear_Achivo_Pdf.aspx?LPKey=QDFKSG426336GAE4UJLZD47VXWACKTXEPQS52NPDDBH5ST4CTPVQ\" target=\"_blank\" rel=\"noopener\">Economista UTalca manifiesta preocupaci\u00f3n por tendencia inflacionaria. Se refiere Paulo Cox, acad\u00e9mico de la Facultad de Econom\u00eda y Negocios de la UTalca.<\/a><\/p><p>\u00a0<\/p><p><b>EL LECTOR<\/b><\/p><p><a style=\"font-style: inherit; font-weight: inherit; background-color: #ffffff; font-family: -apple-system, BlinkMacSystemFont,;\" href=\"https:\/\/www.litoralpress.cl\/paginaconsultas\/Documentos\/Crear_Achivo_Pdf.aspx?LPKey=HRGMHLX74RUN53TBEW5Q7IRZTM5XAU64ESOTLXIYNS4E5SMHK3SQ\" target=\"_blank\" rel=\"noopener\">Economista UTalca manifiesta preocupaci\u00f3n por tendencia inflacionaria.<\/a><\/p><p>\u00a0<\/p><p><b>DIARIOELHERALDO.CL<\/b><\/p><p><a style=\"font-style: inherit; font-weight: inherit; background-color: #ffffff; font-family: -apple-system, BlinkMacSystemFont,;\" href=\"http:\/\/www.diarioelheraldo.cl\/noticia\/economista-utalca-manifiesta-preocupacion-por-tendencia-inflacionaria-\" target=\"_blank\" rel=\"noopener\">Economista UTalca manifiesta preocupaci\u00f3n por tendencia inflacionaria. Se refiere Paulo Cox, acad\u00e9mico de la Facultad de Econom\u00eda y Negocios.<\/a><\/p><p>\u00a0<\/p><p><b>ELMAULEINFORMA.CL<\/b><\/p><p><a style=\"font-style: inherit; font-weight: inherit; background-color: #ffffff; font-family: -apple-system, BlinkMacSystemFont,;\" href=\"https:\/\/elmauleinforma.cl\/economista-utalca-manifiesta-preocupacion-por-tendencia-inflacionaria\/\" target=\"_blank\" rel=\"noopener\">Economista UTalca manifiesta preocupaci\u00f3n por tendencia inflacionaria. Se refiere Paulo Cox, acad\u00e9mico de la Facultad de Econom\u00eda y Negocios.<\/a><\/p><p>\u00a0<\/p><p><b>LAVOZDECURICO.CL<\/b><\/p><p><a style=\"font-style: inherit; font-weight: inherit; background-color: #ffffff; font-family: -apple-system, BlinkMacSystemFont,;\" href=\"https:\/\/www.lavozdecurico.cl\/post.php?name=11574_\" target=\"_blank\" rel=\"noopener\">Lanzan feria interactiva de Realidad Virtual y Bioinform\u00e1tica. Se refiere Felipe Besoa\u00edn, acad\u00e9mico de la Facultad de Ingenier\u00eda.<\/a><\/p><p>\u00a0<\/p><p><b>LAVOZDECURICO.CL<\/b><\/p><p><a style=\"font-style: inherit; font-weight: inherit; background-color: #ffffff; font-family: -apple-system, BlinkMacSystemFont,;\" href=\"https:\/\/www.lavozdecurico.cl\/post.php?name=11579_\" target=\"_blank\" rel=\"noopener\">Museo Virtual del Maule encant\u00f3 a habitantes de las provincias de Talca y Linares. Se refiere Felipe Besoa\u00edn, acad\u00e9mico de la Facultad de Ingenier\u00eda.<\/a><\/p><p>\u00a0<\/p><p><b>EL LECTOR<\/b><\/p><p><a style=\"font-style: inherit; font-weight: inherit; background-color: #ffffff; font-family: -apple-system, BlinkMacSystemFont,;\" href=\"https:\/\/www.litoralpress.cl\/paginaconsultas\/Documentos\/Crear_Achivo_Pdf.aspx?LPKey=O4VVL7VABM4PFHSRRAFHEN3UGHRYSPVBDPEJP677UKSHWUPXXQSA\" target=\"_blank\" rel=\"noopener\">CFT Estatal del Maule y Facultad de Ciencias de la Educaci\u00f3n UTALCA organizaron ll Feria Vocacional.<\/a><\/p><p>\u00a0<\/p><p><b>CANAL MEGA PLUS<\/b><\/p><p><a style=\"font-style: inherit; font-weight: inherit; background-color: #ffffff; font-family: -apple-system, BlinkMacSystemFont,;\" href=\"https:\/\/www.litoralpress.cl\/Archivos\/ZMBQABIDNFSSKUQ3BTDRDSBI3U.mp4\" target=\"_blank\" rel=\"noopener\">Impacto de la acusaci\u00f3n constitucional contra Presidente Pi\u00f1era. Se refiere Mauricio Morales, director del Centro de An\u00e1lisis Pol\u00edtico (CAP) de la UTalca.<\/a><\/p><p>\u00a0<\/p><p><b>CANAL MEGA<\/b><\/p><p><a style=\"font-style: inherit; font-weight: inherit; background-color: #ffffff; font-family: -apple-system, BlinkMacSystemFont,;\" href=\"https:\/\/www.litoralpress.cl\/Archivos\/K2GW3WFYMPCETJ77BAKYBBIKSE.mp4\" target=\"_blank\" rel=\"noopener\">Kast, Boric, Provoste candidatos que podr\u00edan pasar a segunda vuelta. Se refiere Mauricio Morales, director del Centro de An\u00e1lisis Pol\u00edtico (CAP).<\/a><\/p><p>\u00a0<\/p><p><b>CANAL MEGA<\/b><\/p><p><a style=\"font-style: inherit; font-weight: inherit; background-color: #ffffff; font-family: -apple-system, BlinkMacSystemFont,;\" href=\"https:\/\/www.litoralpress.cl\/Archivos\/NE4FOTM6GGK44MMPITPE6JLVEA.mp4\" target=\"_blank\" rel=\"noopener\">\u00bfEn segunda vuelta que candidato ganar\u00eda las elecciones? Se refiere Mauricio Morales, director del Centro de An\u00e1lisis Pol\u00edtico (CAP).<\/a><\/p><p>\u00a0<\/p><p><b>LATERCERA.COM<\/b><\/p><p><a style=\"font-style: inherit; font-weight: inherit; background-color: #ffffff; font-family: -apple-system, BlinkMacSystemFont,;\" href=\"https:\/\/www.latercera.com\/podcast\/noticia\/el-congreso-que-tenemos-y-el-que-podriamos-tener\/HMQOWUHLHRDLRBXZIRO4POP4O4\/\" target=\"_blank\" rel=\"noopener\">El congreso que tenemos y el que podr\u00edamos tener. Se refiere Mauricio Morales, director del Centro de An\u00e1lisis Pol\u00edtico (CAP).<\/a><\/p><p>\u00a0<\/p><p><b>LATERCERA.COM<\/b><\/p><p><a style=\"font-style: inherit; font-weight: inherit; background-color: #ffffff; font-family: -apple-system, BlinkMacSystemFont,;\" href=\"https:\/\/www.latercera.com\/nacional\/noticia\/lo-que-tienes-que-saber-este-miercoles-en-la-tercera-peligra-cuarto-retiro-tras-rechazo-del-senado-y-la-preocupacion-de-la-moneda-por-avance-de-acusacion-contra-pinera\/AJJ4MPMKTJCNLGKX25TBL5G6K4\/\" target=\"_blank\" rel=\"noopener\">Peligra cuarto retiro tras rechazo del Senado y la preocupaci\u00f3n de La Moneda por avance de acusaci\u00f3n contra Pi\u00f1era. Se refiere Mauricio Morales, director del Centro de An\u00e1lisis Pol\u00edtico (CAP) de la UTalca.<\/a><\/p><p>\u00a0<\/p><p><b>RADIO AGRICULTURA<\/b><\/p><p><a style=\"font-style: inherit; font-weight: inherit; background-color: #ffffff; font-family: -apple-system, BlinkMacSystemFont,;\" href=\"https:\/\/www.litoralpress.cl\/sitio\/RadioTV_Detalles.cshtml?LPKey=SH2TOQ4VQYOYDPBBH67ZDFYVUFAMOGPZ2OBSLHOXJB37EWCPYAEA\" target=\"_blank\" rel=\"noopener\">Pi\u00f1era asegura que el Senado va a rechazar la acusaci\u00f3n constitucional en su contra. Se refiere Mauricio Morales, director del Centro de An\u00e1lisis Pol\u00edtico (CAP) de la UTalca.<\/a><\/p><p>\u00a0<\/p><p><b>RADIO ADN<\/b><\/p><p><a style=\"font-style: inherit; font-weight: inherit; background-color: #ffffff; font-family: -apple-system, BlinkMacSystemFont,;\" href=\"https:\/\/www.litoralpress.cl\/sitio\/RadioTV_Detalles.cshtml?LPKey=ON2XMLKJ4LYK6ZRGEESSYZXQN53WWEUHMTHNIEDLNCT3RGRGRT5Q\" target=\"_blank\" rel=\"noopener\">Senado analizar\u00e1 el pr\u00f3ximo martes la acusaci\u00f3n constitucional contra Presidente Pi\u00f1era. Se refiere Mauricio Morales, director del Centro de An\u00e1lisis Pol\u00edtico (CAP) de la UTalca.<\/a><\/p><p>\u00a0<\/p><p><b>DIARIO LA PRENSA<\/b><\/p><p><a style=\"font-style: inherit; font-weight: inherit; background-color: #ffffff; font-family: -apple-system, BlinkMacSystemFont,;\" href=\"https:\/\/www.litoralpress.cl\/paginaconsultas\/Documentos\/Crear_Achivo_Pdf.aspx?LPKey=3MXKMYGL7IRZ5QHIFBJFQ6GGRRIEPZINZ55DGRWPPK3XK3SHGTMA\" target=\"_blank\" rel=\"noopener\">&#8220;Kast est\u00e1 tratando de demostrar que es el candidato m\u00e1s competitivo y capaz de buscar el voto moderado&#8221;. Se refiere Mario Herrera, acad\u00e9mico del Centro de An\u00e1lisis Pol\u00edtico (CAP) de la UTalca.<\/a><\/p><p>\u00a0<\/p><p><b>CANAL VTV TELEVISI\u00d3N<\/b><\/p><p><a style=\"font-style: inherit; font-weight: inherit; background-color: #ffffff; font-family: -apple-system, BlinkMacSystemFont,;\" href=\"https:\/\/www.litoralpress.cl\/Archivos\/YUL5PLIL5CSFOM2U4UV3U3HD4A.mp4\" target=\"_blank\" rel=\"noopener\">Partidos buscan f\u00f3rmulas para lograr la mayor\u00eda parlamentaria en la pr\u00f3xima elecci\u00f3n. Se refiere Mauricio Morales, director del Centro de An\u00e1lisis Pol\u00edtico (CAP) de la UTalca.<\/a><\/p><p>\u00a0<\/p><p><b>NOSTALGICA.CL<\/b><\/p><p><a style=\"font-style: inherit; font-weight: inherit; background-color: #ffffff; font-family: -apple-system, BlinkMacSystemFont,;\" href=\"https:\/\/www.nostalgica.cl\/unidad-y-epica-versus-descredito-de-la-politica-los-puntos-a-favor-y-en-contra-de-la-performance-de-la-oposicion-en-la-ac\/\" target=\"_blank\" rel=\"noopener\">Unidad y \u00e9pica versus descr\u00e9dito de la pol\u00edtica: Los puntos a favor y en contra de la performance de la oposici\u00f3n en la AC. Se refiere Mauricio Morales, director del Centro de An\u00e1lisis Pol\u00edtico (CAP) de la UTalca.<\/a><\/p><p>\u00a0<\/p><p><b>CANAL TVN RED MAULE<\/b><\/p><p><a style=\"font-style: inherit; font-weight: inherit; background-color: #ffffff; font-family: -apple-system, BlinkMacSystemFont,;\" href=\"https:\/\/www.litoralpress.cl\/Archivos\/5YKVCNOZ72MWSNSI4ZTKRR7HOQ.mp4\" target=\"_blank\" rel=\"noopener\">Ma\u00f1ana se desarrollar\u00e1 el s\u00e9ptimo cap\u00edtulo de la Catedra Hispanoamericana Oreste Plath. Se menciona a la UTalca.<\/a><\/p><p>\u00a0<\/p><p><b>DIARIO TALCA<\/b><\/p><p><a style=\"font-style: inherit; font-weight: inherit; background-color: #ffffff; font-family: -apple-system, BlinkMacSystemFont,;\" href=\"https:\/\/www.litoralpress.cl\/paginaconsultas\/Documentos\/Crear_Achivo_Pdf.aspx?LPKey=I5CCQ2QCX52JXLZXMV36JJG6Z6MQKHHFZQKR7VHKT23NTQPDV34Q\" target=\"_blank\" rel=\"noopener\">Los or\u00edgenes de Rangers en el Club 18 de Septiembre. Se menciona al Centro de Documentaci\u00f3n Patrimonial de la UTalca.<\/a><\/p><p>\u00a0<\/p><p><b>RADIO RANCAGUA<\/b><\/p><p><a style=\"font-style: inherit; font-weight: inherit; background-color: #ffffff; font-family: -apple-system, BlinkMacSystemFont,;\" href=\"https:\/\/www.litoralpress.cl\/sitio\/RadioTV_Detalles.cshtml?LPKey=XVLQYJTTSXEMEEKRJYJL43VJPAFIXJZIC57YBL5HRDRQTVJYZVHQ\" target=\"_blank\" rel=\"noopener\">Firman un convenio entre la Municipalidad de Rancagua con el Liceo \u00d3scar Castro para fomentar el ingreso de estudiantes a la Universidad. Se menciona a la UTalca.<\/a><\/p>\t\t\t\t\t\t<\/div>\n\t\t\t\t<\/div>\n\t\t\t\t\t<\/div>\n\t\t<\/div>\n\t\t\t\t\t\t\t<\/div>\n\t\t<\/section>\n\t\t\t\t\t\t<\/div>\n\t\t\t\t\t<\/div>\n\t\t","protected":false},"excerpt":{"rendered":"<p>EL MERCURIO Ranking I+D+i 2021 muestra el dinamismo que est\u00e1n logrando las universidades chilenas en desaf\u00edos clave para entrar a la sociedad del conocimiento. Se menciona a la UTalca. \u00a0 EL MERCURIO Las distintas fortalezas institucionales que muestran las tres dimensiones del ranking. Se menciona a la UTalca. \u00a0 EL MERCURIO En dos a\u00f1os, aumentan &hellip;<\/p>\n<p class=\"read-more\"> <a class=\"\" href=\"https:\/\/www.reportedeprensa.utalca.cl\/?p=2375\"> <span class=\"screen-reader-text\">11 de noviembre de 2021<\/span> Read More &raquo;<\/a><\/p>\n","protected":false},"author":1,"featured_media":0,"comment_status":"closed","ping_status":"open","sticky":false,"template":"elementor_theme","format":"standard","meta":{"_monsterinsights_skip_tracking":false,"_monsterinsights_sitenote_active":false,"_monsterinsights_sitenote_note":"","_monsterinsights_sitenote_category":0},"categories":[14],"tags":[],"_links":{"self":[{"href":"https:\/\/www.reportedeprensa.utalca.cl\/index.php?rest_route=\/wp\/v2\/posts\/2375"}],"collection":[{"href":"https:\/\/www.reportedeprensa.utalca.cl\/index.php?rest_route=\/wp\/v2\/posts"}],"about":[{"href":"https:\/\/www.reportedeprensa.utalca.cl\/index.php?rest_route=\/wp\/v2\/types\/post"}],"author":[{"embeddable":true,"href":"https:\/\/www.reportedeprensa.utalca.cl\/index.php?rest_route=\/wp\/v2\/users\/1"}],"replies":[{"embeddable":true,"href":"https:\/\/www.reportedeprensa.utalca.cl\/index.php?rest_route=%2Fwp%2Fv2%2Fcomments&post=2375"}],"version-history":[{"count":4,"href":"https:\/\/www.reportedeprensa.utalca.cl\/index.php?rest_route=\/wp\/v2\/posts\/2375\/revisions"}],"predecessor-version":[{"id":2379,"href":"https:\/\/www.reportedeprensa.utalca.cl\/index.php?rest_route=\/wp\/v2\/posts\/2375\/revisions\/2379"}],"wp:attachment":[{"href":"https:\/\/www.reportedeprensa.utalca.cl\/index.php?rest_route=%2Fwp%2Fv2%2Fmedia&parent=2375"}],"wp:term":[{"taxonomy":"category","embeddable":true,"href":"https:\/\/www.reportedeprensa.utalca.cl\/index.php?rest_route=%2Fwp%2Fv2%2Fcategories&post=2375"},{"taxonomy":"post_tag","embeddable":true,"href":"https:\/\/www.reportedeprensa.utalca.cl\/index.php?rest_route=%2Fwp%2Fv2%2Ftags&post=2375"}],"curies":[{"name":"wp","href":"https:\/\/api.w.org\/{rel}","templated":true}]}}