{"id":2386,"date":"2021-11-12T09:09:20","date_gmt":"2021-11-12T12:09:20","guid":{"rendered":"https:\/\/www.reportedeprensa.utalca.cl\/?p=2386"},"modified":"2021-11-12T09:19:18","modified_gmt":"2021-11-12T12:19:18","slug":"12-de-noviembre-de-2021","status":"publish","type":"post","link":"https:\/\/www.reportedeprensa.utalca.cl\/?p=2386","title":{"rendered":"12 de noviembre de 2021"},"content":{"rendered":"\t\t<div data-elementor-type=\"wp-post\" data-elementor-id=\"2386\" class=\"elementor elementor-2386\" data-elementor-settings=\"[]\">\n\t\t\t\t\t\t\t<div class=\"elementor-section-wrap\">\n\t\t\t\t\t\t\t<section class=\"elementor-section elementor-top-section elementor-element elementor-element-a06ca45 elementor-section-boxed elementor-section-height-default elementor-section-height-default\" data-id=\"a06ca45\" data-element_type=\"section\">\n\t\t\t\t\t\t<div class=\"elementor-container elementor-column-gap-default\">\n\t\t\t\t\t<div class=\"elementor-column elementor-col-100 elementor-top-column elementor-element elementor-element-1486c35\" data-id=\"1486c35\" data-element_type=\"column\">\n\t\t\t<div class=\"elementor-widget-wrap elementor-element-populated\">\n\t\t\t\t\t\t\t\t<div class=\"elementor-element elementor-element-42b145e elementor-widget elementor-widget-text-editor\" data-id=\"42b145e\" data-element_type=\"widget\" data-widget_type=\"text-editor.default\">\n\t\t\t\t<div class=\"elementor-widget-container\">\n\t\t\t\t\t\t\t\t<p><b>EL HERALDO<\/b><\/p><p><a style=\"font-style: inherit; font-weight: inherit; background-color: #ffffff; font-family: -apple-system, BlinkMacSystemFont,;\" href=\"https:\/\/www.litoralpress.cl\/paginaconsultas\/Servicios_NClip\/Get_Imagen_Nota.aspx?LPKey=YISSIDE6ZEPJSRUIVRH3SJTQKPX37MSJ3VK55ZWYQC23IPYLB65ZAMSBITKHBULQV6O4JOZVS2JN6\" target=\"_blank\" rel=\"noopener\">Universidad de Talca se adjudic\u00f3 dos nuevos proyectos de innovaci\u00f3n.<\/a><\/p><p>\u00a0<\/p><p><b>DIARIOELHERALDO.CL<\/b><\/p><p><a style=\"font-style: inherit; font-weight: inherit; background-color: #ffffff; font-family: -apple-system, BlinkMacSystemFont,;\" href=\"http:\/\/www.diarioelheraldo.cl\/noticia\/universidad-de-talca-se-adjudico-dos-nuevos-proyectos-de-innovacion-\" target=\"_blank\" rel=\"noopener\">Universidad de Talca se adjudic\u00f3 dos nuevos proyectos de innovaci\u00f3n.<\/a><\/p><p>\u00a0<\/p><p><b>ELMAULEINFORMA.CL<\/b><\/p><p><a style=\"font-style: inherit; font-weight: inherit; background-color: #ffffff; font-family: -apple-system, BlinkMacSystemFont,;\" href=\"https:\/\/elmauleinforma.cl\/universidad-de-talca-se-adjudico-dos-nuevos-proyectos-de-innovacion\/\" target=\"_blank\" rel=\"noopener\">Universidad de Talca se adjudic\u00f3 dos nuevos proyectos de innovaci\u00f3n.<\/a><\/p><p>\u00a0<\/p><p><b>MAULEHOY.CL<\/b><\/p><p><a style=\"font-style: inherit; font-weight: inherit; background-color: #ffffff; font-family: -apple-system, BlinkMacSystemFont,;\" href=\"https:\/\/maulehoy.cl\/2021\/11\/11\/u-talca-abre-sus-puertas-a-estudiantes-de-educacion-media\/\" target=\"_blank\" rel=\"noopener\">UTalca abre sus puertas a estudiantes de educaci\u00f3n media.<\/a><\/p><p>\u00a0<\/p><p><b>RADIO COOPERATIVA<\/b><\/p><p><a style=\"font-style: inherit; font-weight: inherit; background-color: #ffffff; font-family: -apple-system, BlinkMacSystemFont,;\" href=\"https:\/\/www.litoralpress.cl\/sitio\/RadioTV_Detalles.cshtml?LPKey=7LAG2YIZMIZQPSO72A7OTF3SGFZ32KU6F2P2DZ7GXQEBIEY5D6XA\" target=\"_blank\" rel=\"noopener\">Maule: 15 personas recibieron por error doble dosis de Sinovac de refuerzo. Se refiere Marcelo Alarc\u00f3n, acad\u00e9mico del Departamento de Bioqu\u00edmica Cl\u00ednica e Inmunohematolog\u00eda de la UTalca.<\/a><\/p><p>\u00a0<\/p><p><b>LATERCERA.COM<\/b><\/p><p><a style=\"font-style: inherit; font-weight: inherit; background-color: #ffffff; font-family: -apple-system, BlinkMacSystemFont,;\" href=\"https:\/\/www.latercera.com\/que-pasa\/noticia\/llego-la-hora-de-tomar-medidas-concretas-para-reducir-las-brechas-de-genero-en-la-academia\/MAM3IGNZGBAVLEPUROES4BJFQM\/\" target=\"_blank\" rel=\"noopener\">Lleg\u00f3 la hora de tomar medidas concretas para reducir las brechas de g\u00e9nero en la academia. Columna de opini\u00f3n de Karin Saavedra y Andrea Bentancor, acad\u00e9micas de la Facultades de Ingenier\u00eda y Econom\u00eda y Negocios (FEN) de la UTalca, respectivamente.<\/a><\/p><p>\u00a0<\/p><p><b>EMOL.COM<\/b><\/p><p><a style=\"font-style: inherit; font-weight: inherit; background-color: #ffffff; font-family: -apple-system, BlinkMacSystemFont,;\" href=\"https:\/\/www.emol.com\/noticias\/Nacional\/2021\/11\/11\/1037988\/zonas-conflicto-araucania-estado-excepcion.html\" target=\"_blank\" rel=\"noopener\">El perfil socioecon\u00f3mico y los atentados recientes en las 52 comunas bajo estado de excepci\u00f3n en la macrozona sur. Se refiere Dany Jaimovich, acad\u00e9mico de la Facultad de Econom\u00eda y Negocios (FEN) de la Universidad de Talca.<\/a><\/p><p>\u00a0<\/p><p><b>NOSTALGICA.CL<\/b><\/p><p><a style=\"font-style: inherit; font-weight: inherit; background-color: #ffffff; font-family: -apple-system, BlinkMacSystemFont,;\" href=\"https:\/\/www.nostalgica.cl\/el-perfil-socioeconomico-y-los-atentados-recientes-en-las-52-comunas-bajo-estado-de-excepcion-en-la-macrozona-sur\/\" target=\"_blank\" rel=\"noopener\">El perfil socioecon\u00f3mico y los atentados recientes en las 52 comunas bajo estado de excepci\u00f3n en la macrozona sur. Se refiere Dany Jaimovich, acad\u00e9mico de la Facultad de Econom\u00eda y Negocios (FEN) de la Universidad de Talca.<\/a><\/p><p>\u00a0<\/p><p><b>LA PRENSA<\/b><\/p><p><a style=\"font-style: inherit; font-weight: inherit; background-color: #ffffff; font-family: -apple-system, BlinkMacSystemFont,;\" href=\"https:\/\/www.litoralpress.cl\/paginaconsultas\/Servicios_NClip\/Get_Imagen_Nota.aspx?LPKey=BIQOSUYCFVN45M254OHPTBLBXAABSPRCHI7FFGEOW4E5F5ZJEAQRCGT6E6ALWIBH3LWOK5MGWQYPA\" target=\"_blank\" rel=\"noopener\">Maule: Buscan conocer la real situaci\u00f3n que presenta la salud bucal entre adultos mayores. Se refiere Ramiro Castro, acad\u00e9mico de la escuela de Odontolog\u00eda de la UTalca.<\/a><\/p><p>\u00a0<\/p><p><b>CANAL 30<\/b><\/p><p><a style=\"font-style: inherit; font-weight: inherit; background-color: #ffffff; font-family: -apple-system, BlinkMacSystemFont,;\" href=\"https:\/\/www.facebook.com\/canal30linares\/videos\/946497385957620\/\" target=\"_blank\" rel=\"noopener\">Director de Salud del Estudiante de la UTalca, Daniel Jim\u00e9nez, se refiere al uso correcto de las mascarillas.<\/a><\/p><p>\u00a0<\/p><p><b>LANOTICIA.CL<\/b><\/p><p><a style=\"font-style: inherit; font-weight: inherit; background-color: #ffffff; font-family: -apple-system, BlinkMacSystemFont,;\" href=\"https:\/\/lanoticia.cl\/economista-utalca-manifiesta-preocupacion-por-tendencia-inflacionaria\/\" target=\"_blank\" rel=\"noopener\">Economista UTalca manifiesta preocupaci\u00f3n por tendencia inflacionaria.<\/a><\/p><p>\u00a0<\/p><p><b>AQUA-LAC.ORG<\/b><\/p><p><a style=\"font-style: inherit; font-weight: inherit; background-color: #ffffff; font-family: -apple-system, BlinkMacSystemFont,;\" href=\"https:\/\/aqua-lac.org\/index.php\/Aqua-LAC\/article\/view\/306\" target=\"_blank\" rel=\"noopener\">Propuestas de actuaci\u00f3n a corto y mediano plazo para los recursos h\u00eddricos en Chile en escenarios de restricci\u00f3n h\u00eddrica. Publicaci\u00f3n de Roberto Pizarro, acad\u00e9mico de la Escuela de Ingenier\u00eda Forestal de la UTalca.<\/a><\/p><p>\u00a0<\/p><p><b>CANAL TVN<\/b><\/p><p><a style=\"font-style: inherit; font-weight: inherit; background-color: #ffffff; font-family: -apple-system, BlinkMacSystemFont,;\" href=\"https:\/\/www.litoralpress.cl\/sitio\/RadioTV_Detalles.cshtml?LPKey=72YZUCDWYFHDUYNZSLWTLRWPWHJWAZIYBWHVL3LMNITUK3WEVLQQ\" target=\"_blank\" rel=\"noopener\">Franco Parisi: &#8220;El candidato ausente&#8221;. Se refiere Mauricio Morales, director del Centro de An\u00e1lisis Pol\u00edtico (CAP) de la UTalca.<\/a><\/p><p>\u00a0<\/p><p><b>CANAL 24 HORAS<\/b><\/p><p><a style=\"font-style: inherit; font-weight: inherit; background-color: #ffffff; font-family: -apple-system, BlinkMacSystemFont,;\" href=\"https:\/\/www.litoralpress.cl\/sitio\/RadioTV_Detalles.cshtml?LPKey=UOXWHRZ7DKKATFK2PMZB4FZIH3XHIJ6JWFA5B6TMJ26LKJHO5P2Q\" target=\"_blank\" rel=\"noopener\">Franco Parisi: &#8220;El candidato ausente&#8221;. Se refiere Mauricio Morales, director del Centro de An\u00e1lisis Pol\u00edtico (CAP) de la UTalca.<\/a><\/p><p>\u00a0<\/p><p><b>CANAL CHILEVISI\u00d3N<\/b><\/p><p><a style=\"font-style: inherit; font-weight: inherit; background-color: #ffffff; font-family: -apple-system, BlinkMacSystemFont,;\" href=\"https:\/\/www.litoralpress.cl\/sitio\/RadioTV_Detalles.cshtml?LPKey=IPBTVIVRE5FHAJNNYQNG7OHPZYIJAMZ6CZMT5VWPWMRUIKUW3RLQ\" target=\"_blank\" rel=\"noopener\">Franco Parisi dio positivo por COVID-19. Se refiere Mauricio Morales, director del Centro de An\u00e1lisis Pol\u00edtico (CAP) de la UTalca.<\/a><\/p><p>\u00a0<\/p><p><b>CANAL CNN CHILE<\/b><\/p><p><a style=\"font-style: inherit; font-weight: inherit; background-color: #ffffff; font-family: -apple-system, BlinkMacSystemFont,;\" href=\"https:\/\/www.litoralpress.cl\/sitio\/RadioTV_Detalles.cshtml?LPKey=WKQD7QZYBGJS3Y73N3UNVFQJRYNGUJ5GMN4PKXBVYHTFVG6YH3KQ\" target=\"_blank\" rel=\"noopener\">Franco Parisi posterga su llegada a Chile por estar contagiado de COVID-19. Se refiere Mauricio Morales, director del Centro de An\u00e1lisis Pol\u00edtico (CAP) de la UTalca.<\/a><\/p><p>\u00a0<\/p><p><b>CANAL MEGA<\/b><\/p><p><a style=\"font-style: inherit; font-weight: inherit; background-color: #ffffff; font-family: -apple-system, BlinkMacSystemFont,;\" href=\"https:\/\/www.litoralpress.cl\/sitio\/RadioTV_Detalles.cshtml?LPKey=27C654G5I2TAAVHAMLTVIF45RNDKNJCUBUTY354EAFGLNZGYOZ3A\" target=\"_blank\" rel=\"noopener\">Franco Parisi no llegar\u00e1 a Chile para las elecciones por COVID-19. Se refiere Mauricio Morales, director del Centro de An\u00e1lisis Pol\u00edtico (CAP) de la UTalca.<\/a><\/p><p>\u00a0<\/p><p><b>CANAL MEGA PLUS<\/b><\/p><p><a style=\"font-style: inherit; font-weight: inherit; background-color: #ffffff; font-family: -apple-system, BlinkMacSystemFont,;\" href=\"https:\/\/www.litoralpress.cl\/sitio\/RadioTV_Detalles.cshtml?LPKey=JOFHER76GM6PLU64XGGPXS6C5Q6BHXBUUU52SNDKGXGOWYFRGMIQ\" target=\"_blank\" rel=\"noopener\">Franco Parisi no llegar\u00e1 a Chile para las elecciones por COVID-19. Se refiere Mauricio Morales, director del Centro de An\u00e1lisis Pol\u00edtico (CAP) de la UTalca.<\/a><\/p><p>\u00a0<\/p><p><b>EX\u2013ANTE.CL<\/b><\/p><p><a style=\"font-style: inherit; font-weight: inherit; background-color: #ffffff; font-family: -apple-system, BlinkMacSystemFont,;\" href=\"https:\/\/www.ex-ante.cl\/por-quien-votaran-los-electores-de-parisi-en-segunda-vuelta-lo-que-dicen-las-cifras-del-balotaje-de-2013\/\" target=\"_blank\" rel=\"noopener\">\u00bfPor qui\u00e9n votar\u00e1n los electores de Parisi en segunda vuelta?: Lo que dicen las cifras del balotaje de 2013. Se refiere Mauricio Morales, director del Centro de An\u00e1lisis Pol\u00edtico (CAP) de la UTalca.<\/a><\/p><p>\u00a0<\/p><p><b>T13.CL<\/b><\/p><p><a style=\"font-style: inherit; font-weight: inherit; background-color: #ffffff; font-family: -apple-system, BlinkMacSystemFont,;\" href=\"https:\/\/www.t13.cl\/noticia\/elecciones-2021\/ex-ante\/politica\/por-quien-votaran-electores-parisi-segunda-vuelta-cifras-del-balotaje-2013\" target=\"_blank\" rel=\"noopener\">\u00bfPor qui\u00e9n votar\u00e1n los electores de Parisi en segunda vuelta?: Lo que dicen las cifras del balotaje de 2013. Se refiere Mauricio Morales, director del Centro de An\u00e1lisis Pol\u00edtico (CAP) de la UTalca.<\/a><\/p><p>\u00a0<\/p><p><b>CANAL CONTIVISI\u00d3N<\/b><\/p><p><a style=\"font-style: inherit; font-weight: inherit; background-color: #ffffff; font-family: -apple-system, BlinkMacSystemFont,;\" href=\"https:\/\/www.litoralpress.cl\/sitio\/RadioTV_Detalles.cshtml?LPKey=NR6TR37E2Q5HPKG4JWGASAJ52FCHTYP67THFXM2SO3R7ONVBI5PQ\" target=\"_blank\" rel=\"noopener\">Votantes aseguran que no acudir\u00e1n a elecci\u00f3n general del 21 de noviembre si no se aprueba el cuarto retiro previsional. Se refiere Mario Herrera, acad\u00e9mico Centro de An\u00e1lisis Pol\u00edtico (CAP) de la UTalca.<\/a><\/p><p>\u00a0<\/p><p><b>NUEVOPODER.CL<\/b><\/p><p><a style=\"font-style: inherit; font-weight: inherit; background-color: #ffffff; font-family: -apple-system, BlinkMacSystemFont,;\" href=\"https:\/\/www.nuevopoder.cl\/votantes-de-parisi-favorecerian-a-kast-sichel-o-provoste-en-segunda-vuelta\/\" target=\"_blank\" rel=\"noopener\">Votantes de Parisi favorecer\u00edan a Kast, Sichel o Provoste en segunda vuelta. Se refiere Mauricio Morales, director del Centro de An\u00e1lisis Pol\u00edtico (CAP) de la UTalca.<\/a><\/p><p>\u00a0<\/p><p><b>ALERTALEY.CL<\/b><\/p><p><a style=\"font-style: inherit; font-weight: inherit; background-color: #ffffff; font-family: -apple-system, BlinkMacSystemFont,;\" href=\"https:\/\/alertaley.cl\/dos-declaraciones-contra-la-violencia-y-un-tenso-pleno-convencion-al-dia-miercoles-10-de-noviembre\/\" target=\"_blank\" rel=\"noopener\">\u201cDos declaraciones contra la violencia y un tenso pleno\u201d. Convenci\u00f3n al d\u00eda \u2013 mi\u00e9rcoles 10 de noviembre. Se menciona a Humberto Nogueira, director del Centro de Estudios Constitucionales de Chile (CECOCH) de la UTalca.<\/a><\/p><p>\u00a0<\/p><p><b>24HORAS.CL<\/b><\/p><p><a style=\"font-style: inherit; font-weight: inherit; background-color: #ffffff; font-family: -apple-system, BlinkMacSystemFont,;\" href=\"https:\/\/www.24horas.cl\/convencionconstituyente\/comisiones-tematicas-revisa-en-vivo-las-sesiones-de-este-jueves-5055716\" target=\"_blank\" rel=\"noopener\">Comisiones tem\u00e1ticas: Revisa en vivo las sesiones de este jueves. Se menciona a Gonzalo Aguilar, director del Mag\u00edster en Derecho Constitucional de la UTalca.<\/a><\/p>\t\t\t\t\t\t<\/div>\n\t\t\t\t<\/div>\n\t\t\t\t\t<\/div>\n\t\t<\/div>\n\t\t\t\t\t\t\t<\/div>\n\t\t<\/section>\n\t\t\t\t\t\t<\/div>\n\t\t\t\t\t<\/div>\n\t\t","protected":false},"excerpt":{"rendered":"<p>EL HERALDO Universidad de Talca se adjudic\u00f3 dos nuevos proyectos de innovaci\u00f3n. \u00a0 DIARIOELHERALDO.CL Universidad de Talca se adjudic\u00f3 dos nuevos proyectos de innovaci\u00f3n. \u00a0 ELMAULEINFORMA.CL Universidad de Talca se adjudic\u00f3 dos nuevos proyectos de innovaci\u00f3n. \u00a0 MAULEHOY.CL UTalca abre sus puertas a estudiantes de educaci\u00f3n media. \u00a0 RADIO COOPERATIVA Maule: 15 personas recibieron por &hellip;<\/p>\n<p class=\"read-more\"> <a class=\"\" href=\"https:\/\/www.reportedeprensa.utalca.cl\/?p=2386\"> <span class=\"screen-reader-text\">12 de noviembre de 2021<\/span> Read More &raquo;<\/a><\/p>\n","protected":false},"author":1,"featured_media":0,"comment_status":"closed","ping_status":"open","sticky":false,"template":"elementor_theme","format":"standard","meta":{"_monsterinsights_skip_tracking":false,"_monsterinsights_sitenote_active":false,"_monsterinsights_sitenote_note":"","_monsterinsights_sitenote_category":0},"categories":[14],"tags":[],"_links":{"self":[{"href":"https:\/\/www.reportedeprensa.utalca.cl\/index.php?rest_route=\/wp\/v2\/posts\/2386"}],"collection":[{"href":"https:\/\/www.reportedeprensa.utalca.cl\/index.php?rest_route=\/wp\/v2\/posts"}],"about":[{"href":"https:\/\/www.reportedeprensa.utalca.cl\/index.php?rest_route=\/wp\/v2\/types\/post"}],"author":[{"embeddable":true,"href":"https:\/\/www.reportedeprensa.utalca.cl\/index.php?rest_route=\/wp\/v2\/users\/1"}],"replies":[{"embeddable":true,"href":"https:\/\/www.reportedeprensa.utalca.cl\/index.php?rest_route=%2Fwp%2Fv2%2Fcomments&post=2386"}],"version-history":[{"count":4,"href":"https:\/\/www.reportedeprensa.utalca.cl\/index.php?rest_route=\/wp\/v2\/posts\/2386\/revisions"}],"predecessor-version":[{"id":2390,"href":"https:\/\/www.reportedeprensa.utalca.cl\/index.php?rest_route=\/wp\/v2\/posts\/2386\/revisions\/2390"}],"wp:attachment":[{"href":"https:\/\/www.reportedeprensa.utalca.cl\/index.php?rest_route=%2Fwp%2Fv2%2Fmedia&parent=2386"}],"wp:term":[{"taxonomy":"category","embeddable":true,"href":"https:\/\/www.reportedeprensa.utalca.cl\/index.php?rest_route=%2Fwp%2Fv2%2Fcategories&post=2386"},{"taxonomy":"post_tag","embeddable":true,"href":"https:\/\/www.reportedeprensa.utalca.cl\/index.php?rest_route=%2Fwp%2Fv2%2Ftags&post=2386"}],"curies":[{"name":"wp","href":"https:\/\/api.w.org\/{rel}","templated":true}]}}