{"id":2397,"date":"2021-11-15T08:47:42","date_gmt":"2021-11-15T11:47:42","guid":{"rendered":"https:\/\/www.reportedeprensa.utalca.cl\/?p=2397"},"modified":"2021-11-15T09:21:53","modified_gmt":"2021-11-15T12:21:53","slug":"15-de-noviembre-de-2021","status":"publish","type":"post","link":"https:\/\/www.reportedeprensa.utalca.cl\/?p=2397","title":{"rendered":"15 de noviembre de 2021"},"content":{"rendered":"\t\t<div data-elementor-type=\"wp-post\" data-elementor-id=\"2397\" class=\"elementor elementor-2397\" data-elementor-settings=\"[]\">\n\t\t\t\t\t\t\t<div class=\"elementor-section-wrap\">\n\t\t\t\t\t\t\t<section class=\"elementor-section elementor-top-section elementor-element elementor-element-a06ca45 elementor-section-boxed elementor-section-height-default elementor-section-height-default\" data-id=\"a06ca45\" data-element_type=\"section\">\n\t\t\t\t\t\t<div class=\"elementor-container elementor-column-gap-default\">\n\t\t\t\t\t<div class=\"elementor-column elementor-col-100 elementor-top-column elementor-element elementor-element-1486c35\" data-id=\"1486c35\" data-element_type=\"column\">\n\t\t\t<div class=\"elementor-widget-wrap elementor-element-populated\">\n\t\t\t\t\t\t\t\t<div class=\"elementor-element elementor-element-42b145e elementor-widget elementor-widget-text-editor\" data-id=\"42b145e\" data-element_type=\"widget\" data-widget_type=\"text-editor.default\">\n\t\t\t\t<div class=\"elementor-widget-container\">\n\t\t\t\t\t\t\t\t<p><b>ADPRENSA.CL<\/b><\/p><p><a style=\"font-style: inherit; font-weight: inherit; background-color: #ffffff; font-family: -apple-system, BlinkMacSystemFont,;\" href=\"https:\/\/www.adprensa.cl\/actividades-academicas\/editorial-utalca-presenta-libro-que-recoge-los-20-anos-del-premio-iberoamericano-de-letras-jose-donoso\/\" target=\"_blank\" rel=\"noopener\">Editorial UTalca presenta libro que recoge los 20 a\u00f1os del Premio Iberoamericano de Letras Jos\u00e9 Donoso.<\/a><\/p><p>\u00a0<\/p><p><b>LA PRENSA<\/b><\/p><p><a style=\"font-style: inherit; font-weight: inherit; background-color: #ffffff; font-family: -apple-system, BlinkMacSystemFont,;\" href=\"https:\/\/www.litoralpress.cl\/paginaconsultas\/Servicios_NClip\/Get_Imagen_Nota.aspx?LPKey=RNDVGQMP3BI4YQBYENT4OAX33FHM65LKVAIFVB33TJC4YXCKXEC27VFF6PFYD7VAOFZGDMKKFBZH4\" target=\"_blank\" rel=\"noopener\">Rector de la UTalca destaca aporte de La Prensa al desarrollo regional.<\/a><\/p><p>\u00a0<\/p><p><b>LANOTICIA.CL<\/b><\/p><p><a style=\"font-style: inherit; font-weight: inherit; background-color: #ffffff; font-family: -apple-system, BlinkMacSystemFont,;\" href=\"https:\/\/lanoticia.cl\/universidad-de-talca-se-adjudico-dos-nuevos-proyectos-de-innovacion\/\" target=\"_blank\" rel=\"noopener\">Universidad de Talca se adjudic\u00f3 dos nuevos proyectos de innovaci\u00f3n.<\/a><\/p><p>\u00a0<\/p><p><b>EL MERCURIO<\/b><\/p><p><a style=\"font-style: inherit; font-weight: inherit; background-color: #ffffff; font-family: -apple-system, BlinkMacSystemFont,;\" href=\"https:\/\/www.litoralpress.cl\/paginaconsultas\/Servicios_NClip\/Get_Imagen_Nota.aspx?LPKey=XLILEL7VABHRQWKMD5ZMXHURM2QC6D5K3V3KJPD2U6TOG4S2VZTOJDNJF2RJVJSL2EY2HQJ4FAZNG\" target=\"_blank\" rel=\"noopener\">La semana que viene: Sistema de Justicia. Se menciona a Diego Palomo, acad\u00e9mico de la Facultad de Ciencias Jur\u00eddicas y Sociales de la Universidad de Talca.<\/a><\/p><p>\u00a0<\/p><p><b>ADPRENSA.CL<\/b><\/p><p><a style=\"font-style: inherit; font-weight: inherit; background-color: #ffffff; font-family: -apple-system, BlinkMacSystemFont,;\" href=\"https:\/\/www.adprensa.cl\/cronica\/premio-nacional-de-humanidades-y-cs-sociales-advierte-deficit-en-la-salud-mental-de-los-chilenos\/\" target=\"_blank\" rel=\"noopener\">Premio Nacional de Humanidades y Cs. Sociales advierte d\u00e9ficit en la salud mental de los chilenos. Se refieren Marco Molina, vicerrector Acad\u00e9mico de la Universidad de Talca; Ismael Gallardo, decano de la Facultad de Psicolog\u00eda de la UTalca; y Andrea Cerda, directora de la Escuela de Psicolog\u00eda.<\/a><\/p><p>\u00a0<\/p><p><b>G5NOTICIAS.CL<\/b><\/p><p><a style=\"font-style: inherit; font-weight: inherit; background-color: #ffffff; font-family: -apple-system, BlinkMacSystemFont,;\" href=\"https:\/\/g5noticias.cl\/2021\/11\/14\/premio-nacional-de-humanidades-y-cs-sociales-advierte-deficit-en-la-salud-mental-de-los-chilenos\/\" target=\"_blank\" rel=\"noopener\">Premio Nacional de Humanidades y Cs. Sociales advierte d\u00e9ficit en la salud mental de los chilenos. Se refieren Marco Molina, vicerrector Acad\u00e9mico de la Universidad de Talca; Ismael Gallardo, decano de la Facultad de Psicolog\u00eda de la UTalca; y Andrea Cerda, directora de la Escuela de Psicolog\u00eda.<\/a><\/p><p>\u00a0<\/p><p><b>NORTEVISION.CL<\/b><\/p><p><a style=\"font-style: inherit; font-weight: inherit; background-color: #ffffff; font-family: -apple-system, BlinkMacSystemFont,;\" href=\"https:\/\/nortevision.cl\/2021\/11\/12\/premio-nacional-de-humanidades-y-ciencias-sociales-advierte-deficit-en-la-salud-mental-de-los-chilenos\/\" target=\"_blank\" rel=\"noopener\">Premio Nacional de Humanidades y Cs. Sociales advierte d\u00e9ficit en la salud mental de los chilenos. Se refieren Marco Molina, vicerrector Acad\u00e9mico de la Universidad de Talca; Ismael Gallardo, decano de la Facultad de Psicolog\u00eda de la UTalca; y Andrea Cerda, directora de la Escuela de Psicolog\u00eda.<\/a><\/p><p>\u00a0<\/p><p><b>LA PRENSA<\/b><\/p><p><a style=\"font-style: inherit; font-weight: inherit; background-color: #ffffff; font-family: -apple-system, BlinkMacSystemFont,;\" href=\"https:\/\/www.litoralpress.cl\/paginaconsultas\/Servicios_NClip\/Get_Imagen_Nota.aspx?LPKey=4RYFPKT6SAO72SKAUH3WZ7YVJXNVFLVDLBD6AURUFE5SZL2UQCRBCKNJYHN6K5IAYJVW66CHBFA7I\" target=\"_blank\" rel=\"noopener\">Diario La Prensa conmemora hoy sus 123 a\u00f1os de vida. Se menciona a \u00c1lvaro Rojas, rector de la Universidad de Talca.<\/a><\/p><p>\u00a0<\/p><p><b>DIARIOLAPRENSA.CL<\/b><\/p><p><a style=\"font-style: inherit; font-weight: inherit; background-color: #ffffff; font-family: -apple-system, BlinkMacSystemFont,;\" href=\"https:\/\/new.diariolaprensa.cl\/index.php\/2021\/11\/13\/diario-la-prensa-conmemora-hoy-sus-123-anos-de-vida\/\" target=\"_blank\" rel=\"noopener\">Diario La Prensa conmemora hoy sus 123 a\u00f1os de vida. Se menciona a \u00c1lvaro Rojas, rector de la Universidad de Talca.<\/a><\/p><p>\u00a0<\/p><p><b>ADPRENSA.CL<\/b><\/p><p><a style=\"font-style: inherit; font-weight: inherit; background-color: #ffffff; font-family: -apple-system, BlinkMacSystemFont,;\" href=\"https:\/\/www.adprensa.cl\/politica\/campustv-transmitira-en-directo-ultimo-debate-presidencial\/\" target=\"_blank\" rel=\"noopener\">CAMPUSTV transmitir\u00e1 en directo \u00faltimo debate presidencial.<\/a><\/p><p>\u00a0<\/p><p><b>EL HERALDO<\/b><\/p><p><a style=\"font-style: inherit; font-weight: inherit; background-color: #ffffff; font-family: -apple-system, BlinkMacSystemFont,;\" href=\"https:\/\/www.litoralpress.cl\/paginaconsultas\/Servicios_NClip\/Get_Imagen_Nota.aspx?LPKey=KKJB5ZP6PTRK2S2KHBJMCZ3ZRV4RT4CCZYOSJG4LORE52OQKQMKB2W6GOUXVMIGWMZQTCUQKU25DG\" target=\"_blank\" rel=\"noopener\">CAMPUSTV transmitir\u00e1 en directo \u00faltimo debate presidencial.<\/a><\/p><p>\u00a0<\/p><p><b>LA PRENSA\u00a0<\/b><\/p><p><a style=\"font-style: inherit; font-weight: inherit; background-color: #ffffff; font-family: -apple-system, BlinkMacSystemFont,;\" href=\"https:\/\/www.litoralpress.cl\/paginaconsultas\/Servicios_NClip\/Get_Imagen_Nota.aspx?LPKey=VIWI3HZ3OMLB72XBMSAQLCHEI27EQFNV626IHHBBVAHLXKRJNQJLWLKD7G2XZMR5ZWB4CLD73KLDC\" target=\"_blank\" rel=\"noopener\">CAMPUSTV transmitir\u00e1 en directo el \u00faltimo debate presidencial.<\/a><\/p><p>\u00a0<\/p><p><b>DIARIOLAPRENSA.CL<\/b><\/p><p><a style=\"font-style: inherit; font-weight: inherit; background-color: #ffffff; font-family: -apple-system, BlinkMacSystemFont,;\" href=\"https:\/\/new.diariolaprensa.cl\/index.php\/2021\/11\/13\/campustv-transmitira-en-directo-el-ultimo-debate-presidencial\/\" target=\"_blank\" rel=\"noopener\">CAMPUSTV transmitir\u00e1 en directo el \u00faltimo debate presidencial.<\/a><\/p><p>\u00a0<\/p><p><b>DIARIOELHERALDO.CL<\/b><\/p><p><a style=\"font-style: inherit; font-weight: inherit; background-color: #ffffff; font-family: -apple-system, BlinkMacSystemFont,;\" href=\"http:\/\/www.diarioelheraldo.cl\/noticia\/campustv-transmitira-en-directo-ultimo-debate-presidencial-\" target=\"_blank\" rel=\"noopener\">CAMPUSTV transmitir\u00e1 en directo \u00faltimo debate presidencial.<\/a><\/p><p>\u00a0<\/p><p><b>MAULEHOY.CL<\/b><\/p><p><a style=\"font-style: inherit; font-weight: inherit; background-color: #ffffff; font-family: -apple-system, BlinkMacSystemFont,;\" href=\"https:\/\/www.litoralpress.cl\/paginaconsultas\/Documentos\/Get_Imagen.aspx?lpkey=OTPRPI7FUFS5TZLR4Y2JSUM6A2UQDM355FWMF5VTGG3Z23CCPPTHW7XNHTJIJV45YDKWTWTX7LX6E\" target=\"_blank\" rel=\"noopener\">Universidad de Talca se adjudic\u00f3 importante proyecto para disminuir brechas de g\u00e9nero.<\/a><\/p><p>\u00a0<\/p><p><b>LA PRENSA<\/b><\/p><p><a style=\"font-style: inherit; font-weight: inherit; background-color: #ffffff; font-family: -apple-system, BlinkMacSystemFont,;\" href=\"https:\/\/www.litoralpress.cl\/paginaconsultas\/Servicios_NClip\/Get_Imagen_Nota.aspx?LPKey=SHEWCIRZRFFR44QGIUKRNOOCJ6J3AKX42Z6EFTJQAZMMBJ4GUKDIC37VU4ZW4ZMIZLTHU5FTM6626\" target=\"_blank\" rel=\"noopener\">Inician ciclo de mesas t\u00e9cnicas sobre nueva Estrategia de Desarrollo para el Maule. Se refiere Jorge Navarrete, acad\u00e9mico de la Facultad de Econom\u00eda y Negocios de la UTalca.<\/a><\/p><p>\u00a0<\/p><p><b>DIARIOELHERALDO.CL<\/b><\/p><p><a style=\"font-style: inherit; font-weight: inherit; background-color: #ffffff; font-family: -apple-system, BlinkMacSystemFont,;\" href=\"http:\/\/www.diarioelheraldo.cl\/noticia\/gobierno-regional-inicia-ciclo-de-mesas-tecnicas-de-la-nueva-estrategia-regional-de-desarrollo-maule-\" target=\"_blank\" rel=\"noopener\">Gobierno Regional inicia ciclo de mesas t\u00e9cnicas de la nueva Estrategia Regional de Desarrollo Maule. Se refiere Jorge Navarrete, acad\u00e9mico de la Facultad de Econom\u00eda y Negocios de la UTalca.<\/a><\/p><p>\u00a0<\/p><p><b>EL HERALDO<\/b><\/p><p><a style=\"font-style: inherit; font-weight: inherit; background-color: #ffffff; font-family: -apple-system, BlinkMacSystemFont,;\" href=\"https:\/\/www.litoralpress.cl\/paginaconsultas\/Servicios_NClip\/Get_Imagen_Nota.aspx?LPKey=SGZM3UZQZK4NH4XSYYIHIANZIH54VAE3KLC3BPQ6WCMLCMBWMKQCV5BXTFH5REEOF6UUIKWLCGRC4\" target=\"_blank\" rel=\"noopener\">Gobierno Regional inicia ciclo de mesas t\u00e9cnicas de la nueva Estrategia Regional de Desarrollo Maule. Se refiere Jorge Navarrete, acad\u00e9mico de la Facultad de Econom\u00eda y Negocios de la UTalca.<\/a><\/p><p>\u00a0<\/p><p><b>CAUQUENESNET.CL<\/b><\/p><p><a style=\"font-style: inherit; font-weight: inherit; background-color: #ffffff; font-family: -apple-system, BlinkMacSystemFont,;\" href=\"https:\/\/cauquenesnet.cl\/2021\/11\/13\/gobierno-regional-inicia-ciclo-de-mesas-tecnicas-de-la-nueva-estrategia-regional-de-desarrollo-maule\/\" target=\"_blank\" rel=\"noopener\">Gobierno Regional inicia ciclo de mesas t\u00e9cnicas de la nueva Estrategia Regional de Desarrollo Maule. Se refiere Jorge Navarrete, acad\u00e9mico de la Facultad de Econom\u00eda y Negocios de la UTalca.<\/a><\/p><p>\u00a0<\/p><p><b>TVMAULE.CL<\/b><\/p><p><a style=\"font-style: inherit; font-weight: inherit; background-color: #ffffff; font-family: -apple-system, BlinkMacSystemFont,;\" href=\"https:\/\/www.tvmaule.cl\/academico-manifiesta-preocupacion-por-tendencia-inflacionaria\/\" target=\"_blank\" rel=\"noopener\">Acad\u00e9mico manifiesta preocupaci\u00f3n por tendencia inflacionaria. Se refiere Paulo Cox, acad\u00e9mico de la Facultad de Econom\u00eda y Negocios de la UTalca.<\/a><\/p><p>\u00a0<\/p><p><b>TALCACAPITAL.CL<\/b><\/p><p><a style=\"font-style: inherit; font-weight: inherit; background-color: #ffffff; font-family: -apple-system, BlinkMacSystemFont,;\" href=\"https:\/\/talcacapital.cl\/economista-manifiesta-preocupacion-por-tendencia-inflacionaria\/\" target=\"_blank\" rel=\"noopener\">Economista manifiesta preocupaci\u00f3n por tendencia inflacionaria. Se refiere Paulo Cox, acad\u00e9mico de la Facultad de Econom\u00eda y Negocios de la UTalca.<\/a><\/p><p>\u00a0<\/p><p><b>LA DISCUSI\u00d3N DE CHILL\u00c1N<\/b><\/p><p><a style=\"font-style: inherit; font-weight: inherit; background-color: #ffffff; font-family: -apple-system, BlinkMacSystemFont,;\" href=\"https:\/\/www.litoralpress.cl\/paginaconsultas\/Servicios_NClip\/Get_Imagen_Nota.aspx?LPKey=GNIWWRKFYIKW3PVNN6DUPV7VLQ7QRS4T4VM334SFWM22JFA3F3AVC2AJFG2BQQQSQY3EXJ32VTJWE\" target=\"_blank\" rel=\"noopener\">\u00d1uble redujo a dos las residencias sanitarias y no y existen cupos disponibles.<\/a><\/p><p>\u00a0<\/p><p><b>EL HERALDO<\/b><\/p><p><a style=\"font-style: inherit; font-weight: inherit; background-color: #ffffff; font-family: -apple-system, BlinkMacSystemFont,;\" href=\"https:\/\/www.litoralpress.cl\/paginaconsultas\/Servicios_NClip\/Get_Imagen_Nota.aspx?LPKey=Y6LSUPXNMCLDJPTNSOD5HN7C53OR6OWTW2Y3PB3XXRI34LECI6SQL52L3TKT2QJSDFM44YV747CZE\" target=\"_blank\" rel=\"noopener\">UTalca: Estudiantes secundarios conocieron oferta acad\u00e9mica de la Facultad de Ingenier\u00eda.<\/a><\/p><p>\u00a0<\/p><p><b>DIARIOELHERALDO.CL<\/b><\/p><p><a style=\"font-style: inherit; font-weight: inherit; background-color: #ffffff; font-family: -apple-system, BlinkMacSystemFont,;\" href=\"http:\/\/www.diarioelheraldo.cl\/noticia\/utalca-estudiantes-secundarios-conocieron-oferta-academica-de-la-facultad-de-ingenieria\" target=\"_blank\" rel=\"noopener\">UTalca: Estudiantes secundarios conocieron oferta acad\u00e9mica de la Facultad de Ingenier\u00eda.<\/a><\/p><p>\u00a0<\/p><p><b>MAULENEWS.COM<\/b><\/p><p><a style=\"font-style: inherit; font-weight: inherit; background-color: #ffffff; font-family: -apple-system, BlinkMacSystemFont,;\" href=\"https:\/\/www.maulenews.com\/2021\/11\/estudiantes-secundarios-de-curico-y.html\" target=\"_blank\" rel=\"noopener\">Estudiantes secundarios de Curic\u00f3 y Talca conocieron oferta acad\u00e9mica de la Facultad de Ingenier\u00eda UTalca.<\/a><\/p><p>\u00a0<\/p><p><b>LA PRENSA<\/b><\/p><p><a style=\"font-style: inherit; font-weight: inherit; background-color: #ffffff; font-family: -apple-system, BlinkMacSystemFont,;\" href=\"https:\/\/www.litoralpress.cl\/paginaconsultas\/Servicios_NClip\/Get_Imagen_Nota.aspx?LPKey=SX4BBXDTSWBZNY4RS5ADXISQEDKH47JNSHAU4BLQ4XLOZVZ6ATGFKMI4XHN6DJ75EAWTP5J5ZQQFM\" target=\"_blank\" rel=\"noopener\">UTalca organiza feria tecnol\u00f3gica en Talca y Curic\u00f3.<\/a><\/p><p>\u00a0<\/p><p><b>REDMAULE.COM<\/b><\/p><p><a style=\"font-style: inherit; font-weight: inherit; background-color: #ffffff; font-family: -apple-system, BlinkMacSystemFont,;\" href=\"https:\/\/www.redmaule.com\/nacional\/diabeticos-la-importancia-de-mantener-cuidados-odontologicos-y-en-los\" target=\"_blank\" rel=\"noopener\">Diab\u00e9ticos: la importancia de mantener cuidados odontol\u00f3gicos y en los pies. Se refieren Mar\u00eda In\u00e9s Ram\u00edrez, docente de Enfermer\u00eda de la Universidad de Talca; Mar\u00eda Jos\u00e9 Mu\u00f1oz y Ramiro Barahona, acad\u00e9micos del Centro de Envejecimiento Activo de la Universidad de Talca.<\/a><\/p><p>\u00a0<\/p><p><b>RADIO AMIGA<\/b><\/p><p><a style=\"font-style: inherit; font-weight: inherit; background-color: #ffffff; font-family: -apple-system, BlinkMacSystemFont,;\" href=\"https:\/\/www.litoralpress.cl\/Archivos\/2DPYNZ6DE3O4NYHCQM3PWSNCBI.mp3\" target=\"_blank\" rel=\"noopener\">Entrevista a Loreto N\u00fa\u00f1ez, acad\u00e9mica de la Facultad de Ciencias de la Salud de la UTalca.<\/a><\/p><p>\u00a0<\/p><p><b>CANAL TVN RED MAULE<\/b><\/p><p><a style=\"font-style: inherit; font-weight: inherit; background-color: #ffffff; font-family: -apple-system, BlinkMacSystemFont,;\" href=\"https:\/\/www.litoralpress.cl\/Archivos\/KT67HRH4JS7DWOHEH6BAJVL3S4.mp4\" target=\"_blank\" rel=\"noopener\">Consumidores ven con m\u00e1s optimismo la econom\u00eda actual. Se refiere Alejandro Rodr\u00edguez, acad\u00e9mico de la Facultad de Ingenier\u00eda de la UTalca.<\/a><\/p><p>\u00a0<\/p><p><b>ALERTALEY.CL<\/b><\/p><p><a style=\"font-style: inherit; font-weight: inherit; background-color: #ffffff; font-family: -apple-system, BlinkMacSystemFont,;\" href=\"https:\/\/alertaley.cl\/audiencias-primera-norma-y-una-declaracion-inconclusa-resumen-semanal-convencion-constitucional-8-al-12-de-noviembre\/\" target=\"_blank\" rel=\"noopener\">Convenci\u00f3n Constitucional: \u201cAudiencias, primera norma y una declaraci\u00f3n inconclusa\u201d -Resumen semanal Convenci\u00f3n Constitucional \u2013 8 al 12 de noviembre. Se menciona a Humberto Nogueira, director del Centro de Estudios Constitucionales de Chile (CECOCH) de la UTalca.<\/a><\/p><p>\u00a0<\/p><p><b>DIARIO EL D\u00cdA<\/b><\/p><p><a style=\"font-style: inherit; font-weight: inherit; background-color: #ffffff; font-family: -apple-system, BlinkMacSystemFont,;\" href=\"https:\/\/www.litoralpress.cl\/paginaconsultas\/Servicios_NClip\/Get_Imagen_Nota.aspx?LPKey=IPE33THGN3P7I3PVY3YSZQNHI2WMOKBSQJ5MQCPE6LF7YVQ2QYSEFNTSTWQAPAYORJEM4KRXW7LUY\" target=\"_blank\" rel=\"noopener\">Construyen primer robot aut\u00f3nomo para pintar interiores habitacionales en obra. Se menciona a la Universidad de Talca.<\/a><\/p><p>\u00a0<\/p><p><b>DIARIOELDIA.CL<\/b><\/p><p><a style=\"font-style: inherit; font-weight: inherit; background-color: #ffffff; font-family: -apple-system, BlinkMacSystemFont,;\" href=\"http:\/\/www.diarioeldia.cl\/tendencias\/necesitas-construyen-primer-robot-autonomo-para-pintar-interiores-habitacionales-en-obra\" target=\"_blank\" rel=\"noopener\">\u00bfLo necesitas? Construyen primer robot aut\u00f3nomo para pintar interiores habitacionales en obra. Se menciona a la Universidad de Talca.<\/a><\/p><p>\u00a0<\/p><p><b>MUSICAY NOTICIAS.CL<\/b><\/p><p><a style=\"font-style: inherit; font-weight: inherit; background-color: #ffffff; font-family: -apple-system, BlinkMacSystemFont,;\" href=\"https:\/\/www.musicaynoticias.cl\/sagrada-familia\/alumnas-del-liceo-bicentenario-de-sagrada-familia-resultaron-ganadoras-de-innoback-seat-sabialab-maule-2021\" target=\"_blank\" rel=\"noopener\">Alumnas del Liceo Bicentenario de Sagrada Familia resultaron ganadoras de Innoback-Seat\/ Sabialab Maule 2021. Se menciona a la UTalca.<\/a><\/p><p>\u00a0<\/p><p><b>CANAL MEGA<\/b><\/p><p><a style=\"font-style: inherit; font-weight: inherit; background-color: #ffffff; font-family: -apple-system, BlinkMacSystemFont,;\" href=\"https:\/\/www.litoralpress.cl\/Archivos\/S6VKYE3M7Y6PFFYCFIEYZX4Z5M.mp4\" target=\"_blank\" rel=\"noopener\">An\u00e1lisis a una semana de elecciones.<\/a><\/p><p>\u00a0<\/p><p><b>CANAL MEGA<\/b><\/p><p><a style=\"font-style: inherit; font-weight: inherit; background-color: #ffffff; font-family: -apple-system, BlinkMacSystemFont,;\" href=\"https:\/\/www.litoralpress.cl\/Archivos\/SPFNZMIYUORVJQRYIPT4LHWXEI.mp4\" target=\"_blank\" rel=\"noopener\">El domingo 21 de noviembre se realizar\u00e1 la megaelecci\u00f3n 2021. Se refiere Mauricio Morales, director del Centro de An\u00e1lisis Pol\u00edtico (CAP) de la UTalca.<\/a><\/p><p>\u00a0<\/p><p><b>CANAL TVN<\/b><\/p><p><a style=\"font-style: inherit; font-weight: inherit; background-color: #ffffff; font-family: -apple-system, BlinkMacSystemFont,;\" href=\"https:\/\/www.litoralpress.cl\/Archivos\/PWU2GZC646O6UZM6VK6FY7OXZY.mp4\" target=\"_blank\" rel=\"noopener\">Este lunes se realizar\u00e1 en debate presidencial Anatel. Se refiere Mauricio Morales, director del Centro de An\u00e1lisis Pol\u00edtico (CAP) de la UTalca.<\/a><\/p><p>\u00a0<\/p><p><b>CANAL CHILEVISI\u00d3N<\/b><\/p><p><a style=\"font-style: inherit; font-weight: inherit; background-color: #ffffff; font-family: -apple-system, BlinkMacSystemFont,;\" href=\"https:\/\/www.litoralpress.cl\/Archivos\/ECER6HTTWBAB7V77RJO3XQLKYM.mp4\" target=\"_blank\" rel=\"noopener\">Franco Parisi est\u00e1 contagiado de COVID-19 y posterga su llegada a Chile. Se refiere Mauricio Morales, director del Centro de An\u00e1lisis Pol\u00edtico (CAP) de la UTalca.<\/a><\/p><p>\u00a0<\/p><p><b>CANAL MEGA PLUS<\/b><\/p><p><a style=\"font-style: inherit; font-weight: inherit; background-color: #ffffff; font-family: -apple-system, BlinkMacSystemFont,;\" href=\"https:\/\/www.litoralpress.cl\/Archivos\/LZWWWPCPIR7JOLLUPMZ7G5DWKE.mp4\" target=\"_blank\" rel=\"noopener\">Entrevista a Mauricio Morales, experto electoral y acad\u00e9mico de la Universidad de Talca.<\/a><\/p><p>\u00a0<\/p><p><b>CANAL 24 HORAS<\/b><\/p><p><a style=\"font-style: inherit; font-weight: inherit; background-color: #ffffff; font-family: -apple-system, BlinkMacSystemFont,;\" href=\"https:\/\/www.litoralpress.cl\/Archivos\/5N25NLBCFV7PTLZTJ5AGMBF6BQ.mp4\" target=\"_blank\" rel=\"noopener\">Franco Parisi confirm\u00f3 Covid y no estar\u00e1 en Chile el d\u00eda de la elecci\u00f3n. Se refiere Mauricio Morales, director del Centro de An\u00e1lisis Pol\u00edtico (CAP) de la UTalca.<\/a><\/p><p>\u00a0<\/p><p><b>EL MERCURIO<\/b><\/p><p><a style=\"font-style: inherit; font-weight: inherit; background-color: #ffffff; font-family: -apple-system, BlinkMacSystemFont,;\" href=\"https:\/\/www.litoralpress.cl\/paginaconsultas\/Servicios_NClip\/Get_Imagen_Nota.aspx?LPKey=2UW3CQELIJRERHUAGQ2NCOKYJ3CORPDKCLFYVYETM45DUMZTEX3FLYB5RXR5TD3HW4POZLA3FCAEW\" target=\"_blank\" rel=\"noopener\">La complicaci\u00f3n de Irac\u00ed Hassler con Lollapalooza y por qu\u00e9 regal\u00f3 entradas en 2017. Se refiere Mauricio Morales, director del Centro de An\u00e1lisis Pol\u00edtico (CAP) de la UTalca.<\/a><\/p><p>\u00a0<\/p><p><b>LA SEGUNDA<\/b><\/p><p><a style=\"font-style: inherit; font-weight: inherit; background-color: #ffffff; font-family: -apple-system, BlinkMacSystemFont,;\" href=\"https:\/\/www.litoralpress.cl\/paginaconsultas\/Servicios_NClip\/Get_Imagen_Nota.aspx?LPKey=42EJLU4AKRHGVFXK3PB5TOO7UV3UUQMS2MCGGVXKFA3B536IGTXFJNF4TS6MUKXHQXPCZ3P4DJXBK\" target=\"_blank\" rel=\"noopener\">Duro choque Boric\/PC por Nicaragua sacude la presidencial: El pide que se retracten. Se refiere Mauricio Morales, director del Centro de An\u00e1lisis Pol\u00edtico (CAP) de la UTalca.<\/a><\/p><p>\u00a0<\/p><p><b>LA TERCERA<\/b><\/p><p><a style=\"font-style: inherit; font-weight: inherit; background-color: #ffffff; font-family: -apple-system, BlinkMacSystemFont,;\" href=\"https:\/\/www.litoralpress.cl\/paginaconsultas\/Servicios_NClip\/Get_Imagen_Nota.aspx?LPKey=7BWPLFOBUT4FV44LANCPEC2UQWN3RQRKGH3V2YO37AUZ76CLIRIUVH4FE4JG7Y5HI2SP3V5GMOV4W\" target=\"_blank\" rel=\"noopener\">El incierto futuro de la DC. Se refiere Mauricio Morales, director del Centro de An\u00e1lisis Pol\u00edtico (CAP) de la UTalca.<\/a><\/p><p>\u00a0<\/p><p><b>MEGANOTICIAS.CL<\/b><\/p><p><a style=\"font-style: inherit; font-weight: inherit; background-color: #ffffff; font-family: -apple-system, BlinkMacSystemFont,;\" href=\"https:\/\/www.meganoticias.cl\/nacional\/358295-eleccion-presidencial-2021-experto-entrega-vaticinios-mauricio-morales-14-11-2021.html\" target=\"_blank\" rel=\"noopener\">Elecci\u00f3n presidencial 2021: Experto entrega importantes cifras a una semana de los comicios. Se refiere Mauricio Morales, director del Centro de An\u00e1lisis Pol\u00edtico (CAP) de la UTalca.<\/a><\/p><p>\u00a0<\/p><p><b>LATERCERA.COM<\/b><\/p><p><a style=\"font-style: inherit; font-weight: inherit; background-color: #ffffff; font-family: -apple-system, BlinkMacSystemFont,;\" href=\"https:\/\/www.latercera.com\/la-tercera-domingo\/noticia\/el-incierto-futuro-de-la-dc\/35U6IUY46FFIHPOEQBJIGBKUPA\/\" target=\"_blank\" rel=\"noopener\">El incierto futuro de la DC.<\/a><\/p><p>\u00a0<\/p><p><b>EMOL.COM<\/b><\/p><p><a style=\"font-style: inherit; font-weight: inherit; background-color: #ffffff; font-family: -apple-system, BlinkMacSystemFont,;\" href=\"https:\/\/www.emol.com\/noticias\/Nacional\/2021\/11\/12\/1038127\/voto-oculto-presidenciales-expertos.html\" target=\"_blank\" rel=\"noopener\">El &#8220;voto oculto&#8221; en la presidencial: Las posibilidades de que ocurra el fen\u00f3meno y los candidatos que podr\u00edan beneficiarse. Se refiere Mauricio Morales, director del Centro de An\u00e1lisis Pol\u00edtico (CAP) de la UTalca.<\/a><\/p><p>\u00a0<\/p><p><b>EMOL.COM<\/b><\/p><p><a style=\"font-style: inherit; font-weight: inherit; background-color: #ffffff; font-family: -apple-system, BlinkMacSystemFont,;\" href=\"https:\/\/www.emol.com\/noticias\/Nacional\/2021\/11\/14\/1038177\/elecciones-presidenciales-zonas-fuertes-candidatos.html\" target=\"_blank\" rel=\"noopener\">Boric en la RM, Kast en el sur, Provoste y Parisi en el norte: D\u00f3nde est\u00e1n las &#8220;zonas fuertes&#8221; de los candidatos presidenciales. Se refiere Mauricio Morales, director del Centro de An\u00e1lisis Pol\u00edtico (CAP) de la UTalca.<\/a><\/p><p>\u00a0<\/p><p><b>ELLIBERO.CL<\/b><\/p><p><a style=\"font-style: inherit; font-weight: inherit; background-color: #ffffff; font-family: -apple-system, BlinkMacSystemFont,;\" href=\"https:\/\/ellibero.cl\/actualidad\/los-planes-del-lider-de-vox-santiago-abascal-para-venir-a-chile\/\" target=\"_blank\" rel=\"noopener\">Los planes del l\u00edder de Vox, Santiago Abascal, para venir a Chile. Se refiere Mauricio Morales, director del Centro de An\u00e1lisis Pol\u00edtico (CAP) de la UTalca.<\/a><\/p><p>\u00a0<\/p><p><b>NUEVOPODER.CL<\/b><\/p><p><a style=\"font-style: inherit; font-weight: inherit; background-color: #ffffff; font-family: -apple-system, BlinkMacSystemFont,;\" href=\"https:\/\/www.nuevopoder.cl\/presidenciales-expertos-analizan-eventual-sorpresa-electoral-por-voto-oculto\/\" target=\"_blank\" rel=\"noopener\">Presidenciales: expertos analizan eventual sorpresa electoral por \u00abvoto oculto\u00bb. Se refiere Mauricio Morales, director del Centro de An\u00e1lisis Pol\u00edtico (CAP) de la UTalca.<\/a><\/p><p>\u00a0<\/p><p><b>NUEVOPODER.CL<\/b><\/p><p><a style=\"font-style: inherit; font-weight: inherit; background-color: #ffffff; font-family: -apple-system, BlinkMacSystemFont,;\" href=\"https:\/\/www.nuevopoder.cl\/experto-coinciden-en-calificar-de-error-mencion-de-kast-sobre-pinochet\/\" target=\"_blank\" rel=\"noopener\">Experto coinciden en calificar de \u00aberror\u00bb menci\u00f3n de Kast sobre Pinochet. Se refiere Mauricio Morales, director del Centro de An\u00e1lisis Pol\u00edtico (CAP) de la UTalca.<\/a><\/p><p>\u00a0<\/p><p><b>ELDIARIODESANTIAGO.CL<\/b><\/p><p><a style=\"font-style: inherit; font-weight: inherit; background-color: #ffffff; font-family: -apple-system, BlinkMacSystemFont,;\" href=\"https:\/\/eldiariodesantiago.cl\/archivo\/39528\" target=\"_blank\" rel=\"noopener\">El \u201cvoto oculto\u201d en la presidencial: Las posibilidades de que ocurra el fen\u00f3meno y los candidatos que podr\u00edan beneficiarse. Se refiere Mauricio Morales, director del Centro de An\u00e1lisis Pol\u00edtico (CAP) de la UTalca.<\/a><\/p><p>\u00a0<\/p><p><b>NOSTALGICA.CL<\/b><\/p><p><a style=\"font-style: inherit; font-weight: inherit; background-color: #ffffff; font-family: -apple-system, BlinkMacSystemFont,;\" href=\"https:\/\/www.nostalgica.cl\/el-voto-oculto-en-la-presidencial-las-posibilidades-de-que-ocurra-el-fenomeno-y-los-candidatos-que-podrian-beneficiarse\/\" target=\"_blank\" rel=\"noopener\">El \u201cvoto oculto\u201d en la presidencial: Las posibilidades de que ocurra el fen\u00f3meno y los candidatos que podr\u00edan beneficiarse. Se refiere Mauricio Morales, director del Centro de An\u00e1lisis Pol\u00edtico (CAP) de la UTalca.<\/a><\/p>\t\t\t\t\t\t<\/div>\n\t\t\t\t<\/div>\n\t\t\t\t\t<\/div>\n\t\t<\/div>\n\t\t\t\t\t\t\t<\/div>\n\t\t<\/section>\n\t\t\t\t\t\t<\/div>\n\t\t\t\t\t<\/div>\n\t\t","protected":false},"excerpt":{"rendered":"<p>ADPRENSA.CL Editorial UTalca presenta libro que recoge los 20 a\u00f1os del Premio Iberoamericano de Letras Jos\u00e9 Donoso. \u00a0 LA PRENSA Rector de la UTalca destaca aporte de La Prensa al desarrollo regional. \u00a0 LANOTICIA.CL Universidad de Talca se adjudic\u00f3 dos nuevos proyectos de innovaci\u00f3n. \u00a0 EL MERCURIO La semana que viene: Sistema de Justicia. Se &hellip;<\/p>\n<p class=\"read-more\"> <a class=\"\" href=\"https:\/\/www.reportedeprensa.utalca.cl\/?p=2397\"> <span class=\"screen-reader-text\">15 de noviembre de 2021<\/span> Read More &raquo;<\/a><\/p>\n","protected":false},"author":1,"featured_media":0,"comment_status":"closed","ping_status":"open","sticky":false,"template":"elementor_theme","format":"standard","meta":{"_monsterinsights_skip_tracking":false,"_monsterinsights_sitenote_active":false,"_monsterinsights_sitenote_note":"","_monsterinsights_sitenote_category":0},"categories":[14],"tags":[],"_links":{"self":[{"href":"https:\/\/www.reportedeprensa.utalca.cl\/index.php?rest_route=\/wp\/v2\/posts\/2397"}],"collection":[{"href":"https:\/\/www.reportedeprensa.utalca.cl\/index.php?rest_route=\/wp\/v2\/posts"}],"about":[{"href":"https:\/\/www.reportedeprensa.utalca.cl\/index.php?rest_route=\/wp\/v2\/types\/post"}],"author":[{"embeddable":true,"href":"https:\/\/www.reportedeprensa.utalca.cl\/index.php?rest_route=\/wp\/v2\/users\/1"}],"replies":[{"embeddable":true,"href":"https:\/\/www.reportedeprensa.utalca.cl\/index.php?rest_route=%2Fwp%2Fv2%2Fcomments&post=2397"}],"version-history":[{"count":4,"href":"https:\/\/www.reportedeprensa.utalca.cl\/index.php?rest_route=\/wp\/v2\/posts\/2397\/revisions"}],"predecessor-version":[{"id":2401,"href":"https:\/\/www.reportedeprensa.utalca.cl\/index.php?rest_route=\/wp\/v2\/posts\/2397\/revisions\/2401"}],"wp:attachment":[{"href":"https:\/\/www.reportedeprensa.utalca.cl\/index.php?rest_route=%2Fwp%2Fv2%2Fmedia&parent=2397"}],"wp:term":[{"taxonomy":"category","embeddable":true,"href":"https:\/\/www.reportedeprensa.utalca.cl\/index.php?rest_route=%2Fwp%2Fv2%2Fcategories&post=2397"},{"taxonomy":"post_tag","embeddable":true,"href":"https:\/\/www.reportedeprensa.utalca.cl\/index.php?rest_route=%2Fwp%2Fv2%2Ftags&post=2397"}],"curies":[{"name":"wp","href":"https:\/\/api.w.org\/{rel}","templated":true}]}}