{"id":2408,"date":"2021-11-16T08:49:22","date_gmt":"2021-11-16T11:49:22","guid":{"rendered":"https:\/\/www.reportedeprensa.utalca.cl\/?p=2408"},"modified":"2021-11-16T09:18:15","modified_gmt":"2021-11-16T12:18:15","slug":"16-de-noviembre-de-2021","status":"publish","type":"post","link":"https:\/\/www.reportedeprensa.utalca.cl\/?p=2408","title":{"rendered":"16 de noviembre de 2021"},"content":{"rendered":"\t\t<div data-elementor-type=\"wp-post\" data-elementor-id=\"2408\" class=\"elementor elementor-2408\" data-elementor-settings=\"[]\">\n\t\t\t\t\t\t\t<div class=\"elementor-section-wrap\">\n\t\t\t\t\t\t\t<section class=\"elementor-section elementor-top-section elementor-element elementor-element-a06ca45 elementor-section-boxed elementor-section-height-default elementor-section-height-default\" data-id=\"a06ca45\" data-element_type=\"section\">\n\t\t\t\t\t\t<div class=\"elementor-container elementor-column-gap-default\">\n\t\t\t\t\t<div class=\"elementor-column elementor-col-100 elementor-top-column elementor-element elementor-element-1486c35\" data-id=\"1486c35\" data-element_type=\"column\">\n\t\t\t<div class=\"elementor-widget-wrap elementor-element-populated\">\n\t\t\t\t\t\t\t\t<div class=\"elementor-element elementor-element-42b145e elementor-widget elementor-widget-text-editor\" data-id=\"42b145e\" data-element_type=\"widget\" data-widget_type=\"text-editor.default\">\n\t\t\t\t<div class=\"elementor-widget-container\">\n\t\t\t\t\t\t\t\t<p><b>DIARIOTALCA.CL<\/b><\/p><p><a style=\"font-style: inherit; font-weight: inherit; background-color: #ffffff; font-family: -apple-system, BlinkMacSystemFont,;\" href=\"https:\/\/diariotalca.cl\/utalca-se-adjudica-11-proyectos-de-investigacion-e-innovacion\/\" target=\"_blank\" rel=\"noopener\">UTalca se adjudica 11 proyectos de investigaci\u00f3n e innovaci\u00f3n.<\/a><\/p><p>\u00a0<\/p><p><b>ADPRENSA.CL<\/b><\/p><p><a style=\"font-style: inherit; font-weight: inherit; background-color: #ffffff; font-family: -apple-system, BlinkMacSystemFont,;\" href=\"https:\/\/www.adprensa.cl\/cronica\/utalca-se-adjudica-11-importantes-proyectos-de-investigacion-e-innovacion\/\" target=\"_blank\" rel=\"noopener\">UTalca se adjudica 11 importantes proyectos de investigaci\u00f3n e innovaci\u00f3n.<\/a><\/p><p>\u00a0<\/p><p><b>CHILLANONLINE.CL<\/b><\/p><p><a style=\"font-style: inherit; font-weight: inherit; background-color: #ffffff; font-family: -apple-system, BlinkMacSystemFont,;\" href=\"https:\/\/www.chillanonline.cl\/V5\/utalca-se-adjudica-11-importantes-proyectos-de-investigacion-e-innovacion\/\" target=\"_blank\" rel=\"noopener\">UTalca se adjudica 11 importantes proyectos de investigaci\u00f3n e innovaci\u00f3n.<\/a><\/p><p>\u00a0<\/p><p><b>EL MERCURIO<\/b><\/p><p><a style=\"font-style: inherit; font-weight: inherit; background-color: #ffffff; font-family: -apple-system, BlinkMacSystemFont,;\" href=\"https:\/\/www.litoralpress.cl\/paginaconsultas\/Servicios_NClip\/Get_Imagen_Nota.aspx?LPKey=4NN2RU4JABG334ZVB7RCABMEUOZGWHQPK47S7KBJU6ANXRLQAQ4LT3VLQ4UNRCGZSRPOFJZAD5JHM\" target=\"_blank\" rel=\"noopener\">Avance de vacunaci\u00f3n en menores disminuir\u00eda riesgo de contagio en la vuelta a clases presenciales. Se refiere Marcelo Alarc\u00f3n, acad\u00e9mico del Departamento de Bioqu\u00edmica Cl\u00ednica e Inmunohematolog\u00eda de la UTalca.<\/a><\/p><p>\u00a0<\/p><p><b>RADIO COOPERATIVA<\/b><\/p><p><a style=\"font-style: inherit; font-weight: inherit; background-color: #ffffff; font-family: -apple-system, BlinkMacSystemFont,;\" href=\"https:\/\/www.litoralpress.cl\/Archivos\/RYBUMVIBNX5CDKW4AXQVIKMPOM.mp3\" target=\"_blank\" rel=\"noopener\">Se esperan anuncios del Minsal por la reapertura de fronteras terrestres. Se refiere Sergio Wehinger, director del Mag\u00edster en Ciencias Biom\u00e9dicas de la UTalca.<\/a><\/p><p>\u00a0<\/p><p><b>ADPRENSA.CL<\/b><\/p><p><a style=\"font-style: inherit; font-weight: inherit; background-color: #ffffff; font-family: -apple-system, BlinkMacSystemFont,;\" href=\"https:\/\/www.adprensa.cl\/cronica\/dispositivo-que-ayuda-a-personas-con-discapacidad-visual-fue-seleccionado-en-concurso-internacional\/\" target=\"_blank\" rel=\"noopener\">Dispositivo que ayuda a personas con discapacidad visual fue seleccionado en concurso internacional. Se refiere Silvana Herrera, acad\u00e9mica de la Escuela de Dise\u00f1o de la UTalca.<\/a><\/p><p>\u00a0<\/p><p><b>CHILLANONLINE.CL<\/b><\/p><p><a style=\"font-style: inherit; font-weight: inherit; background-color: #ffffff; font-family: -apple-system, BlinkMacSystemFont,;\" href=\"https:\/\/www.chillanonline.cl\/V5\/dispositivo-que-ayuda-a-personas-con-discapacidad-visual-fue-seleccionado-en-concurso-internacional\/\" target=\"_blank\" rel=\"noopener\">Dispositivo que ayuda a personas con discapacidad visual fue seleccionado en concurso internacional. Se refiere Silvana Herrera, acad\u00e9mica de la Escuela de Dise\u00f1o de la UTalca.<\/a><\/p><p>\u00a0<\/p><p><b>ENLINEAMAULE.CL<\/b><\/p><p><a style=\"font-style: inherit; font-weight: inherit; background-color: #ffffff; font-family: -apple-system, BlinkMacSystemFont,;\" href=\"https:\/\/enlineamaule.cl\/archivo\/46071\" target=\"_blank\" rel=\"noopener\">Dispositivo para personas no vidente creado en el Maule fue seleccionado por el concurso global Grad Show en Dub\u00e1i. Se refiere Silvana Herrera, acad\u00e9mica de la Escuela de Dise\u00f1o de la UTalca.<\/a><\/p><p>\u00a0<\/p><p><b>AURORADELMAULE.CL<\/b><\/p><p><a style=\"font-style: inherit; font-weight: inherit; background-color: #ffffff; font-family: -apple-system, BlinkMacSystemFont,;\" href=\"https:\/\/auroradelmaule.cl\/2021\/11\/15\/dispositivo-que-ayuda-a-personas-con-discapacidad-visual-fue-seleccionado-en-concurso-internacional\/\" target=\"_blank\" rel=\"noopener\">Dispositivo que ayuda a personas con discapacidad visual fue seleccionado en concurso internacional. Se refiere Silvana Herrera, acad\u00e9mica de la Escuela de Dise\u00f1o de la UTalca.<\/a><\/p><p>\u00a0<\/p><p><b>LA PRENSA<\/b><\/p><p><a style=\"font-style: inherit; font-weight: inherit; background-color: #ffffff; font-family: -apple-system, BlinkMacSystemFont,;\" href=\"https:\/\/www.litoralpress.cl\/paginaconsultas\/Servicios_NClip\/Get_Imagen_Nota.aspx?LPKey=PRMQ7E3VQVJN2CJDORW26CFZJ66BSUOK7LLEELFZKTSODYN5EJKFVZL3FDUBX2BW525JIAWTRBVFE\" target=\"_blank\" rel=\"noopener\">Presentan libro sobre los 20 a\u00f1os del Premio de Letras Jos\u00e9 Donoso.<\/a><\/p><p>\u00a0<\/p><p><b>DIARIOLAPRENSA.CL<\/b><\/p><p><a style=\"font-style: inherit; font-weight: inherit; background-color: #ffffff; font-family: -apple-system, BlinkMacSystemFont,;\" href=\"https:\/\/new.diariolaprensa.cl\/index.php\/2021\/11\/15\/presentan-libro-sobre-los-20-anos-del-premio-de-letras-jose-donoso\/\" target=\"_blank\" rel=\"noopener\">Presentan libro sobre los 20 a\u00f1os del Premio de Letras Jos\u00e9 Donoso.<\/a><\/p><p>\u00a0<\/p><p><b>G5NOTICIAS.CL<\/b><\/p><p><a style=\"font-style: inherit; font-weight: inherit; background-color: #ffffff; font-family: -apple-system, BlinkMacSystemFont,;\" href=\"https:\/\/g5noticias.cl\/2021\/11\/14\/editorial-utalca-presenta-libro-que-recoge-los-20-anos-del-premio-iberoamericano-de-letras-jose-donoso\/\" target=\"_blank\" rel=\"noopener\">Editorial UTalca presenta libro que recoge los 20 a\u00f1os del Premio Iberoamericano de Letras Jos\u00e9 Donoso.<\/a><\/p><p>\u00a0<\/p><p><b>G5NOTICIAS.CL<\/b><\/p><p><a style=\"font-style: inherit; font-weight: inherit; background-color: #ffffff; font-family: -apple-system, BlinkMacSystemFont,;\" href=\"https:\/\/g5noticias.cl\/2021\/11\/15\/universidades-crean-centro-especializado-en-envejecimiento-saludable\/\" target=\"_blank\" rel=\"noopener\">Universidades crean centro especializado en envejecimiento saludable. Se refiere Marco Molina, vicerrector Acad\u00e9mico de la UTalca e Iv\u00e1n Palomo, acad\u00e9mico de la Facultad de Ciencias de la Salud de la UTalca.<\/a><\/p><p>\u00a0<\/p><p><b>ELMAULEINFORMA.CL<\/b><\/p><p><a style=\"font-style: inherit; font-weight: inherit; background-color: #ffffff; font-family: -apple-system, BlinkMacSystemFont,;\" href=\"https:\/\/elmauleinforma.cl\/universidades-crean-centro-especializado-en-envejecimiento-saludable\/\" target=\"_blank\" rel=\"noopener\">Universidades crean centro especializado en envejecimiento saludable. Se refiere Marco Molina, vicerrector Acad\u00e9mico de la UTalca e Iv\u00e1n Palomo, acad\u00e9mico de la Facultad de Ciencias de la Salud de la UTalca.<\/a><\/p><p>\u00a0<\/p><p><b>EL MERCURIO DE CALAMA<\/b><\/p><p><a style=\"font-style: inherit; font-weight: inherit; background-color: #ffffff; font-family: -apple-system, BlinkMacSystemFont,;\" href=\"https:\/\/www.litoralpress.cl\/paginaconsultas\/Servicios_NClip\/Get_Imagen_Nota.aspx?LPKey=LJGWBOAQRJOLDFJXHVNV7EOHCWNXGFOZJAWPWWMXEAOVGXLLQ23GNDD65DLNH7VVDO5XG3O3HRJHA\" target=\"_blank\" rel=\"noopener\">Reducci\u00f3n de ingresos de personas mayores: otro efecto de la pandemia. Se refiere Sandra Alvear, directora del Mag\u00edster en Gesti\u00f3n de Sistemas de Salud de la UTalca.<\/a><\/p><p>\u00a0<\/p><p><b>EL SUR<\/b><\/p><p><a style=\"font-style: inherit; font-weight: inherit; background-color: #ffffff; font-family: -apple-system, BlinkMacSystemFont,;\" href=\"https:\/\/www.litoralpress.cl\/paginaconsultas\/Servicios_NClip\/Get_Imagen_Nota.aspx?LPKey=7XCQCDI7MAUOLMPPQRFEWQWU7XD3T34AY2M4PVQKYDZ2IW5LEMNBPXBUV7MEIB3HA2O6Z6KW73CSA\" target=\"_blank\" rel=\"noopener\">Reducci\u00f3n de ingresos de personas mayores: otro efecto de la pandemia. Se refiere Sandra Alvear, directora del Mag\u00edster en Gesti\u00f3n de Sistemas de Salud de la UTalca.<\/a><\/p><p>\u00a0<\/p><p><b>CR\u00d3NICA DE CHILL\u00c1N<\/b><\/p><p><a style=\"font-style: inherit; font-weight: inherit; background-color: #ffffff; font-family: -apple-system, BlinkMacSystemFont,;\" href=\"https:\/\/www.litoralpress.cl\/paginaconsultas\/Servicios_NClip\/Get_Imagen_Nota.aspx?LPKey=NWIVU5MZCX3S6HZWZS2UULCGYKIDI24MINTPPEY4QWSXV4XR6CHMBCWURVTGHOTOAZFLJOAFHSKNE\" target=\"_blank\" rel=\"noopener\">Reducci\u00f3n de ingresos de personas mayores: Otro efecto de la pandemia. Se refiere Sandra Alvear, directora del Mag\u00edster en Gesti\u00f3n de Sistemas de Salud de la UTalca.<\/a><\/p><p>\u00a0<\/p><p><b>EL DIARIO DE ATACAMA<\/b><\/p><p><a style=\"font-style: inherit; font-weight: inherit; background-color: #ffffff; font-family: -apple-system, BlinkMacSystemFont,;\" href=\"https:\/\/www.litoralpress.cl\/paginaconsultas\/Servicios_NClip\/Get_Imagen_Nota.aspx?LPKey=TUPTLKRAJ6SWHT4X65HYNGANPFTUZTR3MSR7Z33NC6X6V7B4RVZ3SYTJLMMV4XZXQS42I762ZEUEO\" target=\"_blank\" rel=\"noopener\">Reducci\u00f3n de ingresos de personas mayores: Otro efecto de la pandemia. Se refiere Sandra Alvear, directora del Mag\u00edster en Gesti\u00f3n de Sistemas de Salud de la UTalca.<\/a><\/p><p>\u00a0<\/p><p><b>EL AUSTRAL DE OSORNO<\/b><\/p><p><a style=\"font-style: inherit; font-weight: inherit; background-color: #ffffff; font-family: -apple-system, BlinkMacSystemFont,;\" href=\"https:\/\/www.litoralpress.cl\/paginaconsultas\/Servicios_NClip\/Get_Imagen_Nota.aspx?LPKey=XP2QEAEMQM77XOVKCRNNPFAZEJFR23XNLFPWCZAY3F27PGQXEDN53EGYK7SQK4KORRCRTAOQSWWB6\" target=\"_blank\" rel=\"noopener\">Reducci\u00f3n de ingresos de personas mayores: otro efecto de la pandemia. Se refiere Sandra Alvear, directora del Mag\u00edster en Gesti\u00f3n de Sistemas de Salud de la UTalca.<\/a><\/p><p>\u00a0<\/p><p><b>CANAL CONTIVISI\u00d3N<\/b><\/p><p><a style=\"font-style: inherit; font-weight: inherit; background-color: #ffffff; font-family: -apple-system, BlinkMacSystemFont,;\" href=\"https:\/\/www.litoralpress.cl\/Archivos\/U4KZ27ACO2PAYH3QSONHFKR23E.mp4\" target=\"_blank\" rel=\"noopener\">Talca: Estudio que busca conocer porcentaje de poblaci\u00f3n inmune al Covid-19. Se refiere Loreto N\u00fa\u00f1ez, acad\u00e9mica de la Facultad de Ciencias de la Salud de la UTalca.<\/a><\/p><p>\u00a0<\/p><p><b>MAULEE.CL<\/b><\/p><p><a style=\"font-style: inherit; font-weight: inherit; background-color: #ffffff; font-family: -apple-system, BlinkMacSystemFont,;\" href=\"https:\/\/www.maulee.cl\/gobierno-regional-inicia-ciclo-de-mesas-tecnicas-de-la-nueva-estrategia-regional-de-desarrollo-maule-%ef%bf%bc\/\" target=\"_blank\" rel=\"noopener\">Gobierno Regional inicia ciclo de mesas t\u00e9cnicas de la nueva Estrategia Regional de Desarrollo Maule. Se refiere Jorge Navarrete, acad\u00e9mico de la Facultad de Econom\u00eda y Negocios de la UTalca.<\/a><\/p><p>\u00a0<\/p><p><b>EL TIP\u00d3GRAFO<\/b><\/p><p><a style=\"font-style: inherit; font-weight: inherit; background-color: #ffffff; font-family: -apple-system, BlinkMacSystemFont,;\" href=\"https:\/\/www.litoralpress.cl\/paginaconsultas\/Servicios_NClip\/Get_Imagen_Nota.aspx?LPKey=UYKO5DBUUV3CRR6QY5PWZ6CQAWOLMC5WQ6CDT7JFBUK27UETNESU7MV2UR6NPOLVBUI7Q6ZO3SIOU\" target=\"_blank\" rel=\"noopener\">Comisi\u00f3n de Forma de Estado sesion\u00f3 en la Regi\u00f3n de O&#8217;Higgins. Se menciona a Humberto Nogueira, director del Centro de Estudios Constitucionales de Chile (CECOCH) de la UTalca y a Iv\u00e1n Obando, acad\u00e9mico de la Facultad de Ciencias Jur\u00eddicas y Sociales de la UTalca.<\/a><\/p><p>\u00a0<\/p><p><b>G5NOTICIAS.CL<\/b><\/p><p><a style=\"font-style: inherit; font-weight: inherit; background-color: #ffffff; font-family: -apple-system, BlinkMacSystemFont,;\" href=\"https:\/\/g5noticias.cl\/2021\/11\/15\/primera-senior-hackaton-de-chile-eligio-las-mejores-iniciativas-digitales-orientadas-a-personas-mayores\/\" target=\"_blank\" rel=\"noopener\">Primera Senior Hackat\u00f3n de Chile eligi\u00f3 las mejores iniciativas digitales orientadas a personas mayores. Se menciona a la Escuela de Administraci\u00f3n P\u00fablica y Ciencia Pol\u00edtica de la UTalca.<\/a><\/p><p>\u00a0<\/p><p><b>RADIO AMIGA<\/b><\/p><p><a style=\"font-style: inherit; font-weight: inherit; background-color: #ffffff; font-family: -apple-system, BlinkMacSystemFont,;\" href=\"https:\/\/www.litoralpress.cl\/Archivos\/A72G6H4NDMB3G3TCHGTBJJ3REE.mp3\" target=\"_blank\" rel=\"noopener\">Tercera versi\u00f3n de la Feria Agrotech 2021. Se menciona al Centro de Extensionismo Thinkagro de la Universidad de Talca.<\/a><\/p><p>\u00a0<\/p><p><b>CANAL MEGA<\/b><\/p><p><a style=\"font-style: inherit; font-weight: inherit; background-color: #ffffff; font-family: -apple-system, BlinkMacSystemFont,;\" href=\"https:\/\/www.litoralpress.cl\/sitio\/RadioTV_Detalles.cshtml?LPKey=2M7KBJLWFSROETQZFLEKVNZAW2LZ4EO42VM3HCBABGHAO5XLGP6A\" target=\"_blank\" rel=\"noopener\">Seis de los siete candidatos presidenciales participaron del \u00faltimo debate. Se menciona a Mauricio Morales, director del Centro de An\u00e1lisis Pol\u00edtico (CAP) de la UTalca.<\/a><\/p><p>\u00a0<\/p><p><b>CANAL MEGA<\/b><\/p><p><a style=\"font-style: inherit; font-weight: inherit; background-color: #ffffff; font-family: -apple-system, BlinkMacSystemFont,;\" href=\"https:\/\/www.litoralpress.cl\/sitio\/RadioTV_Detalles.cshtml?LPKey=RWFEX45JF2FX7GD7IE6JKACBL25OKLORPID4DO4ECVQNVDL53QWQ\" target=\"_blank\" rel=\"noopener\">Especial Meganoticias sobre el Debate Anatel. Se refiere Mauricio Morales, director del Centro de An\u00e1lisis Pol\u00edtico (CAP) de la UTalca.<\/a><\/p><p>\u00a0<\/p><p><b>CANAL MEGA<\/b><\/p><p><a style=\"font-style: inherit; font-weight: inherit; background-color: #ffffff; font-family: -apple-system, BlinkMacSystemFont,;\" href=\"https:\/\/www.litoralpress.cl\/Archivos\/FHVCF5S74EFIVBN5YC6UANED6I.mp4\" target=\"_blank\" rel=\"noopener\">Entrevista a Mauricio Morales, director del Centro de An\u00e1lisis Pol\u00edtico de la UTalca.<\/a><\/p><p>\u00a0<\/p><p><b>CANAL TVN<\/b><\/p><p><a style=\"font-style: inherit; font-weight: inherit; background-color: #ffffff; font-family: -apple-system, BlinkMacSystemFont,;\" href=\"https:\/\/www.litoralpress.cl\/Archivos\/4G6DTY76CFT5SNLKHYTOU45POM.mp4\" target=\"_blank\" rel=\"noopener\">Entrevista a Mario Herrera, acad\u00e9mico del Centro de An\u00e1lisis Pol\u00edtico UTalca.<\/a><\/p><p>\u00a0<\/p><p><b>24HORAS.CL<\/b><\/p><p><a style=\"font-style: inherit; font-weight: inherit; background-color: #ffffff; font-family: -apple-system, BlinkMacSystemFont,;\" href=\"https:\/\/www.24horas.cl\/elecciones-2021\/academico-por-debate-anatel-de-esta-noche-podria-ayudar-a-confirmar-una-intencion-de-voto--5060510\" target=\"_blank\" rel=\"noopener\">Acad\u00e9mico por debate Anatel de esta noche: &#8220;Podr\u00eda ayudar a confirmar una intenci\u00f3n de voto&#8221;. Se refiere Mario Herrera, acad\u00e9mico del Centro de An\u00e1lisis Pol\u00edtico UTalca.<\/a><\/p><p>\u00a0<\/p><p><b>CANAL 24 HORAS<\/b><\/p><p><a style=\"font-style: inherit; font-weight: inherit; background-color: #ffffff; font-family: -apple-system, BlinkMacSystemFont,;\" href=\"https:\/\/www.litoralpress.cl\/Archivos\/TWSA76VSZ2NTQ5FSTMS2QP4TTM.mp4\" target=\"_blank\" rel=\"noopener\">Este lunes se realizar\u00e1 el debate presidencial Anatel. Se refiere Mauricio Morales, director del Centro de An\u00e1lisis Pol\u00edtico (CAP) de la UTalca.<\/a><\/p><p>\u00a0<\/p><p><b>CANAL MEGA<\/b><\/p><p><a style=\"font-style: inherit; font-weight: inherit; background-color: #ffffff; font-family: -apple-system, BlinkMacSystemFont,;\" href=\"https:\/\/www.litoralpress.cl\/Archivos\/A7VNQZRJZWIWDXYPCQ36NFK2DU.mp4\" target=\"_blank\" rel=\"noopener\">Semana clave para los candidatos presidenciales. Se refiere Mauricio Morales, director del Centro de An\u00e1lisis Pol\u00edtico (CAP) de la UTalca.<\/a><\/p><p>\u00a0<\/p><p><b>CANAL TVN<\/b><\/p><p><a style=\"font-style: inherit; font-weight: inherit; background-color: #ffffff; font-family: -apple-system, BlinkMacSystemFont,;\" href=\"https:\/\/www.litoralpress.cl\/Archivos\/QYFDTR25LHZUM5NDSSKJWV5WUE.mp4\" target=\"_blank\" rel=\"noopener\">Hoy \u00faltimo debate presidencial. Se refiere Mauricio Morales, director del Centro de An\u00e1lisis Pol\u00edtico (CAP) de la UTalca.<\/a><\/p><p>\u00a0<\/p><p><b>RADIO COOPERATIVA<\/b><\/p><p><a style=\"font-style: inherit; font-weight: inherit; background-color: #ffffff; font-family: -apple-system, BlinkMacSystemFont,;\" href=\"https:\/\/www.litoralpress.cl\/Archivos\/NP6GMZGP75WP4C2PPEDU2USJTQ.mp3\" target=\"_blank\" rel=\"noopener\">Entrevista a Mauricio Morales, analista pol\u00edtico y acad\u00e9mico de la Universidad de Talca.<\/a><\/p><p>\u00a0<\/p><p><b>EL MERCURIO DE VALPARA\u00cdSO<\/b><\/p><p><a style=\"font-style: inherit; font-weight: inherit; background-color: #ffffff; font-family: -apple-system, BlinkMacSystemFont,;\" href=\"https:\/\/www.litoralpress.cl\/paginaconsultas\/Servicios_NClip\/Get_Imagen_Nota.aspx?LPKey=NTJFBMGC2QW46NKWWS2FGRKOYJDH4JPXIYZ2ZIKL6BR2WS2YQRZWMT444GQZHXAXPRR3IL4ZZI4VE\" target=\"_blank\" rel=\"noopener\">Incierto y polarizado: el escenario pol\u00edtico a d\u00edas de las elecciones. Se refiere Mauricio Morales, director del Centro de An\u00e1lisis Pol\u00edtico (CAP) de la UTalca.<\/a><\/p><p>\u00a0<\/p><p><b>COOPERATIVA.CL<\/b><\/p><p><a style=\"font-style: inherit; font-weight: inherit; background-color: #ffffff; font-family: -apple-system, BlinkMacSystemFont,;\" href=\"https:\/\/www.cooperativa.cl\/noticias\/pais\/politica\/presidenciales\/mauricio-morales-es-muy-lamentable-que-estemos-reactivando-el-eje\/2021-11-15\/085247.html\" target=\"_blank\" rel=\"noopener\">Mauricio Morales: &#8220;Es muy lamentable que estemos reactivando el eje democracia\/autoritarismo, que ten\u00edamos superado&#8221;. Se refiere Mauricio Morales, director del Centro de An\u00e1lisis Pol\u00edtico (CAP) de la UTalca.<\/a><\/p><p>\u00a0<\/p><p><b>THECLINIC.CL<\/b><\/p><p><a style=\"font-style: inherit; font-weight: inherit; background-color: #ffffff; font-family: -apple-system, BlinkMacSystemFont,;\" href=\"https:\/\/www.theclinic.cl\/2021\/11\/15\/debate-anatel-los-temas-que-los-abanderados-deben-destacar-o-hacerle-el-quite-para-salir-airosos-del-ultimo-foro-de-tv\/\" target=\"_blank\" rel=\"noopener\">Debate Anatel: Los temas que los abanderados deben destacar o hacerle el quite para salir airosos del \u00faltimo foro de TV.<\/a><\/p><p>\u00a0<\/p><p><b>RADIO COOPERATIVA<\/b><\/p><p><a style=\"font-style: inherit; font-weight: inherit; background-color: #ffffff; font-family: -apple-system, BlinkMacSystemFont,;\" href=\"https:\/\/www.litoralpress.cl\/Archivos\/JCVYPSFO72ZTVHENTTUCREU3YY.mp3\" target=\"_blank\" rel=\"noopener\">Se cumplen dos a\u00f1os del Acuerdo por la Paz y la Nueva Constituci\u00f3n. Se menciona a Mauricio Morales, director del Centro de An\u00e1lisis Pol\u00edtico (CAP) de la UTalca.<\/a><\/p><p>\u00a0<\/p><p><b>PORTALMEDIOS.CL<\/b><\/p><p><a style=\"font-style: inherit; font-weight: inherit; background-color: #ffffff; font-family: -apple-system, BlinkMacSystemFont,;\" href=\"https:\/\/www.portalmedios.cl\/?p=21945\" target=\"_blank\" rel=\"noopener\">INIA realiza un completo estudio para la prevenci\u00f3n y control de la enfermedad de Sharka. Se menciona a la Universidad de Talca.<\/a><\/p><p>\u00a0<\/p><p><b>RADIOBOHEMIA.CL<\/b><\/p><p><a style=\"font-style: inherit; font-weight: inherit; background-color: #ffffff; font-family: -apple-system, BlinkMacSystemFont,;\" href=\"http:\/\/www.radiobohemia.cl\/?p=12846\" target=\"_blank\" rel=\"noopener\">INIA realiza un completo estudio para la prevenci\u00f3n y control de la enfermedad de Sharka. Se menciona a la Universidad de Talca.<\/a><\/p>\t\t\t\t\t\t<\/div>\n\t\t\t\t<\/div>\n\t\t\t\t\t<\/div>\n\t\t<\/div>\n\t\t\t\t\t\t\t<\/div>\n\t\t<\/section>\n\t\t\t\t\t\t<\/div>\n\t\t\t\t\t<\/div>\n\t\t","protected":false},"excerpt":{"rendered":"<p>DIARIOTALCA.CL UTalca se adjudica 11 proyectos de investigaci\u00f3n e innovaci\u00f3n. \u00a0 ADPRENSA.CL UTalca se adjudica 11 importantes proyectos de investigaci\u00f3n e innovaci\u00f3n. \u00a0 CHILLANONLINE.CL UTalca se adjudica 11 importantes proyectos de investigaci\u00f3n e innovaci\u00f3n. \u00a0 EL MERCURIO Avance de vacunaci\u00f3n en menores disminuir\u00eda riesgo de contagio en la vuelta a clases presenciales. Se refiere Marcelo &hellip;<\/p>\n<p class=\"read-more\"> <a class=\"\" href=\"https:\/\/www.reportedeprensa.utalca.cl\/?p=2408\"> <span class=\"screen-reader-text\">16 de noviembre de 2021<\/span> Read More &raquo;<\/a><\/p>\n","protected":false},"author":1,"featured_media":0,"comment_status":"closed","ping_status":"open","sticky":false,"template":"elementor_theme","format":"standard","meta":{"_monsterinsights_skip_tracking":false,"_monsterinsights_sitenote_active":false,"_monsterinsights_sitenote_note":"","_monsterinsights_sitenote_category":0},"categories":[14],"tags":[],"_links":{"self":[{"href":"https:\/\/www.reportedeprensa.utalca.cl\/index.php?rest_route=\/wp\/v2\/posts\/2408"}],"collection":[{"href":"https:\/\/www.reportedeprensa.utalca.cl\/index.php?rest_route=\/wp\/v2\/posts"}],"about":[{"href":"https:\/\/www.reportedeprensa.utalca.cl\/index.php?rest_route=\/wp\/v2\/types\/post"}],"author":[{"embeddable":true,"href":"https:\/\/www.reportedeprensa.utalca.cl\/index.php?rest_route=\/wp\/v2\/users\/1"}],"replies":[{"embeddable":true,"href":"https:\/\/www.reportedeprensa.utalca.cl\/index.php?rest_route=%2Fwp%2Fv2%2Fcomments&post=2408"}],"version-history":[{"count":4,"href":"https:\/\/www.reportedeprensa.utalca.cl\/index.php?rest_route=\/wp\/v2\/posts\/2408\/revisions"}],"predecessor-version":[{"id":2412,"href":"https:\/\/www.reportedeprensa.utalca.cl\/index.php?rest_route=\/wp\/v2\/posts\/2408\/revisions\/2412"}],"wp:attachment":[{"href":"https:\/\/www.reportedeprensa.utalca.cl\/index.php?rest_route=%2Fwp%2Fv2%2Fmedia&parent=2408"}],"wp:term":[{"taxonomy":"category","embeddable":true,"href":"https:\/\/www.reportedeprensa.utalca.cl\/index.php?rest_route=%2Fwp%2Fv2%2Fcategories&post=2408"},{"taxonomy":"post_tag","embeddable":true,"href":"https:\/\/www.reportedeprensa.utalca.cl\/index.php?rest_route=%2Fwp%2Fv2%2Ftags&post=2408"}],"curies":[{"name":"wp","href":"https:\/\/api.w.org\/{rel}","templated":true}]}}