{"id":2419,"date":"2021-11-17T08:49:57","date_gmt":"2021-11-17T11:49:57","guid":{"rendered":"https:\/\/www.reportedeprensa.utalca.cl\/?p=2419"},"modified":"2021-11-17T09:18:56","modified_gmt":"2021-11-17T12:18:56","slug":"17-de-noviembre-de-2021","status":"publish","type":"post","link":"https:\/\/www.reportedeprensa.utalca.cl\/?p=2419","title":{"rendered":"17 de noviembre de 2021"},"content":{"rendered":"\t\t<div data-elementor-type=\"wp-post\" data-elementor-id=\"2419\" class=\"elementor elementor-2419\" data-elementor-settings=\"[]\">\n\t\t\t\t\t\t\t<div class=\"elementor-section-wrap\">\n\t\t\t\t\t\t\t<section class=\"elementor-section elementor-top-section elementor-element elementor-element-a06ca45 elementor-section-boxed elementor-section-height-default elementor-section-height-default\" data-id=\"a06ca45\" data-element_type=\"section\">\n\t\t\t\t\t\t<div class=\"elementor-container elementor-column-gap-default\">\n\t\t\t\t\t<div class=\"elementor-column elementor-col-100 elementor-top-column elementor-element elementor-element-1486c35\" data-id=\"1486c35\" data-element_type=\"column\">\n\t\t\t<div class=\"elementor-widget-wrap elementor-element-populated\">\n\t\t\t\t\t\t\t\t<div class=\"elementor-element elementor-element-42b145e elementor-widget elementor-widget-text-editor\" data-id=\"42b145e\" data-element_type=\"widget\" data-widget_type=\"text-editor.default\">\n\t\t\t\t<div class=\"elementor-widget-container\">\n\t\t\t\t\t\t\t\t<p><b>UNIVERSIDADESESTATALES.CL<\/b><\/p><p><a style=\"font-style: inherit; font-weight: inherit; background-color: #ffffff; font-family: -apple-system, BlinkMacSystemFont,;\" href=\"http:\/\/www.universidadesestatales.cl\/cue\/?q=node\/9313\" target=\"_blank\" rel=\"noopener\">Acad\u00e9micos UTalca desarrollar\u00e1n huertos empleando agricultura vertical de bajo costo.<\/a><\/p><p>\u00a0<\/p><p><b>LINARESENLINEA.CL<\/b><\/p><p><a style=\"font-style: inherit; font-weight: inherit; background-color: #ffffff; font-family: -apple-system, BlinkMacSystemFont,;\" href=\"https:\/\/www.linaresenlinea.cl\/2021\/11\/16\/academicos-utalca-desarrollaran-huertos-empleando-agricultura-vertical-de-bajo-costo\/\" target=\"_blank\" rel=\"noopener\">Acad\u00e9micos UTalca desarrollar\u00e1n huertos empleando agricultura vertical de bajo costo.<\/a><\/p><p>\u00a0<\/p><p><b>DIARIOTALCA.CL<\/b><\/p><p><a style=\"font-style: inherit; font-weight: inherit; background-color: #ffffff; font-family: -apple-system, BlinkMacSystemFont,;\" href=\"https:\/\/diariotalca.cl\/utalca-presenta-libro-que-recoge-los-20-anos-del-premio-iberoamericano-de-letras-jose-donoso\/\" target=\"_blank\" rel=\"noopener\">UTalca presenta libro que recoge los 20 a\u00f1os del Premio Iberoamericano de Letras Jos\u00e9 Donoso.<\/a><\/p><p>\u00a0<\/p><p><b>LAS \u00daLTIMAS NOTICIAS<\/b><\/p><p><a style=\"font-style: inherit; font-weight: inherit; background-color: #ffffff; font-family: -apple-system, BlinkMacSystemFont,;\" href=\"https:\/\/www.litoralpress.cl\/paginaconsultas\/Servicios_NClip\/Get_Imagen_Nota.aspx?LPKey=XMARORN5SK25KXD2SQSWBHJVHUM7NJ7NKFX4FY2DAVUQ77KKRHTP5LMR3LDQSJ2HEUJY4ONWGSNYY\" target=\"_blank\" rel=\"noopener\">As\u00ed le fue a Chile en el ranking global de nivel de ingl\u00e9s. Se refiere Mauricio V\u00e9liz, director de la Escuela de Pedagog\u00edas en Ingl\u00e9s de la UTalca.<\/a><\/p><p>\u00a0<\/p><p><b>ELMAULEINFORMA.CL<\/b><\/p><p><a style=\"font-style: inherit; font-weight: inherit; background-color: #ffffff; font-family: -apple-system, BlinkMacSystemFont,;\" href=\"https:\/\/elmauleinforma.cl\/dispositivo-que-ayuda-a-personas-con-discapacidad-visual-fue-seleccionado-en-concurso-internacional\/\" target=\"_blank\" rel=\"noopener\">Dispositivo que ayuda a personas con discapacidad visual fue seleccionado en concurso internacional. Se refiere Silvana Herrera, directora del proyecto y acad\u00e9mica de la UTalca.<\/a><\/p><p>\u00a0<\/p><p><b>LANOTICIA.CL<\/b><\/p><p><a style=\"font-style: inherit; font-weight: inherit; background-color: #ffffff; font-family: -apple-system, BlinkMacSystemFont,;\" href=\"https:\/\/lanoticia.cl\/dispositivo-que-ayuda-a-personas-con-discapacidad-visual-fue-seleccionado-en-concurso-internacional\/\" target=\"_blank\" rel=\"noopener\">Dispositivo que ayuda a personas con discapacidad visual fue seleccionado en concurso internacional. Se refiere Silvana Herrera, directora del proyecto y acad\u00e9mica de la UTalca.<\/a><\/p><p>\u00a0<\/p><p><b>LANOTICIA.CL<\/b><\/p><p><a style=\"font-style: inherit; font-weight: inherit; background-color: #ffffff; font-family: -apple-system, BlinkMacSystemFont,;\" href=\"https:\/\/lanoticia.cl\/utalca-estudiantes-secundarios-conocieron-oferta-academica-de-la-facultad-de-ingenieria\/\" target=\"_blank\" rel=\"noopener\">UTalca: Estudiantes secundarios conocieron oferta acad\u00e9mica de la Facultad de Ingenier\u00eda.<\/a><\/p><p>\u00a0<\/p><p><b>ADPRENSA.CL<\/b><\/p><p><a style=\"font-style: inherit; font-weight: inherit; background-color: #ffffff; font-family: -apple-system, BlinkMacSystemFont,;\" href=\"https:\/\/www.adprensa.cl\/cronica\/centro-de-la-utalca-organiza-seminario-sobre-rehabilitacion-y-tecnologia\/\" target=\"_blank\" rel=\"noopener\">Centro de la UTalca organiza seminario sobre rehabilitaci\u00f3n y tecnolog\u00eda.<\/a><\/p><p>\u00a0<\/p><p><b>IMPACTOREGIONAL.CL<\/b><\/p><p><a style=\"font-style: inherit; font-weight: inherit; background-color: #ffffff; font-family: -apple-system, BlinkMacSystemFont,;\" href=\"http:\/\/www.impactoregional.cl\/?p=4465\" target=\"_blank\" rel=\"noopener\">Revive el programa Impacto Regional. Entrevista a Loreto N\u00fa\u00f1ez, acad\u00e9mica del Departamento de Salud P\u00fablica de la UTalca.<\/a><\/p><p>\u00a0<\/p><p><b>TVMAULE.CL<\/b><\/p><p><a style=\"font-style: inherit; font-weight: inherit; background-color: #ffffff; font-family: -apple-system, BlinkMacSystemFont,;\" href=\"https:\/\/www.tvmaule.cl\/seminario-sobre-tecnologias-aplicadas-al-turismo-se-desarrollara-en-la-region-del-maule\/\" target=\"_blank\" rel=\"noopener\">Seminario sobre tecnolog\u00edas aplicadas al turismo se desarrollar\u00e1 en la regi\u00f3n del Maule. Se refiere Felipe Besoa\u00edn, director de MauleTec de la UTalca.<\/a><\/p><p>\u00a0<\/p><p><b>ELMAULEINFORMA.CL<\/b><\/p><p><a style=\"font-style: inherit; font-weight: inherit; background-color: #ffffff; font-family: -apple-system, BlinkMacSystemFont,;\" href=\"https:\/\/elmauleinforma.cl\/convocan-a-seminario-sobre-tecnologias-aplicadas-al-turismo\/\" target=\"_blank\" rel=\"noopener\">Convocan a seminario sobre tecnolog\u00edas aplicadas al turismo. Se refiere Felipe Besoa\u00edn, director de MauleTec de la UTalca.<\/a><\/p><p>\u00a0<\/p><p><b>TALCACAPITAL.CL<\/b><\/p><p><a style=\"font-style: inherit; font-weight: inherit; background-color: #ffffff; font-family: -apple-system, BlinkMacSystemFont,;\" href=\"https:\/\/talcacapital.cl\/convocan-a-seminario-sobre-tecnologias-aplicadas-al-turismo\/\" target=\"_blank\" rel=\"noopener\">Convocan a seminario sobre tecnolog\u00edas aplicadas al turismo. Se refiere Felipe Besoa\u00edn, director de MauleTec de la UTalca.<\/a><\/p><p>\u00a0<\/p><p><b>G5NOTICIAS.CL<\/b><\/p><p><a style=\"font-style: inherit; font-weight: inherit; background-color: #ffffff; font-family: -apple-system, BlinkMacSystemFont,;\" href=\"https:\/\/g5noticias.cl\/2021\/11\/16\/estudio-muestra-como-mejora-el-bienestar-mental-de-las-personas-mayores-al-participar-en-grupos-comunitarios\/\" target=\"_blank\" rel=\"noopener\">Estudio muestra c\u00f3mo mejora el bienestar mental de las personas mayores al participar en grupos comunitarios. Se menciona a Emilio Moyano, acad\u00e9mico de la Facultad de Psicolog\u00eda de la UTalca.<\/a><\/p><p>\u00a0<\/p><p><b>RADIORTL.CL<\/b><\/p><p><a style=\"font-style: inherit; font-weight: inherit; background-color: #ffffff; font-family: -apple-system, BlinkMacSystemFont,;\" href=\"https:\/\/radiortl.cl\/2021\/11\/16\/gobierno-regional-inicia-ciclo-de-mesas-tecnicas-de-la-nueva-estrategia-regional-de-desarrollo-maule\/\" target=\"_blank\" rel=\"noopener\">Gobierno Regional inicia ciclo de mesas t\u00e9cnicas de la nueva Estrategia Regional de Desarrollo Maule. Se refiere Jorge Navarrete, docente de la UTalca.<\/a><\/p><p>\u00a0<\/p><p><b>DIARIO CONCEPCI\u00d3N<\/b><\/p><p><a style=\"font-style: inherit; font-weight: inherit; background-color: #ffffff; font-family: -apple-system, BlinkMacSystemFont,;\" href=\"https:\/\/www.litoralpress.cl\/paginaconsultas\/Servicios_NClip\/Get_Imagen_Nota.aspx?LPKey=VIW7BDSIFKPNXVJJZJF6XR2SKNC5ODLJKHCRNEUV7TGBIKPOTOHPVAYRNMXRRPN6EHIPHRQR35JEW\" target=\"_blank\" rel=\"noopener\">Lucha contra el desperdicio de alimentos y la inseguridad alimentaria. Columna en la que se menciona estudio de la UTalca.<\/a><\/p><p>\u00a0<\/p><p><b>CANAL TVN<\/b><\/p><p><a style=\"font-style: inherit; font-weight: inherit; background-color: #ffffff; font-family: -apple-system, BlinkMacSystemFont,;\" href=\"https:\/\/www.litoralpress.cl\/sitio\/RadioTV_Detalles.cshtml?LPKey=HIRDQQN3XGUBSEFIWB5R4FBDICGLASXL4GOJBNXHJCPL74P7KW2Q\" target=\"_blank\" rel=\"noopener\">Los tensos momentos y &#8220;cara a cara&#8221; que marcaron el debate presidente Anatel. Se refiere Mauricio Morales, director del Centro de An\u00e1lisis Pol\u00edtico (CAP) de la UTalca.<\/a><\/p><p>\u00a0<\/p><p><b>CANAL 24 HORAS<\/b><\/p><p><a style=\"font-style: inherit; font-weight: inherit; background-color: #ffffff; font-family: -apple-system, BlinkMacSystemFont,;\" href=\"https:\/\/www.litoralpress.cl\/sitio\/RadioTV_Detalles.cshtml?LPKey=RDGS2RR56RIQMKRX37BPA353JUAVOEJYSLMST7H5BEYGNPMAUGAA\" target=\"_blank\" rel=\"noopener\">Los tensos momentos y &#8220;cara a cara&#8221; que marcaron el debate presidente Anatel. Se refiere Mauricio Morales, director del Centro de An\u00e1lisis Pol\u00edtico (CAP) de la UTalca.<\/a><\/p><p>\u00a0<\/p><p><b>CANAL 13<\/b><\/p><p><a style=\"font-style: inherit; font-weight: inherit; background-color: #ffffff; font-family: -apple-system, BlinkMacSystemFont,;\" href=\"https:\/\/www.litoralpress.cl\/sitio\/RadioTV_Detalles.cshtml?LPKey=TWL3JK54EYUDUA46IFNSCBFFAV3WRUHPZJXBJ7LFZW3HMP5UXA5A\" target=\"_blank\" rel=\"noopener\">El d\u00eda despu\u00e9s del debate presidencial en televisi\u00f3n: Sichel afirm\u00f3 que volvi\u00f3 el apoyo. Se refiere Mauricio Morales, director del Centro de An\u00e1lisis Pol\u00edtico (CAP) de la UTalca.<\/a><\/p><p>\u00a0<\/p><p><b>CANAL 13<\/b><\/p><p><a style=\"font-style: inherit; font-weight: inherit; background-color: #ffffff; font-family: -apple-system, BlinkMacSystemFont,;\" href=\"https:\/\/www.litoralpress.cl\/sitio\/RadioTV_Detalles.cshtml?LPKey=VW5G6D5DV7CV35J7Q5QGM253JWFMKPO7T6MXVQ7OLSW6W4YTNNIA\" target=\"_blank\" rel=\"noopener\">Jos\u00e9 Antonio Kast sali\u00f3 a enfrentar las cr\u00edticas tras el debate presidencial. Se refiere Mauricio Morales, director del Centro de An\u00e1lisis Pol\u00edtico (CAP) de la UTalca.<\/a><\/p><p>\u00a0<\/p><p><b>CANAL CNN CHILE<\/b><\/p><p><a style=\"font-style: inherit; font-weight: inherit; background-color: #ffffff; font-family: -apple-system, BlinkMacSystemFont,;\" href=\"https:\/\/www.litoralpress.cl\/sitio\/RadioTV_Detalles.cshtml?LPKey=3OPU6RRKLZ65NAU4GX442KVVU4H2ECNKAPLEZE2EKZVNUGCW4SYQ\" target=\"_blank\" rel=\"noopener\">Candidatos entregan sus impresiones tras el debate presidencial de Anatel. Se refiere Mauricio Morales, director del Centro de An\u00e1lisis Pol\u00edtico (CAP) de la UTalca.<\/a><\/p><p>\u00a0<\/p><p><b>CANAL CNN CHILE<\/b><\/p><p><a style=\"font-style: inherit; font-weight: inherit; background-color: #ffffff; font-family: -apple-system, BlinkMacSystemFont,;\" href=\"https:\/\/www.litoralpress.cl\/sitio\/RadioTV_Detalles.cshtml?LPKey=WLFHOLQ57DJMFCQU4SIA2VLKMH6EA2NSXGGBNK753RRRGH253QEQ\" target=\"_blank\" rel=\"noopener\">Contacto con Mauricio Morales, director del Centro de An\u00e1lisis Pol\u00edtico (CAP) de la UTalca.<\/a><\/p><p>\u00a0<\/p><p><b>CNNCHILE.COM<\/b><\/p><p><a style=\"font-style: inherit; font-weight: inherit; background-color: #ffffff; font-family: -apple-system, BlinkMacSystemFont,;\" href=\"https:\/\/www.cnnchile.com\/lodijeronencnn\/entrevista-mauricio-morales-quien-gano-debate-presidencial_20211116\/\" target=\"_blank\" rel=\"noopener\">\u201cSe echa de menos la imagen de un estadista\u201d: \u00bfQui\u00e9n gan\u00f3 y qui\u00e9n perdi\u00f3 en el \u00faltimo debate presidencial? Se refiere Mauricio Morales, director del Centro de An\u00e1lisis Pol\u00edtico (CAP) de la UTalca.<\/a><\/p><p>\u00a0<\/p><p><b>CANAL MEGA<\/b><\/p><p><a style=\"font-style: inherit; font-weight: inherit; background-color: #ffffff; font-family: -apple-system, BlinkMacSystemFont,;\" href=\"https:\/\/www.litoralpress.cl\/sitio\/RadioTV_Detalles.cshtml?LPKey=RALLZ63NXFD7AETEFSNZ2PSQJTCKG3FLU7STA7EGWUTF6EDOBR3Q\" target=\"_blank\" rel=\"noopener\">Entrevista a Mauricio Morales, director del Centro de An\u00e1lisis Pol\u00edtico (CAP) de la UTalca.<\/a><\/p><p>\u00a0<\/p><p><b>CANAL MEGA PLUS<\/b><\/p><p><a style=\"font-style: inherit; font-weight: inherit; background-color: #ffffff; font-family: -apple-system, BlinkMacSystemFont,;\" href=\"https:\/\/www.litoralpress.cl\/sitio\/RadioTV_Detalles.cshtml?LPKey=IOANIBVBKNYEH37MEIMTNDM7YJ4UB5XXRRF3NG4VM63G3L2VF7FQ\" target=\"_blank\" rel=\"noopener\">Entrevista a Mauricio Morales, director del Centro de An\u00e1lisis Pol\u00edtico (CAP) de la UTalca.<\/a><\/p><p>\u00a0<\/p><p><b>EMOL.COM<\/b><\/p><p><a style=\"font-style: inherit; font-weight: inherit; background-color: #ffffff; font-family: -apple-system, BlinkMacSystemFont,;\" href=\"https:\/\/www.emol.com\/noticias\/Nacional\/2021\/11\/16\/1038546\/analisis-debate-presidencial.html\" target=\"_blank\" rel=\"noopener\">El d\u00eda despu\u00e9s del debate: \u00bfSeguir\u00e1 inc\u00f3lume Boric? \u00bfLe alcanzar\u00e1 a Sichel para desbancar a Kast? Expertos opinan. Se refiere Mauricio Morales, director del Centro de An\u00e1lisis Pol\u00edtico (CAP) de la UTalca.<\/a><\/p><p>\u00a0<\/p><p><b>ELMERCURIO.COM<\/b><\/p><p><a style=\"font-style: inherit; font-weight: inherit; background-color: #ffffff; font-family: -apple-system, BlinkMacSystemFont,;\" href=\"https:\/\/www.litoralpress.cl\/paginaconsultas\/Documentos\/Crear_Achivo_MO_Pdf.aspx?LPKey=FKJBQ2SJU7TIAMKQZFED4VCCEAJHC2O7EPAOG5A6VU4TL6N2NJVFLXNGFQD7LM5FKQR35UFEBJQ5Q\" target=\"_blank\" rel=\"noopener\">Debate presidencial e incertidumbre arrastran al IPSA y al peso: d\u00f3lar se dispara a $811. Se refiere Mauricio Morales, director del Centro de An\u00e1lisis Pol\u00edtico (CAP) de la UTalca.<\/a><\/p><p>\u00a0<\/p><p><b>LAS \u00daLTIMAS NOTICIAS<\/b><\/p><p><a style=\"font-style: inherit; font-weight: inherit; background-color: #ffffff; font-family: -apple-system, BlinkMacSystemFont,;\" href=\"https:\/\/www.litoralpress.cl\/paginaconsultas\/Servicios_NClip\/Get_Imagen_Nota.aspx?LPKey=H33XOEMFZ7D7UPF3FS3ADKTKADKG2KNX4KPHRZ4LJQZQ3V6I2KWBAGTGUU7733T22FW4Y3ZTNDRMY\" target=\"_blank\" rel=\"noopener\">Cu\u00e1nto mide Kast y qui\u00e9n es la polola de Boric: lo m\u00e1s buscado en Google. Se refiere Mauricio Morales, director del Centro de An\u00e1lisis Pol\u00edtico (CAP) de la UTalca.<\/a><\/p><p>\u00a0<\/p><p><b>EL MERCURIO DE VALPARA\u00cdSO<\/b><\/p><p><a style=\"font-style: inherit; font-weight: inherit; background-color: #ffffff; font-family: -apple-system, BlinkMacSystemFont,;\" href=\"https:\/\/www.litoralpress.cl\/paginaconsultas\/Servicios_NClip\/Get_Imagen_Nota.aspx?LPKey=AKSRAFA6IZWO7BTMBXVRWPPPMT2VSOU74Z2C6VRT4OHNCSYSPXWCZSZFKO2BYU7HBFVC7XJZSH5J2\" target=\"_blank\" rel=\"noopener\">Analistas discuten sobre los errores de Kast en el debate y se plantean la arremetida de Sichel. Se refiere Mauricio Morales, director del Centro de An\u00e1lisis Pol\u00edtico (CAP) de la UTalca.<\/a><\/p><p>\u00a0<\/p><p><b>TOURNNOVACION.CL<\/b><\/p><p><a style=\"font-style: inherit; font-weight: inherit; background-color: #ffffff; font-family: -apple-system, BlinkMacSystemFont,;\" href=\"https:\/\/www.tourinnovacion.cl\/agricultura\/inia-realiza-un-completo-estudio-para-identificacion-prevencion-y-control-de-la-enfermedad-de-sharka-r\/\" target=\"_blank\" rel=\"noopener\">INIA realiza un completo estudio para identificaci\u00f3n, prevenci\u00f3n y control de la enfermedad de Sharka R. Se menciona a la UTalca.<\/a><\/p><p>\u00a0<\/p><p><b>PORTALAGROCHILE.CL<\/b><\/p><p><a style=\"font-style: inherit; font-weight: inherit; background-color: #ffffff; font-family: -apple-system, BlinkMacSystemFont,;\" href=\"https:\/\/www.portalagrochile.cl\/2021\/11\/16\/inia-realiza-un-completo-estudio-para-la-identificacion-prevencion-y-control-de-la-enfermedad-de-sharka\/\" target=\"_blank\" rel=\"noopener\">INIA realiza un completo estudio para identificaci\u00f3n, prevenci\u00f3n y control de la enfermedad de Sharka R. Se menciona a la UTalca.<\/a><\/p>\t\t\t\t\t\t<\/div>\n\t\t\t\t<\/div>\n\t\t\t\t\t<\/div>\n\t\t<\/div>\n\t\t\t\t\t\t\t<\/div>\n\t\t<\/section>\n\t\t\t\t\t\t<\/div>\n\t\t\t\t\t<\/div>\n\t\t","protected":false},"excerpt":{"rendered":"<p>UNIVERSIDADESESTATALES.CL Acad\u00e9micos UTalca desarrollar\u00e1n huertos empleando agricultura vertical de bajo costo. \u00a0 LINARESENLINEA.CL Acad\u00e9micos UTalca desarrollar\u00e1n huertos empleando agricultura vertical de bajo costo. \u00a0 DIARIOTALCA.CL UTalca presenta libro que recoge los 20 a\u00f1os del Premio Iberoamericano de Letras Jos\u00e9 Donoso. \u00a0 LAS \u00daLTIMAS NOTICIAS As\u00ed le fue a Chile en el ranking global de nivel &hellip;<\/p>\n<p class=\"read-more\"> <a class=\"\" href=\"https:\/\/www.reportedeprensa.utalca.cl\/?p=2419\"> <span class=\"screen-reader-text\">17 de noviembre de 2021<\/span> Read More &raquo;<\/a><\/p>\n","protected":false},"author":1,"featured_media":0,"comment_status":"closed","ping_status":"open","sticky":false,"template":"elementor_theme","format":"standard","meta":{"_monsterinsights_skip_tracking":false,"_monsterinsights_sitenote_active":false,"_monsterinsights_sitenote_note":"","_monsterinsights_sitenote_category":0},"categories":[14],"tags":[],"_links":{"self":[{"href":"https:\/\/www.reportedeprensa.utalca.cl\/index.php?rest_route=\/wp\/v2\/posts\/2419"}],"collection":[{"href":"https:\/\/www.reportedeprensa.utalca.cl\/index.php?rest_route=\/wp\/v2\/posts"}],"about":[{"href":"https:\/\/www.reportedeprensa.utalca.cl\/index.php?rest_route=\/wp\/v2\/types\/post"}],"author":[{"embeddable":true,"href":"https:\/\/www.reportedeprensa.utalca.cl\/index.php?rest_route=\/wp\/v2\/users\/1"}],"replies":[{"embeddable":true,"href":"https:\/\/www.reportedeprensa.utalca.cl\/index.php?rest_route=%2Fwp%2Fv2%2Fcomments&post=2419"}],"version-history":[{"count":4,"href":"https:\/\/www.reportedeprensa.utalca.cl\/index.php?rest_route=\/wp\/v2\/posts\/2419\/revisions"}],"predecessor-version":[{"id":2423,"href":"https:\/\/www.reportedeprensa.utalca.cl\/index.php?rest_route=\/wp\/v2\/posts\/2419\/revisions\/2423"}],"wp:attachment":[{"href":"https:\/\/www.reportedeprensa.utalca.cl\/index.php?rest_route=%2Fwp%2Fv2%2Fmedia&parent=2419"}],"wp:term":[{"taxonomy":"category","embeddable":true,"href":"https:\/\/www.reportedeprensa.utalca.cl\/index.php?rest_route=%2Fwp%2Fv2%2Fcategories&post=2419"},{"taxonomy":"post_tag","embeddable":true,"href":"https:\/\/www.reportedeprensa.utalca.cl\/index.php?rest_route=%2Fwp%2Fv2%2Ftags&post=2419"}],"curies":[{"name":"wp","href":"https:\/\/api.w.org\/{rel}","templated":true}]}}