{"id":2432,"date":"2021-11-18T08:30:20","date_gmt":"2021-11-18T11:30:20","guid":{"rendered":"https:\/\/www.reportedeprensa.utalca.cl\/?p=2432"},"modified":"2021-11-18T08:41:00","modified_gmt":"2021-11-18T11:41:00","slug":"18-de-noviembre-de-2021","status":"publish","type":"post","link":"https:\/\/www.reportedeprensa.utalca.cl\/?p=2432","title":{"rendered":"18 de noviembre de 2021"},"content":{"rendered":"\t\t<div data-elementor-type=\"wp-post\" data-elementor-id=\"2432\" class=\"elementor elementor-2432\" data-elementor-settings=\"[]\">\n\t\t\t\t\t\t\t<div class=\"elementor-section-wrap\">\n\t\t\t\t\t\t\t<section class=\"elementor-section elementor-top-section elementor-element elementor-element-a06ca45 elementor-section-boxed elementor-section-height-default elementor-section-height-default\" data-id=\"a06ca45\" data-element_type=\"section\">\n\t\t\t\t\t\t<div class=\"elementor-container elementor-column-gap-default\">\n\t\t\t\t\t<div class=\"elementor-column elementor-col-100 elementor-top-column elementor-element elementor-element-1486c35\" data-id=\"1486c35\" data-element_type=\"column\">\n\t\t\t<div class=\"elementor-widget-wrap elementor-element-populated\">\n\t\t\t\t\t\t\t\t<div class=\"elementor-element elementor-element-42b145e elementor-widget elementor-widget-text-editor\" data-id=\"42b145e\" data-element_type=\"widget\" data-widget_type=\"text-editor.default\">\n\t\t\t\t<div class=\"elementor-widget-container\">\n\t\t\t\t\t\t\t\t<p><b>EL MERCURIO<\/b><\/p><p><a style=\"font-style: inherit; font-weight: inherit; background-color: #ffffff; font-family: -apple-system, BlinkMacSystemFont,;\" href=\"https:\/\/www.litoralpress.cl\/paginaconsultas\/Servicios_NClip\/Get_Imagen_Nota.aspx?LPKey=MD54M55H67FHCPJMAAOBAYIEPPKZUAWGR6Z2WOCKLBP7SVSIOIXMYKHOGIDZDAZ4PWWGQZTIDWMEU\" target=\"_blank\" rel=\"noopener\">Rezagados de vacunaci\u00f3n de entre 18 y 29 a\u00f1os se redujeron 66% en \u00faltimos cuatro meses. Se refiere Erika Retamal, directora de Salud P\u00fablica de la UTalca.<\/a><\/p><p>\u00a0<\/p><p><b>AGENCIA XINHUA (China)<\/b><\/p><p><a style=\"font-style: inherit; font-weight: inherit; background-color: #ffffff; font-family: -apple-system, BlinkMacSystemFont,;\" href=\"http:\/\/spanish.news.cn\/2021-11\/17\/c_1310315222.htm\" target=\"_blank\" rel=\"noopener\">Chile alista elecciones presidenciales bajo estrictos protocolos sanitarios ante rebrote de COVID-19. Se refiere Marcela Mar\u00edn, acad\u00e9mica de la Facultad de Ciencias de la Salud de la UTalca.<\/a><\/p><p>\u00a0<\/p><p><b>LANACION.COM.AR (Argentina)<\/b><\/p><p><a style=\"font-style: inherit; font-weight: inherit; background-color: #ffffff; font-family: -apple-system, BlinkMacSystemFont,;\" href=\"https:\/\/www.lanacion.com.ar\/el-mundo\/adios-al-milagro-chileno-luego-de-anos-de-estabilidad-las-proximas-elecciones-amenazan-al-pais-nid16112021\/\" target=\"_blank\" rel=\"noopener\">\u00bfAdi\u00f3s al milagro chileno? Luego de a\u00f1os de estabilidad, las pr\u00f3ximas elecciones amenazan al pa\u00eds modelo. Se refiere Mario Herrera, acad\u00e9mico del Centro de An\u00e1lisis Pol\u00edtico (CAP) de la UTalca.<\/a><\/p><p>\u00a0<\/p><p><b>LATERCERA.COM<\/b><\/p><p><a style=\"font-style: inherit; font-weight: inherit; background-color: #ffffff; font-family: -apple-system, BlinkMacSystemFont,;\" href=\"https:\/\/www.latercera.com\/laboratoriodecontenidos\/noticia\/golpe-al-bolsillo-5-consejos-para-enfrentar-un-cierre-de-ano-complejo-para-la-economia\/M6XAACWL4RGMJNJEXETMC3Z3NU\/\" target=\"_blank\" rel=\"noopener\">Golpe al bolsillo: 5 consejos para enfrentar un cierre de a\u00f1o complejo para la econom\u00eda. Se refiere Rodrigo Herrera, decano de la Facultad de Econom\u00eda y Negocios (FEN) de la Universidad de Talca.<\/a><\/p><p>\u00a0<\/p><p><b>PORTALEDUCACION.CL<\/b><\/p><p><a style=\"font-style: inherit; font-weight: inherit; background-color: #ffffff; font-family: -apple-system, BlinkMacSystemFont,;\" href=\"https:\/\/portaleducacion.cl\/index.php\/2021\/11\/17\/centro-de-universidad-de-talca-organiza-seminario-sobre-rehabilitacion-y-tecnologia\/\" target=\"_blank\" rel=\"noopener\">Centro de Universidad de Talca organiza seminario sobre rehabilitaci\u00f3n y tecnolog\u00eda.<\/a><\/p><p>\u00a0<\/p><p><b>DIARIOTALCA.CL<\/b><\/p><p><a style=\"font-style: inherit; font-weight: inherit; background-color: #ffffff; font-family: -apple-system, BlinkMacSystemFont,;\" href=\"https:\/\/diariotalca.cl\/se-imagina-cultivar-en-un-huerto-vertical-y-de-bajo-costo\/\" target=\"_blank\" rel=\"noopener\">\u00bfSe imagina cultivar en un huerto vertical y de bajo costo? Se refiere Gilda Carrasco, directora de la iniciativa y acad\u00e9mica de la Facultad de Ciencias Agrarias de la UTalca.<\/a><\/p><p>\u00a0<\/p><p><b>EL HERALDO<\/b><\/p><p><a style=\"font-style: inherit; font-weight: inherit; background-color: #ffffff; font-family: -apple-system, BlinkMacSystemFont,;\" href=\"https:\/\/www.litoralpress.cl\/paginaconsultas\/Servicios_NClip\/Get_Imagen_Nota.aspx?LPKey=LGBOJXB5CKBUZRKF266YVREEWUPEEQJ7JCEIL6QT444ZMMMUOSB3ZPDTXMQY5YOHJTPOJKRNBXGFO\" target=\"_blank\" rel=\"noopener\">Acad\u00e9micos UTalca desarrollar\u00e1n huertos empleando vertical de bajo costo.<\/a><\/p><p>\u00a0<\/p><p><b>DIARIOELHERALDO.CL<\/b><\/p><p><a style=\"font-style: inherit; font-weight: inherit; background-color: #ffffff; font-family: -apple-system, BlinkMacSystemFont,;\" href=\"http:\/\/www.diarioelheraldo.cl\/noticia\/academicos-utalca-desarrollaran-huertos-empleando-agricultura-vertical-de-bajo-costo-\" target=\"_blank\" rel=\"noopener\">Acad\u00e9micos UTalca desarrollar\u00e1n huertos empleando agricultura vertical de bajo costo.<\/a><\/p><p>\u00a0<\/p><p><b>ELMAULEINFORMA.CL<\/b><\/p><p><a style=\"font-style: inherit; font-weight: inherit; background-color: #ffffff; font-family: -apple-system, BlinkMacSystemFont,;\" href=\"https:\/\/elmauleinforma.cl\/academicos-utalca-desarrollaran-huertos-empleando-agricultura-vertical-de-bajo-costo\/\" target=\"_blank\" rel=\"noopener\">Acad\u00e9micos UTalca desarrollar\u00e1n huertos empleando agricultura vertical de bajo costo.<\/a><\/p><p>\u00a0<\/p><p><b>DIARIOCONCEPCI\u00d3N.CL<\/b><\/p><p><a style=\"font-style: inherit; font-weight: inherit; background-color: #ffffff; font-family: -apple-system, BlinkMacSystemFont,;\" href=\"https:\/\/www.diarioconcepcion.cl\/opinion\/2021\/11\/17\/banco-de-alimentos-biobio-solidario-lucha-contra-el-desperdicio-de-alimentos-y-la-inseguridad-alimentaria.html\" target=\"_blank\" rel=\"noopener\">Lucha contra el desperdicio de alimentos y la inseguridad alimentaria. Columna en la que se menciona estudio de la UTalca.<\/a><\/p><p>\u00a0<\/p><p><b>LA TERCERA<\/b><\/p><p><a style=\"font-style: inherit; font-weight: inherit; background-color: #ffffff; font-family: -apple-system, BlinkMacSystemFont,;\" href=\"https:\/\/www.litoralpress.cl\/paginaconsultas\/Servicios_NClip\/Get_Imagen_Nota.aspx?LPKey=FMDOSE73RMG6O7OI3LBEZEEGRNVRAME3CQXGAYVN26HDK7NXKUAMWIMACUK5VN3F3AKIV3ATYC4A6\" target=\"_blank\" rel=\"noopener\">El dilema de pasar segundo: la barrera hist\u00f3rica que tendr\u00e1n que vencer los triunfadores de la primera vuelta. Se refiere Mauricio Morales, director del Centro de An\u00e1lisis Pol\u00edtico (CAP) de la UTalca.<\/a><\/p><p>\u00a0<\/p><p><b>LATERCERA.COM<\/b><\/p><p><a style=\"font-style: inherit; font-weight: inherit; background-color: #ffffff; font-family: -apple-system, BlinkMacSystemFont,;\" href=\"https:\/\/www.latercera.com\/la-tercera-pm\/noticia\/el-dilema-de-pasar-segundo-la-barrera-historica-que-tendran-que-vencer-los-triunfadores-de-la-primera-vuelta\/63CUY7TZLJGS7CZA23RYD3IYKA\/\" target=\"_blank\" rel=\"noopener\">El dilema de pasar segundo: la barrera hist\u00f3rica que tendr\u00e1n que vencer los triunfadores de la primera vuelta. Se refiere Mauricio Morales, director del Centro de An\u00e1lisis Pol\u00edtico (CAP) de la UTalca.<\/a><\/p><p>\u00a0<\/p><p><b>CANAL TVN<\/b><\/p><p><a style=\"font-style: inherit; font-weight: inherit; background-color: #ffffff; font-family: -apple-system, BlinkMacSystemFont,;\" href=\"https:\/\/www.litoralpress.cl\/sitio\/RadioTV_Detalles.cshtml?LPKey=ZKF5UQSJAEEOO5O7577ELK3KBSOUWIFF2MPBR4FWQRV7R2NU54PA\" target=\"_blank\" rel=\"noopener\">A cuatro d\u00edas de las elecciones presidenciales. Se refiere Mauricio Morales, director del Centro de An\u00e1lisis Pol\u00edtico (CAP) de la UTalca.<\/a><\/p><p>\u00a0<\/p><p><b>EMOL.COM<\/b><\/p><p><a style=\"font-style: inherit; font-weight: inherit; background-color: #ffffff; font-family: -apple-system, BlinkMacSystemFont,;\" href=\"https:\/\/www.emol.com\/noticias\/Nacional\/2021\/11\/17\/1038525\/participacion-electoral-elecciones-domingo-jovenes.html\" target=\"_blank\" rel=\"noopener\">\u00bfAumentar\u00e1 la participaci\u00f3n electoral? Expertos anticipan que factor generacional y \u201cpolarizaci\u00f3n\u201d podr\u00edan incidir este domingo. Se refiere Mauricio Morales, director del Centro de An\u00e1lisis Pol\u00edtico (CAP) de la UTalca.<\/a><\/p><p>\u00a0<\/p><p><b>NOSTALGICA.CL<\/b><\/p><p><a style=\"font-style: inherit; font-weight: inherit; background-color: #ffffff; font-family: -apple-system, BlinkMacSystemFont,;\" href=\"https:\/\/www.nostalgica.cl\/aumentara-la-participacion-electoral-expertos-anticipan-que-factor-generacional-y-polarizacion-podrian-incidir-este-domingo\/\" target=\"_blank\" rel=\"noopener\">\u00bfAumentar\u00e1 la participaci\u00f3n electoral? Expertos anticipan que factor generacional y \u201cpolarizaci\u00f3n\u201d podr\u00edan incidir este domingo. Se refiere Mauricio Morales, director del Centro de An\u00e1lisis Pol\u00edtico (CAP) de la UTalca.<\/a><\/p><p>\u00a0<\/p><p><b>ADPRENSA.CL<\/b><\/p><p><a style=\"font-style: inherit; font-weight: inherit; background-color: #ffffff; font-family: -apple-system, BlinkMacSystemFont,;\" href=\"https:\/\/www.adprensa.cl\/cronica\/especialista-preve-que-cerca-de-la-mitad-de-los-votantes-participarian-de-las-elecciones-presidenciales\/\" target=\"_blank\" rel=\"noopener\">Especialista prev\u00e9 que cerca de la mitad de los votantes participar\u00edan de las elecciones presidenciales. Se refiere Mario Herrera, acad\u00e9mico del Centro de An\u00e1lisis Pol\u00edtico (CAP) de la UTalca.<\/a><\/p><p>\u00a0<\/p><p><b>DIARIOTALCA.CL<\/b><\/p><p><a style=\"font-style: inherit; font-weight: inherit; background-color: #ffffff; font-family: -apple-system, BlinkMacSystemFont,;\" href=\"https:\/\/diariotalca.cl\/experto-anticipa-que-los-jovenes-volveran-a-las-urnas-el-proximo-domingo\/\" target=\"_blank\" rel=\"noopener\">Experto anticipa que los j\u00f3venes volver\u00e1n a las urnas el pr\u00f3ximo domingo. Se refiere Mario Herrera, acad\u00e9mico del Centro de An\u00e1lisis Pol\u00edtico (CAP) de la UTalca.<\/a><\/p><p>\u00a0<\/p><p><b>TVMAULE.CL<\/b><\/p><p><a style=\"font-style: inherit; font-weight: inherit; background-color: #ffffff; font-family: -apple-system, BlinkMacSystemFont,;\" href=\"https:\/\/www.tvmaule.cl\/academico-preve-que-cerca-de-la-mitad-de-los-votantes-participarian-de-las-elecciones-de-este-domingo\/\" target=\"_blank\" rel=\"noopener\">Acad\u00e9mico prev\u00e9 que cerca de la mitad de los votantes participar\u00edan de las elecciones de este domingo. Se refiere Mario Herrera, acad\u00e9mico del Centro de An\u00e1lisis Pol\u00edtico (CAP) de la UTalca.<\/a><\/p><p>\u00a0<\/p><p><b>ELMAULEINFORMA.CL<\/b><\/p><p><a style=\"font-style: inherit; font-weight: inherit; background-color: #ffffff; font-family: -apple-system, BlinkMacSystemFont,;\" href=\"https:\/\/elmauleinforma.cl\/cerca-de-la-mitad-de-los-votantes-participaria-de-las-elecciones-presidenciales\/\" target=\"_blank\" rel=\"noopener\">Cerca de la mitad de los votantes participar\u00eda de las elecciones presidenciales. Se refiere Mario Herrera, acad\u00e9mico del Centro de An\u00e1lisis Pol\u00edtico (CAP) de la UTalca.<\/a><\/p><p>\u00a0<\/p><p><b>FUTURAFM.CL<\/b><\/p><p><a style=\"font-style: inherit; font-weight: inherit; background-color: #ffffff; font-family: -apple-system, BlinkMacSystemFont,;\" href=\"https:\/\/www.futurafm.cl\/especialista-preve-que-cerca-de-la-mitad-de-los-votantes-participarian-de-las-elecciones-presidenciales\/\" target=\"_blank\" rel=\"noopener\">Especialista prev\u00e9 que cerca de la mitad de los votantes participar\u00edan de las elecciones presidenciales. Se refiere Mario Herrera, acad\u00e9mico del Centro de An\u00e1lisis Pol\u00edtico (CAP) de la UTalca.<\/a><\/p><p>\u00a0<\/p><p><b>LINARESENLINEA.CL<\/b><\/p><p><a style=\"font-style: inherit; font-weight: inherit; background-color: #ffffff; font-family: -apple-system, BlinkMacSystemFont,;\" href=\"https:\/\/www.linaresenlinea.cl\/2021\/11\/17\/especialista-preve-que-cerca-de-la-mitad-de-los-votantes-participarian-de-las-elecciones-presidenciales\/\" target=\"_blank\" rel=\"noopener\">Especialista prev\u00e9 que cerca de la mitad de los votantes participar\u00edan de las elecciones presidenciales. Se refiere Mario Herrera, acad\u00e9mico del Centro de An\u00e1lisis Pol\u00edtico (CAP) de la UTalca.<\/a><\/p><p>\u00a0<\/p><p><b>G5NOTICIAS.CL<\/b><\/p><p><a style=\"font-style: inherit; font-weight: inherit; background-color: #ffffff; font-family: -apple-system, BlinkMacSystemFont,;\" href=\"https:\/\/g5noticias.cl\/2021\/11\/17\/especialista-preve-que-cerca-de-la-mitad-de-los-votantes-participarian-de-las-elecciones-presidenciales\/\" target=\"_blank\" rel=\"noopener\">Especialista prev\u00e9 que cerca de la mitad de los votantes participar\u00edan de las elecciones presidenciales. Se refiere Mario Herrera, acad\u00e9mico del Centro de An\u00e1lisis Pol\u00edtico (CAP) de la UTalca.<\/a><\/p><p>\u00a0<\/p><p><b>MUSICAYNOTICIAS.CL<\/b><\/p><p><a style=\"font-style: inherit; font-weight: inherit; background-color: #ffffff; font-family: -apple-system, BlinkMacSystemFont,;\" href=\"https:\/\/www.musicaynoticias.cl\/sagrada-familia\/alumnas-del-liceo-de-sagrada-familia-destacaron-en-certamen-regional-de-innovacion\" target=\"_blank\" rel=\"noopener\">Alumnas del Liceo de Sagrada Familia destacaron en certamen regional de innovaci\u00f3n. Se menciona a la UTalca.<\/a><\/p>\t\t\t\t\t\t<\/div>\n\t\t\t\t<\/div>\n\t\t\t\t\t<\/div>\n\t\t<\/div>\n\t\t\t\t\t\t\t<\/div>\n\t\t<\/section>\n\t\t\t\t\t\t<\/div>\n\t\t\t\t\t<\/div>\n\t\t","protected":false},"excerpt":{"rendered":"<p>EL MERCURIO Rezagados de vacunaci\u00f3n de entre 18 y 29 a\u00f1os se redujeron 66% en \u00faltimos cuatro meses. Se refiere Erika Retamal, directora de Salud P\u00fablica de la UTalca. \u00a0 AGENCIA XINHUA (China) Chile alista elecciones presidenciales bajo estrictos protocolos sanitarios ante rebrote de COVID-19. Se refiere Marcela Mar\u00edn, acad\u00e9mica de la Facultad de Ciencias &hellip;<\/p>\n<p class=\"read-more\"> <a class=\"\" href=\"https:\/\/www.reportedeprensa.utalca.cl\/?p=2432\"> <span class=\"screen-reader-text\">18 de noviembre de 2021<\/span> Read More &raquo;<\/a><\/p>\n","protected":false},"author":1,"featured_media":0,"comment_status":"closed","ping_status":"open","sticky":false,"template":"elementor_theme","format":"standard","meta":{"_monsterinsights_skip_tracking":false,"_monsterinsights_sitenote_active":false,"_monsterinsights_sitenote_note":"","_monsterinsights_sitenote_category":0},"categories":[14],"tags":[],"_links":{"self":[{"href":"https:\/\/www.reportedeprensa.utalca.cl\/index.php?rest_route=\/wp\/v2\/posts\/2432"}],"collection":[{"href":"https:\/\/www.reportedeprensa.utalca.cl\/index.php?rest_route=\/wp\/v2\/posts"}],"about":[{"href":"https:\/\/www.reportedeprensa.utalca.cl\/index.php?rest_route=\/wp\/v2\/types\/post"}],"author":[{"embeddable":true,"href":"https:\/\/www.reportedeprensa.utalca.cl\/index.php?rest_route=\/wp\/v2\/users\/1"}],"replies":[{"embeddable":true,"href":"https:\/\/www.reportedeprensa.utalca.cl\/index.php?rest_route=%2Fwp%2Fv2%2Fcomments&post=2432"}],"version-history":[{"count":4,"href":"https:\/\/www.reportedeprensa.utalca.cl\/index.php?rest_route=\/wp\/v2\/posts\/2432\/revisions"}],"predecessor-version":[{"id":2436,"href":"https:\/\/www.reportedeprensa.utalca.cl\/index.php?rest_route=\/wp\/v2\/posts\/2432\/revisions\/2436"}],"wp:attachment":[{"href":"https:\/\/www.reportedeprensa.utalca.cl\/index.php?rest_route=%2Fwp%2Fv2%2Fmedia&parent=2432"}],"wp:term":[{"taxonomy":"category","embeddable":true,"href":"https:\/\/www.reportedeprensa.utalca.cl\/index.php?rest_route=%2Fwp%2Fv2%2Fcategories&post=2432"},{"taxonomy":"post_tag","embeddable":true,"href":"https:\/\/www.reportedeprensa.utalca.cl\/index.php?rest_route=%2Fwp%2Fv2%2Ftags&post=2432"}],"curies":[{"name":"wp","href":"https:\/\/api.w.org\/{rel}","templated":true}]}}