{"id":2443,"date":"2021-11-19T08:51:11","date_gmt":"2021-11-19T11:51:11","guid":{"rendered":"https:\/\/www.reportedeprensa.utalca.cl\/?p=2443"},"modified":"2021-11-19T09:15:34","modified_gmt":"2021-11-19T12:15:34","slug":"19-de-noviembre-de-2021","status":"publish","type":"post","link":"https:\/\/www.reportedeprensa.utalca.cl\/?p=2443","title":{"rendered":"19 de noviembre de 2021"},"content":{"rendered":"\t\t<div data-elementor-type=\"wp-post\" data-elementor-id=\"2443\" class=\"elementor elementor-2443\" data-elementor-settings=\"[]\">\n\t\t\t\t\t\t\t<div class=\"elementor-section-wrap\">\n\t\t\t\t\t\t\t<section class=\"elementor-section elementor-top-section elementor-element elementor-element-a06ca45 elementor-section-boxed elementor-section-height-default elementor-section-height-default\" data-id=\"a06ca45\" data-element_type=\"section\">\n\t\t\t\t\t\t<div class=\"elementor-container elementor-column-gap-default\">\n\t\t\t\t\t<div class=\"elementor-column elementor-col-100 elementor-top-column elementor-element elementor-element-1486c35\" data-id=\"1486c35\" data-element_type=\"column\">\n\t\t\t<div class=\"elementor-widget-wrap elementor-element-populated\">\n\t\t\t\t\t\t\t\t<div class=\"elementor-element elementor-element-42b145e elementor-widget elementor-widget-text-editor\" data-id=\"42b145e\" data-element_type=\"widget\" data-widget_type=\"text-editor.default\">\n\t\t\t\t<div class=\"elementor-widget-container\">\n\t\t\t\t\t\t\t\t<p><b>RADIO DUNA<\/b><\/p><p><a style=\"font-style: inherit; font-weight: inherit; background-color: #ffffff; font-family: -apple-system, BlinkMacSystemFont,;\" href=\"https:\/\/www.litoralpress.cl\/Archivos\/KAAB2T4KEJBE22KRCE553NZHAM.mp3\" target=\"_blank\" rel=\"noopener\">Entrevista a \u00c1lvaro Rojas, rector de la Universidad de Talca.<\/a><\/p><p>\u00a0<\/p><p><b>DUNA.CL<\/b><\/p><p><a style=\"font-style: inherit; font-weight: inherit; background-color: #ffffff; font-family: -apple-system, BlinkMacSystemFont,;\" href=\"https:\/\/www.duna.cl\/programa\/santiago-adicto\/2021\/11\/18\/alvaro-rojas-rector-u-talca-la-cultura-es-un-mecanismo-de-dar-oportunidades-por-igual-a-las-personas\/\" target=\"_blank\" rel=\"noopener\">\u00c1lvaro Rojas, rector U. Talca: \u201cLa cultura es un mecanismo de dar oportunidades por igual a las personas\u201d.<\/a><\/p><p>\u00a0<\/p><p><b>DUNA.CL<\/b><\/p><p><a style=\"font-style: inherit; font-weight: inherit; background-color: #ffffff; font-family: -apple-system, BlinkMacSystemFont,;\" href=\"https:\/\/www.duna.cl\/podcasts\/descentralizando-la-cultura-las-artes-y-esculturas-en-talca\/\" target=\"_blank\" rel=\"noopener\">Descentralizando la cultura: Las artes y esculturas en Talca. Se refiere \u00c1lvaro Rojas, rector de la UTalca.<\/a><\/p><p>\u00a0<\/p><p><b>DIARIOTALCA.CL<\/b><\/p><p><a style=\"font-style: inherit; font-weight: inherit; background-color: #ffffff; font-family: -apple-system, BlinkMacSystemFont,;\" href=\"https:\/\/diariotalca.cl\/sabe-usted-que-en-talca-se-creo-un-dispositivo-que-podria-ayudar-a-no-videntes\/\" target=\"_blank\" rel=\"noopener\">\u00bfSabe usted que en Talca se cre\u00f3 un dispositivo que podr\u00eda ayudar a no videntes? Se refiere Silvana Herrera, directora del proyecto y acad\u00e9mica de la UTalca.<\/a><\/p><p>\u00a0<\/p><p><b>MAULEHOY.CL<\/b><\/p><p><a style=\"font-style: inherit; font-weight: inherit; background-color: #ffffff; font-family: -apple-system, BlinkMacSystemFont,;\" href=\"https:\/\/maulehoy.cl\/2021\/11\/18\/dispositivo-que-ayuda-a-personas-con-discapacidad-visual-fue-seleccionadoen-concurso-internacional\/\" target=\"_blank\" rel=\"noopener\">Dispositivo que ayuda a personas con discapacidad visual fue seleccionado en concurso internacional. Se refiere Silvana Herrera, directora del proyecto y acad\u00e9mica de la UTalca.<\/a><\/p><p>\u00a0<\/p><p><b>DIARIOTALCA.CL<\/b><\/p><p><a style=\"font-style: inherit; font-weight: inherit; background-color: #ffffff; font-family: -apple-system, BlinkMacSystemFont,;\" href=\"https:\/\/diariotalca.cl\/estudio-utalca-revelo-similitudes-en-programas-de-parisi-sichel-y-provoste\/\" target=\"_blank\" rel=\"noopener\">Estudio UTalca revel\u00f3 similitudes en programas de Parisi, Sichel y Provoste.<\/a><\/p><p>\u00a0<\/p><p><b>ELMAULEINFORMA.CL<\/b><\/p><p><a style=\"font-style: inherit; font-weight: inherit; background-color: #ffffff; font-family: -apple-system, BlinkMacSystemFont,;\" href=\"https:\/\/elmauleinforma.cl\/estudio-utalca-analiza-similitudes-y-diferencias-programaticas-de-candidatos-presidenciales\/\" target=\"_blank\" rel=\"noopener\">Estudio UTalca analiza similitudes y diferencias program\u00e1ticas de candidatos presidenciales.<\/a><\/p><p>\u00a0<\/p><p><b>TVMAULE.CL<\/b><\/p><p><a style=\"font-style: inherit; font-weight: inherit; background-color: #ffffff; font-family: -apple-system, BlinkMacSystemFont,;\" href=\"https:\/\/www.tvmaule.cl\/estudio-analiza-propuestas-programaticas-de-candidatos-presidenciales\/\" target=\"_blank\" rel=\"noopener\">Estudio analiza propuestas program\u00e1ticas de candidatos presidenciales. Se refiere Alejandro Cataldo, profesor de la Facultad de Econom\u00eda y Negocios (FEN) de la Universidad de Talca.<\/a><\/p><p>\u00a0<\/p><p><b>TALCACAPITAL.CL<\/b><\/p><p><a style=\"font-style: inherit; font-weight: inherit; background-color: #ffffff; font-family: -apple-system, BlinkMacSystemFont,;\" href=\"https:\/\/talcacapital.cl\/estudio-utalca-analiza-similitudes-y-diferencias-programaticas-de-candidatos-presidenciales\/\" target=\"_blank\" rel=\"noopener\">Estudio UTalca analiza similitudes y diferencias program\u00e1ticas de candidatos presidenciales.<\/a><\/p><p>\u00a0<\/p><p><b>EMOL.COM<\/b><\/p><p><a style=\"font-style: inherit; font-weight: inherit; background-color: #ffffff; font-family: -apple-system, BlinkMacSystemFont,;\" href=\"https:\/\/www.emol.com\/noticias\/Nacional\/2021\/11\/18\/1038702\/rezagados-vacunacion-se-redujeron.html\" target=\"_blank\" rel=\"noopener\">Rezagados de vacunaci\u00f3n de entre 18 y 29 a\u00f1os se redujeron 66% en \u00faltimos cuatro meses. Se refiere Erika Retamal, directora de Salud P\u00fablica de la UTalca.<\/a><\/p><p>\u00a0<\/p><p><b>COOPERATIVA.CL<\/b><\/p><p><a style=\"font-style: inherit; font-weight: inherit; background-color: #ffffff; font-family: -apple-system, BlinkMacSystemFont,;\" href=\"https:\/\/www.cooperativa.cl\/noticias\/sociedad\/salud\/coronavirus\/rezagados-de-entre-18-y-29-anos-son-66-menos-que-hace-cuatro-meses\/2021-11-18\/071855.html\" target=\"_blank\" rel=\"noopener\">Rezagados de entre 18 y 29 a\u00f1os son 66% menos que hace cuatro meses. Se refiere Erika Retamal, directora de Salud P\u00fablica de la UTalca.<\/a><\/p><p>\u00a0<\/p><p><b>DIARIOUSACH.CL<\/b><\/p><p><a style=\"font-style: inherit; font-weight: inherit; background-color: #ffffff; font-family: -apple-system, BlinkMacSystemFont,;\" href=\"https:\/\/diariousach.cl\/cifra-de-rezagados-entre-18-y-29-anos-disminuyo-66-en-los-ultimos\" target=\"_blank\" rel=\"noopener\">Cifra de rezagados entre 18 y 29 a\u00f1os disminuy\u00f3 66% en los \u00faltimos cuatro meses. Se refiere Erika Retamal, directora de Salud P\u00fablica de la UTalca.<\/a><\/p><p>\u00a0<\/p><p><b>MARAY.CL<\/b><\/p><p><a style=\"font-style: inherit; font-weight: inherit; background-color: #ffffff; font-family: -apple-system, BlinkMacSystemFont,;\" href=\"https:\/\/www.maray.cl\/2021\/11\/18\/rezagados-de-entre-18-y-29-anos-son-66-menos-que-hace-cuatro-meses\/\" target=\"_blank\" rel=\"noopener\">Rezagados de entre 18 y 29 a\u00f1os son 66% menos que hace cuatro meses. Se refiere Erika Retamal, directora de Salud P\u00fablica de la UTalca.<\/a><\/p><p>\u00a0<\/p><p><b>REDMAULE.COM<\/b><\/p><p><a style=\"font-style: inherit; font-weight: inherit; background-color: #ffffff; font-family: -apple-system, BlinkMacSystemFont,;\" href=\"https:\/\/www.redmaule.com\/nacional\/el-sueno-de-la-casa-propia-y-el-aumento-de-la-tasa-de-interes-en-los\" target=\"_blank\" rel=\"noopener\">El sue\u00f1o de la casa propia y el aumento de la tasa de inter\u00e9s en los cr\u00e9ditos hipotecarios. Se refiere Alejandro Rodr\u00edguez, economista y docente de la Facultad de Ingenier\u00eda de la Universidad de Talca.<\/a><\/p><p>\u00a0<\/p><p><b>REDMAULE.COM<\/b><\/p><p><a style=\"font-style: inherit; font-weight: inherit; background-color: #ffffff; font-family: -apple-system, BlinkMacSystemFont,;\" href=\"https:\/\/www.redmaule.com\/regional\/el-maule-ya-tiene-representantes-para-el-congreso-nacional-de-ciencia-y\" target=\"_blank\" rel=\"noopener\">El Maule ya tiene representantes para el Congreso Nacional de Ciencia y Tecnolog\u00eda. Se menciona a la UTalca.<\/a><\/p><p>\u00a0<\/p><p><b>CANAL MEGA<\/b><\/p><p><a style=\"font-style: inherit; font-weight: inherit; background-color: #ffffff; font-family: -apple-system, BlinkMacSystemFont,;\" href=\"https:\/\/www.litoralpress.cl\/sitio\/RadioTV_Detalles.cshtml?LPKey=RL6E45GTIGANPZLSU4H23BFOU2VHTSZ3HTVZMZJVOTA5FKZJ2RRA\" target=\"_blank\" rel=\"noopener\">An\u00e1lisis de los pol\u00e9micos gastos de campa\u00f1a de Karina Oliva. Se refiere Mauricio Morales, director del Centro de An\u00e1lisis Pol\u00edtico (CAP) de la UTalca.<\/a><\/p><p>\u00a0<\/p><p><b>CANAL MEGA<\/b><\/p><p><a style=\"font-style: inherit; font-weight: inherit; background-color: #ffffff; font-family: -apple-system, BlinkMacSystemFont,;\" href=\"https:\/\/www.litoralpress.cl\/sitio\/RadioTV_Detalles.cshtml?LPKey=PKQHW5VTLWQI5SZQDLSF74KP74ZNPX3PMR73EJPHLCZ3PGAJOKSQ\" target=\"_blank\" rel=\"noopener\">Los millonarios gastos de campa\u00f1a de Karina Oliva. Se refiere Mauricio Morales, director del Centro de An\u00e1lisis Pol\u00edtico (CAP) de la UTalca.<\/a><\/p><p>\u00a0<\/p><p><b>CANAL MEGA PLUS<\/b><\/p><p><a style=\"font-style: inherit; font-weight: inherit; background-color: #ffffff; font-family: -apple-system, BlinkMacSystemFont,;\" href=\"https:\/\/www.litoralpress.cl\/sitio\/RadioTV_Detalles.cshtml?LPKey=GZWRK5UU7ZG7TBLTG3CR5DEHDWOCY2CS7IOS2G2NWXYIEDE2BBOQ\" target=\"_blank\" rel=\"noopener\">Autoridades entregan recomendaciones para el d\u00eda de las elecciones. Se refiere Mauricio Morales, director del Centro de An\u00e1lisis Pol\u00edtico (CAP) de la UTalca.<\/a><\/p><p>\u00a0<\/p><p><b>CANAL MEGA PLUS<\/b><\/p><p><a style=\"font-style: inherit; font-weight: inherit; background-color: #ffffff; font-family: -apple-system, BlinkMacSystemFont,;\" href=\"https:\/\/www.litoralpress.cl\/sitio\/RadioTV_Detalles.cshtml?LPKey=L5GLQCTZMX4DJNQJUJAITYJR7A77WPS2EOMVWBS6UHFGO4RF7KPQ\" target=\"_blank\" rel=\"noopener\">Llamados de los candidatos presidenciales en el cierre de sus campa\u00f1as. Se refiere Mauricio Morales, director del Centro de An\u00e1lisis Pol\u00edtico (CAP) de la UTalca.<\/a><\/p><p>\u00a0<\/p><p><b>CANAL MEGA<\/b><\/p><p><a style=\"font-style: inherit; font-weight: inherit; background-color: #ffffff; font-family: -apple-system, BlinkMacSystemFont,;\" href=\"https:\/\/www.litoralpress.cl\/sitio\/RadioTV_Detalles.cshtml?LPKey=I6UUZQGWVNCAYWNR6VXM4WZ6PZHUCMOKAYA3WDMMQEPJCSEXUJQQ\" target=\"_blank\" rel=\"noopener\">Millonarios pagos por asesor\u00edas de Karina Oliva. Se refiere Mauricio Morales, director del Centro de An\u00e1lisis Pol\u00edtico (CAP) de la UTalca.<\/a><\/p><p>\u00a0<\/p><p><b>ELMOSTRADOR.CL<\/b><\/p><p><a style=\"font-style: inherit; font-weight: inherit; background-color: #ffffff; font-family: -apple-system, BlinkMacSystemFont,;\" href=\"https:\/\/www.elmostrador.cl\/noticias\/pais\/2021\/11\/18\/sub-60-o-sub-30-la-tension-generacional-que-obligo-al-pc-al-ventilar-sus-diferencias-en-publico\/\" target=\"_blank\" rel=\"noopener\">\u00bfSub-60 o sub-30?: la tensi\u00f3n generacional que oblig\u00f3 al PC al ventilar sus diferencias en p\u00fablico. Se refiere Mauricio Morales, director del Centro de An\u00e1lisis Pol\u00edtico (CAP) de la UTalca.<\/a><\/p><p>\u00a0<\/p><p><b>EMOL.COM<\/b><\/p><p><a style=\"font-style: inherit; font-weight: inherit; background-color: #ffffff; font-family: -apple-system, BlinkMacSystemFont,;\" href=\"https:\/\/www.emol.com\/noticias\/Nacional\/2021\/11\/18\/1038768\/analisis-electoral-gastos-oliva-boric.html\" target=\"_blank\" rel=\"noopener\">Gastos de Oliva: Expertos analizan impacto en campa\u00f1a de Boric y ven posible &#8220;beneficio&#8221; para el PC en la senatorial. Se refiere Mauricio Morales, director del Centro de An\u00e1lisis Pol\u00edtico (CAP) de la UTalca.<\/a><\/p><p>\u00a0<\/p><p><b>T13.CL<\/b><\/p><p><a style=\"font-style: inherit; font-weight: inherit; background-color: #ffffff; font-family: -apple-system, BlinkMacSystemFont,;\" href=\"https:\/\/www.t13.cl\/noticia\/elecciones-2021\/ex-ante\/politica\/como-denuncia-karina-oliva-pone-jaque-su-candidatura-senatorial-4-dias-eleccion\" target=\"_blank\" rel=\"noopener\">C\u00f3mo la denuncia a Karina Oliva pone en jaque su candidatura senatorial a 4 d\u00edas de la elecci\u00f3n. Se refiere Mauricio Morales, director del Centro de An\u00e1lisis Pol\u00edtico (CAP) de la UTalca.<\/a><\/p><p>\u00a0<\/p><p><b>PUBLIMETRO.CL<\/b><\/p><p><a style=\"font-style: inherit; font-weight: inherit; background-color: #ffffff; font-family: -apple-system, BlinkMacSystemFont,;\" href=\"https:\/\/www.publimetro.cl\/\/noticias\/2021\/11\/18\/la-estrecha-definicion-de-los-cinco-senadores-de-la-rm-y-los-efectos-del-olivazo-20\/\" target=\"_blank\" rel=\"noopener\">La estrecha definici\u00f3n de los cinco senadores de la RM y los efectos del \u201cOlivazo 2.0\u2033. Se refiere Mauricio Morales, director del Centro de An\u00e1lisis Pol\u00edtico (CAP) de la UTalca.<\/a><\/p><p>\u00a0<\/p><p><b>BIOBIOCHILE.CL<\/b><\/p><p><a style=\"font-style: inherit; font-weight: inherit; background-color: #ffffff; font-family: -apple-system, BlinkMacSystemFont,;\" href=\"https:\/\/www.biobiochile.cl\/noticias\/nacional\/chile\/2021\/11\/18\/analistas-por-boletas-de-oliva-no-perjudicaria-a-boric-y-ven-un-posible-beneficio-para-el-pc.shtml\" target=\"_blank\" rel=\"noopener\">Analistas por boletas de Oliva: No perjudicar\u00eda a Boric y ven un posible &#8220;beneficio&#8221; para el PC. Se refiere Mauricio Morales, director del Centro de An\u00e1lisis Pol\u00edtico (CAP) de la UTalca.<\/a><\/p><p>\u00a0<\/p><p><b>EL HERALDO<\/b><\/p><p><a style=\"font-style: inherit; font-weight: inherit; background-color: #ffffff; font-family: -apple-system, BlinkMacSystemFont,;\" href=\"https:\/\/www.litoralpress.cl\/paginaconsultas\/Servicios_NClip\/Get_Imagen_Nota.aspx?LPKey=GHDDD2PJO5T7X6M5WLRHSYGNZUTLDZG3EKUCGGJIW73THCRP7JTJ7U64I7WOTO24FRXC5G434HXDG\" target=\"_blank\" rel=\"noopener\">Especialista prev\u00e9 que cerca de la mitad de los votantes participar\u00edan de las elecciones presidenciales. Se refiere Mario Herrera, acad\u00e9mico del Centro de An\u00e1lisis Pol\u00edtico (CAP) de la UTalca.<\/a><\/p><p>\u00a0<\/p><p><b>EL LECTOR<\/b><\/p><p><a style=\"font-style: inherit; font-weight: inherit; background-color: #ffffff; font-family: -apple-system, BlinkMacSystemFont,;\" href=\"https:\/\/www.litoralpress.cl\/paginaconsultas\/Servicios_NClip\/Get_Imagen_Nota.aspx?LPKey=CJSJQYMYPNEO4GWF723NFMIYKAG45CNODZ6AUF6YKD76LR4YUXXP647SIIQLWVWIMOB3BVCS3IN6Q\" target=\"_blank\" rel=\"noopener\">Especialista prev\u00e9 que cerca de la mitad de los votantes participar\u00edan de las elecciones presidenciales. Se refiere Mario Herrera, acad\u00e9mico del Centro de An\u00e1lisis Pol\u00edtico (CAP) de la UTalca.<\/a><\/p><p>\u00a0<\/p><p><b>LANACION.CL<\/b><\/p><p><a style=\"font-style: inherit; font-weight: inherit; background-color: #ffffff; font-family: -apple-system, BlinkMacSystemFont,;\" href=\"http:\/\/www.lanacion.cl\/academico-de-u-de-talca-preve-que-cerca-de-la-mitad-de-los-votantes-participarian-en-las-elecciones-de-este-domingo\/\" target=\"_blank\" rel=\"noopener\">Acad\u00e9mico de la U de Talca prev\u00e9 que cerca de la mitad de los votantes participar\u00edan en las elecciones de este domingo.<\/a><\/p><p>\u00a0<\/p><p><b>ATENTOS.CL<\/b><\/p><p><a style=\"font-style: inherit; font-weight: inherit; background-color: #ffffff; font-family: -apple-system, BlinkMacSystemFont,;\" href=\"https:\/\/www.atentos.cl\/academico-de-u-de-talca-preve-que-cerca-de-la-mitad-de-los-votantes-participarian-en-las-elecciones-de-este-domingo\/\" target=\"_blank\" rel=\"noopener\">Acad\u00e9mico de la U de Talca prev\u00e9 que cerca de la mitad de los votantes participar\u00edan en las elecciones de este domingo.<\/a><\/p><p>\u00a0<\/p><p><b>ENLINEAMAULE.CL<\/b><\/p><p><a style=\"font-style: inherit; font-weight: inherit; background-color: #ffffff; font-family: -apple-system, BlinkMacSystemFont,;\" href=\"https:\/\/www.litoralpress.cl\/sitio\/RadioTV_Detalles.cshtml?LPKey=WSOL5HVX5ACVNXRXSHNTQGBI2QBWIY2DFHPKWWEH7DBJFUTG7TUQ\" target=\"_blank\" rel=\"noopener\">Votantes para este domingo. Se refiere Mario Herrera, acad\u00e9mico del Centro de An\u00e1lisis Pol\u00edtico (CAP) de la UTalca.<\/a><\/p><p>\u00a0<\/p><p><b>AURORADELMAULE.CL<\/b><\/p><p><a style=\"font-style: inherit; font-weight: inherit; background-color: #ffffff; font-family: -apple-system, BlinkMacSystemFont,;\" href=\"https:\/\/auroradelmaule.cl\/2021\/11\/18\/especialista-preve-que-cerca-de-la-mitad-de-los-votantes-participarian-de-las-elecciones-presidenciales\/\" target=\"_blank\" rel=\"noopener\">Especialista prev\u00e9 que cerca de la mitad de los votantes participar\u00edan de las elecciones presidenciales. Se refiere Mario Herrera, acad\u00e9mico del Centro de An\u00e1lisis Pol\u00edtico (CAP) de la UTalca.<\/a><\/p><p>\u00a0<\/p><p><b>LADIRECTALONGAVIANA.CL<\/b><\/p><p><a style=\"font-style: inherit; font-weight: inherit; background-color: #ffffff; font-family: -apple-system, BlinkMacSystemFont,;\" href=\"https:\/\/www.ladirectalongaviana.cl\/2021\/11\/18\/especialista-preve-que-cerca-de-la-mitad-de-los-votantes-participarian-de-las-elecciones-presidenciales\/\" target=\"_blank\" rel=\"noopener\">Especialista prev\u00e9 que cerca de la mitad de los votantes participar\u00edan de las elecciones presidenciales. Se refiere Mario Herrera, acad\u00e9mico del Centro de An\u00e1lisis Pol\u00edtico (CAP) de la UTalca.<\/a><\/p>\t\t\t\t\t\t<\/div>\n\t\t\t\t<\/div>\n\t\t\t\t\t<\/div>\n\t\t<\/div>\n\t\t\t\t\t\t\t<\/div>\n\t\t<\/section>\n\t\t\t\t\t\t<\/div>\n\t\t\t\t\t<\/div>\n\t\t","protected":false},"excerpt":{"rendered":"<p>RADIO DUNA Entrevista a \u00c1lvaro Rojas, rector de la Universidad de Talca. \u00a0 DUNA.CL \u00c1lvaro Rojas, rector U. Talca: \u201cLa cultura es un mecanismo de dar oportunidades por igual a las personas\u201d. \u00a0 DUNA.CL Descentralizando la cultura: Las artes y esculturas en Talca. Se refiere \u00c1lvaro Rojas, rector de la UTalca. \u00a0 DIARIOTALCA.CL \u00bfSabe usted &hellip;<\/p>\n<p class=\"read-more\"> <a class=\"\" href=\"https:\/\/www.reportedeprensa.utalca.cl\/?p=2443\"> <span class=\"screen-reader-text\">19 de noviembre de 2021<\/span> Read More &raquo;<\/a><\/p>\n","protected":false},"author":1,"featured_media":0,"comment_status":"closed","ping_status":"open","sticky":false,"template":"elementor_theme","format":"standard","meta":{"_monsterinsights_skip_tracking":false,"_monsterinsights_sitenote_active":false,"_monsterinsights_sitenote_note":"","_monsterinsights_sitenote_category":0},"categories":[14],"tags":[],"_links":{"self":[{"href":"https:\/\/www.reportedeprensa.utalca.cl\/index.php?rest_route=\/wp\/v2\/posts\/2443"}],"collection":[{"href":"https:\/\/www.reportedeprensa.utalca.cl\/index.php?rest_route=\/wp\/v2\/posts"}],"about":[{"href":"https:\/\/www.reportedeprensa.utalca.cl\/index.php?rest_route=\/wp\/v2\/types\/post"}],"author":[{"embeddable":true,"href":"https:\/\/www.reportedeprensa.utalca.cl\/index.php?rest_route=\/wp\/v2\/users\/1"}],"replies":[{"embeddable":true,"href":"https:\/\/www.reportedeprensa.utalca.cl\/index.php?rest_route=%2Fwp%2Fv2%2Fcomments&post=2443"}],"version-history":[{"count":4,"href":"https:\/\/www.reportedeprensa.utalca.cl\/index.php?rest_route=\/wp\/v2\/posts\/2443\/revisions"}],"predecessor-version":[{"id":2447,"href":"https:\/\/www.reportedeprensa.utalca.cl\/index.php?rest_route=\/wp\/v2\/posts\/2443\/revisions\/2447"}],"wp:attachment":[{"href":"https:\/\/www.reportedeprensa.utalca.cl\/index.php?rest_route=%2Fwp%2Fv2%2Fmedia&parent=2443"}],"wp:term":[{"taxonomy":"category","embeddable":true,"href":"https:\/\/www.reportedeprensa.utalca.cl\/index.php?rest_route=%2Fwp%2Fv2%2Fcategories&post=2443"},{"taxonomy":"post_tag","embeddable":true,"href":"https:\/\/www.reportedeprensa.utalca.cl\/index.php?rest_route=%2Fwp%2Fv2%2Ftags&post=2443"}],"curies":[{"name":"wp","href":"https:\/\/api.w.org\/{rel}","templated":true}]}}