{"id":2454,"date":"2021-11-22T08:58:10","date_gmt":"2021-11-22T11:58:10","guid":{"rendered":"https:\/\/www.reportedeprensa.utalca.cl\/?p=2454"},"modified":"2021-11-22T09:13:18","modified_gmt":"2021-11-22T12:13:18","slug":"22-de-noviembre-de-2021","status":"publish","type":"post","link":"https:\/\/www.reportedeprensa.utalca.cl\/?p=2454","title":{"rendered":"22 de noviembre de 2021"},"content":{"rendered":"\t\t<div data-elementor-type=\"wp-post\" data-elementor-id=\"2454\" class=\"elementor elementor-2454\" data-elementor-settings=\"[]\">\n\t\t\t\t\t\t\t<div class=\"elementor-section-wrap\">\n\t\t\t\t\t\t\t<section class=\"elementor-section elementor-top-section elementor-element elementor-element-a06ca45 elementor-section-boxed elementor-section-height-default elementor-section-height-default\" data-id=\"a06ca45\" data-element_type=\"section\">\n\t\t\t\t\t\t<div class=\"elementor-container elementor-column-gap-default\">\n\t\t\t\t\t<div class=\"elementor-column elementor-col-100 elementor-top-column elementor-element elementor-element-1486c35\" data-id=\"1486c35\" data-element_type=\"column\">\n\t\t\t<div class=\"elementor-widget-wrap elementor-element-populated\">\n\t\t\t\t\t\t\t\t<div class=\"elementor-element elementor-element-42b145e elementor-widget elementor-widget-text-editor\" data-id=\"42b145e\" data-element_type=\"widget\" data-widget_type=\"text-editor.default\">\n\t\t\t\t<div class=\"elementor-widget-container\">\n\t\t\t\t\t\t\t\t<p><b>EL MERCURIO<\/b><\/p><p><a style=\"font-style: inherit; font-weight: inherit; background-color: #ffffff; font-family: -apple-system, BlinkMacSystemFont,;\" href=\"https:\/\/www.litoralpress.cl\/paginaconsultas\/Servicios_NClip\/Get_Imagen_Nota.aspx?LPKey=HWJUYSANZRXRS75CV7DOY3UJYL4RYVXOK7H5FUMJX7GRE6ISB2EQLH3UFH5VJYWZO5SEPJE3QSGJY\" target=\"_blank\" rel=\"noopener\">Nueva tecnolog\u00eda busca aportar en el combate de incendios forestales. Se refiere Matthew Bardeen, acad\u00e9mico de la Facultad de Ingenier\u00eda de la UTalca.<\/a><\/p><p>\u00a0<\/p><p><b>EL MERCURIO<\/b><\/p><p><a style=\"font-style: inherit; font-weight: inherit; background-color: #ffffff; font-family: -apple-system, BlinkMacSystemFont,;\" href=\"https:\/\/www.litoralpress.cl\/paginaconsultas\/Servicios_NClip\/Get_Imagen_Nota.aspx?LPKey=XVJZRQCZNODZDAFRSCXPAX7I7INROOR37IPR7BPX5HNYGABTY2G5BVW3AYFEYUZT7IFZJDHV7MOZU\" target=\"_blank\" rel=\"noopener\">Especialistas debaten si vacunaci\u00f3n contra el COVID debiera ser obligatoria. Se refiere Erika Retamal, directora de Salud P\u00fablica de la UTalca.<\/a><\/p><p>\u00a0<\/p><p><b>EL MERCURIO<\/b><\/p><p><a style=\"font-style: inherit; font-weight: inherit; background-color: #ffffff; font-family: -apple-system, BlinkMacSystemFont,;\" href=\"https:\/\/www.litoralpress.cl\/paginaconsultas\/Servicios_NClip\/Get_Imagen_Nota.aspx?LPKey=OJMP6GT7UNF5H4ZNCMB24EFLC6IPOT73NILOBUJHJLXH7YWGVWD2ZQGZUUSQF2YY5XALMEKE3OR7W\" target=\"_blank\" rel=\"noopener\">Donoso descifra la \u201celegancia de la mente\u201d de Jane Austen. se menciona Editorial Universidad de Talca.<\/a><\/p><p>\u00a0<\/p><p><b>RADIO COOPERATIVA<\/b><\/p><p><a style=\"font-style: inherit; font-weight: inherit; background-color: #ffffff; font-family: -apple-system, BlinkMacSystemFont,;\" href=\"https:\/\/www.litoralpress.cl\/sitio\/RadioTV_Detalles.cshtml?LPKey=WPYY654KXXQOCL37VAK7JOZX3T5BEH4YQNEFYEYHJVGWNBUQL7MQ\" target=\"_blank\" rel=\"noopener\">Reportan 2 mil 696 nuevos casos de COVID-19 en el pa\u00eds. Se refiere Erika Retamal, directora de Salud P\u00fablica de la UTalca.<\/a><\/p><p>\u00a0<\/p><p><b>EL MERCURIO DE VALPARA\u00cdSO<\/b><\/p><p><a style=\"font-style: inherit; font-weight: inherit; background-color: #ffffff; font-family: -apple-system, BlinkMacSystemFont,;\" href=\"https:\/\/www.litoralpress.cl\/paginaconsultas\/Servicios_NClip\/Get_Imagen_Nota.aspx?LPKey=6AZLT7BBERDUI76ID4HBVWZMCINAWENKJGSEBUWLYXHYVDKVWOXQXDAU7Z4MJPTYDDS7ZPM6GFPX4\" target=\"_blank\" rel=\"noopener\">El 35% de los adultos mayores vio reducidos sus ingresos en el \u00faltimo a\u00f1o. Se refiere Sandra Alvear, directora del Mag\u00edster en Gesti\u00f3n de Sistemas de Salud de la Facultad de Econom\u00eda y Negocios (FEN) de la UTalca.<\/a><\/p><p>\u00a0<\/p><p><b>EL SUR<\/b><\/p><p><a style=\"font-style: inherit; font-weight: inherit; background-color: #ffffff; font-family: -apple-system, BlinkMacSystemFont,;\" href=\"https:\/\/www.litoralpress.cl\/paginaconsultas\/Servicios_NClip\/Get_Imagen_Nota.aspx?LPKey=JUHUX27X5H42NAXVTCO7LPMFUUHVLHAL6O7JLHAODO2ME5AQVAYFBB67ZZ5SVLTAAXOEDKVYBVY3W\" target=\"_blank\" rel=\"noopener\">El 35% de los adultos mayores vio reducidos sus ingresos en el \u00faltimo a\u00f1o. Se refiere Sandra Alvear, directora del Mag\u00edster en Gesti\u00f3n de Sistemas de Salud de la Facultad de Econom\u00eda y Negocios (FEN) de la UTalca.<\/a><\/p><p>\u00a0<\/p><p><b>EL MERCURIO DE ANTOFAGASTA<\/b><\/p><p><a style=\"font-style: inherit; font-weight: inherit; background-color: #ffffff; font-family: -apple-system, BlinkMacSystemFont,;\" href=\"https:\/\/www.litoralpress.cl\/paginaconsultas\/Servicios_NClip\/Get_Imagen_Nota.aspx?LPKey=6LLPJOHORYA54VDXQJWZQG2FRYMNA2RZCFR5IXUJSOLVUK3I5NJ6GOIIXO7KGCILKS6JIMFIPN3DG\" target=\"_blank\" rel=\"noopener\">El 35% de los adultos mayores vio reducidos sus ingresos en el \u00faltimo a\u00f1o. Se refiere Sandra Alvear, directora del Mag\u00edster en Gesti\u00f3n de Sistemas de Salud de la Facultad de Econom\u00eda y Negocios (FEN) de la UTalca.<\/a><\/p><p>\u00a0<\/p><p><b>EL MERCURIO DE CALAMA<\/b><\/p><p><a style=\"font-style: inherit; font-weight: inherit; background-color: #ffffff; font-family: -apple-system, BlinkMacSystemFont,;\" href=\"https:\/\/www.litoralpress.cl\/paginaconsultas\/Servicios_NClip\/Get_Imagen_Nota.aspx?LPKey=DYXZQ22HG2ER42J2NNCXMRBGFHOVLLFAZSNTJLEW274KXSIALHSF6G4ZFZBEK6PAARYVOJGPOQRIS\" target=\"_blank\" rel=\"noopener\">El 35% de los adultos mayores vio reducidos sus ingresos en el \u00faltimo a\u00f1o. Se refiere Sandra Alvear, directora del Mag\u00edster en Gesti\u00f3n de Sistemas de Salud de la Facultad de Econom\u00eda y Negocios (FEN) de la UTalca.<\/a><\/p><p>\u00a0<\/p><p><b>ADPRENSA.CL<\/b><\/p><p><a style=\"font-style: inherit; font-weight: inherit; background-color: #ffffff; font-family: -apple-system, BlinkMacSystemFont,;\" href=\"https:\/\/www.adprensa.cl\/nacionales\/otra-consecuencia-de-la-pandemia-35-de-los-adultos-mayores-redujeron-drasticamente-sus-ingresos\/\" target=\"_blank\" rel=\"noopener\">Otra consecuencia de la pandemia: 35% de los adultos mayores redujeron dr\u00e1sticamente sus ingresos. Se refiere Sandra Alvear, directora del Mag\u00edster en Gesti\u00f3n de Sistemas de Salud de la Facultad de Econom\u00eda y Negocios (FEN) de la UTalca.<\/a><\/p><p>\u00a0<\/p><p><b>LA PRENSA<\/b><\/p><p><a style=\"font-style: inherit; font-weight: inherit; background-color: #ffffff; font-family: -apple-system, BlinkMacSystemFont,;\" href=\"https:\/\/www.litoralpress.cl\/paginaconsultas\/Servicios_NClip\/Get_Imagen_Nota.aspx?LPKey=Y35GKPBPKW3Y4EW7S4FD2MUINYGWQMJ3NPGV5JBFOVB6YJLFSJQTPIDXJFKC35R6TE3BV4JOWP3NM\" target=\"_blank\" rel=\"noopener\">Otra consecuencia de la pandemia: Adultos mayores redujeron dr\u00e1sticamente sus ingresos. Se refiere Sandra Alvear, directora del Mag\u00edster en Gesti\u00f3n de Sistemas de Salud de la Facultad de Econom\u00eda y Negocios (FEN) de la UTalca.<\/a><\/p><p>\u00a0<\/p><p><b>LA ESTRELLA DE IQUIQUE<\/b><\/p><p><a style=\"font-style: inherit; font-weight: inherit; background-color: #ffffff; font-family: -apple-system, BlinkMacSystemFont,;\" href=\"https:\/\/www.litoralpress.cl\/paginaconsultas\/Servicios_NClip\/Get_Imagen_Nota.aspx?LPKey=T2HQO5WIOFTJVS7S6N42TWMY6OSLZDUVXKFNJQEKYSMZY2IKFKHQI2BJGNIF5HIKPIJOEL3C2H4RK\" target=\"_blank\" rel=\"noopener\">El 35% de los adultos mayores vio reducidos sus ingresos en el \u00faltimo a\u00f1o. Se refiere Sandra Alvear, directora del Mag\u00edster en Gesti\u00f3n de Sistemas de Salud de la Facultad de Econom\u00eda y Negocios (FEN) de la UTalca.<\/a><\/p><p>\u00a0<\/p><p><b>CR\u00d3NICA DE CHILL\u00c1N<\/b><\/p><p><a style=\"font-style: inherit; font-weight: inherit; background-color: #ffffff; font-family: -apple-system, BlinkMacSystemFont,;\" href=\"https:\/\/www.litoralpress.cl\/paginaconsultas\/Servicios_NClip\/Get_Imagen_Nota.aspx?LPKey=LAPKC3WDMKNQGPQVY3H3CEM7ZU6THJO67YNW7THCCXBC3RM4RFKUGVJ3TORJDE6ZJ4P3E3NJFYQRC\" target=\"_blank\" rel=\"noopener\">El 35% de los adultos mayores vio reducidos sus ingresos en el \u00faltimo a\u00f1o. Se refiere Sandra Alvear, directora del Mag\u00edster en Gesti\u00f3n de Sistemas de Salud de la Facultad de Econom\u00eda y Negocios (FEN) de la UTalca.<\/a><\/p><p>\u00a0<\/p><p><b>DIARIO AUSTRAL REGI\u00d3N DE LOS R\u00cdOS<\/b><\/p><p><a style=\"font-style: inherit; font-weight: inherit; background-color: #ffffff; font-family: -apple-system, BlinkMacSystemFont,;\" href=\"https:\/\/www.litoralpress.cl\/paginaconsultas\/Servicios_NClip\/Get_Imagen_Nota.aspx?LPKey=MEU53W3XSVQQ6BXBQTAAAODRAM4GJNAKXHUF64HSRGF5YKY3Y2QLULSSGRFK7E7POVBFTGI4BSFUK\" target=\"_blank\" rel=\"noopener\">El 35% de los adultos mayores vio reducidos sus ingresos en el \u00faltimo a\u00f1o. Se refiere Sandra Alvear, directora del Mag\u00edster en Gesti\u00f3n de Sistemas de Salud de la Facultad de Econom\u00eda y Negocios (FEN) de la UTalca.<\/a><\/p><p>\u00a0<\/p><p><b>EL DIARIO DE ATACAMA<\/b><\/p><p><a style=\"font-style: inherit; font-weight: inherit; background-color: #ffffff; font-family: -apple-system, BlinkMacSystemFont,;\" href=\"https:\/\/www.litoralpress.cl\/paginaconsultas\/Servicios_NClip\/Get_Imagen_Nota.aspx?LPKey=FA7SGW36GH7YR3BMWBEVWNAFESMJFIT4GOQ2BRQAKVKW5TRLYQRZM2D7CPKSDLV7OYQUZQITDI5HU\" target=\"_blank\" rel=\"noopener\">El 35% de los adultos mayores vio reducidos sus ingresos en el \u00faltimo a\u00f1o. Se refiere Sandra Alvear, directora del Mag\u00edster en Gesti\u00f3n de Sistemas de Salud de la Facultad de Econom\u00eda y Negocios (FEN) de la UTalca.<\/a><\/p><p>\u00a0<\/p><p><b>EL LLANQUIHUE<\/b><\/p><p><a style=\"font-style: inherit; font-weight: inherit; background-color: #ffffff; font-family: -apple-system, BlinkMacSystemFont,;\" href=\"https:\/\/www.litoralpress.cl\/paginaconsultas\/Servicios_NClip\/Get_Imagen_Nota.aspx?LPKey=ZMROUAK3PMXX2NKY5YLA4YPBFIQ4Q53XBWIG27APFZOJVQPQMG3H36AMTOP5OBVC7RBSYAFCMN4TO\" target=\"_blank\" rel=\"noopener\">El 35% de los adultos mayores vio reducidos sus ingresos en el \u00faltimo a\u00f1o. Se refiere Sandra Alvear, directora del Mag\u00edster en Gesti\u00f3n de Sistemas de Salud de la Facultad de Econom\u00eda y Negocios (FEN) de la UTalca.<\/a><\/p><p>\u00a0<\/p><p><b>CNNCHILE.COM<\/b><\/p><p><a style=\"font-style: inherit; font-weight: inherit; background-color: #ffffff; font-family: -apple-system, BlinkMacSystemFont,;\" href=\"https:\/\/www.cnnchile.com\/economia\/adultos-mayores-redujeron-ingresos-pandemia-mujeres_20211120\/\" target=\"_blank\" rel=\"noopener\">1\/3 de los adultos mayores redujeron sus ingresos en pandemia a menos de la mitad: M\u00e1s afectadas son mujeres. Se refiere Sandra Alvear, directora del Mag\u00edster en Gesti\u00f3n de Sistemas de Salud de la Facultad de Econom\u00eda y Negocios (FEN) de la UTalca.<\/a><\/p><p>\u00a0<\/p><p><b>ELDESCONCIERTO.CL<\/b><\/p><p><a style=\"font-style: inherit; font-weight: inherit; background-color: #ffffff; font-family: -apple-system, BlinkMacSystemFont,;\" href=\"https:\/\/www.eldesconcierto.cl\/nacional\/2021\/11\/20\/35-de-los-adultos-mayores-redujeron-drasticamente-sus-ingresos-en-pandemia.html\" target=\"_blank\" rel=\"noopener\">35% de los adultos mayores redujeron dr\u00e1sticamente sus ingresos en pandemia. Se refiere Sandra Alvear, directora del Mag\u00edster en Gesti\u00f3n de Sistemas de Salud de la Facultad de Econom\u00eda y Negocios (FEN) de la UTalca.<\/a><\/p><p>\u00a0<\/p><p><b>RADIOAGRICULTURA.CL<\/b><\/p><p><a style=\"font-style: inherit; font-weight: inherit; background-color: #ffffff; font-family: -apple-system, BlinkMacSystemFont,;\" href=\"https:\/\/www.radioagricultura.cl\/nacional\/2021\/11\/20\/encuesta-social-covid-19-35-de-los-adultos-mayores-redujeron-sus-ingresos-a-menos-de-la-mitad-en-pandemia.html\" target=\"_blank\" rel=\"noopener\">Encuesta Social COVID-19: 35% de los adultos mayores redujeron sus ingresos a menos de la mitad en pandemia. Se refiere Sandra Alvear, directora del Mag\u00edster en Gesti\u00f3n de Sistemas de Salud de la Facultad de Econom\u00eda y Negocios (FEN) de la UTalca.<\/a><\/p><p>\u00a0<\/p><p><b>LINARESENLINEA.CL<\/b><\/p><p><a style=\"font-style: inherit; font-weight: inherit; background-color: #ffffff; font-family: -apple-system, BlinkMacSystemFont,;\" href=\"https:\/\/www.linaresenlinea.cl\/2021\/11\/20\/otra-consecuencia-de-la-pandemia-35-de-los-adultos-mayores-redujeron-drasticamente-sus-ingresos\/\" target=\"_blank\" rel=\"noopener\">Otra consecuencia de la pandemia: 35% de los adultos mayores redujeron dr\u00e1sticamente sus ingresos. Se refiere Sandra Alvear, directora del Mag\u00edster en Gesti\u00f3n de Sistemas de Salud de la Facultad de Econom\u00eda y Negocios (FEN) de la UTalca.<\/a><\/p><p>\u00a0<\/p><p><b>RADIOMAGALLANES.CL<\/b><\/p><p><a style=\"font-style: inherit; font-weight: inherit; background-color: #ffffff; font-family: -apple-system, BlinkMacSystemFont,;\" href=\"https:\/\/www.radiomagallanes.cl\/noticia.php?id_not=98750\" target=\"_blank\" rel=\"noopener\">Otra consecuencia de la pandemia: 35% de los adultos mayores redujeron dr\u00e1sticamente sus ingresos. Se refiere Sandra Alvear, directora del Mag\u00edster en Gesti\u00f3n de Sistemas de Salud de la Facultad de Econom\u00eda y Negocios (FEN) de la UTalca.<\/a><\/p><p>\u00a0<\/p><p><b>VIVEPAIS.CL<\/b><\/p><p><a style=\"font-style: inherit; font-weight: inherit; background-color: #ffffff; font-family: -apple-system, BlinkMacSystemFont,;\" href=\"http:\/\/www.vivepais.cl\/blog\/2021\/11\/20\/135496\/\" target=\"_blank\" rel=\"noopener\">35% de los adultos mayores redujeron dr\u00e1sticamente sus ingresos en pandemia. Se refiere Sandra Alvear, directora del Mag\u00edster en Gesti\u00f3n de Sistemas de Salud de la Facultad de Econom\u00eda y Negocios (FEN) de la UTalca.<\/a><\/p><p>\u00a0<\/p><p><b>ELDIARIODEMAULE.CL<\/b><\/p><p><a style=\"font-style: inherit; font-weight: inherit; background-color: #ffffff; font-family: -apple-system, BlinkMacSystemFont,;\" href=\"https:\/\/eldiariodemaule.cl\/35-de-los-adultos-mayores-redujeron-drasticamente-sus-ingresos\/\" target=\"_blank\" rel=\"noopener\">35% de los adultos mayores redujeron dr\u00e1sticamente sus ingresos. Se refiere Sandra Alvear, directora del Mag\u00edster en Gesti\u00f3n de Sistemas de Salud de la Facultad de Econom\u00eda y Negocios (FEN) de la UTalca.<\/a><\/p><p>\u00a0<\/p><p><b>SEPTIMAPAGINANOTICIAS.CL<\/b><\/p><p><a style=\"font-style: inherit; font-weight: inherit; background-color: #ffffff; font-family: -apple-system, BlinkMacSystemFont,;\" href=\"https:\/\/www.septimapaginanoticias.cl\/otra-consecuencia-de-la-pandemia-35-por-ciento-de-los-adultos-mayores-redujeron-drasticamente-sus-ingresos\" target=\"_blank\" rel=\"noopener\">Otra consecuencia de la pandemia: 35 por ciento de los adultos mayores redujeron dr\u00e1sticamente sus ingresos. e refiere Sandra Alvear, directora del Mag\u00edster en Gesti\u00f3n de Sistemas de Salud de la Facultad de Econom\u00eda y Negocios (FEN) de la UTalca.<\/a><\/p><p>\u00a0<\/p><p><b>G5NOTICIAS.CL<\/b><\/p><p><a style=\"font-style: inherit; font-weight: inherit; background-color: #ffffff; font-family: -apple-system, BlinkMacSystemFont,;\" href=\"https:\/\/g5noticias.cl\/2021\/11\/20\/otra-consecuencia-de-la-pandemia-35-de-los-adultos-mayores-redujeron-drasticamente-sus-ingresos\/\" target=\"_blank\" rel=\"noopener\">Otra consecuencia de la pandemia: 35% de los adultos mayores redujeron dr\u00e1sticamente sus ingresos. Se refiere Sandra Alvear, directora del Mag\u00edster en Gesti\u00f3n de Sistemas de Salud de la Facultad de Econom\u00eda y Negocios (FEN) de la UTalca.<\/a><\/p><p>\u00a0<\/p><p><b>DIARIO CONCEPCI\u00d3N<\/b><\/p><p><a style=\"font-style: inherit; font-weight: inherit; background-color: #ffffff; font-family: -apple-system, BlinkMacSystemFont,;\" href=\"https:\/\/www.litoralpress.cl\/sitio\/Prensa_PaginaCompleta.cshtml?LPKey=RKHLNPFK3A4SU3NDABRH2DVO4H6SJQYQ5CXRRJR5A3WPZ7XKXK5A\" target=\"_blank\" rel=\"noopener\">Las deudas que a\u00fan tenemos con ni\u00f1os, ni\u00f1as y adolescentes. Se refiere Isaac Ravetllat, acad\u00e9mico de la Facultad de Ciencias Jur\u00eddicas y Sociales de la UTalca.<\/a><\/p><p>\u00a0<\/p><p><b>EL HERALDO<\/b><\/p><p><a style=\"font-style: inherit; font-weight: inherit; background-color: #ffffff; font-family: -apple-system, BlinkMacSystemFont,;\" href=\"https:\/\/www.litoralpress.cl\/paginaconsultas\/Servicios_NClip\/Get_Imagen_Nota.aspx?LPKey=PD6KO2YNDQBUZ3H3L7RBIW4BAVBMYNYXTCOIUGR3M44LKYVSYHSPR5XJVOJ3KXKMADZE4WNQJQTIO\" target=\"_blank\" rel=\"noopener\">Llaman a respetar el protocolo sanitario para un voto seguro. Se refiere Daniel Jim\u00e9nez, director de Salud del Estudiante de la UTalca.<\/a><\/p><p>\u00a0<\/p><p><b>RANCAGUATV.CL<\/b><\/p><p><a style=\"font-style: inherit; font-weight: inherit; background-color: #ffffff; font-family: -apple-system, BlinkMacSystemFont,;\" href=\"https:\/\/www.rancaguatv.cl\/o-higgins-noticias-cronicas-de-actualidad\/171-elecciones\/4641-talca-llaman-a-respetar-el-protocolo%20sanitario-para-un-voto-seguro.html\" target=\"_blank\" rel=\"noopener\">Talca: Llaman a respetar el protocolo sanitario para un voto seguro. Se refiere Daniel Jim\u00e9nez, director de Salud del Estudiante de la UTalca.<\/a><\/p><p>\u00a0<\/p><p><b>LA PRENSA<\/b><\/p><p><a style=\"font-style: inherit; font-weight: inherit; background-color: #ffffff; font-family: -apple-system, BlinkMacSystemFont,;\" href=\"https:\/\/www.litoralpress.cl\/paginaconsultas\/Servicios_NClip\/Get_Imagen_Nota.aspx?LPKey=P7PSG5CEEWRWYX55SKH65P7ESY6U3NMXFBBZQYC2S6X6I7DFFDUDI3R2AIFRS3VEV7HHAHOQ5EURC\" target=\"_blank\" rel=\"noopener\">Proyecto permitir\u00e1 mejorar salud mental en usuarios de Cesfam de Romeral. Se refiere Nadia Ramos, acad\u00e9mica de la Facultad de Psicolog\u00eda de la UTalca.<\/a><\/p><p>\u00a0<\/p><p><b>MUSICAYNOTICIAS.CL<\/b><\/p><p><a style=\"font-style: inherit; font-weight: inherit; background-color: #ffffff; font-family: -apple-system, BlinkMacSystemFont,;\" href=\"https:\/\/www.musicaynoticias.cl\/romeral\/municipalidad-de-romeral-y-universidad-de-talca-trabajan-en-proyecto-que-permitira-mejorar-estados-de-salud-mental-en-usuarios-romeralinos\" target=\"_blank\" rel=\"noopener\">Municipalidad de Romeral y Universidad de Talca trabajan en proyecto que permitir\u00e1 mejorar estados de salud mental en usuarios romeralinos.<\/a><\/p><p>\u00a0<\/p><p><b>TALCACAPITAL.CL<\/b><\/p><p><a style=\"font-style: inherit; font-weight: inherit; background-color: #ffffff; font-family: -apple-system, BlinkMacSystemFont,;\" href=\"https:\/\/talcacapital.cl\/academicos-desarrollaran-huertos-empleando-agricultura-vertical-de-bajo-costo\/\" target=\"_blank\" rel=\"noopener\">Acad\u00e9micos desarrollar\u00e1n huertos empleando agricultura vertical de bajo costo. Se refiere Gilda Carrasco, acad\u00e9mica de la Facultad de Ciencias Agrarias de la UTalca.<\/a><\/p><p>\u00a0<\/p><p><b>TVMAULE.CL<\/b><\/p><p><a style=\"font-style: inherit; font-weight: inherit; background-color: #ffffff; font-family: -apple-system, BlinkMacSystemFont,;\" href=\"https:\/\/www.tvmaule.cl\/desarrollaran-huertos-empleando-agricultura-vertical-de-bajo-costo\/\" target=\"_blank\" rel=\"noopener\">Desarrollar\u00e1n huertos empleando agricultura vertical de bajo costo. Se refiere Gilda Carrasco, acad\u00e9mica de la Facultad de Ciencias Agrarias de la UTalca.<\/a><\/p><p>\u00a0<\/p><p><b>EL HERALDO<\/b><\/p><p><a style=\"font-style: inherit; font-weight: inherit; background-color: #ffffff; font-family: -apple-system, BlinkMacSystemFont,;\" href=\"https:\/\/www.litoralpress.cl\/paginaconsultas\/Servicios_NClip\/Get_Imagen_Nota.aspx?LPKey=OSAY7N74UNZAWSJY3NOUBSCNYGQ3VEFUD6B4LG7A4RC5IGCRUAPIDXEAESMVGZJKTYGR7VTDPKTIA\" target=\"_blank\" rel=\"noopener\">Estudiantes de Talca son reconocidos en \u201cSenior Hackat\u00f3n\u201d con iniciativa digital orientada a personas mayores. Se menciona a la UTalca.<\/a><\/p><p>\u00a0<\/p><p><b>CANAL MEGA<\/b><\/p><p><a style=\"font-style: inherit; font-weight: inherit; background-color: #ffffff; font-family: -apple-system, BlinkMacSystemFont,;\" href=\"https:\/\/www.litoralpress.cl\/sitio\/RadioTV_Detalles.cshtml?LPKey=JH5EO4LZX2GZ22QM2XBGQUHBGK3W2UQGZMR7X4TEUMRN4FNMLVZA\" target=\"_blank\" rel=\"noopener\">Resultados oficiales de las presidenciales con 88,52% de las mesas escrutadas. Se refiere Mauricio Morales, director del Centro de An\u00e1lisis Pol\u00edtico (CAP) de la UTalca.<\/a><\/p><p>\u00a0<\/p><p><b>CANAL MEGA<\/b><\/p><p><a style=\"font-style: inherit; font-weight: inherit; background-color: #ffffff; font-family: -apple-system, BlinkMacSystemFont,;\" href=\"https:\/\/www.litoralpress.cl\/sitio\/RadioTV_Detalles.cshtml?LPKey=UUUE5PAZ57QSFW4NX6PJAHMV5DXGH77ATJVHLPLDUI3HOSL7AUBQ\" target=\"_blank\" rel=\"noopener\">Revisamos los resultados de las presidenciales. Se refiere Mauricio Morales, director del Centro de An\u00e1lisis Pol\u00edtico (CAP) de la UTalca.<\/a><\/p><p>\u00a0<\/p><p><b>MEGANOTICIAS.CL<\/b><\/p><p><a style=\"font-style: inherit; font-weight: inherit; background-color: #ffffff; font-family: -apple-system, BlinkMacSystemFont,;\" href=\"https:\/\/www.meganoticias.cl\/nacional\/359124-elecciones-presidenciales-kast-boric-votos-parisi-sichel-provoste-artes-meo-segunda-vuelta-21-11-2021.html\" target=\"_blank\" rel=\"noopener\">Para Kast o Boric: \u00bfHacia d\u00f3nde se inclinar\u00edan los votos de los dem\u00e1s candidatos en la segunda vuelta? Se refiere Mauricio Morales, director del Centro de An\u00e1lisis Pol\u00edtico (CAP) de la UTalca.<\/a><\/p><p>\u00a0<\/p><p><b>THECLINIC.CL<\/b><\/p><p><a style=\"font-style: inherit; font-weight: inherit; background-color: #ffffff; font-family: -apple-system, BlinkMacSystemFont,;\" href=\"https:\/\/www.theclinic.cl\/2021\/11\/21\/el-fenomeno-parisi-como-se-explica-y-quien-se-queda-con-sus-votos-en-segunda-vuelta\/\" target=\"_blank\" rel=\"noopener\">El fen\u00f3meno Parisi: c\u00f3mo se explica y qui\u00e9n se queda con sus votos en segunda vuelta. Se refiere Mauricio Morales, director del Centro de An\u00e1lisis Pol\u00edtico (CAP) de la UTalca.<\/a><\/p><p>\u00a0<\/p><p><b>DIARIO FINANCIERO<\/b><\/p><p><a style=\"font-style: inherit; font-weight: inherit; background-color: #ffffff; font-family: -apple-system, BlinkMacSystemFont,;\" href=\"https:\/\/www.litoralpress.cl\/sitio\/Prensa_PaginaCompleta.cshtml?LPKey=2J5ZFDDVRNUEX3UOKIYMQQLVECUSGBVCIB7PXCEUYKKMXEQVQEGA\" target=\"_blank\" rel=\"noopener\">El factor Parisi: sus votantes ser\u00edan m\u00e1s proclives a Kast. Se refiere Mauricio Morales, director del Centro de An\u00e1lisis Pol\u00edtico (CAP) de la UTalca.<\/a><\/p><p>\u00a0<\/p><p><b>DIARIO FINANCIERO<\/b><\/p><p><a style=\"font-style: inherit; font-weight: inherit; background-color: #ffffff; font-family: -apple-system, BlinkMacSystemFont,;\" href=\"https:\/\/www.litoralpress.cl\/sitio\/Prensa_PaginaCompleta.cshtml?LPKey=HH2SQCFM2PBVJHFEC4NE2SFASDGOEPIOUOS3DFDANHSBMCZQCHRQ\" target=\"_blank\" rel=\"noopener\">Chile decidir\u00e1 entre dos opciones de cambios postergados: La seguridad p\u00fablica (Kast) y los derechos sociales (Boric). Se refiere Mauricio Morales, director del Centro de An\u00e1lisis Pol\u00edtico (CAP) de la UTalca.<\/a><\/p><p>\u00a0<\/p><p><b>DF.CL<\/b><\/p><p><a style=\"font-style: inherit; font-weight: inherit; background-color: #ffffff; font-family: -apple-system, BlinkMacSystemFont,;\" href=\"https:\/\/www.df.cl\/noticias\/economia-y-politica\/politica\/chile-decidira-entre-dos-opciones-de-cambios-postergados-la-seguridad\/2021-11-22\/000550.html\" target=\"_blank\" rel=\"noopener\">Chile decidir\u00e1 entre dos opciones de cambios postergados: La seguridad p\u00fablica (Kast) y los derechos sociales (Boric). Se refiere Mauricio Morales, director del Centro de An\u00e1lisis Pol\u00edtico (CAP) de la UTalca.<\/a><\/p><p>\u00a0<\/p><p><b>CANAL MEGA<\/b><\/p><p><a style=\"font-style: inherit; font-weight: inherit; background-color: #ffffff; font-family: -apple-system, BlinkMacSystemFont,;\" href=\"https:\/\/www.litoralpress.cl\/sitio\/RadioTV_Detalles.cshtml?LPKey=V6ERWAQO7YOORBUSZBMPTVKF7LCCDUWHC7R4532BOE3OS3P5GW6Q\" target=\"_blank\" rel=\"noopener\">La cobertura de Mega para las elecciones. Se refiere Mauricio Morales, director del Centro de An\u00e1lisis Pol\u00edtico (CAP) de la UTalca.<\/a><\/p><p>\u00a0<\/p><p><b>CANAL MEGA PLUS<\/b><\/p><p><a style=\"font-style: inherit; font-weight: inherit; background-color: #ffffff; font-family: -apple-system, BlinkMacSystemFont,;\" href=\"https:\/\/www.litoralpress.cl\/sitio\/RadioTV_Detalles.cshtml?LPKey=44CCGQE4SK7OLHGALBOQKCKSRX35OPIDZATOXS5NYJ3ZNO4DZBRA\" target=\"_blank\" rel=\"noopener\">Servel entreg\u00f3 recomendaciones para las elecciones del domingo. Se refiere Mauricio Morales, director del Centro de An\u00e1lisis Pol\u00edtico (CAP) de la UTalca.<\/a><\/p><p>\u00a0<\/p><p><b>CANAL MEGA<\/b><\/p><p><a style=\"font-style: inherit; font-weight: inherit; background-color: #ffffff; font-family: -apple-system, BlinkMacSystemFont,;\" href=\"https:\/\/www.litoralpress.cl\/sitio\/RadioTV_Detalles.cshtml?LPKey=X7I453O27TAYMCFIDKQIQRGXOK3XXST7IHELPV3A4QHNECY22URQ\" target=\"_blank\" rel=\"noopener\">Elecci\u00f3n presidencial: La recta final. Se refiere Mauricio Morales, director del Centro de An\u00e1lisis Pol\u00edtico (CAP) de la UTalca.<\/a><\/p><p>\u00a0<\/p><p><b>CANAL MEGA PLUS<\/b><\/p><p><a style=\"font-style: inherit; font-weight: inherit; background-color: #ffffff; font-family: -apple-system, BlinkMacSystemFont,;\" href=\"https:\/\/www.litoralpress.cl\/sitio\/RadioTV_Detalles.cshtml?LPKey=VUH6UMNDEGFP2K7NLXAVO4J5NPSQWUG2KNSKZRW52YRLCWVSZJRQ\" target=\"_blank\" rel=\"noopener\">Elecci\u00f3n presidencial: La recta final. Se refiere Mauricio Morales, director del Centro de An\u00e1lisis Pol\u00edtico (CAP) de la UTalca.<\/a><\/p><p>\u00a0<\/p><p><b>LATERCERA.COM<\/b><\/p><p><a style=\"font-style: inherit; font-weight: inherit; background-color: #ffffff; font-family: -apple-system, BlinkMacSystemFont,;\" href=\"https:\/\/www.latercera.com\/la-tercera-pm\/noticia\/tres-tercios-cambio-en-las-hegemonias-y-nuevas-caras-guia-para-entender-la-eleccion-de-diputados\/7A33WIF64FDEPA53535HJ3XF5A\/\" target=\"_blank\" rel=\"noopener\">\u00bfTres tercios?, cambio en las hegemon\u00edas y nuevas caras: Gu\u00eda para entender la elecci\u00f3n de diputados. Se refiere Mauricio Morales, director del Centro de An\u00e1lisis Pol\u00edtico (CAP) de la UTalca.<\/a><\/p><p>\u00a0<\/p><p><b>CANAL UCHILE TV<\/b><\/p><p><a style=\"font-style: inherit; font-weight: inherit; background-color: #ffffff; font-family: -apple-system, BlinkMacSystemFont,;\" href=\"https:\/\/www.litoralpress.cl\/sitio\/RadioTV_Detalles.cshtml?LPKey=RPTLGZWQXGV2PCHQ23IFSV7BKLSBRCQHNFRC3Z3SS4DBJO7X4G6A\" target=\"_blank\" rel=\"noopener\">Elecciones y siguiente per\u00edodo presidencial. Parte I. Se refiere Mario Herrera, acad\u00e9mico del Centro de An\u00e1lisis Pol\u00edtico (CAP) de la UTalca.<\/a><\/p><p>\u00a0<\/p><p><b>CANAL UCHILETV<\/b><\/p><p><a style=\"font-style: inherit; font-weight: inherit; background-color: #ffffff; font-family: -apple-system, BlinkMacSystemFont,;\" href=\"https:\/\/www.litoralpress.cl\/sitio\/RadioTV_Detalles.cshtml?LPKey=4FR2R3RXFSVYQHYZOQWA65MG277F2RA2UWUMYWG5TRIOI7USANRA\" target=\"_blank\" rel=\"noopener\">Elecciones y siguiente per\u00edodo presidencial. Parte II. Se refiere Mario Herrera, acad\u00e9mico del Centro de An\u00e1lisis Pol\u00edtico (CAP) de la UTalca.<\/a><\/p><p>\u00a0<\/p><p><b>CANAL CONTIVISI\u00d3N<\/b><\/p><p><a style=\"font-style: inherit; font-weight: inherit; background-color: #ffffff; font-family: -apple-system, BlinkMacSystemFont,;\" href=\"https:\/\/www.litoralpress.cl\/sitio\/RadioTV_Detalles.cshtml?LPKey=VZUBXEKP57YCIYLFOHVHIPAMLNHHDZMSGV5TZ6AN23XKEXEBYXYQ\" target=\"_blank\" rel=\"noopener\">Anoche termin\u00f3 el plazo legal para las campa\u00f1as pol\u00edticas. Se refiere Daniel Jim\u00e9nez, director de Salud del Estudiante de la UTalca.<\/a><\/p><p>\u00a0<\/p><p><b>DIARIOTALCA.CL<\/b><\/p><p><a style=\"font-style: inherit; font-weight: inherit; background-color: #ffffff; font-family: -apple-system, BlinkMacSystemFont,;\" href=\"https:\/\/diariotalca.cl\/vamos-a-tener-un-presidente-minoritario-eso-lo-garantizo\/\" target=\"_blank\" rel=\"noopener\">\u201cVamos a tener un Presidente minoritario, eso lo garantizo\u201d. Se refiere Mario Herrera, acad\u00e9mico del Centro de An\u00e1lisis Pol\u00edtico (CAP) de la UTalca.<\/a><\/p><p>\u00a0<\/p><p><b>DIARIOTALCA.CL<\/b><\/p><p><a style=\"font-style: inherit; font-weight: inherit; background-color: #ffffff; font-family: -apple-system, BlinkMacSystemFont,;\" href=\"https:\/\/diariotalca.cl\/los-escenarios-politicos-que-subyacen-en-la-eleccion-de-consejeros-regionales\/\" target=\"_blank\" rel=\"noopener\">Los escenarios pol\u00edticos que subyacen en la elecci\u00f3n de consejeros regionales. Se refiere Mario Herrera, acad\u00e9mico del Centro de An\u00e1lisis Pol\u00edtico (CAP) de la UTalca.<\/a><\/p><p>\u00a0<\/p><p><b>RADIO LAUTARO<\/b><\/p><p><a style=\"font-style: inherit; font-weight: inherit; background-color: #ffffff; font-family: -apple-system, BlinkMacSystemFont,;\" href=\"https:\/\/www.litoralpress.cl\/sitio\/RadioTV_Detalles.cshtml?LPKey=2F6ZNAJLRY22J3MTM6QCLJHMLNCVUQ3ZTH6QGSPKQ3DKLZZLAE4Q\" target=\"_blank\" rel=\"noopener\">Panel de conversaci\u00f3n sobre las pr\u00f3ximas elecciones. Se refiere Mario Herrera, acad\u00e9mico del Centro de An\u00e1lisis Pol\u00edtico (CAP) de la UTalca.<\/a><\/p><p>\u00a0<\/p><p><b>RADIO AMIGA<\/b><\/p><p><a style=\"font-style: inherit; font-weight: inherit; background-color: #ffffff; font-family: -apple-system, BlinkMacSystemFont,;\" href=\"https:\/\/www.litoralpress.cl\/sitio\/RadioTV_Detalles.cshtml?LPKey=JWAESTPMQZW7PIB6EI2SFPH7EDXN73QZBRLFDZGL7PWGPGT6AHJA\" target=\"_blank\" rel=\"noopener\">Panel de conversaci\u00f3n sobre las elecciones y evoluci\u00f3n de la pandemia. Se refiere Marcelo Alarc\u00f3n, acad\u00e9mico de la Facultad de Ciencias de la Salud de la UTalca.<\/a><\/p>\t\t\t\t\t\t<\/div>\n\t\t\t\t<\/div>\n\t\t\t\t\t<\/div>\n\t\t<\/div>\n\t\t\t\t\t\t\t<\/div>\n\t\t<\/section>\n\t\t\t\t\t\t<\/div>\n\t\t\t\t\t<\/div>\n\t\t","protected":false},"excerpt":{"rendered":"<p>EL MERCURIO Nueva tecnolog\u00eda busca aportar en el combate de incendios forestales. Se refiere Matthew Bardeen, acad\u00e9mico de la Facultad de Ingenier\u00eda de la UTalca. \u00a0 EL MERCURIO Especialistas debaten si vacunaci\u00f3n contra el COVID debiera ser obligatoria. Se refiere Erika Retamal, directora de Salud P\u00fablica de la UTalca. \u00a0 EL MERCURIO Donoso descifra la &hellip;<\/p>\n<p class=\"read-more\"> <a class=\"\" href=\"https:\/\/www.reportedeprensa.utalca.cl\/?p=2454\"> <span class=\"screen-reader-text\">22 de noviembre de 2021<\/span> Read More &raquo;<\/a><\/p>\n","protected":false},"author":1,"featured_media":0,"comment_status":"closed","ping_status":"open","sticky":false,"template":"elementor_theme","format":"standard","meta":{"_monsterinsights_skip_tracking":false,"_monsterinsights_sitenote_active":false,"_monsterinsights_sitenote_note":"","_monsterinsights_sitenote_category":0},"categories":[14],"tags":[],"_links":{"self":[{"href":"https:\/\/www.reportedeprensa.utalca.cl\/index.php?rest_route=\/wp\/v2\/posts\/2454"}],"collection":[{"href":"https:\/\/www.reportedeprensa.utalca.cl\/index.php?rest_route=\/wp\/v2\/posts"}],"about":[{"href":"https:\/\/www.reportedeprensa.utalca.cl\/index.php?rest_route=\/wp\/v2\/types\/post"}],"author":[{"embeddable":true,"href":"https:\/\/www.reportedeprensa.utalca.cl\/index.php?rest_route=\/wp\/v2\/users\/1"}],"replies":[{"embeddable":true,"href":"https:\/\/www.reportedeprensa.utalca.cl\/index.php?rest_route=%2Fwp%2Fv2%2Fcomments&post=2454"}],"version-history":[{"count":4,"href":"https:\/\/www.reportedeprensa.utalca.cl\/index.php?rest_route=\/wp\/v2\/posts\/2454\/revisions"}],"predecessor-version":[{"id":2458,"href":"https:\/\/www.reportedeprensa.utalca.cl\/index.php?rest_route=\/wp\/v2\/posts\/2454\/revisions\/2458"}],"wp:attachment":[{"href":"https:\/\/www.reportedeprensa.utalca.cl\/index.php?rest_route=%2Fwp%2Fv2%2Fmedia&parent=2454"}],"wp:term":[{"taxonomy":"category","embeddable":true,"href":"https:\/\/www.reportedeprensa.utalca.cl\/index.php?rest_route=%2Fwp%2Fv2%2Fcategories&post=2454"},{"taxonomy":"post_tag","embeddable":true,"href":"https:\/\/www.reportedeprensa.utalca.cl\/index.php?rest_route=%2Fwp%2Fv2%2Ftags&post=2454"}],"curies":[{"name":"wp","href":"https:\/\/api.w.org\/{rel}","templated":true}]}}