{"id":2465,"date":"2021-11-23T09:35:10","date_gmt":"2021-11-23T12:35:10","guid":{"rendered":"https:\/\/www.reportedeprensa.utalca.cl\/?p=2465"},"modified":"2021-11-23T09:49:48","modified_gmt":"2021-11-23T12:49:48","slug":"23-de-noviembre-de-2021","status":"publish","type":"post","link":"https:\/\/www.reportedeprensa.utalca.cl\/?p=2465","title":{"rendered":"23 de noviembre de 2021"},"content":{"rendered":"\t\t<div data-elementor-type=\"wp-post\" data-elementor-id=\"2465\" class=\"elementor elementor-2465\" data-elementor-settings=\"[]\">\n\t\t\t\t\t\t\t<div class=\"elementor-section-wrap\">\n\t\t\t\t\t\t\t<section class=\"elementor-section elementor-top-section elementor-element elementor-element-a06ca45 elementor-section-boxed elementor-section-height-default elementor-section-height-default\" data-id=\"a06ca45\" data-element_type=\"section\">\n\t\t\t\t\t\t<div class=\"elementor-container elementor-column-gap-default\">\n\t\t\t\t\t<div class=\"elementor-column elementor-col-100 elementor-top-column elementor-element elementor-element-1486c35\" data-id=\"1486c35\" data-element_type=\"column\">\n\t\t\t<div class=\"elementor-widget-wrap elementor-element-populated\">\n\t\t\t\t\t\t\t\t<div class=\"elementor-element elementor-element-42b145e elementor-widget elementor-widget-text-editor\" data-id=\"42b145e\" data-element_type=\"widget\" data-widget_type=\"text-editor.default\">\n\t\t\t\t<div class=\"elementor-widget-container\">\n\t\t\t\t\t\t\t\t<p><b>ADPRENSA.CL<\/b><\/p><p><a style=\"font-style: inherit; font-weight: inherit; background-color: #ffffff; font-family: -apple-system, BlinkMacSystemFont,;\" href=\"https:\/\/www.adprensa.cl\/cronica\/universidad-de-talca-retomara-clases-presenciales-en-el-ano-academico-2022\/\" target=\"_blank\" rel=\"noopener\">Universidad de Talca retomar\u00e1 clases presenciales en el a\u00f1o acad\u00e9mico 2022.<\/a><\/p><p>\u00a0<\/p><p><b>DIARIO TALCA<\/b><\/p><p><a style=\"font-style: inherit; font-weight: inherit; background-color: #ffffff; font-family: -apple-system, BlinkMacSystemFont,;\" href=\"https:\/\/www.litoralpress.cl\/paginaconsultas\/Servicios_NClip\/Get_Imagen_Nota.aspx?LPKey=T5YE3NMHM5CDSAZK77YUHOSF4GFZPNWH3KSSYMKLKDXLKRXBZEQE3PKCFCLTE6M7OQTVIONPZZCH6\" target=\"_blank\" rel=\"noopener\">Universidad de Talca retomar\u00e1 clases presenciales en el a\u00f1o acad\u00e9mico 2022.<\/a><\/p><p>\u00a0<\/p><p><b>ELMAULEINFORMA.CL<\/b><\/p><p><a style=\"font-style: inherit; font-weight: inherit; background-color: #ffffff; font-family: -apple-system, BlinkMacSystemFont,;\" href=\"https:\/\/elmauleinforma.cl\/universidad-de-talca-retomara-clases-presenciales-en-el-ano-academico-2022\/\" target=\"_blank\" rel=\"noopener\">Universidad de Talca retomar\u00e1 clases presenciales en el a\u00f1o acad\u00e9mico 2022.<\/a><\/p><p>\u00a0<\/p><p><b>LINARESENLINEA.CL<\/b><\/p><p><a style=\"font-style: inherit; font-weight: inherit; background-color: #ffffff; font-family: -apple-system, BlinkMacSystemFont,;\" href=\"https:\/\/www.linaresenlinea.cl\/2021\/11\/22\/universidad-de-talca-anuncia-el-retorno-de-las-clases-presenciales-a-partir-del-2022\/\" target=\"_blank\" rel=\"noopener\">Universidad de Talca anuncia el retorno de las clases presenciales a partir del 2022.<\/a><\/p><p>\u00a0<\/p><p><b>EL MERCURIO<\/b><\/p><p><a style=\"font-style: inherit; font-weight: inherit; background-color: #ffffff; font-family: -apple-system, BlinkMacSystemFont,;\" href=\"https:\/\/www.litoralpress.cl\/paginaconsultas\/Servicios_NClip\/Get_Imagen_Nota.aspx?LPKey=4K72J24S5IHCBYYFLA66BALV6GZKVOFR4UNNRADCOSCLWZO6OUIC66575KB7JOYWWIR2NN3LBNDJW\" target=\"_blank\" rel=\"noopener\">Proponen instalar toldos y dispensadores de agua para sobrellevar el calor en segunda vuelta. Se refiere Erika Retamal, directora de Salud P\u00fablica de la UTalca.<\/a><\/p><p>\u00a0<\/p><p><b>DIARIO TALCA<\/b><\/p><p><a style=\"font-style: inherit; font-weight: inherit; background-color: #ffffff; font-family: -apple-system, BlinkMacSystemFont,;\" href=\"https:\/\/www.litoralpress.cl\/sitio\/Prensa_PaginaCompleta.cshtml?LPKey=RO33X2ZCIATM6RWEQST2GNOKV2K7J5OZVYJZZEBJHD5YZBA7FU5A\" target=\"_blank\" rel=\"noopener\">UTalca se adjudica 11 proyectos de investigaci\u00f3n e innovaci\u00f3n.<\/a><\/p><p>\u00a0<\/p><p><b>EL LECTOR<\/b><\/p><p><a style=\"font-style: inherit; font-weight: inherit; background-color: #ffffff; font-family: -apple-system, BlinkMacSystemFont,;\" href=\"https:\/\/www.litoralpress.cl\/paginaconsultas\/Servicios_NClip\/Get_Imagen_Nota.aspx?LPKey=LKKYH7IMQ2Y2LUBJGUI3WO2U3ZHXAM2RIC26DGVI4DXGPNO5CBI4M6DRIOE2QX6XKWAUVPTZZ7D3A\" target=\"_blank\" rel=\"noopener\">Encuentro Agrotech Maule 2021 fue protagonizado por soluciones tecnol\u00f3gicas y di\u00e1logo entre actores. Se menciona Thinkagro UTalca.<\/a><\/p><p>\u00a0<\/p><p><b>CANAL TVN<\/b><\/p><p><a style=\"font-style: inherit; font-weight: inherit; background-color: #ffffff; font-family: -apple-system, BlinkMacSystemFont,;\" href=\"https:\/\/www.litoralpress.cl\/sitio\/RadioTV_Detalles.cshtml?LPKey=EFKUL47I5VPYIBIDSDURGW4O2PZRU44NBHOAGCJ7DNU4AEHBQNKQ\" target=\"_blank\" rel=\"noopener\">Entrevista a Mario Herrera, acad\u00e9mico del Centro de An\u00e1lisis Pol\u00edtico (CAP) de la UTalca.<\/a><\/p><p>\u00a0<\/p><p><b>24HORAS.CL<\/b><\/p><p><a style=\"font-style: inherit; font-weight: inherit; background-color: #ffffff; font-family: -apple-system, BlinkMacSystemFont,;\" href=\"https:\/\/www.24horas.cl\/politica\/analista-y-posible-triunfo-de-kast-en-segunda-vuelta-puede-que-se-reavive-el-estallido-social-5070678\" target=\"_blank\" rel=\"noopener\">Analista y posible triunfo de Kast en segunda vuelta: &#8220;Puede que se reavive el estallido social&#8221;. Se refiere Mario Herrera, acad\u00e9mico del Centro de An\u00e1lisis Pol\u00edtico (CAP) de la UTalca.<\/a><\/p><p>\u00a0<\/p><p><b>24HORAS.CL<\/b><\/p><p><a style=\"font-style: inherit; font-weight: inherit; background-color: #ffffff; font-family: -apple-system, BlinkMacSystemFont,;\" href=\"https:\/\/www.24horas.cl\/politica\/hacia-donde-se-irian-los-votos-de-franco-parisi-en-segunda-vuelta-5070864\" target=\"_blank\" rel=\"noopener\">\u00bfHacia d\u00f3nde se ir\u00edan los votos de Franco Parisi en segunda vuelta? Se refiere Mario Herrera, acad\u00e9mico del Centro de An\u00e1lisis Pol\u00edtico (CAP) de la UTalca.<\/a><\/p><p>\u00a0<\/p><p><b>CANAL MEGA PLUS\u00a0<\/b><\/p><p><a style=\"font-style: inherit; font-weight: inherit; background-color: #ffffff; font-family: -apple-system, BlinkMacSystemFont,;\" href=\"https:\/\/www.litoralpress.cl\/sitio\/RadioTV_Detalles.cshtml?LPKey=HHUKQUUB7FZXOLLB6UEHEY46TKANXXFVWNLN2XLYJZQAEPDIV6ZA\" target=\"_blank\" rel=\"noopener\">Entrevista a Mario Herrera, acad\u00e9mico del Centro de An\u00e1lisis Pol\u00edtico (CAP) de la UTalca.<\/a><\/p><p>\u00a0<\/p><p><b>CANAL TVN<\/b><\/p><p><a style=\"font-style: inherit; font-weight: inherit; background-color: #ffffff; font-family: -apple-system, BlinkMacSystemFont,;\" href=\"https:\/\/www.litoralpress.cl\/Archivos\/GA4MVD4R4JP6B7EDQ2VIFEG4T4.mp4\" target=\"_blank\" rel=\"noopener\">Dura derrota de los bloques pol\u00edticos tradiciones en el parlamento. Se refiere Mario Herrera, acad\u00e9mico del Centro de An\u00e1lisis Pol\u00edtico (CAP) de la UTalca.<\/a><\/p><p>\u00a0<\/p><p><b>CANAL MEGA<\/b><\/p><p><a style=\"font-style: inherit; font-weight: inherit; background-color: #ffffff; font-family: -apple-system, BlinkMacSystemFont,;\" href=\"https:\/\/www.litoralpress.cl\/sitio\/RadioTV_Detalles.cshtml?LPKey=R2ZJW4ROVAHQUZ4ONRAHKDHOV2Y75JKASVLL57RBXAKE7NBZ62KA\" target=\"_blank\" rel=\"noopener\">Entrevista a Mauricio Morales, director del Centro de An\u00e1lisis Pol\u00edtico (CAP) de la UTalca.<\/a><\/p><p>\u00a0<\/p><p><b>CANAL MEGA<br \/><\/b><\/p><p><a style=\"font-style: inherit; font-weight: inherit; background-color: #ffffff; font-family: -apple-system, BlinkMacSystemFont,;\" href=\"https:\/\/www.litoralpress.cl\/Archivos\/BTPCYN753UETGPPD7BSYAXFZLM.mp4\" target=\"_blank\" rel=\"noopener\">An\u00e1lisis de la megaelecci\u00f3n 2021 con Mauricio Morales.<\/a><\/p><p>\u00a0<\/p><p><b>CANAL MEGA PLUS<\/b><\/p><p><a style=\"font-style: inherit; font-weight: inherit; background-color: #ffffff; font-family: -apple-system, BlinkMacSystemFont,;\" href=\"https:\/\/www.litoralpress.cl\/sitio\/RadioTV_Detalles.cshtml?LPKey=BE72KEE4D7XFU2WHOMFLO5TTB4RLTMHKROTY6RUGO7V4ZZ6CCQBQ\" target=\"_blank\" rel=\"noopener\">Contacto con Mauricio Morales, director del Centro de An\u00e1lisis Pol\u00edtico (CAP) de la UTalca.<\/a><\/p><p>\u00a0<\/p><p><b>CANAL MEGA<\/b><\/p><p><a style=\"font-style: inherit; font-weight: inherit; background-color: #ffffff; font-family: -apple-system, BlinkMacSystemFont,;\" href=\"https:\/\/www.litoralpress.cl\/sitio\/RadioTV_Detalles.cshtml?LPKey=ICDKBFUAOCKRUT7OY527BKLFADLCHOSKWADT4CUIW4LEHZMPZFMQ\" target=\"_blank\" rel=\"noopener\">\u00bfQui\u00e9n fue el gran ganador de las elecciones de este domingo? Se refiere Mauricio Morales, director del Centro de An\u00e1lisis Pol\u00edtico (CAP) de la UTalca.<\/a><\/p><p>\u00a0<\/p><p><b>LAS \u00daLTIMAS NOTICIAS<\/b><\/p><p><a style=\"font-style: inherit; font-weight: inherit; background-color: #ffffff; font-family: -apple-system, BlinkMacSystemFont,;\" href=\"https:\/\/www.litoralpress.cl\/paginaconsultas\/Servicios_NClip\/Get_Imagen_Nota.aspx?LPKey=CDFULHJZJFDCKEXNMWBSWH7Y6HY472ZJASWN5RIYFWFHVCNLQGOFXXS4342Q7KYHZYFWZVLXLUV4M\" target=\"_blank\" rel=\"noopener\">No meme esperaba estos resultados. Se refiere Mauricio Morales, director del Centro de An\u00e1lisis Pol\u00edtico (CAP) de la UTalca.<\/a><\/p><p>\u00a0<\/p><p><b>EMOL.COM<\/b><\/p><p><a style=\"font-style: inherit; font-weight: inherit; background-color: #ffffff; font-family: -apple-system, BlinkMacSystemFont,;\" href=\"https:\/\/www.emol.com\/noticias\/Nacional\/2021\/11\/22\/1039027\/analisis-proximo-congreso-nuevo-presidente.html\" target=\"_blank\" rel=\"noopener\">Pr\u00f3ximo Presidente ante una C\u00e1mara fragmentada: Expertos advierten &#8220;choque&#8221; de poderes y recomiendan &#8220;flexibilidad&#8221;. Se refiere Mauricio Morales, director del Centro de An\u00e1lisis Pol\u00edtico (CAP) de la UTalca.<\/a><\/p><p>\u00a0<\/p><p><b>RADIO INFINITA<\/b><\/p><p><a style=\"font-style: inherit; font-weight: inherit; background-color: #ffffff; font-family: -apple-system, BlinkMacSystemFont,;\" href=\"https:\/\/www.litoralpress.cl\/sitio\/RadioTV_Detalles.cshtml?LPKey=ZIBGDGLUVJTUNA2KZ4EVORV4RQCB3JFCXEN72SQV26BAVQNOGH3A\" target=\"_blank\" rel=\"noopener\">Entrevista a Mauricio Morales, director del Centro de An\u00e1lisis Pol\u00edtico (CAP) de la UTalca.<\/a><\/p><p>\u00a0<\/p><p><b>RADIO UNIVERSIDAD DE SANTIAGO DE CHILE<br \/><\/b><\/p><p><a style=\"font-style: inherit; font-weight: inherit; background-color: #ffffff; font-family: -apple-system, BlinkMacSystemFont,;\" href=\"https:\/\/www.litoralpress.cl\/sitio\/RadioTV_Detalles.cshtml?LPKey=SUWBEUWT36ANVJ6RJOWDN7SD23PI6NFBQCQ27F4GGBDGKOVREIFQ\" target=\"_blank\" rel=\"noopener\">Entrevista a Mario Herrera, acad\u00e9mico del Centro de An\u00e1lisis Pol\u00edtico (CAP) de la UTalca.<\/a><\/p><p>\u00a0<\/p><p><b>RADIO INFINITA<\/b><\/p><p><a style=\"font-style: inherit; font-weight: inherit; background-color: #ffffff; font-family: -apple-system, BlinkMacSystemFont,;\" href=\"https:\/\/www.litoralpress.cl\/sitio\/RadioTV_Detalles.cshtml?LPKey=WZQ4245ZMPZVP4EBSVQV6FCINBX37SL26KRYORSO7UPF733IZUTA\" target=\"_blank\" rel=\"noopener\">Entrevista a Marta Lagos. Se menciona opini\u00f3n de Mauricio Morales, director del Centro de An\u00e1lisis Pol\u00edtico (CAP) de la UTalca.<\/a><\/p><p>\u00a0<\/p><p><b>Radio Tele13<\/b><\/p><p><a style=\"font-style: inherit; font-weight: inherit; background-color: #ffffff; font-family: -apple-system, BlinkMacSystemFont,;\" href=\"https:\/\/www.litoralpress.cl\/Archivos\/CACTXHNLXO7WHHOMDNOSYDDMTY.mp3\" target=\"_blank\" rel=\"noopener\">Candidaturas pol\u00edticas en Chile. Se menciona a Mauricio Morales, director del Centro de An\u00e1lisis Pol\u00edtico (CAP) de la UTalca.<\/a><\/p><p>\u00a0<\/p><p><b>EX\u2013ANTE.CL<\/b><\/p><p><a style=\"font-style: inherit; font-weight: inherit; background-color: #ffffff; font-family: -apple-system, BlinkMacSystemFont,;\" href=\"https:\/\/www.ex-ante.cl\/las-claves-de-una-eleccion-que-cambio-el-tablero-politico-chileno-a-dos-anos-del-estallido-social\/\" target=\"_blank\" rel=\"noopener\">Las claves de una elecci\u00f3n que cambi\u00f3 el tablero pol\u00edtico chileno a dos a\u00f1os del estallido social. Se menciona a Mauricio Morales, director del Centro de An\u00e1lisis Pol\u00edtico (CAP) de la UTalca.<\/a><\/p><p>\u00a0<\/p><p><b>DIARIOTALCA.CL<\/b><\/p><p><a style=\"font-style: inherit; font-weight: inherit; background-color: #ffffff; font-family: -apple-system, BlinkMacSystemFont,;\" href=\"https:\/\/diariotalca.cl\/analisis-los-grandes-perdedores-son-los-partidos-tradicionales\/\" target=\"_blank\" rel=\"noopener\">An\u00e1lisis: \u00abLos grandes perdedores son los partidos tradicionales\u00bb. Se refiere Mario Herrera, acad\u00e9mico del Centro de An\u00e1lisis Pol\u00edtico (CAP) de la UTalca.<\/a><\/p><p>\u00a0<\/p><p><b>RADIO PALOMA<\/b><\/p><p><a style=\"font-style: inherit; font-weight: inherit; background-color: #ffffff; font-family: -apple-system, BlinkMacSystemFont,;\" href=\"https:\/\/www.litoralpress.cl\/sitio\/RadioTV_Detalles.cshtml?LPKey=Q7HKFBHWZF7MMHW6YFDKQCJEUTPSWFWWNM7XZ26LIXCAQLXI6NBQ\" target=\"_blank\" rel=\"noopener\">Entrevista a Mario Herrera, acad\u00e9mico del Centro de An\u00e1lisis Pol\u00edtico (CAP) de la UTalca.<\/a><\/p><p>\u00a0<\/p><p><b>DIARIO TALCA<\/b><\/p><p><a style=\"font-style: inherit; font-weight: inherit; background-color: #ffffff; font-family: -apple-system, BlinkMacSystemFont,;\" href=\"https:\/\/www.litoralpress.cl\/sitio\/Prensa_PaginaCompleta.cshtml?LPKey=FI6VAQ65RAMC6Z3DOURYRJGZUJJLVOYLWZ2RQFVVFXSWRE3JIBGQ\" target=\"_blank\" rel=\"noopener\">El diario como dispositivo cultural y forjador de imaginarios. Se menciona al Centro de Documentaci\u00f3n Patrimonial de la UTalca.<\/a><\/p><p>\u00a0<\/p><p><b>DIARIO TALCA <\/b><\/p><p><a style=\"font-style: inherit; font-weight: inherit; background-color: #ffffff; font-family: -apple-system, BlinkMacSystemFont,;\" href=\"https:\/\/www.litoralpress.cl\/sitio\/Prensa_PaginaCompleta.cshtml?LPKey=QAWMSZYSCT5REZZ5L5BZMG3UDPVXZPHFTUSPWNB73PL2WGCAJQFQ\" target=\"_blank\" rel=\"noopener\">El archivo epistolar de Mariano Latorre. Se menciona al Centro de Documentaci\u00f3n Patrimonial de la UTalca.<\/a><\/p><p>\u00a0<\/p><p><b>DIARIO TALCA<\/b><\/p><p><a style=\"font-style: inherit; font-weight: inherit; background-color: #ffffff; font-family: -apple-system, BlinkMacSystemFont,;\" href=\"https:\/\/www.litoralpress.cl\/paginaconsultas\/Servicios_NClip\/Get_Imagen_Nota.aspx?LPKey=74A4ANQMY2O6MJTG2BXB2P46D2JJV3N7NGJWS23HI7SUQORCX72RJVPCLF5XZ3YBVSWGZ5EJKFGTQ\" target=\"_blank\" rel=\"noopener\">Teatro Regional del Maule realizar\u00e1 capacitaciones del \u201cM\u00e9todo Suzuki 2022\u201d. Se menciona a la UTalca.<\/a><\/p><p>\u00a0<\/p><p><b>DIARIO TALCA<\/b><\/p><p><a style=\"font-style: inherit; font-weight: inherit; background-color: #ffffff; font-family: -apple-system, BlinkMacSystemFont,;\" href=\"https:\/\/www.litoralpress.cl\/paginaconsultas\/Servicios_NClip\/Get_Imagen_Nota.aspx?LPKey=TP5DGNQOZ74OYHVTFDFEMWQA426FNZNPYGFHN43RER66L3KHFOHT6YQ733YSAKXHCAL7GELL2RG5A\" target=\"_blank\" rel=\"noopener\">Imagen \u00c1lbum fotogr\u00e1fico de Talca. Se menciona al Centro de Documentaci\u00f3n Patrimonial de la UTalca.<\/a><\/p><p>\u00a0<\/p><p><b>titulo<\/b><\/p><p><a style=\"font-style: inherit; font-weight: inherit; background-color: #ffffff; font-family: -apple-system, BlinkMacSystemFont,;\" href=\"http:\/\/link\" target=\"_blank\" rel=\"noopener\" data-wplink-url-error=\"true\">aaaaa<\/a><\/p>\t\t\t\t\t\t<\/div>\n\t\t\t\t<\/div>\n\t\t\t\t\t<\/div>\n\t\t<\/div>\n\t\t\t\t\t\t\t<\/div>\n\t\t<\/section>\n\t\t\t\t\t\t<\/div>\n\t\t\t\t\t<\/div>\n\t\t","protected":false},"excerpt":{"rendered":"<p>ADPRENSA.CL Universidad de Talca retomar\u00e1 clases presenciales en el a\u00f1o acad\u00e9mico 2022. \u00a0 DIARIO TALCA Universidad de Talca retomar\u00e1 clases presenciales en el a\u00f1o acad\u00e9mico 2022. \u00a0 ELMAULEINFORMA.CL Universidad de Talca retomar\u00e1 clases presenciales en el a\u00f1o acad\u00e9mico 2022. \u00a0 LINARESENLINEA.CL Universidad de Talca anuncia el retorno de las clases presenciales a partir del 2022. &hellip;<\/p>\n<p class=\"read-more\"> <a class=\"\" href=\"https:\/\/www.reportedeprensa.utalca.cl\/?p=2465\"> <span class=\"screen-reader-text\">23 de noviembre de 2021<\/span> Read More &raquo;<\/a><\/p>\n","protected":false},"author":1,"featured_media":0,"comment_status":"closed","ping_status":"open","sticky":false,"template":"elementor_theme","format":"standard","meta":{"_monsterinsights_skip_tracking":false,"_monsterinsights_sitenote_active":false,"_monsterinsights_sitenote_note":"","_monsterinsights_sitenote_category":0},"categories":[14],"tags":[],"_links":{"self":[{"href":"https:\/\/www.reportedeprensa.utalca.cl\/index.php?rest_route=\/wp\/v2\/posts\/2465"}],"collection":[{"href":"https:\/\/www.reportedeprensa.utalca.cl\/index.php?rest_route=\/wp\/v2\/posts"}],"about":[{"href":"https:\/\/www.reportedeprensa.utalca.cl\/index.php?rest_route=\/wp\/v2\/types\/post"}],"author":[{"embeddable":true,"href":"https:\/\/www.reportedeprensa.utalca.cl\/index.php?rest_route=\/wp\/v2\/users\/1"}],"replies":[{"embeddable":true,"href":"https:\/\/www.reportedeprensa.utalca.cl\/index.php?rest_route=%2Fwp%2Fv2%2Fcomments&post=2465"}],"version-history":[{"count":4,"href":"https:\/\/www.reportedeprensa.utalca.cl\/index.php?rest_route=\/wp\/v2\/posts\/2465\/revisions"}],"predecessor-version":[{"id":2469,"href":"https:\/\/www.reportedeprensa.utalca.cl\/index.php?rest_route=\/wp\/v2\/posts\/2465\/revisions\/2469"}],"wp:attachment":[{"href":"https:\/\/www.reportedeprensa.utalca.cl\/index.php?rest_route=%2Fwp%2Fv2%2Fmedia&parent=2465"}],"wp:term":[{"taxonomy":"category","embeddable":true,"href":"https:\/\/www.reportedeprensa.utalca.cl\/index.php?rest_route=%2Fwp%2Fv2%2Fcategories&post=2465"},{"taxonomy":"post_tag","embeddable":true,"href":"https:\/\/www.reportedeprensa.utalca.cl\/index.php?rest_route=%2Fwp%2Fv2%2Ftags&post=2465"}],"curies":[{"name":"wp","href":"https:\/\/api.w.org\/{rel}","templated":true}]}}