{"id":2476,"date":"2021-11-24T09:28:56","date_gmt":"2021-11-24T12:28:56","guid":{"rendered":"https:\/\/www.reportedeprensa.utalca.cl\/?p=2476"},"modified":"2021-11-24T09:45:22","modified_gmt":"2021-11-24T12:45:22","slug":"24-de-noviembre-de-2021","status":"publish","type":"post","link":"https:\/\/www.reportedeprensa.utalca.cl\/?p=2476","title":{"rendered":"24 de noviembre de 2021"},"content":{"rendered":"\t\t<div data-elementor-type=\"wp-post\" data-elementor-id=\"2476\" class=\"elementor elementor-2476\" data-elementor-settings=\"[]\">\n\t\t\t\t\t\t\t<div class=\"elementor-section-wrap\">\n\t\t\t\t\t\t\t<section class=\"elementor-section elementor-top-section elementor-element elementor-element-a06ca45 elementor-section-boxed elementor-section-height-default elementor-section-height-default\" data-id=\"a06ca45\" data-element_type=\"section\">\n\t\t\t\t\t\t<div class=\"elementor-container elementor-column-gap-default\">\n\t\t\t\t\t<div class=\"elementor-column elementor-col-100 elementor-top-column elementor-element elementor-element-1486c35\" data-id=\"1486c35\" data-element_type=\"column\">\n\t\t\t<div class=\"elementor-widget-wrap elementor-element-populated\">\n\t\t\t\t\t\t\t\t<div class=\"elementor-element elementor-element-42b145e elementor-widget elementor-widget-text-editor\" data-id=\"42b145e\" data-element_type=\"widget\" data-widget_type=\"text-editor.default\">\n\t\t\t\t<div class=\"elementor-widget-container\">\n\t\t\t\t\t\t\t\t<p><b>TVN RED MAULE<\/b><\/p><p><a style=\"font-style: inherit; font-weight: inherit; background-color: #ffffff; font-family: -apple-system, BlinkMacSystemFont,;\" href=\"https:\/\/www.litoralpress.cl\/Archivos\/PUI3EPTPTZOR6RYPUSX7Z6QY2M.mp4\" target=\"_blank\" rel=\"noopener\">Universidad de Talca retomar\u00e1 las clases presenciales en el a\u00f1o acad\u00e9mico 2022.<\/a><\/p><p>\u00a0<\/p><p><b>LA PRENSA<\/b><\/p><p><a style=\"font-style: inherit; font-weight: inherit; background-color: #ffffff; font-family: -apple-system, BlinkMacSystemFont,;\" href=\"https:\/\/www.litoralpress.cl\/paginaconsultas\/Servicios_NClip\/Get_Imagen_Nota.aspx?LPKey=JTQF4U63LFN2ZDBRVTAZJZZJO3P3KWQ5SB2S6YQYI5E6JG7VEDXSNUUDULGYLVRS5ZXBJ7CO6PZT6\" target=\"_blank\" rel=\"noopener\">UTalca retomar\u00e1 clases presenciales desde marzo.<\/a><\/p><p>\u00a0<\/p><p><b>EL HERALDO<\/b><\/p><p><a style=\"font-style: inherit; font-weight: inherit; background-color: #ffffff; font-family: -apple-system, BlinkMacSystemFont,;\" href=\"https:\/\/www.litoralpress.cl\/paginaconsultas\/Servicios_NClip\/Get_Imagen_Nota.aspx?LPKey=EZFE76BEHLQCEY3WL46WTH6KCMBDMT4H2GSBMVD7S76WCABPJAXVRMOG6VUCUSFIJXHZ5TH2KVZCK\" target=\"_blank\" rel=\"noopener\">Portada: Universidad de Talca retomar\u00e1 clases presenciales en el a\u00f1o acad\u00e9mico 2022.<\/a><\/p><p>\u00a0<\/p><p><b>EL HERALDO<\/b><\/p><p><a style=\"font-style: inherit; font-weight: inherit; background-color: #ffffff; font-family: -apple-system, BlinkMacSystemFont,;\" href=\"https:\/\/www.litoralpress.cl\/paginaconsultas\/Servicios_NClip\/Get_Imagen_Nota.aspx?LPKey=ZXWGSDGBQMHONPO2JQXUBMG3RSU5IROIA4LYS7GKLA2CCZOIAMOARCMJEU5WDQJMD7XWWOQV3UBFI\" target=\"_blank\" rel=\"noopener\">Universidad de Talca retomar\u00e1 clases presenciales en el a\u00f1o acad\u00e9mico 2022.<\/a><\/p><p>\u00a0<\/p><p><b>DIARIOELHERALDO.CL<\/b><\/p><p><a style=\"font-style: inherit; font-weight: inherit; background-color: #ffffff; font-family: -apple-system, BlinkMacSystemFont,;\" href=\"http:\/\/www.diarioelheraldo.cl\/noticia\/universidad-de-talca-retomara-clases-presenciales-en-el-ano-academico-2022-\" target=\"_blank\" rel=\"noopener\">Universidad de Talca retomar\u00e1 clases presenciales en el a\u00f1o acad\u00e9mico 2022.<\/a><\/p><p>\u00a0<\/p><p><b>CANAL 13<\/b><\/p><p><a style=\"font-style: inherit; font-weight: inherit; background-color: #ffffff; font-family: -apple-system, BlinkMacSystemFont,;\" href=\"https:\/\/www.litoralpress.cl\/Archivos\/J53OTRCLCDVMBGOUFLRU4JHTME.mp4\" target=\"_blank\" rel=\"noopener\">Jap\u00f3n declara la desaparici\u00f3n de la variante Delta. Se refiere Sergio Wehinger, director del Mag\u00edster en Ciencias Biom\u00e9dicas de la UTalca.<\/a><\/p><p>\u00a0<\/p><p><b>LA TERCERA<\/b><\/p><p><a style=\"font-style: inherit; font-weight: inherit; background-color: #ffffff; font-family: -apple-system, BlinkMacSystemFont,;\" href=\"https:\/\/www.litoralpress.cl\/paginaconsultas\/Servicios_NClip\/Get_Imagen_Nota.aspx?LPKey=6GS7L5FJWXD7EJBTXY3CQT6AQ3HVMM3PDV2SY2JJC4KRF2TYD5L63BGMXFZ6NNC44QMHGLJ5Y5C5C\" target=\"_blank\" rel=\"noopener\">Covid ha matado a m\u00e1s chilenos en 2021 que todo el a\u00f1o pasado. Se refiere Daniel Jim\u00e9nez, director de Salud del Estudiante de la UTalca.<\/a><\/p><p>\u00a0<\/p><p><b>LATERCERA.COM<\/b><\/p><p><a style=\"font-style: inherit; font-weight: inherit; background-color: #ffffff; font-family: -apple-system, BlinkMacSystemFont,;\" href=\"https:\/\/www.latercera.com\/que-pasa\/noticia\/covid-ha-matado-a-mas-chilenos-en-2021-que-todo-el-ano-pasado\/CWSCI5CVCBCRBJVOQRMRJUCA7I\/\" target=\"_blank\" rel=\"noopener\">Covid ha matado a m\u00e1s chilenos en 2021 que todo el a\u00f1o pasado. Se refiere Daniel Jim\u00e9nez, director de Salud del Estudiante de la UTalca.<\/a><\/p><p>\u00a0<\/p><p><b>RADIO COOPERATIVA<\/b><\/p><p><a style=\"font-style: inherit; font-weight: inherit; background-color: #ffffff; font-family: -apple-system, BlinkMacSystemFont,;\" href=\"https:\/\/www.litoralpress.cl\/Archivos\/6PFPB2CSLIDFZGIYW3K7RABIMM.mp3\" target=\"_blank\" rel=\"noopener\">Laboratorios trabajan en una vacuna mixta que proteja contra la influenza y el Covid-19. Se refiere Marcelo Alarc\u00f3n, acad\u00e9mico de la Facultad de Ciencias de la Salud de la UTalca.<\/a><\/p><p>\u00a0<\/p><p><b>RADIO AMIGA<\/b><\/p><p><a style=\"font-style: inherit; font-weight: inherit; background-color: #ffffff; font-family: -apple-system, BlinkMacSystemFont,;\" href=\"https:\/\/www.litoralpress.cl\/Archivos\/D66RAMX2LS664YTJ6J5PQZD2JI.mp3\" target=\"_blank\" rel=\"noopener\">En enero se pondr\u00e1 en marcha proyecto &#8220;Desarrollo e implementaci\u00f3n de un m\u00f3dulo de agricultura vertical&#8221;. Se refiere Gilda Carrasco, acad\u00e9mica de la Facultad de Ciencias Agrarias de la UTalca.<\/a><\/p><p>\u00a0<\/p><p><b>ELMAULEINFORMA.CL<\/b><\/p><p><a style=\"font-style: inherit; font-weight: inherit; background-color: #ffffff; font-family: -apple-system, BlinkMacSystemFont,;\" href=\"https:\/\/elmauleinforma.cl\/seminario-tecturismo-destaco-experiencias-de-destinos-inteligentes-e-inclusivos\/\" target=\"_blank\" rel=\"noopener\">Seminario TecTurismo destac\u00f3 experiencias de destinos inteligentes e inclusivos. Se refiere Javier Mu\u00f1oz, decano de la Facultad de Ingenier\u00eda y Felipe Besoa\u00edn, acad\u00e9mico de la Facultad de Ingenier\u00eda.<\/a><\/p><p>\u00a0<\/p><p><b>VIVIMOSLANOTICIA.CL<\/b><\/p><p><a style=\"font-style: inherit; font-weight: inherit; background-color: #ffffff; font-family: -apple-system, BlinkMacSystemFont,;\" href=\"https:\/\/vivimoslanoticia.cl\/noticias\/region-del-maule\/romeral\/2021\/11\/23\/municipio-de-romeral-y-universidad-de-talca-trabajan-en-proyecto-de-cuidado-de-salud-mental-para-usuarios-del-cesfam\/\" target=\"_blank\" rel=\"noopener\">Municipio de Romeral y Universidad de Talca trabajan en proyecto de cuidado de salud mental para usuarios del Cesfam. Se refiere Nadia Ramos, acad\u00e9mica de la Facultad de Psicolog\u00eda y del Centro de Estudios de Psicolog\u00eda Aplicada (CEPA) de la UTalca.<\/a><\/p><p>\u00a0<\/p><p><b>IMPACTOREGIONAL.CL<\/b><\/p><p><a style=\"font-style: inherit; font-weight: inherit; background-color: #ffffff; font-family: -apple-system, BlinkMacSystemFont,;\" href=\"http:\/\/www.impactoregional.cl\/?p=4482\" target=\"_blank\" rel=\"noopener\">Aqu\u00ed usted revive \u201cImpacto regional\u201d de este s\u00e1bado 20 de noviembre. Entrevista a Marcelo Alarc\u00f3n, acad\u00e9mico de la Facultad de Ciencias de la Salud de la UTalca. <\/a><\/p><p>\u00a0<\/p><p><b>LANOTICIA.CL<\/b><\/p><p><a style=\"font-style: inherit; font-weight: inherit; background-color: #ffffff; font-family: -apple-system, BlinkMacSystemFont,;\" href=\"https:\/\/lanoticia.cl\/otra-consecuencia-de-la-pandemia-35-de-los-adultos-mayores-redujeron-drasticamente-sus-ingresos\/\" target=\"_blank\" rel=\"noopener\">Otra consecuencia de la pandemia: 35% de los adultos mayores redujeron dr\u00e1sticamente sus ingresos.<\/a><\/p><p>\u00a0<\/p><p><b>CANAL 24 HORAS<\/b><\/p><p><a style=\"font-style: inherit; font-weight: inherit; background-color: #ffffff; font-family: -apple-system, BlinkMacSystemFont,;\" href=\"https:\/\/www.litoralpress.cl\/sitio\/RadioTV_Detalles.cshtml?LPKey=SUIAL4SACM3C4WXZQQTFQD5Z74TMPA42PELPCPJQIVVIAM4OBWCQ\" target=\"_blank\" rel=\"noopener\">En duda plebiscito dirimentes y extensi\u00f3n del trabajo de la Convenci\u00f3n Constitucional tras elecci\u00f3n. Se refiere Mauricio Morales, director del Centro de An\u00e1lisis Pol\u00edtico (CAP) de la UTalca.<\/a><\/p><p>\u00a0<\/p><p><b>EMOL.COM<\/b><\/p><p><a style=\"font-style: inherit; font-weight: inherit; background-color: #ffffff; font-family: -apple-system, BlinkMacSystemFont,;\" href=\"https:\/\/www.emol.com\/noticias\/Nacional\/2021\/11\/23\/1039143\/mapa-poder-nuevo-congreso.html\" target=\"_blank\" rel=\"noopener\">El nuevo mapa de poder del &#8220;fragmentado&#8221; Congreso: Dificultad para detectar liderazgos y mayor unidad en la derecha. Se refiere Mauricio Morales, director del Centro de An\u00e1lisis Pol\u00edtico (CAP) de la UTalca.<\/a><\/p><p>\u00a0<\/p><p><b>TVN RED MAULE<\/b><\/p><p><a style=\"font-style: inherit; font-weight: inherit; background-color: #ffffff; font-family: -apple-system, BlinkMacSystemFont,;\" href=\"https:\/\/www.litoralpress.cl\/Archivos\/RRBBG6HU7ZQEQDASQHID52ZYCQ.mp4\" target=\"_blank\" rel=\"noopener\">M\u00e1s electores llegaron a las urnas. Se refiere Mario Herrera, acad\u00e9mico del Centro de An\u00e1lisis Pol\u00edtico (CAP) de la UTalca.<\/a><\/p><p>\u00a0<\/p><p><b>ELPINGUINO.COM<\/b><\/p><p><a style=\"font-style: inherit; font-weight: inherit; background-color: #ffffff; font-family: -apple-system, BlinkMacSystemFont,;\" href=\"https:\/\/elpinguino.com\/noticia\/2021\/11\/23\/el-notorio-ascenso-de-kast-tras-las-agresiones-sufridas-en-natales-\" target=\"_blank\" rel=\"noopener\">El notorio ascenso de Kast tras las agresiones sufridas en Natales. Se menciona a Mauricio Morales, director del Centro de An\u00e1lisis Pol\u00edtico (CAP) de la UTalca.<\/a><\/p><p>\u00a0<\/p><p><b>EL LECTOR<\/b><\/p><p><a style=\"font-style: inherit; font-weight: inherit; background-color: #ffffff; font-family: -apple-system, BlinkMacSystemFont,;\" href=\"https:\/\/www.litoralpress.cl\/paginaconsultas\/Servicios_NClip\/Get_Imagen_Nota.aspx?LPKey=MYWQIF3RUOZEGK2LBWZSB7KMPZXHLU4CX7R3WQZ2A77FG2V7YLDVHLFM7YWIGOFCTHST2DCXBMQCM\" target=\"_blank\" rel=\"noopener\">Finaliza periodo de Consejo Consultivo Regional del Medio Ambiente en el Maule. Se menciona a Pablo Gonz\u00e1lez de la UTalca.<\/a><\/p><p>\u00a0<\/p><p><b>ENLINEAMAULE.CL<\/b><\/p><p><a style=\"font-style: inherit; font-weight: inherit; background-color: #ffffff; font-family: -apple-system, BlinkMacSystemFont,;\" href=\"https:\/\/enlineamaule.cl\/archivo\/46175\" target=\"_blank\" rel=\"noopener\">Con el aumento del uso de tecnolog\u00edas se busca potenciar la informaci\u00f3n tur\u00edstica en la Regi\u00f3n del Maule. Se menciona a MauleTec de la UTalca.<\/a><\/p><p>\u00a0<\/p><p><b>ELDIARIODEMAULE.CL<\/b><\/p><p><a style=\"font-style: inherit; font-weight: inherit; background-color: #ffffff; font-family: -apple-system, BlinkMacSystemFont,;\" href=\"https:\/\/eldiariodemaule.cl\/conforman-centro-de-estudios-universitarios-sobre-descentralizacion-financiera-y-fiscal\/\" target=\"_blank\" rel=\"noopener\">Conforman Centro de Estudios Universitarios sobre Descentralizaci\u00f3n Financiera y Fiscal. Se menciona a la UTalca.<\/a><\/p><p>\u00a0<\/p><p><b>PORTALEDUCACION.CL<\/b><\/p><p><a style=\"font-style: inherit; font-weight: inherit; background-color: #ffffff; font-family: -apple-system, BlinkMacSystemFont,;\" href=\"https:\/\/portaleducacion.cl\/index.php\/2021\/11\/22\/con-participacion-de-la-uoh-se-conforma-el-centro-de-estudios-universitarios-sobre-descentralizacion-financiera-y-fiscal\/\" target=\"_blank\" rel=\"noopener\">Con participaci\u00f3n de la UOH se conforma el Centro de Estudios Universitarios sobre Descentralizaci\u00f3n Financiera y Fiscal. Se menciona a la UTalca. <\/a><\/p><p>\u00a0<\/p><p><b>LA PRENSA<\/b><\/p><p><a style=\"font-style: inherit; font-weight: inherit; background-color: #ffffff; font-family: -apple-system, BlinkMacSystemFont,;\" href=\"https:\/\/www.litoralpress.cl\/paginaconsultas\/Servicios_NClip\/Get_Imagen_Nota.aspx?LPKey=QOYJ6FGQXMBPE4D5QIAZ4MIPGL56MTAVQJ7X2RW7VWENDAFISU6JLCJAFP2ZX742GAIPFRLVHEMPS\" target=\"_blank\" rel=\"noopener\">TRM ofrece capacitaciones del \u201cM\u00e9todo Suzuki 2022\u201d. Se menciona a la UTalca.<\/a><\/p><p>\u00a0<\/p><p><b>EL LECTOR<\/b><\/p><p><a style=\"font-style: inherit; font-weight: inherit; background-color: #ffffff; font-family: -apple-system, BlinkMacSystemFont,;\" href=\"https:\/\/www.litoralpress.cl\/paginaconsultas\/Servicios_NClip\/Get_Imagen_Nota.aspx?LPKey=SNOVES2U4QCZWUG67XFNC5QXFRDRKXEQAEC32FZMMZVJG6FIJWEGRTQGVJTDIAPUSREJA4TAULO3M\" target=\"_blank\" rel=\"noopener\">Teatro regional del Maule realizar\u00e1 por tercera vez Capacitaciones del m\u00e9todo Suzuki 2022. Se menciona a la UTalca.<\/a><\/p><p>\u00a0<\/p><p><b>DIARIOLAPRENSA.CL<\/b><\/p><p><a style=\"font-style: inherit; font-weight: inherit; background-color: #ffffff; font-family: -apple-system, BlinkMacSystemFont,;\" href=\"https:\/\/new.diariolaprensa.cl\/index.php\/2021\/11\/23\/trm-ofrece-capacitaciones-del-metodo-suzuki-2022\/\" target=\"_blank\" rel=\"noopener\">TRM ofrece capacitaciones del \u201cM\u00e9todo Suzuki 2022\u201d. Se menciona a la UTalca.<\/a><\/p><p>\u00a0<\/p><p><b>TXSPLUS.COM<\/b><\/p><p><a style=\"font-style: inherit; font-weight: inherit; background-color: #ffffff; font-family: -apple-system, BlinkMacSystemFont,;\" href=\"https:\/\/txsplus.com\/2021\/11\/conozca-los-pormenores-del-ix-congreso-de-educacion-continua\/\" target=\"_blank\" rel=\"noopener\">Conozca los pormenores del IX Congreso de Educaci\u00f3n Continua. Se menciona a la UTalca.<\/a><\/p>\t\t\t\t\t\t<\/div>\n\t\t\t\t<\/div>\n\t\t\t\t\t<\/div>\n\t\t<\/div>\n\t\t\t\t\t\t\t<\/div>\n\t\t<\/section>\n\t\t\t\t\t\t<\/div>\n\t\t\t\t\t<\/div>\n\t\t","protected":false},"excerpt":{"rendered":"<p>TVN RED MAULE Universidad de Talca retomar\u00e1 las clases presenciales en el a\u00f1o acad\u00e9mico 2022. \u00a0 LA PRENSA UTalca retomar\u00e1 clases presenciales desde marzo. \u00a0 EL HERALDO Portada: Universidad de Talca retomar\u00e1 clases presenciales en el a\u00f1o acad\u00e9mico 2022. \u00a0 EL HERALDO Universidad de Talca retomar\u00e1 clases presenciales en el a\u00f1o acad\u00e9mico 2022. \u00a0 DIARIOELHERALDO.CL &hellip;<\/p>\n<p class=\"read-more\"> <a class=\"\" href=\"https:\/\/www.reportedeprensa.utalca.cl\/?p=2476\"> <span class=\"screen-reader-text\">24 de noviembre de 2021<\/span> Read More &raquo;<\/a><\/p>\n","protected":false},"author":1,"featured_media":0,"comment_status":"closed","ping_status":"open","sticky":false,"template":"elementor_theme","format":"standard","meta":{"_monsterinsights_skip_tracking":false,"_monsterinsights_sitenote_active":false,"_monsterinsights_sitenote_note":"","_monsterinsights_sitenote_category":0},"categories":[14],"tags":[],"_links":{"self":[{"href":"https:\/\/www.reportedeprensa.utalca.cl\/index.php?rest_route=\/wp\/v2\/posts\/2476"}],"collection":[{"href":"https:\/\/www.reportedeprensa.utalca.cl\/index.php?rest_route=\/wp\/v2\/posts"}],"about":[{"href":"https:\/\/www.reportedeprensa.utalca.cl\/index.php?rest_route=\/wp\/v2\/types\/post"}],"author":[{"embeddable":true,"href":"https:\/\/www.reportedeprensa.utalca.cl\/index.php?rest_route=\/wp\/v2\/users\/1"}],"replies":[{"embeddable":true,"href":"https:\/\/www.reportedeprensa.utalca.cl\/index.php?rest_route=%2Fwp%2Fv2%2Fcomments&post=2476"}],"version-history":[{"count":4,"href":"https:\/\/www.reportedeprensa.utalca.cl\/index.php?rest_route=\/wp\/v2\/posts\/2476\/revisions"}],"predecessor-version":[{"id":2480,"href":"https:\/\/www.reportedeprensa.utalca.cl\/index.php?rest_route=\/wp\/v2\/posts\/2476\/revisions\/2480"}],"wp:attachment":[{"href":"https:\/\/www.reportedeprensa.utalca.cl\/index.php?rest_route=%2Fwp%2Fv2%2Fmedia&parent=2476"}],"wp:term":[{"taxonomy":"category","embeddable":true,"href":"https:\/\/www.reportedeprensa.utalca.cl\/index.php?rest_route=%2Fwp%2Fv2%2Fcategories&post=2476"},{"taxonomy":"post_tag","embeddable":true,"href":"https:\/\/www.reportedeprensa.utalca.cl\/index.php?rest_route=%2Fwp%2Fv2%2Ftags&post=2476"}],"curies":[{"name":"wp","href":"https:\/\/api.w.org\/{rel}","templated":true}]}}