{"id":2487,"date":"2021-11-25T09:40:32","date_gmt":"2021-11-25T12:40:32","guid":{"rendered":"https:\/\/www.reportedeprensa.utalca.cl\/?p=2487"},"modified":"2021-11-25T10:16:51","modified_gmt":"2021-11-25T13:16:51","slug":"25-de-noviembre-de-2021","status":"publish","type":"post","link":"https:\/\/www.reportedeprensa.utalca.cl\/?p=2487","title":{"rendered":"25 de noviembre de 2021"},"content":{"rendered":"\t\t<div data-elementor-type=\"wp-post\" data-elementor-id=\"2487\" class=\"elementor elementor-2487\" data-elementor-settings=\"[]\">\n\t\t\t\t\t\t\t<div class=\"elementor-section-wrap\">\n\t\t\t\t\t\t\t<section class=\"elementor-section elementor-top-section elementor-element elementor-element-a06ca45 elementor-section-boxed elementor-section-height-default elementor-section-height-default\" data-id=\"a06ca45\" data-element_type=\"section\">\n\t\t\t\t\t\t<div class=\"elementor-container elementor-column-gap-default\">\n\t\t\t\t\t<div class=\"elementor-column elementor-col-100 elementor-top-column elementor-element elementor-element-1486c35\" data-id=\"1486c35\" data-element_type=\"column\">\n\t\t\t<div class=\"elementor-widget-wrap elementor-element-populated\">\n\t\t\t\t\t\t\t\t<div class=\"elementor-element elementor-element-42b145e elementor-widget elementor-widget-text-editor\" data-id=\"42b145e\" data-element_type=\"widget\" data-widget_type=\"text-editor.default\">\n\t\t\t\t<div class=\"elementor-widget-container\">\n\t\t\t\t\t\t\t\t<p><b>RADIO COOPERATIVA<\/b><\/p><p><a style=\"font-style: inherit; font-weight: inherit; background-color: #ffffff; font-family: -apple-system, BlinkMacSystemFont,;\" href=\"https:\/\/www.litoralpress.cl\/sitio\/RadioTV_Detalles.cshtml?LPKey=LRLXDNH5KQJDT5L34UGE7TYLQKL4YO4SQPCS5K3VTKXNSYSJUO2Q\" target=\"_blank\" rel=\"noopener\">Autoridad sanitaria y balance del COVID-19. Se refiere Marcelo Alarc\u00f3n, acad\u00e9mico del Departamento de Bioqu\u00edmica Cl\u00ednica e Inmunohematolog\u00eda de la UTalca.<\/a><\/p><p>\u00a0<\/p><p><b>DIARIOELHERALDO.CL<\/b><\/p><p><a style=\"font-style: inherit; font-weight: inherit; background-color: #ffffff; font-family: -apple-system, BlinkMacSystemFont,;\" href=\"http:\/\/www.diarioelheraldo.cl\/noticia\/utalca-abre-puertas-orienta-a-jovenes-en-su-futuro-academico-\" target=\"_blank\" rel=\"noopener\">\u201cUTalca Abre Puertas\u201d orienta a j\u00f3venes en su futuro acad\u00e9mico.<\/a><\/p><p>\u00a0<\/p><p><b>CHILLANONLINE.CL<\/b><\/p><p><a style=\"font-style: inherit; font-weight: inherit; background-color: #ffffff; font-family: -apple-system, BlinkMacSystemFont,;\" href=\"https:\/\/www.chillanonline.cl\/V5\/futuros-diplomaticos-visitaron-la-utalca-como-parte-de-su-formacion-para-la-internacionalizacion-de-las-regiones\/\" target=\"_blank\" rel=\"noopener\">Futuros diplom\u00e1ticos visitaron la UTalca como parte de su formaci\u00f3n para la internacionalizaci\u00f3n de las regiones.<\/a><\/p><p>\u00a0<\/p><p><b>RADO AMIGA<\/b><\/p><p><a style=\"font-style: inherit; font-weight: inherit; background-color: #ffffff; font-family: -apple-system, BlinkMacSystemFont,;\" href=\"https:\/\/www.litoralpress.cl\/sitio\/RadioTV_Detalles.cshtml?LPKey=CFOLUALTIMS5IIIGWU3ECLQBK4OKTAAZBQIUBWS4NMPKPHGE42GQ\" target=\"_blank\" rel=\"noopener\">Seminario &#8220;Workshop Tecnolog\u00edas aplicadas al turismo&#8221; organizado por MauleTec.<\/a><\/p><p>\u00a0<\/p><p><b>EL LECTOR<\/b><\/p><p><a style=\"font-style: inherit; font-weight: inherit; background-color: #ffffff; font-family: -apple-system, BlinkMacSystemFont,;\" href=\"https:\/\/www.litoralpress.cl\/paginaconsultas\/Servicios_NClip\/Get_Imagen_Nota.aspx?LPKey=DKLILOHXM7SOIRUPWAZO2D4MOANJ3ZC4QL2CMSR3B2I2F7EX7YEMWBQO5XUIUXK732QYC2WODULWS\" target=\"_blank\" rel=\"noopener\">TecTurismo destac\u00f3 experiencias de destinos tur\u00edsticos inteligentes e inclusivos. Se refiere Javier Mu\u00f1oz, decano de la Facultad de Ingenier\u00eda; Felipe Besoa\u00edn, acad\u00e9mico y director de MauleTec y Viviana Estrada, docente de la Escuela de Kinesiolog\u00eda de la UTalca.<\/a><\/p><p>\u00a0<\/p><p><b>LANOTICIA.CL<\/b><\/p><p><a style=\"font-style: inherit; font-weight: inherit; background-color: #ffffff; font-family: -apple-system, BlinkMacSystemFont,;\" href=\"https:\/\/lanoticia.cl\/utalca-doctorado-en-psicologia-es-acreditado-por-tres-anos\/\" target=\"_blank\" rel=\"noopener\">UTalca: Doctorado en Psicolog\u00eda es acreditado por tres a\u00f1os.<\/a><\/p><p>\u00a0<\/p><p><b>FUTURAFM.CL<\/b><\/p><p><a style=\"font-style: inherit; font-weight: inherit; background-color: #ffffff; font-family: -apple-system, BlinkMacSystemFont,;\" href=\"https:\/\/www.futurafm.cl\/innovacion-y-tecnologia-para-la-salud-mental-proponen-aplicacion-para-el-manejo-de-sintomas-y-el-autocuidado\/\" target=\"_blank\" rel=\"noopener\">Innovaci\u00f3n y tecnolog\u00eda para la salud mental: Proponen aplicaci\u00f3n para el manejo de s\u00edntomas y el autocuidado. Se refiere Nadia Ramos, acad\u00e9mica de la Facultad de Psicolog\u00eda y Felipe Besoa\u00edn, docente de la Facultad de Ingenier\u00eda de la UTalca.<\/a><\/p><p>\u00a0<\/p><p><b>ELMAULEINFORMA.CL<\/b><\/p><p><a style=\"font-style: inherit; font-weight: inherit; background-color: #ffffff; font-family: -apple-system, BlinkMacSystemFont,;\" href=\"https:\/\/elmauleinforma.cl\/masivo-testeo-organizo-la-fundacion-sida-maule-en-la-utalca\/\" target=\"_blank\" rel=\"noopener\">Masivo testeo organiz\u00f3 la Fundaci\u00f3n Sida Maule en la UTalca.<\/a><\/p><p>\u00a0<\/p><p><b>TALCACAPITAL.CL\u00a0<\/b><\/p><p><a style=\"font-style: inherit; font-weight: inherit; background-color: #ffffff; font-family: -apple-system, BlinkMacSystemFont,;\" href=\"https:\/\/talcacapital.cl\/fundacion-sida-maule-alerta-que-mas-de-500-personas-fallecen-al-ano-en-chile-producto-de-enfermedades-asociadas-al-vih\/\" target=\"_blank\" rel=\"noopener\">Fundaci\u00f3n SIDA Maule alerta que m\u00e1s de 500 personas fallecen al a\u00f1o en Chile producto de enfermedades asociadas al VIH. Se refiere Daniel Jim\u00e9nez, director de Salud del Estudiante de la UTalca.<\/a><\/p><p>\u00a0<\/p><p><b>TVMAULE.CL<\/b><\/p><p><a style=\"font-style: inherit; font-weight: inherit; background-color: #ffffff; font-family: -apple-system, BlinkMacSystemFont,;\" href=\"https:\/\/www.tvmaule.cl\/mas-de-500-personas-fallecen-al-ano-en-chile-producto-de-enfermedades-asociadas-al-vih\/\" target=\"_blank\" rel=\"noopener\">M\u00e1s de 500 personas fallecen al a\u00f1o en Chile producto de enfermedades asociadas al VIH. Se refiere Daniel Jim\u00e9nez, director de Salud del Estudiante de la UTalca.<\/a><\/p><p><b><br \/>PARRALACTUAL.COM<\/b><\/p><p><a style=\"font-style: inherit; font-weight: inherit; background-color: #ffffff; font-family: -apple-system, BlinkMacSystemFont,;\" href=\"https:\/\/www.parralactual.com\/fundacion-sida-maule-alerta-que-mas-de-500-personas-fallecen-al-ano-en-chile-producto-de-enfermedades-asociadas-al-vih\/\" target=\"_blank\" rel=\"noopener\">Fundaci\u00f3n SIDA Maule alerta que m\u00e1s de 500 personas fallecen al a\u00f1o en Chile producto de enfermedades asociadas al VIH. Se refiere Daniel Jim\u00e9nez, director de Salud del Estudiante de la UTalca.<\/a><\/p><p>\u00a0<\/p><p><b>CANAL TVN RED MAULE<\/b><\/p><p><a style=\"font-style: inherit; font-weight: inherit; background-color: #ffffff; font-family: -apple-system, BlinkMacSystemFont,;\" href=\"https:\/\/www.litoralpress.cl\/sitio\/RadioTV_Detalles.cshtml?LPKey=M7GGV6IHHQHQQJBFECAHDWMIF6K3ZKCELLHK7EPNDDBYGHTPTOWA\" target=\"_blank\" rel=\"noopener\">Centros de educaci\u00f3n superior se mantienen bajo el promedio de clases presenciales del pa\u00eds. Se refiere Paula Manr\u00edquez, vicerrectora de Pregrado de la UTalca.<\/a><\/p><p>\u00a0<\/p><p><b>LA PRENSA<\/b><\/p><p><a style=\"font-style: inherit; font-weight: inherit; background-color: #ffffff; font-family: -apple-system, BlinkMacSystemFont,;\" href=\"https:\/\/www.litoralpress.cl\/paginaconsultas\/Servicios_NClip\/Get_Imagen_Nota.aspx?LPKey=YM6HPOFW4ICPNW47V2UW47UAGYIGOXBXJRTZRAJMW3V4HOG2ZSVMJOPSEQARG62HNMJAAQANP4RRE\" target=\"_blank\" rel=\"noopener\">Abordan retorno a clases presenciales con planteles superiores del Maule. Se menciona a la UTalca.<\/a><\/p><p>\u00a0<\/p><p><b>CANAL TVN<\/b><\/p><p><a style=\"font-style: inherit; font-weight: inherit; background-color: #ffffff; font-family: -apple-system, BlinkMacSystemFont,;\" href=\"https:\/\/www.litoralpress.cl\/sitio\/RadioTV_Detalles.cshtml?LPKey=BMEAMAYRMQ22F67KDOG2IG67TSQNLT43N3GOQEP3AKPDWKJVHGUA\" target=\"_blank\" rel=\"noopener\">El fen\u00f3meno Franco Parisi. Se refiere Mauricio Morales, director del Centro de An\u00e1lisis Pol\u00edtico (CAP) de la UTalca.<\/a><\/p><p>\u00a0<\/p><p><b>LA SEGUNDA<\/b><\/p><p><a style=\"font-style: inherit; font-weight: inherit; background-color: #ffffff; font-family: -apple-system, BlinkMacSystemFont,;\" href=\"https:\/\/www.litoralpress.cl\/paginaconsultas\/Servicios_NClip\/Get_Imagen_Nota.aspx?LPKey=XHFHDO2TR23UL3SNTRFLTV7LWUT3E3X4QQ7WC3OCYA2TSKF2HHN63NYAXH533P7Q6F2D3NMCHWBP4\" target=\"_blank\" rel=\"noopener\">Arde Twitter: rechazo transversal a dichos de diputado republicano. Se refiere Mauricio Morales, director del Centro de An\u00e1lisis Pol\u00edtico (CAP) de la UTalca.<\/a><\/p><p>\u00a0<\/p><p><b>CANAL 24 HORAS<\/b><\/p><p><a style=\"font-style: inherit; font-weight: inherit; background-color: #ffffff; font-family: -apple-system, BlinkMacSystemFont,;\" href=\"https:\/\/www.litoralpress.cl\/sitio\/RadioTV_Detalles.cshtml?LPKey=GSF7HODMRR7E6BXCNUYNLU6LWJPEAKZUUYH7SBINOUNSM2MSJBUQ\" target=\"_blank\" rel=\"noopener\">Partido Humanista de Pamela Jiles dejar\u00e1 de existir entre otros tras elecciones. Se refiere Mauricio Morales, director del Centro de An\u00e1lisis Pol\u00edtico (CAP) de la UTalca.<\/a><\/p><p>\u00a0<\/p><p><b>EMOL.COM<\/b><\/p><p><a style=\"font-style: inherit; font-weight: inherit; background-color: #ffffff; font-family: -apple-system, BlinkMacSystemFont,;\" href=\"https:\/\/www.emol.com\/noticias\/Nacional\/2021\/11\/24\/1039343\/debate-apoyo-concertacion-boric.html\" target=\"_blank\" rel=\"noopener\">Respaldo de partidos de la ex Concertaci\u00f3n a Boric: El debate tras el apoyo &#8220;sin condiciones&#8221; a uno de sus principales cr\u00edticos. Se refiere Mauricio Morales, director del Centro de An\u00e1lisis Pol\u00edtico (CAP) de la UTalca.<\/a><\/p><p>\u00a0<\/p><p><b>ELLIBERO.CL<\/b><\/p><p><a style=\"font-style: inherit; font-weight: inherit; background-color: #ffffff; font-family: -apple-system, BlinkMacSystemFont,;\" href=\"https:\/\/ellibero.cl\/actualidad\/el-problema-de-boric-kast-se-pudo-quitar-el-pin-del-partido-republicano-pero-el-sigue-con-la-mochila-del-pc\/\" target=\"_blank\" rel=\"noopener\">El problema de Boric: Kast se pudo quitar el pin del Partido Republicano, pero \u00e9l sigue con la \u201cmochila\u201d del PC. Se refiere Mauricio Morales, director del Centro de An\u00e1lisis Pol\u00edtico (CAP) de la UTalca.<\/a><\/p><p>\u00a0<\/p><p><b>LA PRENSA<\/b><\/p><p><a style=\"font-style: inherit; font-weight: inherit; background-color: #ffffff; font-family: -apple-system, BlinkMacSystemFont,;\" href=\"https:\/\/www.litoralpress.cl\/paginaconsultas\/Servicios_NClip\/Get_Imagen_Nota.aspx?LPKey=V6WAGVHGHLDNS6DPAL6BDVAQW6B3L7OSAA4EAZAMPHIV57UDF2GW4PP32RBMEQPPBDZ4U3KGRULZC\" target=\"_blank\" rel=\"noopener\">Con positivo balance termina su mandato el Consejo Regional del Medio Ambiente. Se menciona a Pablo Gonz\u00e1lez de la UTalca.<\/a><\/p><p>\u00a0<\/p><p><b>EL HERALDO<\/b><\/p><p><a style=\"font-style: inherit; font-weight: inherit; background-color: #ffffff; font-family: -apple-system, BlinkMacSystemFont,;\" href=\"https:\/\/www.litoralpress.cl\/paginaconsultas\/Servicios_NClip\/Get_Imagen_Nota.aspx?LPKey=OLLFEX3DGVFV32Z4ZFJJZ5W2FUMXFUQOQOV54J77EJXZF7Z3XTT53NR5ZPG6OLZ6VRO3GEASZGRTO\" target=\"_blank\" rel=\"noopener\">Finaliza periodo de Consejo Consultivo Regional del Medio Ambiente en el Maule. Se menciona a Pablo Gonz\u00e1lez de la UTalca.<\/a><\/p>\t\t\t\t\t\t<\/div>\n\t\t\t\t<\/div>\n\t\t\t\t\t<\/div>\n\t\t<\/div>\n\t\t\t\t\t\t\t<\/div>\n\t\t<\/section>\n\t\t\t\t\t\t<\/div>\n\t\t\t\t\t<\/div>\n\t\t","protected":false},"excerpt":{"rendered":"<p>RADIO COOPERATIVA Autoridad sanitaria y balance del COVID-19. Se refiere Marcelo Alarc\u00f3n, acad\u00e9mico del Departamento de Bioqu\u00edmica Cl\u00ednica e Inmunohematolog\u00eda de la UTalca. \u00a0 DIARIOELHERALDO.CL \u201cUTalca Abre Puertas\u201d orienta a j\u00f3venes en su futuro acad\u00e9mico. \u00a0 CHILLANONLINE.CL Futuros diplom\u00e1ticos visitaron la UTalca como parte de su formaci\u00f3n para la internacionalizaci\u00f3n de las regiones. \u00a0 RADO &hellip;<\/p>\n<p class=\"read-more\"> <a class=\"\" href=\"https:\/\/www.reportedeprensa.utalca.cl\/?p=2487\"> <span class=\"screen-reader-text\">25 de noviembre de 2021<\/span> Read More &raquo;<\/a><\/p>\n","protected":false},"author":1,"featured_media":0,"comment_status":"closed","ping_status":"open","sticky":false,"template":"elementor_theme","format":"standard","meta":{"_monsterinsights_skip_tracking":false,"_monsterinsights_sitenote_active":false,"_monsterinsights_sitenote_note":"","_monsterinsights_sitenote_category":0},"categories":[14],"tags":[],"_links":{"self":[{"href":"https:\/\/www.reportedeprensa.utalca.cl\/index.php?rest_route=\/wp\/v2\/posts\/2487"}],"collection":[{"href":"https:\/\/www.reportedeprensa.utalca.cl\/index.php?rest_route=\/wp\/v2\/posts"}],"about":[{"href":"https:\/\/www.reportedeprensa.utalca.cl\/index.php?rest_route=\/wp\/v2\/types\/post"}],"author":[{"embeddable":true,"href":"https:\/\/www.reportedeprensa.utalca.cl\/index.php?rest_route=\/wp\/v2\/users\/1"}],"replies":[{"embeddable":true,"href":"https:\/\/www.reportedeprensa.utalca.cl\/index.php?rest_route=%2Fwp%2Fv2%2Fcomments&post=2487"}],"version-history":[{"count":7,"href":"https:\/\/www.reportedeprensa.utalca.cl\/index.php?rest_route=\/wp\/v2\/posts\/2487\/revisions"}],"predecessor-version":[{"id":2501,"href":"https:\/\/www.reportedeprensa.utalca.cl\/index.php?rest_route=\/wp\/v2\/posts\/2487\/revisions\/2501"}],"wp:attachment":[{"href":"https:\/\/www.reportedeprensa.utalca.cl\/index.php?rest_route=%2Fwp%2Fv2%2Fmedia&parent=2487"}],"wp:term":[{"taxonomy":"category","embeddable":true,"href":"https:\/\/www.reportedeprensa.utalca.cl\/index.php?rest_route=%2Fwp%2Fv2%2Fcategories&post=2487"},{"taxonomy":"post_tag","embeddable":true,"href":"https:\/\/www.reportedeprensa.utalca.cl\/index.php?rest_route=%2Fwp%2Fv2%2Ftags&post=2487"}],"curies":[{"name":"wp","href":"https:\/\/api.w.org\/{rel}","templated":true}]}}