{"id":2510,"date":"2021-11-26T09:29:53","date_gmt":"2021-11-26T12:29:53","guid":{"rendered":"https:\/\/www.reportedeprensa.utalca.cl\/?p=2510"},"modified":"2021-11-26T09:40:17","modified_gmt":"2021-11-26T12:40:17","slug":"26-de-noviembre-de-2021","status":"publish","type":"post","link":"https:\/\/www.reportedeprensa.utalca.cl\/?p=2510","title":{"rendered":"26 de noviembre de 2021"},"content":{"rendered":"\t\t<div data-elementor-type=\"wp-post\" data-elementor-id=\"2510\" class=\"elementor elementor-2510\" data-elementor-settings=\"[]\">\n\t\t\t\t\t\t\t<div class=\"elementor-section-wrap\">\n\t\t\t\t\t\t\t<section class=\"elementor-section elementor-top-section elementor-element elementor-element-a06ca45 elementor-section-boxed elementor-section-height-default elementor-section-height-default\" data-id=\"a06ca45\" data-element_type=\"section\">\n\t\t\t\t\t\t<div class=\"elementor-container elementor-column-gap-default\">\n\t\t\t\t\t<div class=\"elementor-column elementor-col-100 elementor-top-column elementor-element elementor-element-1486c35\" data-id=\"1486c35\" data-element_type=\"column\">\n\t\t\t<div class=\"elementor-widget-wrap elementor-element-populated\">\n\t\t\t\t\t\t\t\t<div class=\"elementor-element elementor-element-42b145e elementor-widget elementor-widget-text-editor\" data-id=\"42b145e\" data-element_type=\"widget\" data-widget_type=\"text-editor.default\">\n\t\t\t\t<div class=\"elementor-widget-container\">\n\t\t\t\t\t\t\t\t<p><b>EL HERALDO<\/b><\/p><p><a style=\"font-style: inherit; font-weight: inherit; background-color: #ffffff; font-family: -apple-system, BlinkMacSystemFont,;\" href=\"https:\/\/www.litoralpress.cl\/paginaconsultas\/Servicios_NClip\/Get_Imagen_Nota.aspx?LPKey=UHJACKOMJEZIFWE3BPHQ6VQYC6EOFBCBJDYZLR5ZFN6OXKFAUVARENOM6F25K7SCZTNIUQ7MAUG34\" target=\"_blank\" rel=\"noopener\">\u201cUTalca Abre Puertas\u201d orienta a j\u00f3venes en su futuro acad\u00e9mico.<\/a><\/p><p>\u00a0<\/p><p><b>CANAL TVN RED MAULE<\/b><\/p><p><a style=\"font-style: inherit; font-weight: inherit; background-color: #ffffff; font-family: -apple-system, BlinkMacSystemFont,;\" href=\"https:\/\/www.litoralpress.cl\/sitio\/RadioTV_Detalles.cshtml?LPKey=7DQXK3VO7LGONGYTWYBRROETU6KVJE3GIO4TR2D6BINNCQNFAOIA\" target=\"_blank\" rel=\"noopener\">Un testeo masivo llevaron a cabo la Fundaci\u00f3n SIDA Maule y la Seremi de Salud en la Universidad de Talca.<\/a><\/p><p>\u00a0<\/p><p><b>CANAL CONTIVISI\u00d3N<\/b><\/p><p><a style=\"font-style: inherit; font-weight: inherit; background-color: #ffffff; font-family: -apple-system, BlinkMacSystemFont,;\" href=\"https:\/\/www.litoralpress.cl\/sitio\/RadioTV_Detalles.cshtml?LPKey=7ZSI6TNWII6XRPYW67BLRODVSKRYR53BWIYH6UFHJRPUYWVHRDOQ\" target=\"_blank\" rel=\"noopener\">Campa\u00f1a regional en la U. de Talca de aplicaci\u00f3n de tests para detectar VIH.<\/a><\/p><p>\u00a0<\/p><p><b>LA PRENSA<\/b><\/p><p><a style=\"font-style: inherit; font-weight: inherit; background-color: #ffffff; font-family: -apple-system, BlinkMacSystemFont,;\" href=\"https:\/\/www.litoralpress.cl\/paginaconsultas\/Servicios_NClip\/Get_Imagen_Nota.aspx?LPKey=GWA6RWC4B66CYPGDKBYPUUCVTGEX6HSYK2PP4MVQ6I2O5DQILVBRG3DBPGNWPU3SZZJXC6KYSU47K\" target=\"_blank\" rel=\"noopener\">Universidad de Talca y fundaci\u00f3n Sida Maule realizan campa\u00f1a de prevenci\u00f3n y testeos de VIH.<\/a><\/p><p>\u00a0<\/p><p><b>ATENTOS.CL<\/b><\/p><p><a style=\"font-style: inherit; font-weight: inherit; background-color: #ffffff; font-family: -apple-system, BlinkMacSystemFont,;\" href=\"https:\/\/www.atentos.cl\/el-sida-sigue-siendo-una-pandemia-realizan-campana-de-prevencion-y-testeo-de-vih\/\" target=\"_blank\" rel=\"noopener\">El Sida sigue siendo una pandemia: Realizan campa\u00f1a de prevenci\u00f3n y testeo de VIH. Se refiere Daniel Jim\u00e9nez, director de Salud del Estudiante de la UTalca.<\/a><\/p><p>\u00a0<\/p><p><b>LA PRENSA<\/b><\/p><p><a style=\"font-style: inherit; font-weight: inherit; background-color: #ffffff; font-family: -apple-system, BlinkMacSystemFont,;\" href=\"https:\/\/www.litoralpress.cl\/paginaconsultas\/Servicios_NClip\/Get_Imagen_Nota.aspx?LPKey=FQTBNAEHVXFURF3WCGJ7BMLQRL4VOJIPJFGGGLJAVE5FBYHGL2ZCFBL3RBEDHW3A4JDOBHKFUN6YY\" target=\"_blank\" rel=\"noopener\">Universidad de Talca: Doctorado recibe acreditaci\u00f3n por tres a\u00f1os.<\/a><\/p><p>\u00a0<\/p><p><b>AURORADELMAULE.CL<\/b><\/p><p><a style=\"font-style: inherit; font-weight: inherit; background-color: #ffffff; font-family: -apple-system, BlinkMacSystemFont,;\" href=\"https:\/\/auroradelmaule.cl\/2021\/11\/25\/doctorado-en-psicologia-es-acreditado-por-tres-anos\/\" target=\"_blank\" rel=\"noopener\">Doctorado en psicolog\u00eda de la UTALCA es acreditado por tres a\u00f1os.<\/a><\/p><p>\u00a0<\/p><p><b>RADIO CONDELL<\/b><\/p><p><a style=\"font-style: inherit; font-weight: inherit; background-color: #ffffff; font-family: -apple-system, BlinkMacSystemFont,;\" href=\"https:\/\/www.litoralpress.cl\/sitio\/RadioTV_Detalles.cshtml?LPKey=BDPGTJW6D5EWBOM3Y7G3BIFJFDWVIY6XFB6TQMHPNHWNBF2YHTTQ\" target=\"_blank\" rel=\"noopener\">Entrevista a Javier Mu\u00f1oz, decano de la Facultad de Ingenier\u00eda de la UTalca.<\/a><\/p><p>\u00a0<\/p><p><b>DIARIOTALCA.CL<\/b><\/p><p><a style=\"font-style: inherit; font-weight: inherit; background-color: #ffffff; font-family: -apple-system, BlinkMacSystemFont,;\" href=\"https:\/\/diariotalca.cl\/experto-utalca-detalla-tres-claves-para-decidir-la-compra-de-viviendas\/\" target=\"_blank\" rel=\"noopener\">Experto UTalca detalla tres claves para decidir la compra de viviendas.<\/a><\/p><p>\u00a0<\/p><p><b>TVMAULE.CL<\/b><\/p><p><a style=\"font-style: inherit; font-weight: inherit; background-color: #ffffff; font-family: -apple-system, BlinkMacSystemFont,;\" href=\"https:\/\/www.tvmaule.cl\/experto-entrega-recomendaciones-para-la-compra-de-viviendas\/\" target=\"_blank\" rel=\"noopener\">Experto entrega recomendaciones para la compra de viviendas. Se refiere Alejandro Rodr\u00edguez, acad\u00e9mico de la UTalca.<\/a><\/p><p>\u00a0<\/p><p><b>TALCACAPITAL.CL<\/b><\/p><p><a style=\"font-style: inherit; font-weight: inherit; background-color: #ffffff; font-family: -apple-system, BlinkMacSystemFont,;\" href=\"https:\/\/talcacapital.cl\/entregan-recomendaciones-para-la-compra-de-viviendas-en-momentos-de-incertidumbre-economica\/\" target=\"_blank\" rel=\"noopener\">Entregan recomendaciones para la compra de viviendas en momentos de incertidumbre econ\u00f3mica. Se refiere Alejandro Rodr\u00edguez, acad\u00e9mico de la UTalca.<\/a><\/p><p>\u00a0<\/p><p><b>ALERTALEY.CL<\/b><\/p><p><a style=\"font-style: inherit; font-weight: inherit; background-color: #ffffff; font-family: -apple-system, BlinkMacSystemFont,;\" href=\"https:\/\/alertaley.cl\/audiencias-en-terreno-y-un-grupo-aparte-convencion-al-dia-miercoles-24-de-noviembre\/\" target=\"_blank\" rel=\"noopener\">\u201cAudiencias en terreno y un grupo aparte\u201d \u2013 Convenci\u00f3n al d\u00eda \u2013 mi\u00e9rcoles 24 de noviembre. Se menciona a Gonzalo Aguilar, acad\u00e9mico de la Facultad de Ciencias Jur\u00eddicas y Sociales de la UTalca.<\/a><\/p><p>\u00a0<\/p><p><b>LA TERCERA<\/b><\/p><p><a style=\"font-style: inherit; font-weight: inherit; background-color: #ffffff; font-family: -apple-system, BlinkMacSystemFont,;\" href=\"https:\/\/www.litoralpress.cl\/sitio\/Prensa_PaginaCompleta.cshtml?LPKey=IFWOUUIC5ANZ5TFTKS5S5OSD3ZYXLBRX6M642U53P5MHBQCV66RA\" target=\"_blank\" rel=\"noopener\">Descifrando el voto chileno en el exterior: c\u00f3mo se distribuyeron las preferencias para la primera vuelta. Se refiere Mario Herrera, acad\u00e9mico del Centro de An\u00e1lisis Pol\u00edtico (CAP) de la UTalca.<\/a><\/p><p>\u00a0<\/p><p><b>LATERCERA.COM<\/b><\/p><p><a style=\"font-style: inherit; font-weight: inherit; background-color: #ffffff; font-family: -apple-system, BlinkMacSystemFont,;\" href=\"https:\/\/www.latercera.com\/la-tercera-pm\/noticia\/descifrando-el-voto-chileno-en-el-exterior-asi-se-distribuyeron-las-preferencias-para-la-primera-vuelta\/KLSSK6BDPJCCPJPMHR7XJMCYMA\/\" target=\"_blank\" rel=\"noopener\">Descifrando el voto chileno en el exterior: c\u00f3mo se distribuyeron las preferencias para la primera vuelta. Se refiere Mario Herrera, acad\u00e9mico del Centro de An\u00e1lisis Pol\u00edtico (CAP) de la UTalca.<\/a><\/p><p>\u00a0<\/p><p><b>DF.CL<\/b><\/p><p><a style=\"font-style: inherit; font-weight: inherit; background-color: #ffffff; font-family: -apple-system, BlinkMacSystemFont,;\" href=\"https:\/\/www.litoralpress.cl\/sitio\/RadioTV_Detalles.cshtml?LPKey=CVB7NIEGUAUEHHHHED5UAZXEBE2OIFXS5B6J52R5KM3FIS3NFBGQ\" target=\"_blank\" rel=\"noopener\">Cuarto retiro y comisi\u00f3n mixta: los principales puntos en la discusi\u00f3n. Se refiere Mauricio Morales, director de Centro de An\u00e1lisis Pol\u00edtico (CAP) de la UTalca.<\/a><\/p><p>\u00a0<\/p><p><b>24HORAS.CL<\/b><\/p><p><a style=\"font-style: inherit; font-weight: inherit; background-color: #ffffff; font-family: -apple-system, BlinkMacSystemFont,;\" href=\"https:\/\/www.24horas.cl\/politica\/partido-humanista-de-pamela-jiles-dejara-de-existir-no-alcanzo-votacion-minima-en-ultimas-elecciones-5075790\" target=\"_blank\" rel=\"noopener\">Partido Humanista de Pamela Jiles dejar\u00e1 de existir: No alcanz\u00f3 votaci\u00f3n m\u00ednima en \u00faltimas elecciones. Se refiere Mauricio Morales, director de Centro de An\u00e1lisis Pol\u00edtico (CAP) de la UTalca.<\/a><\/p><p>\u00a0<\/p><p><b>CANAL TVN RED MAULE<\/b><\/p><p><a style=\"font-style: inherit; font-weight: inherit; background-color: #ffffff; font-family: -apple-system, BlinkMacSystemFont,;\" href=\"https:\/\/www.litoralpress.cl\/sitio\/RadioTV_Detalles.cshtml?LPKey=QIWASKTKXK6VLGRSHWPA5ABKUIMHXD42ZGWVLXI5Q72VRXBCCUMA\" target=\"_blank\" rel=\"noopener\">El cap\u00edtulo 9 del &#8220;Viaje al Origen del Presente&#8221; se llevar\u00e1 a cabo este jueves. Se menciona a la UTalca.<\/a><\/p><p>\u00a0<\/p><p><b>DIARIOELHERALDO.CL<\/b><\/p><p><a style=\"font-style: inherit; font-weight: inherit; background-color: #ffffff; font-family: -apple-system, BlinkMacSystemFont,;\" href=\"http:\/\/www.diarioelheraldo.cl\/noticia\/fia-e-inia-realiza-un-completo-estudio-para-la-identificacion-prevencion-y-control-de-la-enfermedad-de-sharka\" target=\"_blank\" rel=\"noopener\">FIA e INIA realiza un completo estudio para la identificaci\u00f3n, prevenci\u00f3n y control de la enfermedad de Sharka. Se menciona a la UTalca.<\/a><\/p><p>\u00a0<\/p><p><b>LA PRENSA<\/b><\/p><p><a style=\"font-style: inherit; font-weight: inherit; background-color: #ffffff; font-family: -apple-system, BlinkMacSystemFont,;\" href=\"https:\/\/www.litoralpress.cl\/paginaconsultas\/Servicios_NClip\/Get_Imagen_Nota.aspx?LPKey=HWLELOTNX54AW5ILQDZUPQGDMAGJ5NXPOCA4H3SWFNEYXBMAKYVGRB7XOK45NTKQE3BRMP6UVNEXG\" target=\"_blank\" rel=\"noopener\">Omdel Curic\u00f3 realiza talleres para emprendedores. Se menciona a la UTalca.<\/a><\/p><p>\u00a0<\/p><p><b>MUSICAYNOTICIAS.CL<\/b><\/p><p><a style=\"font-style: inherit; font-weight: inherit; background-color: #ffffff; font-family: -apple-system, BlinkMacSystemFont,;\" href=\"https:\/\/www.musicaynoticias.cl\/curico\/omdel-curico-realiza-talleres-para-emprendedores\" target=\"_blank\" rel=\"noopener\">OMDEL Curic\u00f3 realiza talleres para emprendedores. Se menciona a la UTalca.<\/a><\/p>\t\t\t\t\t\t<\/div>\n\t\t\t\t<\/div>\n\t\t\t\t\t<\/div>\n\t\t<\/div>\n\t\t\t\t\t\t\t<\/div>\n\t\t<\/section>\n\t\t\t\t\t\t<\/div>\n\t\t\t\t\t<\/div>\n\t\t","protected":false},"excerpt":{"rendered":"<p>EL HERALDO \u201cUTalca Abre Puertas\u201d orienta a j\u00f3venes en su futuro acad\u00e9mico. \u00a0 CANAL TVN RED MAULE Un testeo masivo llevaron a cabo la Fundaci\u00f3n SIDA Maule y la Seremi de Salud en la Universidad de Talca. \u00a0 CANAL CONTIVISI\u00d3N Campa\u00f1a regional en la U. de Talca de aplicaci\u00f3n de tests para detectar VIH. \u00a0 &hellip;<\/p>\n<p class=\"read-more\"> <a class=\"\" href=\"https:\/\/www.reportedeprensa.utalca.cl\/?p=2510\"> <span class=\"screen-reader-text\">26 de noviembre de 2021<\/span> Read More &raquo;<\/a><\/p>\n","protected":false},"author":1,"featured_media":0,"comment_status":"closed","ping_status":"open","sticky":false,"template":"elementor_theme","format":"standard","meta":{"_monsterinsights_skip_tracking":false,"_monsterinsights_sitenote_active":false,"_monsterinsights_sitenote_note":"","_monsterinsights_sitenote_category":0},"categories":[14],"tags":[],"_links":{"self":[{"href":"https:\/\/www.reportedeprensa.utalca.cl\/index.php?rest_route=\/wp\/v2\/posts\/2510"}],"collection":[{"href":"https:\/\/www.reportedeprensa.utalca.cl\/index.php?rest_route=\/wp\/v2\/posts"}],"about":[{"href":"https:\/\/www.reportedeprensa.utalca.cl\/index.php?rest_route=\/wp\/v2\/types\/post"}],"author":[{"embeddable":true,"href":"https:\/\/www.reportedeprensa.utalca.cl\/index.php?rest_route=\/wp\/v2\/users\/1"}],"replies":[{"embeddable":true,"href":"https:\/\/www.reportedeprensa.utalca.cl\/index.php?rest_route=%2Fwp%2Fv2%2Fcomments&post=2510"}],"version-history":[{"count":4,"href":"https:\/\/www.reportedeprensa.utalca.cl\/index.php?rest_route=\/wp\/v2\/posts\/2510\/revisions"}],"predecessor-version":[{"id":2514,"href":"https:\/\/www.reportedeprensa.utalca.cl\/index.php?rest_route=\/wp\/v2\/posts\/2510\/revisions\/2514"}],"wp:attachment":[{"href":"https:\/\/www.reportedeprensa.utalca.cl\/index.php?rest_route=%2Fwp%2Fv2%2Fmedia&parent=2510"}],"wp:term":[{"taxonomy":"category","embeddable":true,"href":"https:\/\/www.reportedeprensa.utalca.cl\/index.php?rest_route=%2Fwp%2Fv2%2Fcategories&post=2510"},{"taxonomy":"post_tag","embeddable":true,"href":"https:\/\/www.reportedeprensa.utalca.cl\/index.php?rest_route=%2Fwp%2Fv2%2Ftags&post=2510"}],"curies":[{"name":"wp","href":"https:\/\/api.w.org\/{rel}","templated":true}]}}