{"id":2522,"date":"2021-11-29T09:27:55","date_gmt":"2021-11-29T12:27:55","guid":{"rendered":"https:\/\/www.reportedeprensa.utalca.cl\/?p=2522"},"modified":"2021-11-29T09:44:35","modified_gmt":"2021-11-29T12:44:35","slug":"29-de-noviembre-de-2021","status":"publish","type":"post","link":"https:\/\/www.reportedeprensa.utalca.cl\/?p=2522","title":{"rendered":"29 de noviembre de 2021"},"content":{"rendered":"\t\t<div data-elementor-type=\"wp-post\" data-elementor-id=\"2522\" class=\"elementor elementor-2522\" data-elementor-settings=\"[]\">\n\t\t\t\t\t\t\t<div class=\"elementor-section-wrap\">\n\t\t\t\t\t\t\t<section class=\"elementor-section elementor-top-section elementor-element elementor-element-a06ca45 elementor-section-boxed elementor-section-height-default elementor-section-height-default\" data-id=\"a06ca45\" data-element_type=\"section\">\n\t\t\t\t\t\t<div class=\"elementor-container elementor-column-gap-default\">\n\t\t\t\t\t<div class=\"elementor-column elementor-col-100 elementor-top-column elementor-element elementor-element-1486c35\" data-id=\"1486c35\" data-element_type=\"column\">\n\t\t\t<div class=\"elementor-widget-wrap elementor-element-populated\">\n\t\t\t\t\t\t\t\t<div class=\"elementor-element elementor-element-42b145e elementor-widget elementor-widget-text-editor\" data-id=\"42b145e\" data-element_type=\"widget\" data-widget_type=\"text-editor.default\">\n\t\t\t\t<div class=\"elementor-widget-container\">\n\t\t\t\t\t\t\t\t<p><b>DIARIOTALCA.CL<\/b><\/p><p><a style=\"font-style: inherit; font-weight: inherit; background-color: #ffffff; font-family: -apple-system, BlinkMacSystemFont,;\" href=\"https:\/\/diariotalca.cl\/universidad-de-talca-retomo-movilidad-internacional\/\" target=\"_blank\" rel=\"noopener\">Universidad de Talca retom\u00f3 movilidad Internacional.<\/a><\/p><p>\u00a0<\/p><p><b>CANAL MEGA<\/b><\/p><p><a style=\"font-style: inherit; font-weight: inherit; background-color: #ffffff; font-family: -apple-system, BlinkMacSystemFont,;\" href=\"https:\/\/www.litoralpress.cl\/sitio\/RadioTV_Detalles.cshtml?LPKey=6FTWKFYUMKK74A54IC67ZFOYZL6RTBDUV5VZHJJGV4UHJBGJUHIA\" target=\"_blank\" rel=\"noopener\">El avance del calentamiento global. Se refiere Patricio Gonz\u00e1lez, agroclimat\u00f3logo de la UTalca.<\/a><\/p><p>\u00a0<\/p><p><b>RADIO COOPERATIVA<\/b><\/p><p><a style=\"font-style: inherit; font-weight: inherit; background-color: #ffffff; font-family: -apple-system, BlinkMacSystemFont,;\" href=\"https:\/\/www.litoralpress.cl\/sitio\/RadioTV_Detalles.cshtml?LPKey=7HWZM6KTJSSQLV2PX5U5TQJWM2MFQOPM7AIC3VAUETJ4BEXR227A\" target=\"_blank\" rel=\"noopener\">Covid-19: Crece la preocupaci\u00f3n por nueva variante \u00d3micron. Se refiere Sergio Wehinger, director del mag\u00edster de Ciencias Biom\u00e9dicas de la Universidad de Talca.<\/a><\/p><p>\u00a0<\/p><p><b>RADIO COOPERATIVA<\/b><\/p><p><a style=\"font-style: inherit; font-weight: inherit; background-color: #ffffff; font-family: -apple-system, BlinkMacSystemFont,;\" href=\"https:\/\/www.litoralpress.cl\/sitio\/RadioTV_Detalles.cshtml?LPKey=APMOLNIO4BLPH4H4I74UUQUOLIBBJJFVPYA2XQYGU7NODOPGVHKQ\" target=\"_blank\" rel=\"noopener\">Consejo asesor de Covid-19 llama al gobierno a atrasar la apertura de fronteras. Se refiere Marcelo Alarc\u00f3n, acad\u00e9mico del Departamento de Bioqu\u00edmica Cl\u00ednica e Inmunohematolog\u00eda de la UTalca.<\/a><\/p><p>\u00a0<\/p><p><b>RADIO COOPERATIVA<\/b><\/p><p><a style=\"font-style: inherit; font-weight: inherit; background-color: #ffffff; font-family: -apple-system, BlinkMacSystemFont,;\" href=\"https:\/\/www.litoralpress.cl\/sitio\/RadioTV_Detalles.cshtml?LPKey=3YXEQCQD3II3NFV3HDWFK3XJPRLU5LUYBXCVEQUZSUOOTRX5NQ6A\" target=\"_blank\" rel=\"noopener\">Minsal report\u00f3 hoy 2.667 casos nuevos y 37 personas fallecidas. Se refiere Sergio Wehinger, director del mag\u00edster de Ciencias Biom\u00e9dicas de la Universidad de Talca.<\/a><\/p><p>\u00a0<\/p><p><b>CANAL CONTIVISI\u00d3N<\/b><\/p><p><a style=\"font-style: inherit; font-weight: inherit; background-color: #ffffff; font-family: -apple-system, BlinkMacSystemFont,;\" href=\"https:\/\/www.litoralpress.cl\/sitio\/RadioTV_Detalles.cshtml?LPKey=LA57Q2AKNHK7VG7NTXWNNFHHQIB4N55QIB23U5K3AB46N4A75LDA\" target=\"_blank\" rel=\"noopener\">Estudiantes de la Academia de Diplomacia de Chile participaron de una serie de actividades en la Universidad de Talca.<\/a><\/p><p>\u00a0<\/p><p><b>UNIVERSIDADESESTATALES.CL<\/b><\/p><p><a style=\"font-style: inherit; font-weight: inherit; background-color: #ffffff; font-family: -apple-system, BlinkMacSystemFont,;\" href=\"http:\/\/www.universidadesestatales.cl\/cue\/?q=node\/9323\" target=\"_blank\" rel=\"noopener\">UTalca: Doctorado en Psicolog\u00eda es acreditado por tres a\u00f1os.<\/a><\/p><p>\u00a0<\/p><p><b>DIARIOTALCA.CL<\/b><\/p><p><a style=\"font-style: inherit; font-weight: inherit; background-color: #ffffff; font-family: -apple-system, BlinkMacSystemFont,;\" href=\"https:\/\/diariotalca.cl\/parque-arboretum-utalca-sera-escenario-de-conciertos-gratuitos-en-diciembre\/\" target=\"_blank\" rel=\"noopener\">Parque Arboretum UTalca ser\u00e1 escenario de conciertos gratuitos en diciembre.<\/a><\/p><p>\u00a0<\/p><p><b>EL LECTOR<\/b><\/p><p><a style=\"font-style: inherit; font-weight: inherit; background-color: #ffffff; font-family: -apple-system, BlinkMacSystemFont,;\" href=\"https:\/\/www.litoralpress.cl\/paginaconsultas\/Servicios_NClip\/Get_Imagen_Nota.aspx?LPKey=VAX6R5JZ7GEPHFJOHCAVU6HJV2BNDB446BV3MUG3LRVWJ7LGRRANQX33XWHY73ZHUPRBHACXQE52M\" target=\"_blank\" rel=\"noopener\">Arboretum de la UTalca ser\u00e1 escenario de ciclo de conciertos al aire libre.<\/a><\/p><p>\u00a0<\/p><p><b>TALCACAPITAL.CL<\/b><\/p><p><a style=\"font-style: inherit; font-weight: inherit; background-color: #ffffff; font-family: -apple-system, BlinkMacSystemFont,;\" href=\"https:\/\/talcacapital.cl\/tecturismo-destaco-experiencias-de-destinos-turisticos-inteligentes-e-inclusivos\/\" target=\"_blank\" rel=\"noopener\">TecTurismo destac\u00f3 experiencias de destinos tur\u00edsticos inteligentes e inclusivos. Se refiere Javier Mu\u00f1oz, decano de la Facultad de Ingenier\u00eda de la UTalca.<\/a><\/p><p>\u00a0<\/p><p><b>TVMAULE.CL<\/b><\/p><p><a style=\"font-style: inherit; font-weight: inherit; background-color: #ffffff; font-family: -apple-system, BlinkMacSystemFont,;\" href=\"https:\/\/www.tvmaule.cl\/seminario-tecturismo-destaco-experiencias-de-destinos-turisticos-inteligentes-e-inclusivos\/\" target=\"_blank\" rel=\"noopener\">Seminario TecTurismo destac\u00f3 experiencias de destinos tur\u00edsticos inteligentes e inclusivos. Se refiere Javier Mu\u00f1oz, decano de la Facultad de Ingenier\u00eda de la UTalca.<\/a><\/p><p>\u00a0<\/p><p><b>IMPACTOREGIONAL.CL<\/b><\/p><p><a style=\"font-style: inherit; font-weight: inherit; background-color: #ffffff; font-family: -apple-system, BlinkMacSystemFont,;\" href=\"http:\/\/www.impactoregional.cl\/?p=4507\" target=\"_blank\" rel=\"noopener\">Programa Impacto Regional. Entrevista a Marcela Mar\u00edn, acad\u00e9mica de la Facultad de Ciencias de la Salud de la UTalca.<\/a><\/p><p>\u00a0<\/p><p><b>LA PRENSA<\/b><\/p><p><a style=\"font-style: inherit; font-weight: inherit; background-color: #ffffff; font-family: -apple-system, BlinkMacSystemFont,;\" href=\"https:\/\/www.litoralpress.cl\/paginaconsultas\/Servicios_NClip\/Get_Imagen_Nota.aspx?LPKey=SAZLIZIP2L5EZX6UE5YTNV6KLPANCINQQDZ4EAK2HZPLK5MMPGWDDIQSU2DN3NXURGO344UDNVGOM\" target=\"_blank\" rel=\"noopener\">Experto entrega recomendaciones para comprar casas en medio de complejo escenario econ\u00f3mico. Se refiere Alejandro Rodr\u00edguez, acad\u00e9mico de la Facultad de Ingenier\u00eda de la UTalca.<\/a><\/p><p>\u00a0<\/p><p><b>G5NOTICIAS.CL<\/b><\/p><p><a style=\"font-style: inherit; font-weight: inherit; background-color: #ffffff; font-family: -apple-system, BlinkMacSystemFont,;\" href=\"https:\/\/g5noticias.cl\/2021\/11\/27\/entregan-recomendaciones-para-la-compra-de-viviendas-en-momentos-de-incertidumbre-economica\/\" target=\"_blank\" rel=\"noopener\">Entregan recomendaciones para la compra de viviendas en momentos de incertidumbre econ\u00f3mica. Se refiere Alejandro Rodr\u00edguez, acad\u00e9mico de la Facultad de Ingenier\u00eda de la UTalca.<\/a><\/p><p>\u00a0<\/p><p><b>EL MERCURIO<\/b><\/p><p><a style=\"font-style: inherit; font-weight: inherit; background-color: #ffffff; font-family: -apple-system, BlinkMacSystemFont,;\" href=\"https:\/\/www.litoralpress.cl\/sitio\/Prensa_PaginaCompleta.cshtml?LPKey=KJC3CECVQJXGS4UM46PEDPA476LXUCUJ62O2MAIMMBQWBGH4TNNA\" target=\"_blank\" rel=\"noopener\">Empresarios alistan aterrizaje de &#8220;compromisos&#8221; y fichan equipos: \u201cNuestra propuesta se va a escuchar clarita al interior de la Constituyente\u201d. Se menciona a Roberto Pizarro, acad\u00e9mico de la Escuela de Ingenier\u00eda Forestal de la UTalca.<\/a><\/p><p>\u00a0<\/p><p><b>MAULEHOY.CL<\/b><\/p><p><a style=\"font-style: inherit; font-weight: inherit; background-color: #ffffff; font-family: -apple-system, BlinkMacSystemFont,;\" href=\"https:\/\/maulehoy.cl\/2021\/11\/28\/en-la-comuna-de-pencahueentregan-reconocimiento-a-profesora-y-alumna-por-1-lugar-en-la-feria-utalca\/\" target=\"_blank\" rel=\"noopener\">En la comuna de Pencahue entregan reconocimiento a profesora y alumna por 1\u00b0 lugar en la feria UTalca.<\/a><\/p><p>\u00a0<\/p><p><b>CANAL MEGA<\/b><\/p><p><a style=\"font-style: inherit; font-weight: inherit; background-color: #ffffff; font-family: -apple-system, BlinkMacSystemFont,;\" href=\"https:\/\/www.litoralpress.cl\/sitio\/RadioTV_Detalles.cshtml?LPKey=5K6CBXXW4KZQVMGBACJ25FAZFXT4VXOH6HRPR4YSIFJ4B7FL2NLA\" target=\"_blank\" rel=\"noopener\">\u00bfC\u00f3mo ser\u00eda el traspaso de votos? Se refiere Mauricio Morales, director del Centro de An\u00e1lisis Pol\u00edtico (CAP) de la UTalca.<\/a><\/p><p>\u00a0<\/p><p><b>CANAL MEGA<\/b><\/p><p><a style=\"font-style: inherit; font-weight: inherit; background-color: #ffffff; font-family: -apple-system, BlinkMacSystemFont,;\" href=\"https:\/\/www.litoralpress.cl\/sitio\/RadioTV_Detalles.cshtml?LPKey=5K6CBXXW4KZQVMGBACJ25FAZFXT4VXOH6HRPR4YSIFJ4B7FL2NLA\" target=\"_blank\" rel=\"noopener\">\u00bfC\u00f3mo ser\u00eda el traspaso de votos? Se refiere Mauricio Morales, director del Centro de An\u00e1lisis Pol\u00edtico (CAP) de la UTalca.<\/a><\/p><p>\u00a0<\/p><p><b>CANAL MEGA<\/b><\/p><p><a style=\"font-style: inherit; font-weight: inherit; background-color: #ffffff; font-family: -apple-system, BlinkMacSystemFont,;\" href=\"https:\/\/www.litoralpress.cl\/sitio\/RadioTV_Detalles.cshtml?LPKey=LVBCMRM5L7L7ICRRB3IRBZZ7XGU3NQ2ZKY26CUTQDANYT7HQDYEQ\" target=\"_blank\" rel=\"noopener\">\u00bfD\u00f3nde buscar los votos que faltan? Se refiere Mauricio Morales, director del Centro de An\u00e1lisis Pol\u00edtico (CAP) de la UTalca.<\/a><\/p><p>\u00a0<\/p><p><b>CANAL MEGA<\/b><\/p><p><a style=\"font-style: inherit; font-weight: inherit; background-color: #ffffff; font-family: -apple-system, BlinkMacSystemFont,;\" href=\"https:\/\/www.litoralpress.cl\/sitio\/RadioTV_Detalles.cshtml?LPKey=CGN7PVAGWIBETQYXOMBNH7PFQDIPOCLNXUF27DIKVWMGPLWHLCNA\" target=\"_blank\" rel=\"noopener\">Entrevista a Mauricio Morales, director del Centro de An\u00e1lisis Pol\u00edtico (CAP) de la UTalca.<\/a><\/p><p>\u00a0<\/p><p><b>LA TERCERA<\/b><\/p><p><a style=\"font-style: inherit; font-weight: inherit; background-color: #ffffff; font-family: -apple-system, BlinkMacSystemFont,;\" href=\"https:\/\/www.litoralpress.cl\/sitio\/Prensa_PaginaCompleta.cshtml?LPKey=P36EUKFX2KM37MUOFOHXGBQPXS6O62FBTTNYAQFUYQDA5BYARWUA\" target=\"_blank\" rel=\"noopener\">A la caza del voto: los nichos que definir\u00e1n la segunda vuelta. Se refiere Mauricio Morales, director del Centro de An\u00e1lisis Pol\u00edtico (CAP) de la UTalca.<\/a><\/p><p>\u00a0<\/p><p><b>LATERCERA.COM<\/b><\/p><p><a style=\"font-style: inherit; font-weight: inherit; background-color: #ffffff; font-family: -apple-system, BlinkMacSystemFont,;\" href=\"https:\/\/www.latercera.com\/la-tercera-domingo\/noticia\/a-la-caza-del-voto-los-nichos-que-definiran-la-segunda-vuelta\/NXH5O3I2EREFPPSPZ35RUKAXJI\/\" target=\"_blank\" rel=\"noopener\">A la caza del voto: los nichos que definir\u00e1n la segunda vuelta. Se refiere Mauricio Morales, director del Centro de An\u00e1lisis Pol\u00edtico (CAP) de la UTalca.<\/a><\/p><p>\u00a0<\/p><p><b>COOPERATIVA.CL<\/b><\/p><p><a style=\"font-style: inherit; font-weight: inherit; background-color: #ffffff; font-family: -apple-system, BlinkMacSystemFont,;\" href=\"https:\/\/www.cooperativa.cl\/noticias\/pais\/politica\/presidenciales\/mauricio-morales-boric-tiene-mas-posibilidades-de-avanzar-hacia\/2021-11-26\/195905.html\" target=\"_blank\" rel=\"noopener\">Mauricio Morales: &#8220;Boric tiene m\u00e1s posibilidades de avanzar hacia votantes de centro&#8221;.<\/a><\/p><p>\u00a0<\/p><p><b>RADIO AGRICULTURA<\/b><\/p><p><a style=\"font-style: inherit; font-weight: inherit; background-color: #ffffff; font-family: -apple-system, BlinkMacSystemFont,;\" href=\"https:\/\/www.litoralpress.cl\/sitio\/RadioTV_Detalles.cshtml?LPKey=2TVA4CTK22PKZT2JGEKZKVUVXQGHWRMTUDSDAAWP4ODT22JXCIEA\" target=\"_blank\" rel=\"noopener\">El Gobierno fij\u00f3 sus ejes luego del consejo de gabinete liderado por el Presidente Pi\u00f1era en Cerro Castillo. Se refiere Mauricio Morales, director del Centro de An\u00e1lisis Pol\u00edtico (CAP) de la UTalca.<\/a><\/p><p>\u00a0<\/p><p><b>CANAL 24 HORAS<\/b><\/p><p><a style=\"font-style: inherit; font-weight: inherit; background-color: #ffffff; font-family: -apple-system, BlinkMacSystemFont,;\" href=\"https:\/\/www.litoralpress.cl\/sitio\/RadioTV_Detalles.cshtml?LPKey=D2UNHR7GSAHGIU3YCDFLV2ETQS427DXOKZT4RBBOK2IOT3SE5K6A\" target=\"_blank\" rel=\"noopener\">Entrevista a Mario Herrera, acad\u00e9mico del Centro de An\u00e1lisis Pol\u00edtico (CAP) de la UTalca.<\/a><\/p><p>\u00a0<\/p><p><b>24HORAS.CL<\/b><\/p><p><a style=\"font-style: inherit; font-weight: inherit; background-color: #ffffff; font-family: -apple-system, BlinkMacSystemFont,;\" href=\"https:\/\/www.24horas.cl\/programas\/entrevistas\/academico-por-apoyo-de-daza-y-siches-a-candidaturas-las-autoridades-vinculadas-al-area-de-salud-han-ido-aumentado-su-aprobacion-5079088\" target=\"_blank\" rel=\"noopener\">Acad\u00e9mico por apoyo de Daza y Siches a candidaturas: &#8220;Las autoridades vinculadas al \u00e1rea de salud han ido aumentado su aprobaci\u00f3n&#8221;. Se refiere Mario Herrera, acad\u00e9mico del Centro de An\u00e1lisis Pol\u00edtico (CAP) de la UTalca.<\/a><\/p><p>\u00a0<\/p><p><b>DIARIOTALCA.CL<\/b><\/p><p><a style=\"font-style: inherit; font-weight: inherit; background-color: #ffffff; font-family: -apple-system, BlinkMacSystemFont,;\" href=\"https:\/\/diariotalca.cl\/academico-aseguro-que-votos-no-son-transferibles-entre-los-presidenciables\/\" target=\"_blank\" rel=\"noopener\">Acad\u00e9mico asegur\u00f3 que votos no son transferibles entre los presidenciables. Se refiere Mario Herrera, acad\u00e9mico del Centro de An\u00e1lisis Pol\u00edtico (CAP) de la UTalca.<\/a><\/p><p>\u00a0<\/p><p><b>EL HERALDO<\/b><\/p><p><a style=\"font-style: inherit; font-weight: inherit; background-color: #ffffff; font-family: -apple-system, BlinkMacSystemFont,;\" href=\"https:\/\/www.litoralpress.cl\/paginaconsultas\/Servicios_NClip\/Get_Imagen_Nota.aspx?LPKey=2AJUG4N5B62TWVEUPSK54IMXNZKQF3SJPTN6ISKWCCLXWM64YUKYZ7FQW42BQ6BHHC72VL2DB6S72\" target=\"_blank\" rel=\"noopener\">Elecciones 2021: acad\u00e9mico asegur\u00f3 que votos no son transferibles entre los candidatos. Se refiere Mario Herrera, acad\u00e9mico del Centro de An\u00e1lisis Pol\u00edtico (CAP) de la UTalca.<\/a><\/p><p>\u00a0<\/p><p><b>DIARIOELHERALDO.CL<\/b><\/p><p><a style=\"font-style: inherit; font-weight: inherit; background-color: #ffffff; font-family: -apple-system, BlinkMacSystemFont,;\" href=\"http:\/\/www.diarioelheraldo.cl\/noticia\/elecciones-2021-academico-aseguro-que-votos-no-son-transferibles-entre-los-candidatos\" target=\"_blank\" rel=\"noopener\">Elecciones 2021: acad\u00e9mico asegur\u00f3 que votos no son transferibles entre los candidatos. Se refiere Mario Herrera, acad\u00e9mico del Centro de An\u00e1lisis Pol\u00edtico (CAP) de la UTalca.<\/a><\/p><p>\u00a0<\/p><p><b>TVMAULINOS.CL<\/b><\/p><p><a style=\"font-style: inherit; font-weight: inherit; background-color: #ffffff; font-family: -apple-system, BlinkMacSystemFont,;\" href=\"http:\/\/tvmaulinos.com\/analista-y-posible-triunfo-de-kast-en-segunda-vuelta-puede-que-se-reavive-el-estallido-social\/\" target=\"_blank\" rel=\"noopener\">Analista y posible triunfo de Kast en segunda vuelta: &#8220;Puede que se reavive el estallido social&#8221;. Se refiere Mario Herrera, acad\u00e9mico del Centro de An\u00e1lisis Pol\u00edtico (CAP) de la UTalca.<\/a><\/p><p>\u00a0<\/p><p><b>G5NOTICIAS.CL<\/b><\/p><p><a style=\"font-style: inherit; font-weight: inherit; background-color: #ffffff; font-family: -apple-system, BlinkMacSystemFont,;\" href=\"https:\/\/g5noticias.cl\/2021\/11\/28\/elecciones-2021-academico-aseguro-que-votos-no-son-transferibles-entre-los-candidatos\/\" target=\"_blank\" rel=\"noopener\">Elecciones 2021: Acad\u00e9mico asegur\u00f3 que votos no son transferibles entre los candidatos. Se refiere Mario Herrera, acad\u00e9mico del Centro de An\u00e1lisis Pol\u00edtico (CAP) de la UTalca.<\/a><\/p><p>\u00a0<\/p><p><b>LA ESTRELLA DE VALPARA\u00cdSO<\/b><\/p><p><a style=\"font-style: inherit; font-weight: inherit; background-color: #ffffff; font-family: -apple-system, BlinkMacSystemFont,;\" href=\"https:\/\/www.litoralpress.cl\/paginaconsultas\/Servicios_NClip\/Get_Imagen_Nota.aspx?LPKey=WWGGVJNGHG6XQY3WU3REMDDEDD2NHDB5B2GJ7EXEUE353OGYC7ZZFRXNVB7CT6VTIBXSD5DGZPVMQ\" target=\"_blank\" rel=\"noopener\">Streaming y caf\u00e9: Los cinco gastos hormiga que m\u00e1s hacen perder dinero. Se menciona estudio de la UTalca.<\/a><\/p><p>\u00a0<\/p><p><b>LA ESTRELLA DE IQUIQUE<\/b><\/p><p><a style=\"font-style: inherit; font-weight: inherit; background-color: #ffffff; font-family: -apple-system, BlinkMacSystemFont,;\" href=\"https:\/\/www.litoralpress.cl\/paginaconsultas\/Servicios_NClip\/Get_Imagen_Nota.aspx?LPKey=ZHWB6NHMUNJ6GQSIF54IPSRTUXPH2DTCYFQVO3I6SWPEFYXDG7S553UDDEJDZJP7EFMCMTCOQATCI\" target=\"_blank\" rel=\"noopener\">Streaming y caf\u00e9: Los cinco gastos hormiga que m\u00e1s hacen perder dinero. Se menciona estudio de la UTalca.<\/a><\/p>\t\t\t\t\t\t<\/div>\n\t\t\t\t<\/div>\n\t\t\t\t\t<\/div>\n\t\t<\/div>\n\t\t\t\t\t\t\t<\/div>\n\t\t<\/section>\n\t\t\t\t\t\t<\/div>\n\t\t\t\t\t<\/div>\n\t\t","protected":false},"excerpt":{"rendered":"<p>DIARIOTALCA.CL Universidad de Talca retom\u00f3 movilidad Internacional. \u00a0 CANAL MEGA El avance del calentamiento global. Se refiere Patricio Gonz\u00e1lez, agroclimat\u00f3logo de la UTalca. \u00a0 RADIO COOPERATIVA Covid-19: Crece la preocupaci\u00f3n por nueva variante \u00d3micron. Se refiere Sergio Wehinger, director del mag\u00edster de Ciencias Biom\u00e9dicas de la Universidad de Talca. \u00a0 RADIO COOPERATIVA Consejo asesor de &hellip;<\/p>\n<p class=\"read-more\"> <a class=\"\" href=\"https:\/\/www.reportedeprensa.utalca.cl\/?p=2522\"> <span class=\"screen-reader-text\">29 de noviembre de 2021<\/span> Read More &raquo;<\/a><\/p>\n","protected":false},"author":1,"featured_media":0,"comment_status":"closed","ping_status":"open","sticky":false,"template":"elementor_theme","format":"standard","meta":{"_monsterinsights_skip_tracking":false,"_monsterinsights_sitenote_active":false,"_monsterinsights_sitenote_note":"","_monsterinsights_sitenote_category":0},"categories":[14],"tags":[],"_links":{"self":[{"href":"https:\/\/www.reportedeprensa.utalca.cl\/index.php?rest_route=\/wp\/v2\/posts\/2522"}],"collection":[{"href":"https:\/\/www.reportedeprensa.utalca.cl\/index.php?rest_route=\/wp\/v2\/posts"}],"about":[{"href":"https:\/\/www.reportedeprensa.utalca.cl\/index.php?rest_route=\/wp\/v2\/types\/post"}],"author":[{"embeddable":true,"href":"https:\/\/www.reportedeprensa.utalca.cl\/index.php?rest_route=\/wp\/v2\/users\/1"}],"replies":[{"embeddable":true,"href":"https:\/\/www.reportedeprensa.utalca.cl\/index.php?rest_route=%2Fwp%2Fv2%2Fcomments&post=2522"}],"version-history":[{"count":4,"href":"https:\/\/www.reportedeprensa.utalca.cl\/index.php?rest_route=\/wp\/v2\/posts\/2522\/revisions"}],"predecessor-version":[{"id":2526,"href":"https:\/\/www.reportedeprensa.utalca.cl\/index.php?rest_route=\/wp\/v2\/posts\/2522\/revisions\/2526"}],"wp:attachment":[{"href":"https:\/\/www.reportedeprensa.utalca.cl\/index.php?rest_route=%2Fwp%2Fv2%2Fmedia&parent=2522"}],"wp:term":[{"taxonomy":"category","embeddable":true,"href":"https:\/\/www.reportedeprensa.utalca.cl\/index.php?rest_route=%2Fwp%2Fv2%2Fcategories&post=2522"},{"taxonomy":"post_tag","embeddable":true,"href":"https:\/\/www.reportedeprensa.utalca.cl\/index.php?rest_route=%2Fwp%2Fv2%2Ftags&post=2522"}],"curies":[{"name":"wp","href":"https:\/\/api.w.org\/{rel}","templated":true}]}}