{"id":2535,"date":"2021-11-30T09:30:11","date_gmt":"2021-11-30T12:30:11","guid":{"rendered":"https:\/\/www.reportedeprensa.utalca.cl\/?p=2535"},"modified":"2021-11-30T09:43:11","modified_gmt":"2021-11-30T12:43:11","slug":"30-de-noviembre-de-2021","status":"publish","type":"post","link":"https:\/\/www.reportedeprensa.utalca.cl\/?p=2535","title":{"rendered":"30 de noviembre de 2021"},"content":{"rendered":"\t\t<div data-elementor-type=\"wp-post\" data-elementor-id=\"2535\" class=\"elementor elementor-2535\" data-elementor-settings=\"[]\">\n\t\t\t\t\t\t\t<div class=\"elementor-section-wrap\">\n\t\t\t\t\t\t\t<section class=\"elementor-section elementor-top-section elementor-element elementor-element-a06ca45 elementor-section-boxed elementor-section-height-default elementor-section-height-default\" data-id=\"a06ca45\" data-element_type=\"section\">\n\t\t\t\t\t\t<div class=\"elementor-container elementor-column-gap-default\">\n\t\t\t\t\t<div class=\"elementor-column elementor-col-100 elementor-top-column elementor-element elementor-element-1486c35\" data-id=\"1486c35\" data-element_type=\"column\">\n\t\t\t<div class=\"elementor-widget-wrap elementor-element-populated\">\n\t\t\t\t\t\t\t\t<div class=\"elementor-element elementor-element-42b145e elementor-widget elementor-widget-text-editor\" data-id=\"42b145e\" data-element_type=\"widget\" data-widget_type=\"text-editor.default\">\n\t\t\t\t<div class=\"elementor-widget-container\">\n\t\t\t\t\t\t\t\t<p><b>RADIO COOPERATIVA<\/b><\/p><p><a style=\"font-style: inherit; font-weight: inherit; background-color: #ffffff; font-family: -apple-system, BlinkMacSystemFont,;\" href=\"https:\/\/www.litoralpress.cl\/sitio\/RadioTV_Detalles.cshtml?LPKey=IMDEXAVEKUS75JTE4RWGBBITU64EKVUCF33YTYFNUSA3UB36GPBQ\" target=\"_blank\" rel=\"noopener\">Consejo asesor Covid del Minsal reforz\u00f3 el llamado a aplazar la reapertura de frontera terrestre, debido a expansi\u00f3n de la variante \u00d3micron. Se refiere Marcelo Alarc\u00f3n, acad\u00e9mico de la Facultad de Ciencias de la Salud de la UTalca.<\/a><\/p><p>\u00a0<\/p><p><b>CANAL CONTIVISI\u00d3N<\/b><\/p><p><a style=\"font-style: inherit; font-weight: inherit; background-color: #ffffff; font-family: -apple-system, BlinkMacSystemFont,;\" href=\"https:\/\/www.litoralpress.cl\/sitio\/RadioTV_Detalles.cshtml?LPKey=GM5EH55YQW2WRKMWKPALGLQWFBHRMKZALFYEANNNA5PPAISXHLGA\" target=\"_blank\" rel=\"noopener\">Disminuci\u00f3n de la aplicaci\u00f3n de ex\u00e1menes de testeo a personas con VIH. Se refiere Daniel Jim\u00e9nez, director de Salud del Estudiante; Alicia Parada, acad\u00e9mica de la Escuela de Obstetricia y Puericultura; y Carla Toro docente de la Escuela de Tecnolog\u00eda M\u00e9dica de la UTalca.<\/a><\/p><p>\u00a0<\/p><p><b>REDMAULE.COM<\/b><\/p><p><a style=\"font-style: inherit; font-weight: inherit; background-color: #ffffff; font-family: -apple-system, BlinkMacSystemFont,;\" href=\"https:\/\/www.redmaule.com\/regional\/fundacion-sida-maule-da-inicio-a-campana-regional-de-testeo-de-vih\" target=\"_blank\" rel=\"noopener\">Fundaci\u00f3n Sida Maule da inicio a campa\u00f1a regional de testeo de VIH. Se menciona a la UTalca.<\/a><\/p><p>\u00a0<\/p><p><b>PORTALEDUCACION.CL<\/b><\/p><p><a style=\"font-style: inherit; font-weight: inherit; background-color: #ffffff; font-family: -apple-system, BlinkMacSystemFont,;\" href=\"https:\/\/portaleducacion.cl\/index.php\/2021\/11\/29\/universidad-de-talca-retomo-movilidad-internacional\/\" target=\"_blank\" rel=\"noopener\">Universidad de Talca retom\u00f3 movilidad Internacional.<\/a><\/p><p>\u00a0<\/p><p><b>REDMAULE.COM<\/b><\/p><p><a style=\"font-style: inherit; font-weight: inherit; background-color: #ffffff; font-family: -apple-system, BlinkMacSystemFont,;\" href=\"https:\/\/www.redmaule.com\/regional\/arboretum-de-la-utalca-sera-escenario-de-ciclo-de-conciertos-al-aire-libre\" target=\"_blank\" rel=\"noopener\">Arboretum de la UTalca ser\u00e1 escenario de ciclo de conciertos al aire libre.<\/a><\/p><p>\u00a0<\/p><p><b>ELMAULEINFORMA.CL<\/b><\/p><p><a style=\"font-style: inherit; font-weight: inherit; background-color: #ffffff; font-family: -apple-system, BlinkMacSystemFont,;\" href=\"https:\/\/elmauleinforma.cl\/feria-gratuita-de-realidad-virtual-y-bioinformatica-en-curico\/\" target=\"_blank\" rel=\"noopener\">Feria gratuita de Realidad Virtual y Bioinform\u00e1tica en Curic\u00f3. Se refiere Felipe Besoa\u00edn, acad\u00e9mico de la Facultad de Ingenier\u00eda de la UTalca.<\/a><\/p><p>\u00a0<\/p><p><b>REVISTAECOCIENCIAS.CL<\/b><\/p><p><a style=\"font-style: inherit; font-weight: inherit; background-color: #ffffff; font-family: -apple-system, BlinkMacSystemFont,;\" href=\"https:\/\/revistaecociencias.cl\/2021\/11\/29\/innovacion-y-tecnologia-para-la-salud-mental-proponen-aplicacion-para-el-manejo-de-sintomas-y-el-autocuidado\/\" target=\"_blank\" rel=\"noopener\">Innovaci\u00f3n y tecnolog\u00eda para la salud mental: Proponen aplicaci\u00f3n para el manejo de s\u00edntomas y el autocuidado. Se Nadia Ramos, acad\u00e9mica de la Facultad de Psicolog\u00eda.<\/a><\/p><p>\u00a0<\/p><p><b>ELDEMOCRATA.CL<\/b><\/p><p><a style=\"font-style: inherit; font-weight: inherit; background-color: #ffffff; font-family: -apple-system, BlinkMacSystemFont,;\" href=\"https:\/\/www.eldemocrata.cl\/chile-informe-de-estado-octubre-de-2021-chile\/\" target=\"_blank\" rel=\"noopener\">Chile: Informe de estado \u2013 Octubre de 2021. Se menciona estudio de la UTalca.<\/a><\/p><p>\u00a0<\/p><p><b>LA ESTRELLA DE CONCEPCI\u00d3N<\/b><\/p><p><a style=\"font-style: inherit; font-weight: inherit; background-color: #ffffff; font-family: -apple-system, BlinkMacSystemFont,;\" href=\"https:\/\/www.litoralpress.cl\/paginaconsultas\/Servicios_NClip\/Get_Imagen_Nota.aspx?LPKey=SXJIBMJCSOHGWS2KZZMGWVYH6NFB66QASTQ5GO4E5DRQABKMOQL3XMVSLL2IDAXMQBB37UJUIZHU4\" target=\"_blank\" rel=\"noopener\">Streaming y caf\u00e9: Los cinco gastos hormiga que m\u00e1s hacen perder dinero. Se menciona estudio de la UTalca.<\/a><\/p><p>\u00a0<\/p><p><b>LA ESTRELLA DE ANTOFAGASTA<\/b><\/p><p><a style=\"font-style: inherit; font-weight: inherit; background-color: #ffffff; font-family: -apple-system, BlinkMacSystemFont,;\" href=\"https:\/\/www.litoralpress.cl\/paginaconsultas\/Servicios_NClip\/Get_Imagen_Nota.aspx?LPKey=Z4WYMC5MEQ77KI42QZ2QLBBDAVAXHASJOJJF5PRY7MTPVG4EKQUGE4BS5NQZJUU7NLMIJQX2YZGQW\" target=\"_blank\" rel=\"noopener\">Streaming y caf\u00e9: Los cinco gastos hormiga que m\u00e1s hacen perder dinero. Se menciona estudio de la UTalca.<\/a><\/p><p>\u00a0<\/p><p><b>LA ESTRELLA DE ARICA<\/b><\/p><p><a style=\"font-style: inherit; font-weight: inherit; background-color: #ffffff; font-family: -apple-system, BlinkMacSystemFont,;\" href=\"https:\/\/www.litoralpress.cl\/paginaconsultas\/Servicios_NClip\/Get_Imagen_Nota.aspx?LPKey=EBT3CE7YYIHRTDDP7M4AYPHPSSAC3FUXFQOQ57B3II5TTHJRUV2G5K53NYFTEYRTFZMOAFXSHSYAA\" target=\"_blank\" rel=\"noopener\">Streaming y caf\u00e9: Los cinco gastos hormiga que m\u00e1s hacen perder dinero. Se menciona estudio de la UTalca.<\/a><\/p><p>\u00a0<\/p><p><b>LA ESTRELLA DE TOCOPILLA<\/b><\/p><p><a style=\"font-style: inherit; font-weight: inherit; background-color: #ffffff; font-family: -apple-system, BlinkMacSystemFont,;\" href=\"https:\/\/www.litoralpress.cl\/paginaconsultas\/Servicios_NClip\/Get_Imagen_Nota.aspx?LPKey=HWRM4NLFVT3MSH2SMRO2EXFPUOEPGHEYI7ZX3AIVTHZUZXMKDC6JNVMBE4VENO7J6NGXXSAB7GVTA\" target=\"_blank\" rel=\"noopener\">Streaming y caf\u00e9: Los cinco gastos hormiga que m\u00e1s hacen perder dinero. Se menciona estudio de la UTalca.<\/a><\/p><p>\u00a0<\/p><p><b>LA ESTRELLA DEL LOA<\/b><\/p><p><a style=\"font-style: inherit; font-weight: inherit; background-color: #ffffff; font-family: -apple-system, BlinkMacSystemFont,;\" href=\"https:\/\/www.litoralpress.cl\/paginaconsultas\/Servicios_NClip\/Get_Imagen_Nota.aspx?LPKey=VLBAR4QG7RRLLQBQW4WI2FZX3ZW7RB5NDM2MOJDQJP54FAT6XH5ME7AX7SBMWSC4FGY3CGJYDAD4O\" target=\"_blank\" rel=\"noopener\">Streaming y caf\u00e9: Los cinco gastos hormiga que m\u00e1s hacen perder dinero. Se menciona estudio de la UTalca.<\/a><\/p><p>\u00a0<\/p><p><b>EL L\u00cdDER<\/b><\/p><p><a style=\"font-style: inherit; font-weight: inherit; background-color: #ffffff; font-family: -apple-system, BlinkMacSystemFont,;\" href=\"https:\/\/www.litoralpress.cl\/paginaconsultas\/Servicios_NClip\/Get_Imagen_Nota.aspx?LPKey=OEHOXH3FXHQ4MNHL3UZRA5I5GWCLMUIZPDVZRJFBISPZJ2KMMURX7W2QBXPRBK5RKYZHAHW345SX4\" target=\"_blank\" rel=\"noopener\">Streaming y caf\u00e9: Los cinco gastos hormiga que m\u00e1s hacen perder dinero. Se menciona estudio de la UTalca.<\/a><\/p><p>\u00a0<\/p><p><b>RADIO AMIGA<\/b><\/p><p><a style=\"font-style: inherit; font-weight: inherit; background-color: #ffffff; font-family: -apple-system, BlinkMacSystemFont,;\" href=\"https:\/\/www.litoralpress.cl\/sitio\/RadioTV_Detalles.cshtml?LPKey=MXKNDLI6I7INKLWLMUHTXW7P5NPQC2C65QEXFOSOYYFOVMUFEKDA\" target=\"_blank\" rel=\"noopener\">Se posterga reapertura de los pasos fronterizos por nueva variante \u00d3micron. Se menciona a la UTalca.<\/a><\/p><p>\u00a0<\/p><p><b>RADIO INFINITA<\/b><\/p><p><a style=\"font-style: inherit; font-weight: inherit; background-color: #ffffff; font-family: -apple-system, BlinkMacSystemFont,;\" href=\"https:\/\/www.litoralpress.cl\/sitio\/RadioTV_Detalles.cshtml?LPKey=X74P3XKRYCSPWWFF7MR4ENBL2KCD5PPHMT5EH2YQDFU23CWIXD6Q\" target=\"_blank\" rel=\"noopener\">Entrevista a Mauricio Morales, director del Centro de An\u00e1lisis Pol\u00edtico (CAP) de la UTalca.<\/a><\/p><p>\u00a0<\/p><p><b>LA SEGUNDA<\/b><\/p><p><a style=\"font-style: inherit; font-weight: inherit; background-color: #ffffff; font-family: -apple-system, BlinkMacSystemFont,;\" href=\"https:\/\/www.litoralpress.cl\/sitio\/Prensa_PaginaCompleta.cshtml?LPKey=23XK57E63PTE3WZHD2DVHUCBXETUG7TXC2QLLIB5UNS236QI2EPA\" target=\"_blank\" rel=\"noopener\">Tropezones y aciertos de los candidatos tras la primera vuelta. Se refiere Mauricio Morales, director del Centro de An\u00e1lisis Pol\u00edtico (CAP) de la UTalca.<\/a><\/p><p>\u00a0<\/p><p><b>CANAL MEGA<\/b><\/p><p><a style=\"font-style: inherit; font-weight: inherit; background-color: #ffffff; font-family: -apple-system, BlinkMacSystemFont,;\" href=\"https:\/\/www.litoralpress.cl\/sitio\/RadioTV_Detalles.cshtml?LPKey=Y6LRHR4QLWSN54DOHQB26L423U6T5YWQHJHLD5QYSRKT5ZA53FHQ\" target=\"_blank\" rel=\"noopener\">Partidos presionan a Sebasti\u00e1n Sichel para que entregue su apoyo a Jos\u00e9 Antonio Kast. Se refiere Mauricio Morales, director del Centro de An\u00e1lisis Pol\u00edtico (CAP) de la UTalca.<\/a><\/p><p>\u00a0<\/p><p><b>CANAL MEGA PLUS<\/b><\/p><p><a style=\"font-style: inherit; font-weight: inherit; background-color: #ffffff; font-family: -apple-system, BlinkMacSystemFont,;\" href=\"https:\/\/www.litoralpress.cl\/sitio\/RadioTV_Detalles.cshtml?LPKey=652ZUDUYEUXBMQGEOU5KS62ZHTWPOV2XKXMV2HNH42L3VA6UR6FA\" target=\"_blank\" rel=\"noopener\">Partidos presionan a Sebasti\u00e1n Sichel para que entregue su apoyo a Jos\u00e9 Antonio Kast. Se refiere Mauricio Morales, director del Centro de An\u00e1lisis Pol\u00edtico (CAP) de la UTalca.<\/a><\/p><p>\u00a0<\/p><p><b>ELMOSTRADOR.CL<\/b><\/p><p><a style=\"font-style: inherit; font-weight: inherit; background-color: #ffffff; font-family: -apple-system, BlinkMacSystemFont,;\" href=\"https:\/\/www.elmostrador.cl\/noticias\/pais\/2021\/11\/29\/los-trapitos-sucios-se-lavan-despues-dc-apacigua-animos-tras-respaldo-a-boric-y-espera-congreso-ideologico-para-el-2022\/\" target=\"_blank\" rel=\"noopener\">Los trapitos sucios se lavan despu\u00e9s: DC apacigua \u00e1nimos tras respaldo a Boric y espera Congreso Ideol\u00f3gico para el 2022. Se refiere Mauricio Morales, director del Centro de An\u00e1lisis Pol\u00edtico (CAP) de la UTalca.<\/a><\/p><p>\u00a0<\/p><p><b>RADIO AMIGA<\/b><\/p><p><a style=\"font-style: inherit; font-weight: inherit; background-color: #ffffff; font-family: -apple-system, BlinkMacSystemFont,;\" href=\"https:\/\/www.litoralpress.cl\/sitio\/RadioTV_Detalles.cshtml?LPKey=3OFKAJ6KYCA5FNCJLO5QA3YXXCPLZABYR6TG2CXDBJPAEVR33MKA\" target=\"_blank\" rel=\"noopener\">Candidatos presidenciales reorganizan sus campa\u00f1as para la segunda vuelta electoral. Se refiere Mario Herrera, acad\u00e9mico del Centro de An\u00e1lisis Pol\u00edtico (CAP) de la UTalca.<\/a><\/p><p>\u00a0<\/p><p><b>ELMAULEINFORMA.CL<\/b><\/p><p><a style=\"font-style: inherit; font-weight: inherit; background-color: #ffffff; font-family: -apple-system, BlinkMacSystemFont,;\" href=\"https:\/\/elmauleinforma.cl\/orquesta-sinfonica-juvenil-del-maule-volvio-a-los-escenarios-con-estreno-mundial-de-obra-sobre-el-cuidado-del-agua\/\" target=\"_blank\" rel=\"noopener\">Orquesta Sinf\u00f3nica Juvenil del Maule volvi\u00f3 a los escenarios con estreno mundial de obra sobre el cuidado del agua. Se menciona a la UTalca.<\/a><\/p><p>\u00a0<\/p><p><b>THECLINC.CL<\/b><\/p><p><a style=\"font-style: inherit; font-weight: inherit; background-color: #ffffff; font-family: -apple-system, BlinkMacSystemFont,;\" href=\"https:\/\/www.theclinic.cl\/2021\/11\/29\/loro-coiron-grabador-una-persona-que-dice-que-valparaiso-es-feo-es-que-no-se-ha-dado-el-tiempo-de-visitarlo\/\" target=\"_blank\" rel=\"noopener\">Loro Coir\u00f3n, grabador: \u201cUna persona que dice que Valpara\u00edso es feo, es que no se ha dado el tiempo de visitarlo\u201d. Se menciona a la UTalca.<\/a><\/p>\t\t\t\t\t\t<\/div>\n\t\t\t\t<\/div>\n\t\t\t\t\t<\/div>\n\t\t<\/div>\n\t\t\t\t\t\t\t<\/div>\n\t\t<\/section>\n\t\t\t\t\t\t<\/div>\n\t\t\t\t\t<\/div>\n\t\t","protected":false},"excerpt":{"rendered":"<p>RADIO COOPERATIVA Consejo asesor Covid del Minsal reforz\u00f3 el llamado a aplazar la reapertura de frontera terrestre, debido a expansi\u00f3n de la variante \u00d3micron. Se refiere Marcelo Alarc\u00f3n, acad\u00e9mico de la Facultad de Ciencias de la Salud de la UTalca. \u00a0 CANAL CONTIVISI\u00d3N Disminuci\u00f3n de la aplicaci\u00f3n de ex\u00e1menes de testeo a personas con VIH. &hellip;<\/p>\n<p class=\"read-more\"> <a class=\"\" href=\"https:\/\/www.reportedeprensa.utalca.cl\/?p=2535\"> <span class=\"screen-reader-text\">30 de noviembre de 2021<\/span> Read More &raquo;<\/a><\/p>\n","protected":false},"author":1,"featured_media":0,"comment_status":"closed","ping_status":"open","sticky":false,"template":"elementor_theme","format":"standard","meta":{"_monsterinsights_skip_tracking":false,"_monsterinsights_sitenote_active":false,"_monsterinsights_sitenote_note":"","_monsterinsights_sitenote_category":0},"categories":[14],"tags":[],"_links":{"self":[{"href":"https:\/\/www.reportedeprensa.utalca.cl\/index.php?rest_route=\/wp\/v2\/posts\/2535"}],"collection":[{"href":"https:\/\/www.reportedeprensa.utalca.cl\/index.php?rest_route=\/wp\/v2\/posts"}],"about":[{"href":"https:\/\/www.reportedeprensa.utalca.cl\/index.php?rest_route=\/wp\/v2\/types\/post"}],"author":[{"embeddable":true,"href":"https:\/\/www.reportedeprensa.utalca.cl\/index.php?rest_route=\/wp\/v2\/users\/1"}],"replies":[{"embeddable":true,"href":"https:\/\/www.reportedeprensa.utalca.cl\/index.php?rest_route=%2Fwp%2Fv2%2Fcomments&post=2535"}],"version-history":[{"count":4,"href":"https:\/\/www.reportedeprensa.utalca.cl\/index.php?rest_route=\/wp\/v2\/posts\/2535\/revisions"}],"predecessor-version":[{"id":2539,"href":"https:\/\/www.reportedeprensa.utalca.cl\/index.php?rest_route=\/wp\/v2\/posts\/2535\/revisions\/2539"}],"wp:attachment":[{"href":"https:\/\/www.reportedeprensa.utalca.cl\/index.php?rest_route=%2Fwp%2Fv2%2Fmedia&parent=2535"}],"wp:term":[{"taxonomy":"category","embeddable":true,"href":"https:\/\/www.reportedeprensa.utalca.cl\/index.php?rest_route=%2Fwp%2Fv2%2Fcategories&post=2535"},{"taxonomy":"post_tag","embeddable":true,"href":"https:\/\/www.reportedeprensa.utalca.cl\/index.php?rest_route=%2Fwp%2Fv2%2Ftags&post=2535"}],"curies":[{"name":"wp","href":"https:\/\/api.w.org\/{rel}","templated":true}]}}