{"id":2547,"date":"2021-12-01T09:06:58","date_gmt":"2021-12-01T12:06:58","guid":{"rendered":"https:\/\/www.reportedeprensa.utalca.cl\/?p=2547"},"modified":"2021-12-01T09:21:20","modified_gmt":"2021-12-01T12:21:20","slug":"01-de-diciembre-de-2021","status":"publish","type":"post","link":"https:\/\/www.reportedeprensa.utalca.cl\/?p=2547","title":{"rendered":"01 de diciembre de 2021"},"content":{"rendered":"\t\t<div data-elementor-type=\"wp-post\" data-elementor-id=\"2547\" class=\"elementor elementor-2547\" data-elementor-settings=\"[]\">\n\t\t\t\t\t\t\t<div class=\"elementor-section-wrap\">\n\t\t\t\t\t\t\t<section class=\"elementor-section elementor-top-section elementor-element elementor-element-a06ca45 elementor-section-boxed elementor-section-height-default elementor-section-height-default\" data-id=\"a06ca45\" data-element_type=\"section\">\n\t\t\t\t\t\t<div class=\"elementor-container elementor-column-gap-default\">\n\t\t\t\t\t<div class=\"elementor-column elementor-col-100 elementor-top-column elementor-element elementor-element-1486c35\" data-id=\"1486c35\" data-element_type=\"column\">\n\t\t\t<div class=\"elementor-widget-wrap elementor-element-populated\">\n\t\t\t\t\t\t\t\t<div class=\"elementor-element elementor-element-42b145e elementor-widget elementor-widget-text-editor\" data-id=\"42b145e\" data-element_type=\"widget\" data-widget_type=\"text-editor.default\">\n\t\t\t\t<div class=\"elementor-widget-container\">\n\t\t\t\t\t\t\t\t<p><b>DIARIO TALCA<\/b><\/p><p><a style=\"font-style: inherit; font-weight: inherit; background-color: #ffffff; font-family: -apple-system, BlinkMacSystemFont,;\" href=\"https:\/\/www.litoralpress.cl\/paginaconsultas\/Servicios_NClip\/Get_Imagen_Nota.aspx?LPKey=NYLUWSHHJNHVOK6OKTU5HPD5TJRI2AYNOGGU56E5K27P66UPITJQ7MHWIATHXL6KBE6DN3NCZRWIG\" target=\"_blank\" rel=\"noopener\">Universidad de Talca retom\u00f3 movilidad Internacional.<\/a><\/p><p>\u00a0<\/p><p><b>EL HERALDO<\/b><\/p><p><a style=\"font-style: inherit; font-weight: inherit; background-color: #ffffff; font-family: -apple-system, BlinkMacSystemFont,;\" href=\"https:\/\/www.litoralpress.cl\/paginaconsultas\/Servicios_NClip\/Get_Imagen_Nota.aspx?LPKey=GJ57EF3P6YEB7FCZ4FODPCVUKWBFJZC7N4KVLOGLNYBZLMONTXMVVNEQFWZRCEZP5GB5BQ2QMVRWM\" target=\"_blank\" rel=\"noopener\">Universidad de Talca retom\u00f3 movilidad Internacional.<\/a><\/p><p>\u00a0<\/p><p><b>DIARIOELHERALDO.CL<\/b><\/p><p><a style=\"font-style: inherit; font-weight: inherit; background-color: #ffffff; font-family: -apple-system, BlinkMacSystemFont,;\" href=\"http:\/\/www.diarioelheraldo.cl\/noticia\/universidad-de-talca-retomo-movilidad-internacional-\" target=\"_blank\" rel=\"noopener\">Universidad de Talca retom\u00f3 movilidad Internacional.<\/a><\/p><p>\u00a0<\/p><p><b>ELMAULEINFORMA.CL<\/b><\/p><p><a style=\"font-style: inherit; font-weight: inherit; background-color: #ffffff; font-family: -apple-system, BlinkMacSystemFont,;\" href=\"https:\/\/elmauleinforma.cl\/universidad-de-talca-retomo-movilidad-internacional\/\" target=\"_blank\" rel=\"noopener\">Universidad de Talca retom\u00f3 movilidad Internacional.<\/a><\/p><p>\u00a0<\/p><p><b>LANOTICIA.CL<\/b><\/p><p><a style=\"font-style: inherit; font-weight: inherit; background-color: #ffffff; font-family: -apple-system, BlinkMacSystemFont,;\" href=\"https:\/\/lanoticia.cl\/universidad-de-talca-retomo-movilidad-internacional\/\" target=\"_blank\" rel=\"noopener\">Universidad de Talca retom\u00f3 movilidad Internacional.<\/a><\/p><p>\u00a0<\/p><p><b>CANAL CONTIVISI\u00d3N<\/b><\/p><p><a style=\"font-style: inherit; font-weight: inherit; background-color: #ffffff; font-family: -apple-system, BlinkMacSystemFont,;\" href=\"https:\/\/www.litoralpress.cl\/sitio\/RadioTV_Detalles.cshtml?LPKey=6XLCHMXUKMK6KH7GJCYOWKFYCDPHGWJHUOHJAXAMVHMVLTEYB5MQ\" target=\"_blank\" rel=\"noopener\">Estudiantes de Ingenier\u00eda Civil en obras de la Universidad de Talca volvieron de forma voluntaria al campus Curic\u00f3 tras dos a\u00f1os.<\/a><\/p><p>\u00a0<\/p><p><b>LAS \u00daLTIMAS NOTICIAS<\/b><\/p><p><a style=\"font-style: inherit; font-weight: inherit; background-color: #ffffff; font-family: -apple-system, BlinkMacSystemFont,;\" href=\"https:\/\/www.litoralpress.cl\/paginaconsultas\/Servicios_NClip\/Get_Imagen_Nota.aspx?LPKey=UU6JATP4RY5QOEJAHDB23BHSERH6H4FGQWCBYOHQI4IUNDXRY2IICPCVE6XM2IW4RPRJU4LB7F7FO\" target=\"_blank\" rel=\"noopener\">Valdivia dej\u00f3 de ser lluviosa: ahora sufre la sequ\u00eda. Se refiere Patricio Gonz\u00e1lez, agroclimat\u00f3logo de la UTalca.<\/a><\/p><p>\u00a0<\/p><p><b>RADIO VLN<\/b><\/p><p><a style=\"font-style: inherit; font-weight: inherit; background-color: #ffffff; font-family: -apple-system, BlinkMacSystemFont,;\" href=\"https:\/\/www.litoralpress.cl\/sitio\/RadioTV_Detalles.cshtml?LPKey=G4GJEXOVJHZ7QRQBH6RTYL7JLDBAWWE5GHMXOHIAY7WNIO7AU4QA\" target=\"_blank\" rel=\"noopener\">Entrevista a Miguel V\u00e1squez, director de la carrera de Fonoaudiolog\u00eda de la Universidad de Talca.<\/a><\/p><p>\u00a0<\/p><p><b>DIARIOTALCA.CL<\/b><\/p><p><a style=\"font-style: inherit; font-weight: inherit; background-color: #ffffff; font-family: -apple-system, BlinkMacSystemFont,;\" href=\"https:\/\/diariotalca.cl\/experta-utalca-abogo-por-proteccion-legal-para-trabajadores-de-aplicaciones\/\" target=\"_blank\" rel=\"noopener\">Experta UTalca abog\u00f3 por protecci\u00f3n legal para trabajadores de aplicaciones.<\/a><\/p><p>\u00a0<\/p><p><b>G5NOTICIAS.CL<\/b><\/p><p><a style=\"font-style: inherit; font-weight: inherit; background-color: #ffffff; font-family: -apple-system, BlinkMacSystemFont,;\" href=\"https:\/\/g5noticias.cl\/2021\/11\/30\/trabajadores-de-plataformas-digitales-expertos-recalcan-necesidad-de-contar-con-normativa-actualizada\/\" target=\"_blank\" rel=\"noopener\">Trabajadores de plataformas digitales: Expertos recalcan necesidad de contar con normativa actualizada. Se refiere Rodrigo Palomo, decano de la Facultad de Ciencias Jur\u00eddicas y Sociales y Mar\u00eda Soledad Jofr\u00e9, directora de la Escuela de Derecho del Campus Santiago de la Universidad de Talca.<\/a><\/p><p>\u00a0<\/p><p><b>DIARIOTALCA.CL<\/b><\/p><p><a style=\"font-style: inherit; font-weight: inherit; background-color: #ffffff; font-family: -apple-system, BlinkMacSystemFont,;\" href=\"https:\/\/diariotalca.cl\/experto-utalca-revela-toda-la-informacion-respecto-a-la-variante-omicron\/\" target=\"_blank\" rel=\"noopener\">Experto UTalca revela toda la informaci\u00f3n respecto a la variante \u00d3micron.<\/a><\/p><p>\u00a0<\/p><p><b>REDMAULE.COM<\/b><\/p><p><a style=\"font-style: inherit; font-weight: inherit; background-color: #ffffff; font-family: -apple-system, BlinkMacSystemFont,;\" href=\"https:\/\/www.redmaule.com\/nacional\/omicron-como-es-el-comportamiento-de-la-nueva-variante-del-covid-19\" target=\"_blank\" rel=\"noopener\">Omicr\u00f3n: \u00bfC\u00f3mo es el comportamiento de la nueva variante del Covid-19? Se Sergio Wehinger, director del Mag\u00edster en Ciencias Biom\u00e9dicas de la UTalca.<\/a><\/p><p>\u00a0<\/p><p><b>REDANTOFAGASTA.COM<\/b><\/p><p><a style=\"font-style: inherit; font-weight: inherit; background-color: #ffffff; font-family: -apple-system, BlinkMacSystemFont,;\" href=\"https:\/\/redantofagasta.com\/nacional\/omicron-como-es-el-comportamiento-de-la-nueva-variante-del-covid-19\" target=\"_blank\" rel=\"noopener\">Omicr\u00f3n: \u00bfC\u00f3mo es el comportamiento de la nueva variante del Covid-19? Se Sergio Wehinger, director del Mag\u00edster en Ciencias Biom\u00e9dicas de la UTalca.<\/a><\/p><p>\u00a0<\/p><p><b>LA SEGUNDA<\/b><\/p><p><a style=\"font-style: inherit; font-weight: inherit; background-color: #ffffff; font-family: -apple-system, BlinkMacSystemFont,;\" href=\"https:\/\/www.litoralpress.cl\/paginaconsultas\/Servicios_NClip\/Get_Imagen_Nota.aspx?LPKey=FBXAQPHY5XRZN2LUWTR766VERVCEXSIWJKC5XDTEJZUMX3WFKQO2QR76QRRERCQGT4ZZZGABMXPTC\" target=\"_blank\" rel=\"noopener\">Las startups que buscan capitalizar la preocupaci\u00f3n por la seguridad. Se menciona a la UTalca.<\/a><\/p><p>\u00a0<\/p><p><b>LA PRENSA<\/b><\/p><p><a style=\"font-style: inherit; font-weight: inherit; background-color: #ffffff; font-family: -apple-system, BlinkMacSystemFont,;\" href=\"https:\/\/www.litoralpress.cl\/paginaconsultas\/Servicios_NClip\/Get_Imagen_Nota.aspx?LPKey=HMJRLOV6EK3GY2LRNBTHGLXTAV75YD6U2NLWUHSIFYJFXNRYIQCOTGYEIZKD6APF223JWHNCNJ4UY\" target=\"_blank\" rel=\"noopener\">En San Javier dieron comienzo a campa\u00f1a regional de testeo VIH. Se menciona a la UTalca.<\/a><\/p><p>\u00a0<\/p><p><b>CANAL MEGA<\/b><\/p><p><a style=\"font-style: inherit; font-weight: inherit; background-color: #ffffff; font-family: -apple-system, BlinkMacSystemFont,;\" href=\"https:\/\/www.litoralpress.cl\/sitio\/RadioTV_Detalles.cshtml?LPKey=Y6LRHR4QLWSN54DOHQB26L423U6T5YWQHJHLD5QYSRKT5ZA53FHQ\" target=\"_blank\" rel=\"noopener\">Partidos presionan a Sebasti\u00e1n Sichel para que entregue su apoyo a Jos\u00e9 Antonio Kast. Se refiere Mauricio Morales, director del Centro de An\u00e1lisis Pol\u00edtico (CAP) de la UTalca.<\/a><\/p><p>\u00a0<\/p><p><b>CANAL MEGA PLUS<\/b><\/p><p><a style=\"font-style: inherit; font-weight: inherit; background-color: #ffffff; font-family: -apple-system, BlinkMacSystemFont,;\" href=\"https:\/\/www.litoralpress.cl\/sitio\/RadioTV_Detalles.cshtml?LPKey=652ZUDUYEUXBMQGEOU5KS62ZHTWPOV2XKXMV2HNH42L3VA6UR6FA\" target=\"_blank\" rel=\"noopener\">Partidos presionan a Sebasti\u00e1n Sichel para que entregue su apoyo a Jos\u00e9 Antonio Kast. Se refiere Mauricio Morales, director del Centro de An\u00e1lisis Pol\u00edtico (CAP) de la UTalca.<\/a><\/p><p>\u00a0<\/p><p><b>RADIO ADN<\/b><\/p><p><a style=\"font-style: inherit; font-weight: inherit; background-color: #ffffff; font-family: -apple-system, BlinkMacSystemFont,;\" href=\"https:\/\/www.litoralpress.cl\/sitio\/RadioTV_Detalles.cshtml?LPKey=MHSIMPALYA32F66EZIKLMSM6VGCEOLEEBZ5EXFNWET2L5U3LTZFQ\" target=\"_blank\" rel=\"noopener\">Entrevista a Mauricio Morales, director del Centro de An\u00e1lisis Pol\u00edtico (CAP) de la UTalca.<\/a><\/p><p>\u00a0<\/p><p><b>CANAL MEGA<\/b><\/p><p><a style=\"font-style: inherit; font-weight: inherit; background-color: #ffffff; font-family: -apple-system, BlinkMacSystemFont,;\" href=\"https:\/\/www.litoralpress.cl\/sitio\/RadioTV_Detalles.cshtml?LPKey=UGHDD7BWURUHJMAAGI2FEDTEAFKGRN6EXPUTX6EHBMJL3ZAAOV4A\" target=\"_blank\" rel=\"noopener\">Jos\u00e9 Antonio Kast sum\u00f3 a Paula Daza y espera el apoyo de Sebasti\u00e1n Sichel. Se refiere Mauricio Morales, director del Centro de An\u00e1lisis Pol\u00edtico (CAP) de la UTalca.<\/a><\/p><p>\u00a0<\/p><p><b>THECLINIC.CL<\/b><\/p><p><a style=\"font-style: inherit; font-weight: inherit; background-color: #ffffff; font-family: -apple-system, BlinkMacSystemFont,;\" href=\"https:\/\/www.theclinic.cl\/2021\/11\/30\/tension-entre-paula-daza-y-votante-antivacuna-de-kast-cuatro-analistas-desmenuzan-el-nuevo-fichaje-del-abanderado-republicano\/\" target=\"_blank\" rel=\"noopener\">Tensi\u00f3n entre Paula Daza y votante antivacuna de Kast: cuatro analistas desmenuzan el nuevo fichaje del abanderado republicano. Se refiere Mauricio Morales, director del Centro de An\u00e1lisis Pol\u00edtico (CAP) de la UTalca.<\/a><\/p><p>\u00a0<\/p><p><b>LA PRENSA<\/b><\/p><p><a style=\"font-style: inherit; font-weight: inherit; background-color: #ffffff; font-family: -apple-system, BlinkMacSystemFont,;\" href=\"https:\/\/www.litoralpress.cl\/paginaconsultas\/Servicios_NClip\/Get_Imagen_Nota.aspx?LPKey=IUR5YM4ECX2H3UZDYCCLHWZM7B235ELKLHYOLDN2YQQEWHP74BBY7KPER4NSP227FJFRTA45IVLJG\" target=\"_blank\" rel=\"noopener\">\u201cKast o Boric ser\u00e1n gobernantes minoritarios si es que no forman alianzas con otras coaliciones\u201d. Se refiere Mario Herrera, acad\u00e9mico del Centro de An\u00e1lisis Pol\u00edtico (CAP) de la UTalca.<\/a><\/p><p>\u00a0<\/p><p><b>DIARIOLAPRENSA.CL<\/b><\/p><p><a style=\"font-style: inherit; font-weight: inherit; background-color: #ffffff; font-family: -apple-system, BlinkMacSystemFont,;\" href=\"https:\/\/new.diariolaprensa.cl\/index.php\/2021\/11\/30\/kast-o-boric-seran-gobernantes-minoritarios-si-es-que-no-forman-alianzas-con-otras-coaliciones\/\" target=\"_blank\" rel=\"noopener\">\u201cKast o Boric ser\u00e1n gobernantes minoritarios si es que no forman alianzas con otras coaliciones\u201d. Se refiere Mario Herrera, acad\u00e9mico del Centro de An\u00e1lisis Pol\u00edtico (CAP) de la UTalca.<\/a><\/p><p>\u00a0<\/p><p><b>EL HERALDO<\/b><\/p><p><a style=\"font-style: inherit; font-weight: inherit; background-color: #ffffff; font-family: -apple-system, BlinkMacSystemFont,;\" href=\"https:\/\/www.litoralpress.cl\/paginaconsultas\/Servicios_NClip\/Get_Imagen_Nota.aspx?LPKey=FMUZH6MXKC6BSUXJYF6SGMDC2ACYGV6UML2XGSQSV42QAOD7U57ND263C3RQIC23RWNS57XSWCU6O\" target=\"_blank\" rel=\"noopener\">Orquesta Sinf\u00f3nica Juvenil del Maule volvi\u00f3 a los escenarios con estreno mundial de obra sobre el cuidado del agua. Se menciona a la UTalca.<\/a><\/p><p>\u00a0<\/p><p><b>DIARIOELHERALDO.CL<\/b><\/p><p><a style=\"font-style: inherit; font-weight: inherit; background-color: #ffffff; font-family: -apple-system, BlinkMacSystemFont,;\" href=\"http:\/\/www.diarioelheraldo.cl\/noticia\/orquesta-sinfonica-juvenil-del-maule-volvio-a-los-escenarios-con-estreno-mundial-de-obra-sobre-el-cuidado-del-agua\" target=\"_blank\" rel=\"noopener\">Orquesta Sinf\u00f3nica Juvenil del Maule volvi\u00f3 a los escenarios con estreno mundial de obra sobre el cuidado del agua. Se menciona a la UTalca.<\/a><\/p><p>\u00a0<\/p><p><b>DIARIO TALCA<\/b><\/p><p><a style=\"font-style: inherit; font-weight: inherit; background-color: #ffffff; font-family: -apple-system, BlinkMacSystemFont,;\" href=\"https:\/\/www.litoralpress.cl\/sitio\/Prensa_PaginaCompleta.cshtml?LPKey=WNPY2U4JYGZB3DY4M3EEOQTA4ROOTHSYQ3LOIV43QO6YPBV2QTJQ\" target=\"_blank\" rel=\"noopener\">Daniel Barros Grez, apuntes sobre \u201cel Leonardo criollo\u201d. Se menciona Centro de Documentaci\u00f3n Patrimonial de la UTalca.<\/a><\/p>\t\t\t\t\t\t<\/div>\n\t\t\t\t<\/div>\n\t\t\t\t\t<\/div>\n\t\t<\/div>\n\t\t\t\t\t\t\t<\/div>\n\t\t<\/section>\n\t\t\t\t\t\t<\/div>\n\t\t\t\t\t<\/div>\n\t\t","protected":false},"excerpt":{"rendered":"<p>DIARIO TALCA Universidad de Talca retom\u00f3 movilidad Internacional. \u00a0 EL HERALDO Universidad de Talca retom\u00f3 movilidad Internacional. \u00a0 DIARIOELHERALDO.CL Universidad de Talca retom\u00f3 movilidad Internacional. \u00a0 ELMAULEINFORMA.CL Universidad de Talca retom\u00f3 movilidad Internacional. \u00a0 LANOTICIA.CL Universidad de Talca retom\u00f3 movilidad Internacional. \u00a0 CANAL CONTIVISI\u00d3N Estudiantes de Ingenier\u00eda Civil en obras de la Universidad de Talca &hellip;<\/p>\n<p class=\"read-more\"> <a class=\"\" href=\"https:\/\/www.reportedeprensa.utalca.cl\/?p=2547\"> <span class=\"screen-reader-text\">01 de diciembre de 2021<\/span> Read More &raquo;<\/a><\/p>\n","protected":false},"author":1,"featured_media":0,"comment_status":"closed","ping_status":"open","sticky":false,"template":"elementor_theme","format":"standard","meta":{"_monsterinsights_skip_tracking":false,"_monsterinsights_sitenote_active":false,"_monsterinsights_sitenote_note":"","_monsterinsights_sitenote_category":0},"categories":[15],"tags":[],"_links":{"self":[{"href":"https:\/\/www.reportedeprensa.utalca.cl\/index.php?rest_route=\/wp\/v2\/posts\/2547"}],"collection":[{"href":"https:\/\/www.reportedeprensa.utalca.cl\/index.php?rest_route=\/wp\/v2\/posts"}],"about":[{"href":"https:\/\/www.reportedeprensa.utalca.cl\/index.php?rest_route=\/wp\/v2\/types\/post"}],"author":[{"embeddable":true,"href":"https:\/\/www.reportedeprensa.utalca.cl\/index.php?rest_route=\/wp\/v2\/users\/1"}],"replies":[{"embeddable":true,"href":"https:\/\/www.reportedeprensa.utalca.cl\/index.php?rest_route=%2Fwp%2Fv2%2Fcomments&post=2547"}],"version-history":[{"count":4,"href":"https:\/\/www.reportedeprensa.utalca.cl\/index.php?rest_route=\/wp\/v2\/posts\/2547\/revisions"}],"predecessor-version":[{"id":2551,"href":"https:\/\/www.reportedeprensa.utalca.cl\/index.php?rest_route=\/wp\/v2\/posts\/2547\/revisions\/2551"}],"wp:attachment":[{"href":"https:\/\/www.reportedeprensa.utalca.cl\/index.php?rest_route=%2Fwp%2Fv2%2Fmedia&parent=2547"}],"wp:term":[{"taxonomy":"category","embeddable":true,"href":"https:\/\/www.reportedeprensa.utalca.cl\/index.php?rest_route=%2Fwp%2Fv2%2Fcategories&post=2547"},{"taxonomy":"post_tag","embeddable":true,"href":"https:\/\/www.reportedeprensa.utalca.cl\/index.php?rest_route=%2Fwp%2Fv2%2Ftags&post=2547"}],"curies":[{"name":"wp","href":"https:\/\/api.w.org\/{rel}","templated":true}]}}