{"id":2559,"date":"2021-12-02T09:08:12","date_gmt":"2021-12-02T12:08:12","guid":{"rendered":"https:\/\/www.reportedeprensa.utalca.cl\/?p=2559"},"modified":"2021-12-02T09:34:28","modified_gmt":"2021-12-02T12:34:28","slug":"02-de-diciembre-de-2021","status":"publish","type":"post","link":"https:\/\/www.reportedeprensa.utalca.cl\/?p=2559","title":{"rendered":"02 de diciembre de 2021"},"content":{"rendered":"\t\t<div data-elementor-type=\"wp-post\" data-elementor-id=\"2559\" class=\"elementor elementor-2559\" data-elementor-settings=\"[]\">\n\t\t\t\t\t\t\t<div class=\"elementor-section-wrap\">\n\t\t\t\t\t\t\t<section class=\"elementor-section elementor-top-section elementor-element elementor-element-a06ca45 elementor-section-boxed elementor-section-height-default elementor-section-height-default\" data-id=\"a06ca45\" data-element_type=\"section\">\n\t\t\t\t\t\t<div class=\"elementor-container elementor-column-gap-default\">\n\t\t\t\t\t<div class=\"elementor-column elementor-col-100 elementor-top-column elementor-element elementor-element-1486c35\" data-id=\"1486c35\" data-element_type=\"column\">\n\t\t\t<div class=\"elementor-widget-wrap elementor-element-populated\">\n\t\t\t\t\t\t\t\t<div class=\"elementor-element elementor-element-42b145e elementor-widget elementor-widget-text-editor\" data-id=\"42b145e\" data-element_type=\"widget\" data-widget_type=\"text-editor.default\">\n\t\t\t\t<div class=\"elementor-widget-container\">\n\t\t\t\t\t\t\t\t<p><b>CHILLANONLINE.CL<\/b><\/p><p><a style=\"font-style: inherit; font-weight: inherit; background-color: #ffffff; font-family: -apple-system, BlinkMacSystemFont,;\" href=\"https:\/\/www.chillanonline.cl\/V5\/utalca-apoya-proceso-formativo-de-estudiantes-en-situacion-de-discapacidad\/\" target=\"_blank\" rel=\"noopener\">UTalca apoya proceso formativo de estudiantes en situaci\u00f3n de discapacidad.<\/a><\/p><p>\u00a0<\/p><p><b>LAS \u00daLTIMAS NOTICIAS<\/b><\/p><p><a style=\"font-style: inherit; font-weight: inherit; background-color: #ffffff; font-family: -apple-system, BlinkMacSystemFont,;\" href=\"https:\/\/www.litoralpress.cl\/paginaconsultas\/Servicios_NClip\/Get_Imagen_Nota.aspx?LPKey=2TMJEDJJ7KAJE3LEFYAOWXQSJRPD4NNEEQ7WCBXO23FRWOWUJ7HBBU73IXZHYAYKI6ORPBO4ZRUQ6\" target=\"_blank\" rel=\"noopener\">Tabla: cu\u00e1les son las becas y ayudas estatales que entrega cada universidad. Se menciona a la UTalca.<\/a><\/p><p>\u00a0<\/p><p><b>CANAL TVN RED MAULE<\/b><\/p><p><a style=\"font-style: inherit; font-weight: inherit; background-color: #ffffff; font-family: -apple-system, BlinkMacSystemFont,;\" href=\"https:\/\/www.litoralpress.cl\/sitio\/RadioTV_Detalles.cshtml?LPKey=RZJMERJM5PMUANKAZS5ASQILICVNHEN55S7Q5QTJ4BPFQ4NVNFBQ\" target=\"_blank\" rel=\"noopener\">Informe de la Contralor\u00eda rechaz\u00f3 que municipios tengan la facultad para distribuir gas y rebajar el precio a sus vecinos. Se refiere Mar\u00eda Ignacia Sandoval, acad\u00e9mica del Centro de Estudios Constitucionales de Chile (CECOH) de la UTalca.<\/a><\/p><p>\u00a0<\/p><p><b>REDMAULE.COM<\/b><\/p><p><a style=\"font-style: inherit; font-weight: inherit; background-color: #ffffff; font-family: -apple-system, BlinkMacSystemFont,;\" href=\"https:\/\/www.redmaule.com\/regional\/podcast-desde-el-maule-iniciativa-destaca-proyectos-de-ciencia-y\" target=\"_blank\" rel=\"noopener\">Podcast desde el Maule: Iniciativa destaca proyectos de ciencia y tecnolog\u00eda en la regi\u00f3n. Se refiere Mauricio Arenas, acad\u00e9mico de la carrera de Ingenier\u00eda Civil en Bioinform\u00e1tica de la Universidad de Talca.<\/a><\/p><p>\u00a0<\/p><p><b>CHILLANONLINE.CL<\/b><\/p><p><a style=\"font-style: inherit; font-weight: inherit; background-color: #ffffff; font-family: -apple-system, BlinkMacSystemFont,;\" href=\"https:\/\/www.chillanonline.cl\/V5\/110014-2\/\" target=\"_blank\" rel=\"noopener\">Podcast desde el Maule: acad\u00e9mico UTalca habla sobre ciencia y tecnolog\u00eda que se genera en ese territorio. Se refiere Mauricio Arenas, acad\u00e9mico de la carrera de Ingenier\u00eda Civil en Bioinform\u00e1tica de la Universidad de Talca.<\/a><\/p><p>\u00a0<\/p><p><b>TVMAULE.CL<\/b><\/p><p><a style=\"font-style: inherit; font-weight: inherit; background-color: #ffffff; font-family: -apple-system, BlinkMacSystemFont,;\" href=\"https:\/\/www.tvmaule.cl\/incertidumbre-por-el-comportamiento-de-la-variante-omicron-de-covid-19\/\" target=\"_blank\" rel=\"noopener\">Incertidumbre por el comportamiento de la variante \u00d3micron de Covid-19. Se refiere Sergio Wehinger, director del Mag\u00edster en Ciencias Biom\u00e9dicas de la UTalca.<\/a><\/p><p>\u00a0<\/p><p><b>DIALOGOSUR.CL<\/b><\/p><p><a style=\"font-style: inherit; font-weight: inherit; background-color: #ffffff; font-family: -apple-system, BlinkMacSystemFont,;\" href=\"https:\/\/dialogosur.cl\/omicron-incertidumbre-respecto-al-comportamiento-de-la-nueva-variante-del-covid-19\/\" target=\"_blank\" rel=\"noopener\">\u00d3micron: incertidumbre respecto al comportamiento de la nueva variante del Covid-19. Se refiere Sergio Wehinger, director del Mag\u00edster en Ciencias Biom\u00e9dicas de la UTalca.<\/a><\/p><p>\u00a0<\/p><p><b>NORTEVISION.CL<\/b><\/p><p><a style=\"font-style: inherit; font-weight: inherit; background-color: #ffffff; font-family: -apple-system, BlinkMacSystemFont,;\" href=\"https:\/\/nortevision.cl\/2021\/12\/01\/omicron-incertidumbre-respecto-al-comportamiento-de-la-nueva-variante-del-covid-19\/\" target=\"_blank\" rel=\"noopener\">\u00d3micron: incertidumbre respecto al comportamiento de la nueva variante del Covid\u201d. Se refiere Sergio Wehinger, director del Mag\u00edster en Ciencias Biom\u00e9dicas de la UTalca.<\/a><\/p><p>\u00a0<\/p><p><b>VERITASCAPITUR.CL<\/b><\/p><p><a style=\"font-style: inherit; font-weight: inherit; background-color: #ffffff; font-family: -apple-system, BlinkMacSystemFont,;\" href=\"https:\/\/veritascapitur.cl\/nueva-variante-del-coronavirus-oms-la-denomina-omicron-y-advierte-que-es-preocupante\/\" target=\"_blank\" rel=\"noopener\">Nueva variante del Coronavirus: OMS la denomina \u201cOmicr\u00f3n\u201d y advierte que es \u201cpreocupante\u201d. Se refiere Sergio Wehinger, director del Mag\u00edster en Ciencias Biom\u00e9dicas de la UTalca.<\/a><\/p><p>\u00a0<\/p><p><b>RADIO LAUTARO<\/b><\/p><p><a style=\"font-style: inherit; font-weight: inherit; background-color: #ffffff; font-family: -apple-system, BlinkMacSystemFont,;\" href=\"https:\/\/www.litoralpress.cl\/sitio\/RadioTV_Detalles.cshtml?LPKey=6VKDBOUBMCFWQW4X5XRQOVEMCNQMR6ESOK5EAMSC242VZI6ZETIA\" target=\"_blank\" rel=\"noopener\">Entrevista a Daniel Jim\u00e9nez, director de Salud del Estudiante de la UTalca.<\/a><\/p><p>\u00a0<\/p><p><b>CANAL TV5<\/b><\/p><p><a style=\"font-style: inherit; font-weight: inherit; background-color: #ffffff; font-family: -apple-system, BlinkMacSystemFont,;\" href=\"https:\/\/www.litoralpress.cl\/sitio\/RadioTV_Detalles.cshtml?LPKey=CV6LH4QBT4DJMICDM3YMROMGZIWKKLCT7G7NAF4B2W6WQTLTJN4Q\" target=\"_blank\" rel=\"noopener\">Realizan testeo de VIH en el Maule. Se refiere Carla Toro, acad\u00e9mica de la Facultad de Ciencias de la Salud de la UTalca.<\/a><\/p><p>\u00a0<\/p><p><b>DIARIOTALCA.CL<\/b><\/p><p><a style=\"font-style: inherit; font-weight: inherit; background-color: #ffffff; font-family: -apple-system, BlinkMacSystemFont,;\" href=\"https:\/\/diariotalca.cl\/la-region-del-maule-es-la-tercera-con-mayor-aumento-de-casos-vih-en-migrantes-a-nivel-nacional\/\" target=\"_blank\" rel=\"noopener\">La Regi\u00f3n del Maule es la tercera con mayor aumento de casos VIH en migrantes a nivel nacional. Se menciona a la UTalca.<\/a><\/p><p>\u00a0<\/p><p><b>RADIO VLN<\/b><\/p><p><a style=\"font-style: inherit; font-weight: inherit; background-color: #ffffff; font-family: -apple-system, BlinkMacSystemFont,;\" href=\"https:\/\/www.litoralpress.cl\/sitio\/RadioTV_Detalles.cshtml?LPKey=RVVOX373DNWERAHOBPOIXGEZ6Z2BPFDS557LSLTWX53PKUNNGARQ\" target=\"_blank\" rel=\"noopener\">Entrevista a Mat\u00edas Gonz\u00e1lez, prevencionista de riesgos de la Universidad de Talca.<\/a><\/p><p>\u00a0<\/p><p><b>CANAL TVN RED MAULE<\/b><\/p><p><a style=\"font-style: inherit; font-weight: inherit; background-color: #ffffff; font-family: -apple-system, BlinkMacSystemFont,;\" href=\"https:\/\/www.litoralpress.cl\/sitio\/RadioTV_Detalles.cshtml?LPKey=DPR57OK7DN7NO3UBTCICQSV4XZNF6HCCLE43VS45XFUDC2WPHSPA\" target=\"_blank\" rel=\"noopener\">Vecinos de Talca denuncian ruidos molestos y malos olores de sitio colindante. Se refiere Diego Palomo, acad\u00e9mico de la Facultad de Ciencias Jur\u00eddicas y Sociales de la UTalca.<\/a><\/p><p>\u00a0<\/p><p><b>LA ESTRELLA DE CHILO\u00c9<\/b><\/p><p><a style=\"font-style: inherit; font-weight: inherit; background-color: #ffffff; font-family: -apple-system, BlinkMacSystemFont,;\" href=\"https:\/\/www.litoralpress.cl\/paginaconsultas\/Servicios_NClip\/Get_Imagen_Nota.aspx?LPKey=QMQYW6R45PBXEUUTETKH7V6FDXC4FEHTDR4ZLP67H4N6TPFUY2XDGYZR2BPNQ2KHWXDQQUVZWAXR4\" target=\"_blank\" rel=\"noopener\">Streaming y caf\u00e9: los cinco gastos hormiga que m\u00e1s hacen perder dinero. Se menciona estudio de la UTalca.<\/a><\/p><p>\u00a0<\/p><p><b>CANAL TVN<\/b><\/p><p><a style=\"font-style: inherit; font-weight: inherit; background-color: #ffffff; font-family: -apple-system, BlinkMacSystemFont,;\" href=\"https:\/\/www.litoralpress.cl\/sitio\/RadioTV_Detalles.cshtml?LPKey=FR2VUEOJSC4JTEUYBKQFAAHTKY4TM4BKETWOS4X73575XSJBMBCA\" target=\"_blank\" rel=\"noopener\">Gabriel Boric busca apoyos en el norte. Se refiere Mauricio Morales, director del Centro de An\u00e1lisis Pol\u00edtico (CAP) de la UTalca.<\/a><\/p><p>\u00a0<\/p><p><b>CANAL 24 HORAS<\/b><\/p><p><a style=\"font-style: inherit; font-weight: inherit; background-color: #ffffff; font-family: -apple-system, BlinkMacSystemFont,;\" href=\"https:\/\/www.litoralpress.cl\/sitio\/RadioTV_Detalles.cshtml?LPKey=6S56EWOERJWP6HIABARGWHM3F3LSZD2KIQEZGFN4L7CJ4QUYL3EQ\" target=\"_blank\" rel=\"noopener\">Gabriel Boric busca apoyos en el norte y su programa econ\u00f3mico fue criticado por Parisi. Se refiere Mauricio Morales, director del Centro de An\u00e1lisis Pol\u00edtico (CAP) de la UTalca.<\/a><\/p><p>\u00a0<\/p><p><b>CANAL TVN<\/b><\/p><p><a style=\"font-style: inherit; font-weight: inherit; background-color: #ffffff; font-family: -apple-system, BlinkMacSystemFont,;\" href=\"https:\/\/www.litoralpress.cl\/sitio\/RadioTV_Detalles.cshtml?LPKey=D4P44NFSYQWEL7DDJFG5PZCKFDO2ICYJ7HO2EUW3DG4XOSYGKMSA\" target=\"_blank\" rel=\"noopener\">Gabriel Boric busca apoyos en el norte y su programa econ\u00f3mico fue criticado por Parisi. Se refiere Mauricio Morales, director del Centro de An\u00e1lisis Pol\u00edtico (CAP) de la UTalca.<\/a><\/p><p>\u00a0<\/p><p><b>CANAL MEGA PLUS<\/b><\/p><p><a style=\"font-style: inherit; font-weight: inherit; background-color: #ffffff; font-family: -apple-system, BlinkMacSystemFont,;\" href=\"https:\/\/www.litoralpress.cl\/sitio\/RadioTV_Detalles.cshtml?LPKey=FCRQYIYFPVQARLVZDWBVBMDVW32WHP7XAT6FPUHC5HXOCKEXNTWA\" target=\"_blank\" rel=\"noopener\">Entrevista a Mario Herrera, acad\u00e9mico del Centro de An\u00e1lisis Pol\u00edtico (CAP) de la UTalca.<\/a><\/p><p>\u00a0<\/p><p><b>CANAL TVN<\/b><\/p><p><a style=\"font-style: inherit; font-weight: inherit; background-color: #ffffff; font-family: -apple-system, BlinkMacSystemFont,;\" href=\"https:\/\/www.litoralpress.cl\/sitio\/RadioTV_Detalles.cshtml?LPKey=3FE4V75F4IHUIXX62Y5USIMDWUIDOE7EORB263UA4GEGJSGWUEIQ\" target=\"_blank\" rel=\"noopener\">Las mujeres fuertes dentro de las campa\u00f1as presidenciales. Se refiere Mauricio Morales, director del Centro de An\u00e1lisis Pol\u00edtico (CAP) de la UTalca.<\/a><\/p><p>\u00a0<\/p><p><b>CANAL TVN<\/b><\/p><p><a style=\"font-style: inherit; font-weight: inherit; background-color: #ffffff; font-family: -apple-system, BlinkMacSystemFont,;\" href=\"https:\/\/www.litoralpress.cl\/sitio\/RadioTV_Detalles.cshtml?LPKey=E7H6OQBFMQX26EIQOW6AOYIFFKAFDV3LP3YL32JZBHR7GWA3M24Q\" target=\"_blank\" rel=\"noopener\">Gabriel Boric se reuni\u00f3 con la CPC. Se refiere Mauricio Morales, director del Centro de An\u00e1lisis Pol\u00edtico (CAP) de la UTalca.<\/a><\/p><p>\u00a0<\/p><p><b>LA SEGUNDA<\/b><\/p><p><a style=\"font-style: inherit; font-weight: inherit; background-color: #ffffff; font-family: -apple-system, BlinkMacSystemFont,;\" href=\"https:\/\/www.litoralpress.cl\/sitio\/Prensa_PaginaCompleta.cshtml?LPKey=ZOAWHSCUE2G7RR44M2UWKU3ARUICE52IR6HAS6R3DWVGU3R4CPYQ\" target=\"_blank\" rel=\"noopener\">La tensi\u00f3n entre los asesores econ\u00f3micos y Boric por el 4to. Retiro. Se refiere Mauricio Morales, director del Centro de An\u00e1lisis Pol\u00edtico (CAP) de la UTalca.<\/a><\/p><p>\u00a0<\/p><p><b>RADIO.UCHILE.CL<\/b><\/p><p><a style=\"font-style: inherit; font-weight: inherit; background-color: #ffffff; font-family: -apple-system, BlinkMacSystemFont,;\" href=\"https:\/\/radio.uchile.cl\/2021\/12\/01\/los-nuevos-flancos-que-se-abren-en-la-candidatura-de-jose-antonio-kast-tras-petitorio-de-sebastian-sichel\/\" target=\"_blank\" rel=\"noopener\">Los nuevos flancos que se abren en la candidatura de Jos\u00e9 Antonio Kast tras petitorio de Sebasti\u00e1n Sichel. Se refiere Mario Herrera, acad\u00e9mico del Centro de An\u00e1lisis Pol\u00edtico (CAP) de la UTalca.<\/a><\/p><p>\u00a0<\/p><p><b>ENLINEAMAULE.CL<\/b><\/p><p><a style=\"font-style: inherit; font-weight: inherit; background-color: #ffffff; font-family: -apple-system, BlinkMacSystemFont,;\" href=\"https:\/\/www.litoralpress.cl\/sitio\/RadioTV_Detalles.cshtml?LPKey=XDT4T6K3EANERELX74QQW7AIM6367CD3NHPSHDICXL4SL73OQB6A\" target=\"_blank\" rel=\"noopener\">An\u00e1lisis de campa\u00f1a de segunda vuelta presidencial. Se refiere Mario Herrera, acad\u00e9mico del Centro de An\u00e1lisis Pol\u00edtico (CAP) de la UTalca.<\/a><\/p>\t\t\t\t\t\t<\/div>\n\t\t\t\t<\/div>\n\t\t\t\t\t<\/div>\n\t\t<\/div>\n\t\t\t\t\t\t\t<\/div>\n\t\t<\/section>\n\t\t\t\t\t\t<\/div>\n\t\t\t\t\t<\/div>\n\t\t","protected":false},"excerpt":{"rendered":"<p>CHILLANONLINE.CL UTalca apoya proceso formativo de estudiantes en situaci\u00f3n de discapacidad. \u00a0 LAS \u00daLTIMAS NOTICIAS Tabla: cu\u00e1les son las becas y ayudas estatales que entrega cada universidad. Se menciona a la UTalca. \u00a0 CANAL TVN RED MAULE Informe de la Contralor\u00eda rechaz\u00f3 que municipios tengan la facultad para distribuir gas y rebajar el precio a &hellip;<\/p>\n<p class=\"read-more\"> <a class=\"\" href=\"https:\/\/www.reportedeprensa.utalca.cl\/?p=2559\"> <span class=\"screen-reader-text\">02 de diciembre de 2021<\/span> Read More &raquo;<\/a><\/p>\n","protected":false},"author":1,"featured_media":0,"comment_status":"closed","ping_status":"open","sticky":false,"template":"elementor_theme","format":"standard","meta":{"_monsterinsights_skip_tracking":false,"_monsterinsights_sitenote_active":false,"_monsterinsights_sitenote_note":"","_monsterinsights_sitenote_category":0},"categories":[15],"tags":[],"_links":{"self":[{"href":"https:\/\/www.reportedeprensa.utalca.cl\/index.php?rest_route=\/wp\/v2\/posts\/2559"}],"collection":[{"href":"https:\/\/www.reportedeprensa.utalca.cl\/index.php?rest_route=\/wp\/v2\/posts"}],"about":[{"href":"https:\/\/www.reportedeprensa.utalca.cl\/index.php?rest_route=\/wp\/v2\/types\/post"}],"author":[{"embeddable":true,"href":"https:\/\/www.reportedeprensa.utalca.cl\/index.php?rest_route=\/wp\/v2\/users\/1"}],"replies":[{"embeddable":true,"href":"https:\/\/www.reportedeprensa.utalca.cl\/index.php?rest_route=%2Fwp%2Fv2%2Fcomments&post=2559"}],"version-history":[{"count":4,"href":"https:\/\/www.reportedeprensa.utalca.cl\/index.php?rest_route=\/wp\/v2\/posts\/2559\/revisions"}],"predecessor-version":[{"id":2563,"href":"https:\/\/www.reportedeprensa.utalca.cl\/index.php?rest_route=\/wp\/v2\/posts\/2559\/revisions\/2563"}],"wp:attachment":[{"href":"https:\/\/www.reportedeprensa.utalca.cl\/index.php?rest_route=%2Fwp%2Fv2%2Fmedia&parent=2559"}],"wp:term":[{"taxonomy":"category","embeddable":true,"href":"https:\/\/www.reportedeprensa.utalca.cl\/index.php?rest_route=%2Fwp%2Fv2%2Fcategories&post=2559"},{"taxonomy":"post_tag","embeddable":true,"href":"https:\/\/www.reportedeprensa.utalca.cl\/index.php?rest_route=%2Fwp%2Fv2%2Ftags&post=2559"}],"curies":[{"name":"wp","href":"https:\/\/api.w.org\/{rel}","templated":true}]}}