{"id":2571,"date":"2021-12-03T09:05:01","date_gmt":"2021-12-03T12:05:01","guid":{"rendered":"https:\/\/www.reportedeprensa.utalca.cl\/?p=2571"},"modified":"2021-12-03T09:21:38","modified_gmt":"2021-12-03T12:21:38","slug":"03-de-diciembre-de-2021","status":"publish","type":"post","link":"https:\/\/www.reportedeprensa.utalca.cl\/?p=2571","title":{"rendered":"03 de diciembre de 2021"},"content":{"rendered":"\t\t<div data-elementor-type=\"wp-post\" data-elementor-id=\"2571\" class=\"elementor elementor-2571\" data-elementor-settings=\"[]\">\n\t\t\t\t\t\t\t<div class=\"elementor-section-wrap\">\n\t\t\t\t\t\t\t<section class=\"elementor-section elementor-top-section elementor-element elementor-element-a06ca45 elementor-section-boxed elementor-section-height-default elementor-section-height-default\" data-id=\"a06ca45\" data-element_type=\"section\">\n\t\t\t\t\t\t<div class=\"elementor-container elementor-column-gap-default\">\n\t\t\t\t\t<div class=\"elementor-column elementor-col-100 elementor-top-column elementor-element elementor-element-1486c35\" data-id=\"1486c35\" data-element_type=\"column\">\n\t\t\t<div class=\"elementor-widget-wrap elementor-element-populated\">\n\t\t\t\t\t\t\t\t<div class=\"elementor-element elementor-element-42b145e elementor-widget elementor-widget-text-editor\" data-id=\"42b145e\" data-element_type=\"widget\" data-widget_type=\"text-editor.default\">\n\t\t\t\t<div class=\"elementor-widget-container\">\n\t\t\t\t\t\t\t\t<p><b>UNIVERSIDADESESTATALES.CL<\/b><\/p><p><a style=\"font-style: inherit; font-weight: inherit; background-color: #ffffff; font-family: -apple-system, BlinkMacSystemFont,;\" href=\"http:\/\/www.universidadesestatales.cl\/cue\/?q=node\/9337\" target=\"_blank\" rel=\"noopener\">UTalca apoya proceso formativo de estudiantes en situaci\u00f3n de discapacidad.<\/a><\/p><p>\u00a0<\/p><p><b>PORTALEDUCACION.CL<\/b><\/p><p><a style=\"font-style: inherit; font-weight: inherit; background-color: #ffffff; font-family: -apple-system, BlinkMacSystemFont,;\" href=\"https:\/\/portaleducacion.cl\/index.php\/2021\/12\/02\/universidad-de-talca-apoya-proceso-formativo-de-estudiantes-en-situacion-de-discapacidad\/\" target=\"_blank\" rel=\"noopener\">Universidad de Talca apoya proceso formativo de estudiantes en situaci\u00f3n de discapacidad.<\/a><\/p><p>\u00a0<\/p><p><b>ELMAULEINFORMA.CL<\/b><\/p><p><a style=\"font-style: inherit; font-weight: inherit; background-color: #ffffff; font-family: -apple-system, BlinkMacSystemFont,;\" href=\"https:\/\/elmauleinforma.cl\/utalca-apoya-proceso-formativo-de-estudiantes-en-situacion-de-discapacidad\/\" target=\"_blank\" rel=\"noopener\">UTalca apoya proceso formativo de estudiantes en situaci\u00f3n de discapacidad.<\/a><\/p><p>\u00a0<\/p><p><b>RADIO FUTURO<\/b><\/p><p><a style=\"font-style: inherit; font-weight: inherit; background-color: #ffffff; font-family: -apple-system, BlinkMacSystemFont,;\" href=\"https:\/\/www.litoralpress.cl\/sitio\/RadioTV_Detalles.cshtml?LPKey=NXABYG3NZCDYOMNROV6BZ5JGRG7JBDJWHR3QC7Y62LVLASEOLG7Q\" target=\"_blank\" rel=\"noopener\">Entrevista a Sergio Wehinger, director del Mag\u00edster en Ciencias Biom\u00e9dicas de la Universidad de Talca.<\/a><\/p><p>\u00a0<\/p><p><b>LA PRENSA<\/b><\/p><p><a style=\"font-style: inherit; font-weight: inherit; background-color: #ffffff; font-family: -apple-system, BlinkMacSystemFont,;\" href=\"https:\/\/www.litoralpress.cl\/paginaconsultas\/Servicios_NClip\/Get_Imagen_Nota.aspx?LPKey=524B45TH6HGPTMNL5KT2UMG2Z6M4MBZU4OSONA73SCJ6DJWDZGS7FEMAGOVDLFHNH346VSNBT2SG2\" target=\"_blank\" rel=\"noopener\">Experto explica caracter\u00edsticas de variante \u201c\u00d3micron\u201d. Se refiere Sergio Wehinger, director del Mag\u00edster en Ciencias Biom\u00e9dicas de la Universidad de Talca.<\/a><\/p><p>\u00a0<\/p><p><b>AURORADELMAULE.CL<\/b><\/p><p><a style=\"font-style: inherit; font-weight: inherit; background-color: #ffffff; font-family: -apple-system, BlinkMacSystemFont,;\" href=\"https:\/\/auroradelmaule.cl\/2021\/12\/02\/omicron-incertidumbre-respecto-al-comportamiento-de-la-nueva-variante-del-covid-19\/\" target=\"_blank\" rel=\"noopener\">\u00d3micron: incertidumbre respecto al comportamiento de la nueva variante del Covid-19. Se refiere Sergio Wehinger, director del Mag\u00edster en Ciencias Biom\u00e9dicas de la Universidad de Talca.<\/a><\/p><p>\u00a0<\/p><p><b>LAS \u00daLTIMAS NOTICIAS<\/b><\/p><p><a style=\"font-style: inherit; font-weight: inherit; background-color: #ffffff; font-family: -apple-system, BlinkMacSystemFont,;\" href=\"https:\/\/www.litoralpress.cl\/paginaconsultas\/Servicios_NClip\/Get_Imagen_Nota.aspx?LPKey=2P3KRFO5NHNMQUXCNKUDK6ILX7M5SXIX7INOJKHCILXZQ4THZ5FYFJU7U7DLNPRL6DEZQT6VTUNUA\" target=\"_blank\" rel=\"noopener\">\u00bfA qu\u00e9 hora es mejor abrir las ventanas durante la ola de calor? Se refiere Mar\u00eda Luisa del Campo, directora del Centro Tecnol\u00f3gico Kipus de la UTalca.<\/a><\/p><p>\u00a0<\/p><p><b>LA PRENSA<\/b><\/p><p><a style=\"font-style: inherit; font-weight: inherit; background-color: #ffffff; font-family: -apple-system, BlinkMacSystemFont,;\" href=\"https:\/\/www.litoralpress.cl\/paginaconsultas\/Servicios_NClip\/Get_Imagen_Nota.aspx?LPKey=S7FG6ZRB4ECX3HSVJOL656TLGRJ5UMKLHW5DXFVAFOQ6IWHNITHY6F5TVPE6MCKFNFXOFX4ZKRFWE\" target=\"_blank\" rel=\"noopener\">De la Facultad de Ingenier\u00eda de la UTalca: Impecable ceremonia de titulaci\u00f3n de nuevos ingenieros civiles en computaci\u00f3n.<\/a><\/p><p>\u00a0<\/p><p><b>RADIO FUTURA<\/b><\/p><p><a style=\"font-style: inherit; font-weight: inherit; background-color: #ffffff; font-family: -apple-system, BlinkMacSystemFont,;\" href=\"https:\/\/www.litoralpress.cl\/sitio\/RadioTV_Detalles.cshtml?LPKey=OFYGGA4XJWQ66DX6KIR4QCY3X3IXAEDIX6MRNGY5XQ7M7ZWRLSLQ\" target=\"_blank\" rel=\"noopener\">Entrevista Cristian Rojas, decano de la Facultad de Ciencias de la Educaci\u00f3n de la UTalca.<\/a><\/p><p>\u00a0<\/p><p><b>ADNRADIO.CL<\/b><\/p><p><a style=\"font-style: inherit; font-weight: inherit; background-color: #ffffff; font-family: -apple-system, BlinkMacSystemFont,;\" href=\"https:\/\/www.adnradio.cl\/nacional\/2021\/12\/02\/ola-de-calor-se-registrara-durante-los-proximos-dias-en-la-zona-centro-sur-temperaturas-alcanzarian-los-38c.html\" target=\"_blank\" rel=\"noopener\">Ola de calor se registrar\u00e1 durante los pr\u00f3ximos d\u00edas en la zona centro-sur: temperaturas alcanzar\u00edan los 38\u00b0C. Se refiere Patricio Gonz\u00e1lez, agroclimat\u00f3logo de la UTalca.<\/a><\/p><p>\u00a0<\/p><p><b>DIARIOUSACH.CL<\/b><\/p><p><a style=\"font-style: inherit; font-weight: inherit; background-color: #ffffff; font-family: -apple-system, BlinkMacSystemFont,;\" href=\"https:\/\/diariousach.cl\/ojo-a-la-ola-de-calor-temperatura-en-valle-central-podria-llegar-hasta\" target=\"_blank\" rel=\"noopener\">Ojo a la ola de calor: Temperatura en valle central podr\u00eda llegar hasta los 39\u00b0 C los pr\u00f3ximos d\u00edas. Se refiere Patricio Gonz\u00e1lez, agroclimat\u00f3logo de la UTalca.<\/a><\/p><p>\u00a0<\/p><p><b>DIARIOTALCA.CL<\/b><\/p><p><a style=\"font-style: inherit; font-weight: inherit; background-color: #ffffff; font-family: -apple-system, BlinkMacSystemFont,;\" href=\"https:\/\/diariotalca.cl\/advierten-ola-de-calor-para-este-fin-de-semana-con-temperaturas-de-39\/\" target=\"_blank\" rel=\"noopener\">Advierten \u00abola de calor\u00bb para este fin de semana con temperaturas de 39\u00b0. Se refiere Patricio Gonz\u00e1lez, agroclimat\u00f3logo de la UTalca.<\/a><\/p><p>\u00a0<\/p><p><b>REDMAULE.COM<\/b><\/p><p><a style=\"font-style: inherit; font-weight: inherit; background-color: #ffffff; font-family: -apple-system, BlinkMacSystemFont,;\" href=\"https:\/\/www.redmaule.com\/nacional\/temperatura-en-valle-central-podria-llegar-hasta-los-39-c-los-proximos\" target=\"_blank\" rel=\"noopener\">Temperatura en valle central podr\u00eda llegar hasta los 39\u00b0 C los pr\u00f3ximos d\u00edas. Se refiere Patricio Gonz\u00e1lez, agroclimat\u00f3logo de la UTalca.<\/a><\/p><p>\u00a0<\/p><p><b>TVMAULE.CL<\/b><\/p><p><a style=\"font-style: inherit; font-weight: inherit; background-color: #ffffff; font-family: -apple-system, BlinkMacSystemFont,;\" href=\"https:\/\/www.tvmaule.cl\/ola-de-calor-con-temperaturas-cercanas-a-los-40-afectara-a-la-region-los-proximos-dias\/\" target=\"_blank\" rel=\"noopener\">Ola de calor con temperaturas cercanas a los 40\u00b0C afectar\u00e1 a la regi\u00f3n los pr\u00f3ximos d\u00edas. Se refiere Patricio Gonz\u00e1lez, agroclimat\u00f3logo de la UTalca.<\/a><\/p><p>\u00a0<\/p><p><b>ELMAULEINFORMA.CL<\/b><\/p><p><a style=\"font-style: inherit; font-weight: inherit; background-color: #ffffff; font-family: -apple-system, BlinkMacSystemFont,;\" href=\"https:\/\/elmauleinforma.cl\/ola-de-calor-en-la-region-podria-llegar-a-los-39-grados-este-fin-de-semana\/\" target=\"_blank\" rel=\"noopener\">Ola de calor en la regi\u00f3n podr\u00eda llegar a los 39 grados este fin de semana. Se refiere Patricio Gonz\u00e1lez, agroclimat\u00f3logo de la UTalca.<\/a><\/p><p>\u00a0<\/p><p><b>TALCACAPITAL.CL<\/b><\/p><p><a style=\"font-style: inherit; font-weight: inherit; background-color: #ffffff; font-family: -apple-system, BlinkMacSystemFont,;\" href=\"https:\/\/talcacapital.cl\/temperaturas-podrian-llegar-a-los-39c-en-el-maule-en-los-proximos-dias\/\" target=\"_blank\" rel=\"noopener\">Temperaturas podr\u00edan llegar a los 39\u00b0C en el Maule en los pr\u00f3ximos d\u00edas. Se refiere Patricio Gonz\u00e1lez, agroclimat\u00f3logo de la UTalca.<\/a><\/p><p>\u00a0<\/p><p><b>PAGINA7.CL<\/b><\/p><p><a style=\"font-style: inherit; font-weight: inherit; background-color: #ffffff; font-family: -apple-system, BlinkMacSystemFont,;\" href=\"https:\/\/www.pagina7.cl\/notas\/actualidad\/2021\/12\/02\/temperatura-en-valle-central-podria-llegar-hasta-los-39c-los-proximos-dias.shtml\" target=\"_blank\" rel=\"noopener\">Temperatura en valle central podr\u00eda llegar hasta los 39\u00b0C los pr\u00f3ximos d\u00edas. Se refiere Patricio Gonz\u00e1lez, agroclimat\u00f3logo de la UTalca.<\/a><\/p><p>\u00a0<\/p><p><b>LATRIBUNADECOLCHAGUA.CL<\/b><\/p><p><a style=\"font-style: inherit; font-weight: inherit; background-color: #ffffff; font-family: -apple-system, BlinkMacSystemFont,;\" href=\"http:\/\/www.latribunadecolchagua.cl\/2021\/12\/02\/temperatura-en-valle-central-podria-llegar-hasta-los-39c-los-proximos-dias\/\" target=\"_blank\" rel=\"noopener\">Temperatura en valle central podr\u00eda llegar hasta los 39\u00ba los pr\u00f3ximos d\u00edas. Se refiere Patricio Gonz\u00e1lez, agroclimat\u00f3logo de la UTalca.<\/a><\/p><p>\u00a0<\/p><p><b>G5NOTICIAS.CL<\/b><\/p><p><a style=\"font-style: inherit; font-weight: inherit; background-color: #ffffff; font-family: -apple-system, BlinkMacSystemFont,;\" href=\"https:\/\/g5noticias.cl\/2021\/12\/02\/temperatura-en-valle-central-podria-llegar-hasta-los-39o-los-proximos-dias\/\" target=\"_blank\" rel=\"noopener\">Temperatura en valle central podr\u00eda llegar hasta los 39\u00ba los pr\u00f3ximos d\u00edas. Se refiere Patricio Gonz\u00e1lez, agroclimat\u00f3logo de la UTalca.<\/a><\/p><p>\u00a0<\/p><p><b>MAULEHOY.CL<\/b><\/p><p><a style=\"font-style: inherit; font-weight: inherit; background-color: #ffffff; font-family: -apple-system, BlinkMacSystemFont,;\" href=\"https:\/\/maulehoy.cl\/2021\/12\/02\/fundacion-sida-maule-da-inicio-a-campana-regional-de-testeo-de-vih\/\" target=\"_blank\" rel=\"noopener\">Fundaci\u00f3n SIDA Maule da inicio a campa\u00f1a regional de testeo de VIH. Se menciona a la UTalca.<\/a><\/p><p>\u00a0<\/p><p><b>CANAL MEGA<\/b><\/p><p><a style=\"font-style: inherit; font-weight: inherit; background-color: #ffffff; font-family: -apple-system, BlinkMacSystemFont,;\" href=\"https:\/\/www.litoralpress.cl\/sitio\/RadioTV_Detalles.cshtml?LPKey=CKJJIDOSXRB6BQGOC6YXXI4K67HVR3KINKR5RXFJ6X5JKPZY7R2Q\" target=\"_blank\" rel=\"noopener\">Entrevista a Mauricio Morales, director del Centro de An\u00e1lisis Pol\u00edtico (CAP) de la UTalca.<\/a><\/p><p>\u00a0<\/p><p><b>RADIO COOPERATIVA<\/b><\/p><p><a style=\"font-style: inherit; font-weight: inherit; background-color: #ffffff; font-family: -apple-system, BlinkMacSystemFont,;\" href=\"https:\/\/www.litoralpress.cl\/sitio\/RadioTV_Detalles.cshtml?LPKey=YDXLU4VWKGNDAPYX5V3NMRM2F6BOST2ATCCDYG3223KN7AMOKPSQ\" target=\"_blank\" rel=\"noopener\">Los dos candidatos presidenciales participar\u00e1n de la transmisi\u00f3n de Franco Parisi este fin de semana. Se refiere Mauricio Morales, director del Centro de An\u00e1lisis Pol\u00edtico (CAP) de la UTalca.<\/a><\/p><p>\u00a0<\/p><p><b>PUBLIMETRO<\/b><\/p><p><a style=\"font-style: inherit; font-weight: inherit; background-color: #ffffff; font-family: -apple-system, BlinkMacSystemFont,;\" href=\"https:\/\/www.litoralpress.cl\/paginaconsultas\/Servicios_NClip\/Get_Imagen_Nota.aspx?LPKey=DXSXPR4J4W5ZYLIVFYOLHYALSH5TL2245ETO4GQW4OIOTWHRHG5UTJ73U5UQN4I7PWR2BFVYR5SDG\" target=\"_blank\" rel=\"noopener\">\u00bfA qui\u00e9n le hablan Boric y Kast a dos semanas de la elecci\u00f3n? Se refiere Mauricio Morales, director del Centro de An\u00e1lisis Pol\u00edtico (CAP) de la UTalca.<\/a><\/p><p>\u00a0<\/p><p><b>EX \u2013 ANTE.CL<\/b><\/p><p><a style=\"font-style: inherit; font-weight: inherit; background-color: #ffffff; font-family: -apple-system, BlinkMacSystemFont,;\" href=\"https:\/\/www.ex-ante.cl\/el-perfil-del-votante-de-parisi-en-primera-vuelta-segun-estudio-de-criteria\/\" target=\"_blank\" rel=\"noopener\">El perfil del votante de Parisi en primera vuelta seg\u00fan estudio de Criteria. Se refiere Mauricio Morales, director del Centro de An\u00e1lisis Pol\u00edtico de la UTalca.<\/a><\/p><p>\u00a0<\/p><p><b>LA DISCUSI\u00d3N<\/b><\/p><p><a style=\"font-style: inherit; font-weight: inherit; background-color: #ffffff; font-family: -apple-system, BlinkMacSystemFont,;\" href=\"https:\/\/www.litoralpress.cl\/paginaconsultas\/Servicios_NClip\/Get_Imagen_Nota.aspx?LPKey=EW7WHPIC22IWIWB7IWPUZ6HHE4SYQAHSWU7CUOH3FGWZT4KBYROBGCKQCV2PYFBJJFVKTMTFHREDC\" target=\"_blank\" rel=\"noopener\">Entregan informe Fondart para velar por el cuidado del Conjunto Franciscano. Se menciona a la UTalca.<\/a><\/p><p>\u00a0<\/p><p><b>LADISCUSION.CL<\/b><\/p><p><a style=\"font-style: inherit; font-weight: inherit; background-color: #ffffff; font-family: -apple-system, BlinkMacSystemFont,;\" href=\"https:\/\/www.ladiscusion.cl\/entregan-informe-fondart-para-velar-por-el-cuidado-del-conjunto-franciscano\/\" target=\"_blank\" rel=\"noopener\">Entregan informe Fondart para velar por el cuidado del Conjunto Franciscano. Se menciona a la UTalca.<\/a><\/p><p>\u00a0<\/p><p><b>ELMAULEINFORMA.CL<\/b><\/p><p><a style=\"font-style: inherit; font-weight: inherit; background-color: #ffffff; font-family: -apple-system, BlinkMacSystemFont,;\" href=\"https:\/\/elmauleinforma.cl\/exitosa-jornada-de-buenas-practicas-en-hospitales-maulinos-y-direccion-del-servicio-de-salud-maule\/\" target=\"_blank\" rel=\"noopener\">Exitosa Jornada de Buenas Pr\u00e1cticas en Hospitales Maulinos y Direcci\u00f3n del Servicio de Salud Maule. Se menciona al Centro de Extensi\u00f3n de la UTalca.<\/a><\/p>\t\t\t\t\t\t<\/div>\n\t\t\t\t<\/div>\n\t\t\t\t\t<\/div>\n\t\t<\/div>\n\t\t\t\t\t\t\t<\/div>\n\t\t<\/section>\n\t\t\t\t\t\t<\/div>\n\t\t\t\t\t<\/div>\n\t\t","protected":false},"excerpt":{"rendered":"<p>UNIVERSIDADESESTATALES.CL UTalca apoya proceso formativo de estudiantes en situaci\u00f3n de discapacidad. \u00a0 PORTALEDUCACION.CL Universidad de Talca apoya proceso formativo de estudiantes en situaci\u00f3n de discapacidad. \u00a0 ELMAULEINFORMA.CL UTalca apoya proceso formativo de estudiantes en situaci\u00f3n de discapacidad. \u00a0 RADIO FUTURO Entrevista a Sergio Wehinger, director del Mag\u00edster en Ciencias Biom\u00e9dicas de la Universidad de Talca. &hellip;<\/p>\n<p class=\"read-more\"> <a class=\"\" href=\"https:\/\/www.reportedeprensa.utalca.cl\/?p=2571\"> <span class=\"screen-reader-text\">03 de diciembre de 2021<\/span> Read More &raquo;<\/a><\/p>\n","protected":false},"author":1,"featured_media":0,"comment_status":"closed","ping_status":"open","sticky":false,"template":"elementor_theme","format":"standard","meta":{"_monsterinsights_skip_tracking":false,"_monsterinsights_sitenote_active":false,"_monsterinsights_sitenote_note":"","_monsterinsights_sitenote_category":0},"categories":[15],"tags":[],"_links":{"self":[{"href":"https:\/\/www.reportedeprensa.utalca.cl\/index.php?rest_route=\/wp\/v2\/posts\/2571"}],"collection":[{"href":"https:\/\/www.reportedeprensa.utalca.cl\/index.php?rest_route=\/wp\/v2\/posts"}],"about":[{"href":"https:\/\/www.reportedeprensa.utalca.cl\/index.php?rest_route=\/wp\/v2\/types\/post"}],"author":[{"embeddable":true,"href":"https:\/\/www.reportedeprensa.utalca.cl\/index.php?rest_route=\/wp\/v2\/users\/1"}],"replies":[{"embeddable":true,"href":"https:\/\/www.reportedeprensa.utalca.cl\/index.php?rest_route=%2Fwp%2Fv2%2Fcomments&post=2571"}],"version-history":[{"count":4,"href":"https:\/\/www.reportedeprensa.utalca.cl\/index.php?rest_route=\/wp\/v2\/posts\/2571\/revisions"}],"predecessor-version":[{"id":2575,"href":"https:\/\/www.reportedeprensa.utalca.cl\/index.php?rest_route=\/wp\/v2\/posts\/2571\/revisions\/2575"}],"wp:attachment":[{"href":"https:\/\/www.reportedeprensa.utalca.cl\/index.php?rest_route=%2Fwp%2Fv2%2Fmedia&parent=2571"}],"wp:term":[{"taxonomy":"category","embeddable":true,"href":"https:\/\/www.reportedeprensa.utalca.cl\/index.php?rest_route=%2Fwp%2Fv2%2Fcategories&post=2571"},{"taxonomy":"post_tag","embeddable":true,"href":"https:\/\/www.reportedeprensa.utalca.cl\/index.php?rest_route=%2Fwp%2Fv2%2Ftags&post=2571"}],"curies":[{"name":"wp","href":"https:\/\/api.w.org\/{rel}","templated":true}]}}