{"id":2584,"date":"2021-12-06T08:43:53","date_gmt":"2021-12-06T11:43:53","guid":{"rendered":"https:\/\/www.reportedeprensa.utalca.cl\/?p=2584"},"modified":"2021-12-06T09:02:01","modified_gmt":"2021-12-06T12:02:01","slug":"06-de-diciembre-de-2021","status":"publish","type":"post","link":"https:\/\/www.reportedeprensa.utalca.cl\/?p=2584","title":{"rendered":"06 de diciembre de 2021"},"content":{"rendered":"\t\t<div data-elementor-type=\"wp-post\" data-elementor-id=\"2584\" class=\"elementor elementor-2584\" data-elementor-settings=\"[]\">\n\t\t\t\t\t\t\t<div class=\"elementor-section-wrap\">\n\t\t\t\t\t\t\t<section class=\"elementor-section elementor-top-section elementor-element elementor-element-a06ca45 elementor-section-boxed elementor-section-height-default elementor-section-height-default\" data-id=\"a06ca45\" data-element_type=\"section\">\n\t\t\t\t\t\t<div class=\"elementor-container elementor-column-gap-default\">\n\t\t\t\t\t<div class=\"elementor-column elementor-col-100 elementor-top-column elementor-element elementor-element-1486c35\" data-id=\"1486c35\" data-element_type=\"column\">\n\t\t\t<div class=\"elementor-widget-wrap elementor-element-populated\">\n\t\t\t\t\t\t\t\t<div class=\"elementor-element elementor-element-42b145e elementor-widget elementor-widget-text-editor\" data-id=\"42b145e\" data-element_type=\"widget\" data-widget_type=\"text-editor.default\">\n\t\t\t\t<div class=\"elementor-widget-container\">\n\t\t\t\t\t\t\t\t<p><b>DIARIOTALCA.CL<\/b><\/p><p><a style=\"font-style: inherit; font-weight: inherit; background-color: #ffffff; font-family: -apple-system, BlinkMacSystemFont,;\" href=\"https:\/\/diariotalca.cl\/utalca-ofrece-programas-de-doble-titulacion-en-el-extranjero\/\" target=\"_blank\" rel=\"noopener\">UTalca ofrece programas de doble titulaci\u00f3n en el extranjero.<\/a><\/p><p>\u00a0<\/p><p><b>EL MERCURIO<\/b><\/p><p><a style=\"font-style: inherit; font-weight: inherit; background-color: #ffffff; font-family: -apple-system, BlinkMacSystemFont,;\" href=\"https:\/\/www.litoralpress.cl\/paginaconsultas\/Servicios_NClip\/Get_Imagen_Nota.aspx?LPKey=V3ZVQ5CAFWUQ7MBKPZSEVGUZC3VBXF7NKWKXL2VUNBB7R5WWZYN74KLJYQUUOIFVTC4Q6E2BJK7NU\" target=\"_blank\" rel=\"noopener\">Universidades ampl\u00edan v\u00edas de admisi\u00f3n especial para alumnos destacados en distintos \u00e1mbitos. Se refiere C\u00e9sar Retamal, director de Ciclo de Vida Estudiantil de la UTalca.<\/a><\/p><p>\u00a0<\/p><p><b>RADIO COOPERATIVA<\/b><\/p><p><a style=\"font-style: inherit; font-weight: inherit; background-color: #ffffff; font-family: -apple-system, BlinkMacSystemFont,;\" href=\"https:\/\/www.litoralpress.cl\/sitio\/RadioTV_Detalles.cshtml?LPKey=CUWPY4QSQ77DFWSCDESNYSRN6XW2CAN3TUW5P4EIYVD3KK3PYMIA\" target=\"_blank\" rel=\"noopener\">Este lunes comenzar\u00e1 la rendici\u00f3n de la Prueba de Transici\u00f3n Universitaria (PTU) para acceder a la educaci\u00f3n superior. Se refieren Felipe Figueroa y Clara Lorca, profesionales del PACE UTalca<\/a><a style=\"font-style: inherit; font-weight: inherit; background-color: #ffffff; font-family: -apple-system, BlinkMacSystemFont,;\" href=\"https:\/\/www.litoralpress.cl\/sitio\/RadioTV_Detalles.cshtml?LPKey=CUWPY4QSQ77DFWSCDESNYSRN6XW2CAN3TUW5P4EIYVD3KK3PYMIA\" target=\"_blank\" rel=\"noopener\">.<\/a><\/p><p>\u00a0<\/p><p><b>RADIO COOPERATIVA<\/b><\/p><p><a style=\"font-style: inherit; font-weight: inherit; background-color: #ffffff; font-family: -apple-system, BlinkMacSystemFont,;\" href=\"https:\/\/www.litoralpress.cl\/sitio\/RadioTV_Detalles.cshtml?LPKey=JRTHMMXVJPUDZAM4FH6UMT5KO4ELFKVT4AJPZJHJ7LFN4A5O77JQ\" target=\"_blank\" rel=\"noopener\">Entregan recomendaciones a los estudiantes que rinden la Prueba de Transici\u00f3n. Se refieren Felipe Figueroa y Clara Lorca, profesionales del PACE UTalca.<\/a><\/p><p>\u00a0<\/p><p><b>RADIO ADN<\/b><\/p><p><a style=\"font-style: inherit; font-weight: inherit; background-color: #ffffff; font-family: -apple-system, BlinkMacSystemFont,;\" href=\"https:\/\/www.litoralpress.cl\/sitio\/RadioTV_Detalles.cshtml?LPKey=QB4WYTLAVFXMY7GC5CPKOYNVXXE43LOCPNHLIWLB5QLNJOVRHKRQ\" target=\"_blank\" rel=\"noopener\">Educaci\u00f3n superior: comienza la rendici\u00f3n de la PDT. Se refiere Clara Lorca, psic\u00f3loga del PACE UTalca.<\/a><\/p><p>\u00a0<\/p><p><b>RADIO ADN<\/b><\/p><p><a style=\"font-style: inherit; font-weight: inherit; background-color: #ffffff; font-family: -apple-system, BlinkMacSystemFont,;\" href=\"https:\/\/www.litoralpress.cl\/sitio\/RadioTV_Detalles.cshtml?LPKey=LUSEQKPQO5MW4E64PLIIKO6P3HBEZTQFJFHRA6L2EBJZOR722FXQ\" target=\"_blank\" rel=\"noopener\">Nerviosismo genera la Prueba de Transici\u00f3n Universitaria que comienza a rendirse este lunes. Se refiere Clara Lorca, psic\u00f3loga del PACE UTalca.<\/a><\/p><p>\u00a0<\/p><p><b>DIARIOTALCA.CL<\/b><\/p><p><a style=\"font-style: inherit; font-weight: inherit; background-color: #ffffff; font-family: -apple-system, BlinkMacSystemFont,;\" href=\"https:\/\/diariotalca.cl\/como-afrontar-la-incertidumbre-y-angustia-por-rendir-la-prueba-de-seleccion-universitaria\/\" target=\"_blank\" rel=\"noopener\">\u00bfC\u00f3mo afrontar la incertidumbre y angustia por rendir la prueba de selecci\u00f3n universitaria? Se refieren Felipe Figueroa y Clara Lorca, profesionales del PACE UTalca.<\/a><\/p><p>\u00a0<\/p><p><b>EL HERALDO<\/b><\/p><p><a style=\"font-style: inherit; font-weight: inherit; background-color: #ffffff; font-family: -apple-system, BlinkMacSystemFont,;\" href=\"https:\/\/www.litoralpress.cl\/paginaconsultas\/Servicios_NClip\/Get_Imagen_Nota.aspx?LPKey=7UADLFA5TIK3TPCEMA4ALNQVBKR6BZBHWJSAALVFEY3SLEQILKQDHTBF6ARAMLI3TOHQAQ3FCPGWM\" target=\"_blank\" rel=\"noopener\">Alumnos enfrentan incertidumbre y angustia por prueba de selecci\u00f3n universitaria. Se refieren Felipe Figueroa y Clara Lorca, profesionales del PACE UTalca.<\/a><\/p><p>\u00a0<\/p><p><b>DIARIOELHERALDO.CL<\/b><\/p><p><a style=\"font-style: inherit; font-weight: inherit; background-color: #ffffff; font-family: -apple-system, BlinkMacSystemFont,;\" href=\"http:\/\/www.diarioelheraldo.cl\/noticia\/alumnos-enfrentan-incertidumbre-y-angustia-por-prueba-de-seleccion-universitaria-\" target=\"_blank\" rel=\"noopener\">Alumnos enfrentan incertidumbre y angustia por prueba de selecci\u00f3n universitaria. Se refieren Felipe Figueroa y Clara Lorca, profesionales del PACE UTalca.<\/a><\/p><p>\u00a0<\/p><p><b>EL LECTOR<\/b><\/p><p><a style=\"font-style: inherit; font-weight: inherit; background-color: #ffffff; font-family: -apple-system, BlinkMacSystemFont,;\" href=\"https:\/\/www.litoralpress.cl\/paginaconsultas\/Servicios_NClip\/Get_Imagen_Nota.aspx?LPKey=3LN3JH5W7L7BF7XYTNUAIGEU3XGDCALXHUSYMIJTBBPSU3DO34W6YIMSIMYTWR4ZR5DHTGBOOQZLU\" target=\"_blank\" rel=\"noopener\">Alumnos enfrentan incertidumbre y angustia por prueba de selecci\u00f3n universitaria. Se refieren Felipe Figueroa y Clara Lorca, profesionales del PACE UTalca.<\/a><\/p><p>\u00a0<\/p><p><b>LAS \u00daLTIMAS NOTICIAS<\/b><\/p><p><a style=\"font-style: inherit; font-weight: inherit; background-color: #ffffff; font-family: -apple-system, BlinkMacSystemFont,;\" href=\"https:\/\/www.litoralpress.cl\/paginaconsultas\/Servicios_NClip\/Get_Imagen_Nota.aspx?LPKey=JG3QL2J75QGTBJGMRGMCOMZIU342CWSPWTCOJ7M77YNT4SWYOJL3U3PM6MYYED3CHYT7VUS7JEO5Y\" target=\"_blank\" rel=\"noopener\">Ola de calor tiene en jaque a la producci\u00f3n de hortalizas. Se refiere Patricio Gonz\u00e1lez, agroclimat\u00f3logo de la UTalca.<\/a><\/p><p>\u00a0<\/p><p><b>RADIO ADN<\/b><\/p><p><a style=\"font-style: inherit; font-weight: inherit; background-color: #ffffff; font-family: -apple-system, BlinkMacSystemFont,;\" href=\"https:\/\/www.litoralpress.cl\/sitio\/RadioTV_Detalles.cshtml?LPKey=3C5KKD3KJU6DVRGRZLYGMJRB7BYYRD22LUH3QUVA3O24P2TIBFDA\" target=\"_blank\" rel=\"noopener\">Entrevista a Patricio Gonz\u00e1lez, agroclimat\u00f3logo de la Universidad de Talca.<\/a><\/p><p>\u00a0<\/p><p><b>ADNRADIO.CL<\/b><\/p><p><a style=\"font-style: inherit; font-weight: inherit; background-color: #ffffff; font-family: -apple-system, BlinkMacSystemFont,;\" href=\"https:\/\/www.adnradio.cl\/nacional\/2021\/12\/03\/experto-en-clima-patricio-gonzalez-este-fin-de-semana-llegaremos-hasta-38-grados-entre-talca-y-chillan-por-la-ola-de-calor.html\" target=\"_blank\" rel=\"noopener\">Experto en clima: Ola de calor trae temperaturas de \u201chasta 38\u00b0 entre Talca y Chill\u00e1n\u201d este fin de semana. Se refiere Patricio Gonz\u00e1lez, agroclimat\u00f3logo de la Universidad de Talca.<\/a><\/p><p>\u00a0<\/p><p><b>RADIO COOPERATIVA<\/b><\/p><p><a style=\"font-style: inherit; font-weight: inherit; background-color: #ffffff; font-family: -apple-system, BlinkMacSystemFont,;\" href=\"https:\/\/www.litoralpress.cl\/sitio\/RadioTV_Detalles.cshtml?LPKey=QUPUAH7NR22WFIBDBZHNCVDLIZWXECRSDYI46DT4HFKZT6BIPEWQ\" target=\"_blank\" rel=\"noopener\">Altas temperaturas pronosticadas para este fin de semana podr\u00edan llegar a ser catastr\u00f3ficas para la agricultura. Se refiere Patricio Gonz\u00e1lez, agroclimat\u00f3logo de la Universidad de Talca.<\/a><\/p><p>\u00a0<\/p><p><b>RADIO BIOB\u00cdO<\/b><\/p><p><a style=\"font-style: inherit; font-weight: inherit; background-color: #ffffff; font-family: -apple-system, BlinkMacSystemFont,;\" href=\"https:\/\/www.litoralpress.cl\/sitio\/RadioTV_Detalles.cshtml?LPKey=VQKAA2GZ3XBJW72AEVWDVUIFCDP34RX3QFHZVFCXAXRIWLIJF2GQ\" target=\"_blank\" rel=\"noopener\">Anuncian altas temperaturas para la zona central del pa\u00eds. Se refiere Patricio Gonz\u00e1lez, agroclimat\u00f3logo de la Universidad de Talca.<\/a><\/p><p>\u00a0<\/p><p><b>RADIO BIOB\u00cdO<\/b><\/p><p><a style=\"font-style: inherit; font-weight: inherit; background-color: #ffffff; font-family: -apple-system, BlinkMacSystemFont,;\" href=\"https:\/\/www.litoralpress.cl\/sitio\/RadioTV_Detalles.cshtml?LPKey=MY4HZLVEX2CT6KXPSWMZCOJEWJT473SK7WQKXS637UXSRG75OL7A\" target=\"_blank\" rel=\"noopener\">Desde hoy una ola de calor afectar\u00e1 la zona centro sur del pa\u00eds. Se refiere Patricio Gonz\u00e1lez, agroclimat\u00f3logo de la Universidad de Talca.<\/a><\/p><p>\u00a0<\/p><p><b>BIOBIOCHILE.CL<\/b><\/p><p><a style=\"font-style: inherit; font-weight: inherit; background-color: #ffffff; font-family: -apple-system, BlinkMacSystemFont,;\" href=\"https:\/\/www.biobiochile.cl\/noticias\/nacional\/chile\/2021\/12\/03\/ola-de-calor-de-valparaiso-a-bio-bio-expertos-advierten-un-verano-calido.shtml\" target=\"_blank\" rel=\"noopener\">Ola de calor de Valpara\u00edso a B\u00edo B\u00edo: expertos advierten un verano c\u00e1lido. Se refiere Patricio Gonz\u00e1lez, agroclimat\u00f3logo de la Universidad de Talca.<\/a><\/p><p>\u00a0<\/p><p><b>RADIO VLN<\/b><\/p><p><a style=\"font-style: inherit; font-weight: inherit; background-color: #ffffff; font-family: -apple-system, BlinkMacSystemFont,;\" href=\"https:\/\/www.litoralpress.cl\/sitio\/RadioTV_Detalles.cshtml?LPKey=3F5H6Q7CG43K3QDS4MBGTMPUVUU3YHUFXREOQ7YR5XHDYVCUE6RQ\" target=\"_blank\" rel=\"noopener\">Entrevista a Patricio Gonz\u00e1lez, agroclimat\u00f3logo de la Universidad de Talca.<\/a><\/p><p>\u00a0<\/p><p><b>RADIO COOPERATIVA<\/b><\/p><p><a style=\"font-style: inherit; font-weight: inherit; background-color: #ffffff; font-family: -apple-system, BlinkMacSystemFont,;\" href=\"https:\/\/www.litoralpress.cl\/sitio\/RadioTV_Detalles.cshtml?LPKey=V437X3IDPQIRUBNVYXD7TWZ6D3QSG2XFWFKPMACAAYLQJDRGSAEA\" target=\"_blank\" rel=\"noopener\">Maule: Alerta temprana por alta temperaturas en 6 regiones declar\u00f3 la Onemi para fin de semana. Se menciona a Patricio Gonz\u00e1lez, agroclimat\u00f3logo de la Universidad de Talca.<\/a><\/p><p>\u00a0<\/p><p><b>CANAL CONTIVISI\u00d3N<\/b><\/p><p><a style=\"font-style: inherit; font-weight: inherit; background-color: #ffffff; font-family: -apple-system, BlinkMacSystemFont,;\" href=\"https:\/\/www.litoralpress.cl\/sitio\/RadioTV_Detalles.cshtml?LPKey=YQVP4EIRKWY3EP7YFLFQ4JQADUE7YVTVWCU5WVVPJIEAU3WXNDUA\" target=\"_blank\" rel=\"noopener\">Ola de calor se pronostica para la zona central de Chile este fin de semana. Se refiere Patricio Gonz\u00e1lez, agroclimat\u00f3logo de la Universidad de Talca.<\/a><\/p><p>\u00a0<\/p><p><b>CANAL TVN RED MAULE<\/b><\/p><p><a style=\"font-style: inherit; font-weight: inherit; background-color: #ffffff; font-family: -apple-system, BlinkMacSystemFont,;\" href=\"https:\/\/www.litoralpress.cl\/sitio\/RadioTV_Detalles.cshtml?LPKey=32O7NANTARSCYASWYWTP4VCUWKGL67X4PL3JBG3X2WRCWC7ZKWRA\" target=\"_blank\" rel=\"noopener\">Este fin de semana, segunda ola de calor en primavera en Maule. Se refiere Patricio Gonz\u00e1lez, agroclimat\u00f3logo de la UTalca.<\/a><\/p><p>\u00a0<\/p><p><b>ELCIUDADANO.COM<\/b><\/p><p><a style=\"font-style: inherit; font-weight: inherit; background-color: #ffffff; font-family: -apple-system, BlinkMacSystemFont,;\" href=\"https:\/\/www.elciudadano.com\/chile\/experto-de-la-u-de-talca-advierte-que-ola-de-calor-anunciada-para-el-fin-de-semana-es-fatal-para-la-agricultura\/12\/03\/\" target=\"_blank\" rel=\"noopener\">Experto de la U. de Talca advierte que ola de calor anunciada para el fin de semana es \u00abfatal\u00bb para la agricultura.<\/a><\/p><p>\u00a0<\/p><p><b>LA PRENSA<\/b><\/p><p><a style=\"font-style: inherit; font-weight: inherit; background-color: #ffffff; font-family: -apple-system, BlinkMacSystemFont,;\" href=\"https:\/\/www.litoralpress.cl\/paginaconsultas\/Servicios_NClip\/Get_Imagen_Nota.aspx?LPKey=WGHKH7QX4I2RTKSH3YSGOTXUBKPVKFKBD4XYRLMABY2MMW5XDGH4LT4FCEGX2A753IEHCRUMPGBM2\" target=\"_blank\" rel=\"noopener\">El Maule enfrentar\u00eda temperaturas extremas hasta los 39 grados. Se refiere Patricio Gonz\u00e1lez, agroclimat\u00f3logo de la UTalca.<\/a><\/p><p>\u00a0<\/p><p><b>LA DISCUSI\u00d3N<\/b><\/p><p><a style=\"font-style: inherit; font-weight: inherit; background-color: #ffffff; font-family: -apple-system, BlinkMacSystemFont,;\" href=\"https:\/\/www.litoralpress.cl\/paginaconsultas\/Servicios_NClip\/Get_Imagen_Nota.aspx?LPKey=PHLD33IFDQKJ77RHANXB4NITE2S4I6OGC7QY5KUWZ7HMW6VQT6FJKLB4ETCQ7NC5BVDNKL74DAO32\" target=\"_blank\" rel=\"noopener\">Anticipan temperaturas de &#8220;hasta 38\u00b0 entre Talca y Chill\u00e1n&#8221; este fin de semana. Se refiere Patricio Gonz\u00e1lez, agroclimat\u00f3logo de la UTalca.<\/a><\/p><p>\u00a0<\/p><p><b>PAGINA7.CL<\/b><\/p><p><a style=\"font-style: inherit; font-weight: inherit; background-color: #ffffff; font-family: -apple-system, BlinkMacSystemFont,;\" href=\"https:\/\/www.pagina7.cl\/notas\/actualidad\/2021\/12\/04\/ola-calor-valparaiso-biobio-temperaturas.shtml\" target=\"_blank\" rel=\"noopener\">Ola de calor desde Valpara\u00edso a Biob\u00edo este fin de semana: temperaturas podr\u00edan alcanzar los 38\u00b0. Se refiere Patricio Gonz\u00e1lez, agroclimat\u00f3logo de la Universidad de Talca.<\/a><\/p><p>\u00a0<\/p><p><b>EL LECTOR<\/b><\/p><p><a style=\"font-style: inherit; font-weight: inherit; background-color: #ffffff; font-family: -apple-system, BlinkMacSystemFont,;\" href=\"https:\/\/www.litoralpress.cl\/paginaconsultas\/Servicios_NClip\/Get_Imagen_Nota.aspx?LPKey=I563WFVMADO5HAW4FJFRTNL5EV7VA7CX2OFBTKGZMXFTPB5OHFLXUHFKYBGABTOZYUEUETVPFGMVQ\" target=\"_blank\" rel=\"noopener\">Temperatura en valle central podr\u00eda llegar hasta los 39\u00b0C los pr\u00f3ximos d\u00edas. Se refiere Patricio Gonz\u00e1lez, agroclimat\u00f3logo de la UTalca.<\/a><\/p><p>\u00a0<\/p><p><b>ELDIARIODESANTIAGO.CL<\/b><\/p><p><a style=\"font-style: inherit; font-weight: inherit; background-color: #ffffff; font-family: -apple-system, BlinkMacSystemFont,;\" href=\"https:\/\/eldiariodesantiago.cl\/archivo\/143242\" target=\"_blank\" rel=\"noopener\">Ola de calor se registrar\u00e1 durante los pr\u00f3ximos d\u00edas en la zona centro-sur: temperaturas alcanzar\u00edan los 38\u00b0C. Se refiere Patricio Gonz\u00e1lez, agroclimat\u00f3logo de la UTalca.<\/a><\/p><p>\u00a0<\/p><p><b>AURORADELMAULE.CL<\/b><\/p><p><a style=\"font-style: inherit; font-weight: inherit; background-color: #ffffff; font-family: -apple-system, BlinkMacSystemFont,;\" href=\"https:\/\/auroradelmaule.cl\/2021\/12\/03\/advierten-que-temperatura-en-valle-central-podria-llegar-hasta-los-39c-los-proximos-dias\/\" target=\"_blank\" rel=\"noopener\">Advierten que temperatura en valle central podr\u00eda llegar hasta los 39\u00b0C los pr\u00f3ximos d\u00edas. Se refiere Patricio Gonz\u00e1lez, agroclimat\u00f3logo de la UTalca.<\/a><\/p><p>\u00a0<\/p><p><b>RADIO COOPERATIVA<\/b><\/p><p><a style=\"font-style: inherit; font-weight: inherit; background-color: #ffffff; font-family: -apple-system, BlinkMacSystemFont,;\" href=\"https:\/\/www.litoralpress.cl\/sitio\/RadioTV_Detalles.cshtml?LPKey=WBPRGJQNLQY4UNGYF6OH52VACJ4UEPWHVPAP2ASTMCNFXGVNJU4Q\" target=\"_blank\" rel=\"noopener\">Gobierno descarta cerrar las fronteras tras llegada de la nueva variante del Covid-19. Se refiere Marcelo Alarc\u00f3n, acad\u00e9mico del Departamento de Bioqu\u00edmica Cl\u00ednica e Inmunohematolog\u00eda de la UTalca.<\/a><\/p><p>\u00a0<\/p><p><b>EL MERCURIO<\/b><\/p><p><a style=\"font-style: inherit; font-weight: inherit; background-color: #ffffff; font-family: -apple-system, BlinkMacSystemFont,;\" href=\"https:\/\/www.litoralpress.cl\/paginaconsultas\/Servicios_NClip\/Get_Imagen_Nota.aspx?LPKey=2Y6AOEO6WGRZ4XCFQUFFYUTB4WPGEDVETPDXMYYNKB2FHLSD4B2NVS4TTVEJ35CRYH4IQOL6GQOAU\" target=\"_blank\" rel=\"noopener\">Violencia en la macrozona sur: \u201cUn tribunal especial nacional fortalecer\u00eda la independencia judicial y de los fiscales\u201d. Se menciona a la UTalca.<\/a><\/p><p>\u00a0<\/p><p><b>ELMERCURIO.COM<\/b><\/p><p><a style=\"font-style: inherit; font-weight: inherit; background-color: #ffffff; font-family: -apple-system, BlinkMacSystemFont,;\" href=\"https:\/\/www.litoralpress.cl\/paginaconsultas\/Documentos\/Get_Imagen.aspx?lpkey=BLFECHWIXWZHKAXRSPB34GZCH2X4WUC3YBTWNTAJLTUYQILBHQN3FEK7JTFUHIKJY3WYKAFRYBCLS\" target=\"_blank\" rel=\"noopener\">Juicios en la macrozona sur: \u201cUn tribunal especial nacional fortalecer\u00eda la independencia judicial y de los fiscales\u201d. Se menciona a la UTalca.<\/a><\/p><p>\u00a0<\/p><p><b>LA PRENSA<\/b><\/p><p><a style=\"font-style: inherit; font-weight: inherit; background-color: #ffffff; font-family: -apple-system, BlinkMacSystemFont,;\" href=\"https:\/\/www.litoralpress.cl\/paginaconsultas\/Servicios_NClip\/Get_Imagen_Nota.aspx?LPKey=W6Y2TUDZGZNJUGERRLH4LPEXQ5XBRHOPO5THYGMHMYW46FDKAF34WKAV23UCYGRKJESROKWPJITFY\" target=\"_blank\" rel=\"noopener\">Estudiantes discapacitados tienen apoyo formativo. Se refiere Paula Manr\u00edquez, vicerrectora de Pregrado de la UTalca.<\/a><\/p><p>\u00a0<\/p><p><b>LANOTICIA.CL<\/b><\/p><p><a style=\"font-style: inherit; font-weight: inherit; background-color: #ffffff; font-family: -apple-system, BlinkMacSystemFont,;\" href=\"https:\/\/lanoticia.cl\/utalca-apoya-proceso-formativo-de-estudiantes-en-situacion-de-discapacidad\/\" target=\"_blank\" rel=\"noopener\">UTalca apoya proceso formativo de estudiantes en situaci\u00f3n de discapacidad.<\/a><\/p><p>\u00a0<\/p><p><b>EL LECTOR<\/b><\/p><p><a style=\"font-style: inherit; font-weight: inherit; background-color: #ffffff; font-family: -apple-system, BlinkMacSystemFont,;\" href=\"https:\/\/www.litoralpress.cl\/paginaconsultas\/Servicios_NClip\/Get_Imagen_Nota.aspx?LPKey=4MQU3RSUNAGMO4ODNDPFHXEP7CJUJGWYK46FGLE3WUI7ZYQC4ZNBH4DTAO2UQQBRCCTQXCVHEBMV6\" target=\"_blank\" rel=\"noopener\">Especialista: la inclusi\u00f3n de personas con discapacidad debe ser desde una mirada de los DDHH. Se refiere Viviana Estrada, acad\u00e9mica de la Facultad de Ciencias de la Salud de la UTalca.<\/a><\/p><p>\u00a0<\/p><p><b>SEPTIMAPAGINANOTICIAS.CL<\/b><\/p><p><a style=\"font-style: inherit; font-weight: inherit; background-color: #ffffff; font-family: -apple-system, BlinkMacSystemFont,;\" href=\"https:\/\/www.septimapaginanoticias.cl\/especialista-la-inclusion-de-personas-con-discapacidad-debe-ser-desde-una-mirada-de-los-ddhh\" target=\"_blank\" rel=\"noopener\">Especialista: la inclusi\u00f3n de personas con discapacidad debe ser desde una mirada de los DDHH. Se refiere Viviana Estrada, acad\u00e9mica de la Facultad de Ciencias de la Salud de la UTalca.<\/a><\/p><p>\u00a0<\/p><p><b>TVMAULE.CL<\/b><\/p><p><a style=\"font-style: inherit; font-weight: inherit; background-color: #ffffff; font-family: -apple-system, BlinkMacSystemFont,;\" href=\"https:\/\/www.tvmaule.cl\/academico-maulino-habla-en-podcast-sobre-ciencia-y-tecnologia\/\" target=\"_blank\" rel=\"noopener\">Acad\u00e9mico maulino habla en podcast sobre ciencia y tecnolog\u00eda. Se refiere Mauricio Arenas, acad\u00e9mico de la Facultad de Ingenier\u00eda de la UTalca.<\/a><\/p><p>\u00a0<\/p><p><b>VIVIMOSLANOTICIA.CL<\/b><\/p><p><a style=\"font-style: inherit; font-weight: inherit; background-color: #ffffff; font-family: -apple-system, BlinkMacSystemFont,;\" href=\"https:\/\/vivimoslanoticia.cl\/noticias\/actualidad\/2021\/12\/03\/prevencionista-entrego-recomendaciones-para-evitar-accidentes-con-ninos-en-piscinas\/\" target=\"_blank\" rel=\"noopener\">Prevencionista entreg\u00f3 recomendaciones para evitar accidentes con ni\u00f1os en piscinas. Se refiere Mat\u00edas Gonz\u00e1lez, profesional del Campus Curic\u00f3 de la UTalca.<\/a><\/p><p>\u00a0<\/p><p><b>EL HERALDO<\/b><\/p><p><a style=\"font-style: inherit; font-weight: inherit; background-color: #ffffff; font-family: -apple-system, BlinkMacSystemFont,;\" href=\"https:\/\/www.litoralpress.cl\/paginaconsultas\/Servicios_NClip\/Get_Imagen_Nota.aspx?LPKey=HEEZLFUWFZ4WVN75OVHBE4JSTOU2A3POSWTTUJFAECOTSFT6ARHCHYVQO6CLZ2IBSJV6HHWBQPNFU\" target=\"_blank\" rel=\"noopener\">CPLT expone sobre futuro y desaf\u00edos de la transparencia ante alumnos de la UTalca.<\/a><\/p><p>\u00a0<\/p><p><b>EL HERALDO<\/b><\/p><p><a style=\"font-style: inherit; font-weight: inherit; background-color: #ffffff; font-family: -apple-system, BlinkMacSystemFont,;\" href=\"http:\/\/www.diarioelheraldo.cl\/noticia\/cplt-expone-sobre-futuro-y-desafios-de-la-transparencia-ante-alumnos-de-la-utalca\" target=\"_blank\" rel=\"noopener\">CPLT expone sobre futuro y desaf\u00edos de la transparencia ante alumnos de la UTalca.<\/a><\/p><p>\u00a0<\/p><p><b>LA TERCERA<\/b><\/p><p><a style=\"font-style: inherit; font-weight: inherit; background-color: #ffffff; font-family: -apple-system, BlinkMacSystemFont,;\" href=\"https:\/\/www.litoralpress.cl\/sitio\/Prensa_PaginaCompleta.cshtml?LPKey=NYMAHF3AHWHKNW3EIHUGQVRQD2I5LZMFLRNZ6XXGDGWU4R3VHBGQ\" target=\"_blank\" rel=\"noopener\">Las volteretas discursivas de los candidatos a La Moneda. Se refiere Mauricio Morales, director del Centro de An\u00e1lisis Pol\u00edtico (CAP) de la UTalca.<\/a><\/p><p>\u00a0<\/p><p><b>CANAL TVN<\/b><\/p><p><a style=\"font-style: inherit; font-weight: inherit; background-color: #ffffff; font-family: -apple-system, BlinkMacSystemFont,;\" href=\"https:\/\/www.litoralpress.cl\/sitio\/RadioTV_Detalles.cshtml?LPKey=SZVJCY473YO7VHX5UBY3DN4ZHNKIGNSOKYDBZSWU4NKBY5SKEJQQ\" target=\"_blank\" rel=\"noopener\">Candidatos presidenciales inician este domingo sus giras territoriales para la segunda vuelta. Se refiere Mauricio Morales, director del Centro de An\u00e1lisis Pol\u00edtico (CAP) de la UTalca.<\/a><\/p><p>\u00a0<\/p><p><b>CANAL 24 HORAS<\/b><\/p><p><a style=\"font-style: inherit; font-weight: inherit; background-color: #ffffff; font-family: -apple-system, BlinkMacSystemFont,;\" href=\"https:\/\/www.litoralpress.cl\/sitio\/RadioTV_Detalles.cshtml?LPKey=GDBZ2TS6NNACWRIOJAO2ZYHZ2ISNXZNLCADUA5JAJ7GYXKTOEASA\" target=\"_blank\" rel=\"noopener\">Candidatos presidenciales inician este domingo sus giras territoriales para la segunda vuelta. Se refiere Mauricio Morales, director del Centro de An\u00e1lisis Pol\u00edtico (CAP) de la UTalca.<\/a><\/p><p>\u00a0<\/p><p><b>EMOL.COM<\/b><\/p><p><a style=\"font-style: inherit; font-weight: inherit; background-color: #ffffff; font-family: -apple-system, BlinkMacSystemFont,;\" href=\"https:\/\/www.emol.com\/noticias\/Nacional\/2021\/12\/05\/1040182\/votos-nulos-blancos-participacion-balotaje.html\" target=\"_blank\" rel=\"noopener\">\u00bfAumentar\u00e1n los votos nulos y blancos en el balotaje?: Las cifras en otras elecciones y la proyecci\u00f3n de expertos.<\/a><\/p><p>\u00a0<\/p><p><b>CANAL MEGA<\/b><\/p><p><a style=\"font-style: inherit; font-weight: inherit; background-color: #ffffff; font-family: -apple-system, BlinkMacSystemFont,;\" href=\"https:\/\/www.litoralpress.cl\/sitio\/RadioTV_Detalles.cshtml?LPKey=GZHZUFZ3JQ252UYIKBIK7BTKAAG45TFPGK7UHJR5VNBSAXY5IFFQ\" target=\"_blank\" rel=\"noopener\">Entrevista a Mauricio Morales, director del Centro de An\u00e1lisis Pol\u00edtico (CAP) de la UTalca.<\/a><\/p><p>\u00a0<\/p><p><b>CANAL MEGA<\/b><\/p><p><a style=\"font-style: inherit; font-weight: inherit; background-color: #ffffff; font-family: -apple-system, BlinkMacSystemFont,;\" href=\"https:\/\/www.litoralpress.cl\/sitio\/RadioTV_Detalles.cshtml?LPKey=JICEMNTYWGUS73WIYL4BC6LKDFLBCCSMDAMYWR2SAT5GZGLO3DKQ\" target=\"_blank\" rel=\"noopener\">Mucho Gusto: No estar\u00edan los votos para aprobar el cuarto retiro del 10%. Se menciona a Mauricio Morales, director del Centro de An\u00e1lisis Pol\u00edtico (CAP) de la UTalca.<\/a><\/p><p>\u00a0<\/p><p><b>MEGANOTICIAS.CL<\/b><\/p><p><a style=\"font-style: inherit; font-weight: inherit; background-color: #ffffff; font-family: -apple-system, BlinkMacSystemFont,;\" href=\"https:\/\/www.meganoticias.cl\/elecciones-chile\/360276-kast-boric-programa-parisi-bad-boys-mauricio-morales-03-12-2021.html\" target=\"_blank\" rel=\"noopener\">&#8220;Quiere colocar en el pat\u00edbulo a los candidatos&#8221;: critican pr\u00f3xima participaci\u00f3n de Boric y Kast en programa de Parisi. Se refiere Mauricio Morales, director del Centro de An\u00e1lisis Pol\u00edtico (CAP) de la UTalca.<\/a><\/p><p>\u00a0<\/p><p><b>COOPERATIVA.CL<\/b><\/p><p><a style=\"font-style: inherit; font-weight: inherit; background-color: #ffffff; font-family: -apple-system, BlinkMacSystemFont,;\" href=\"https:\/\/www.cooperativa.cl\/noticias\/pais\/politica\/arma-de-doble-filo-cuestionan-decision-de-boric-de-asistir-al-live\/2021-12-03\/080633.html\" target=\"_blank\" rel=\"noopener\">\u00bfArma de doble filo? Cuestionan decisi\u00f3n de Boric de asistir al &#8220;live&#8221; de Parisi. Se refiere Mauricio Morales, director del Centro de An\u00e1lisis Pol\u00edtico (CAP) de la UTalca.<\/a><\/p><p>\u00a0<\/p><p><b>RADIO BIOB\u00cdO<\/b><\/p><p><a style=\"font-style: inherit; font-weight: inherit; background-color: #ffffff; font-family: -apple-system, BlinkMacSystemFont,;\" href=\"https:\/\/www.litoralpress.cl\/sitio\/RadioTV_Detalles.cshtml?LPKey=W5UVVIO3DSU2NMZGFND34I4USP7NEBSS5JJRCR47KDJ5H2E5BN6Q\" target=\"_blank\" rel=\"noopener\">Jos\u00e9 Antonio Kast critic\u00f3 voto de Gabriel Boric a favor del cuarto retiro. Se menciona opini\u00f3n de Mauricio Morales, director del Centro de An\u00e1lisis Pol\u00edtico (CAP) de la UTalca.<\/a><\/p><p>\u00a0<\/p><p><b>RADIO ADN<\/b><\/p><p><a style=\"font-style: inherit; font-weight: inherit; background-color: #ffffff; font-family: -apple-system, BlinkMacSystemFont,;\" href=\"https:\/\/www.litoralpress.cl\/sitio\/RadioTV_Detalles.cshtml?LPKey=G7ASKLFISOQERFCRRMBE25IPCG4ZYREEPYKD2PIBZLRWCED43YLA\" target=\"_blank\" rel=\"noopener\">Gabriel Boric respondi\u00f3 a las cr\u00edticas provenientes desde el comando de Jos\u00e9 Antonio Kast. Se refiere Mario Herrera, acad\u00e9mico del Centro de An\u00e1lisis Pol\u00edtico de la UTalca.<\/a><\/p><p>\u00a0<\/p><p><b>RADIO COOPERATIVA<\/b><\/p><p><a style=\"font-style: inherit; font-weight: inherit; background-color: #ffffff; font-family: -apple-system, BlinkMacSystemFont,;\" href=\"https:\/\/www.litoralpress.cl\/sitio\/RadioTV_Detalles.cshtml?LPKey=MSS5ITSGVSTSEMGMEYR4ZBARC3NC2LL5ACHWRBRV2D4AW6AAGMYA\" target=\"_blank\" rel=\"noopener\">Gabriel Boric enfrenta cr\u00edticas por su decisi\u00f3n de asistir a programa de Youtube de Franco Parisi. Se refiere Mauricio Morales, director del Centro de An\u00e1lisis Pol\u00edtico (CAP) de la UTalca.<\/a><\/p><p>\u00a0<\/p><p><b>PUBLIMETRO.CL<\/b><\/p><p><a style=\"font-style: inherit; font-weight: inherit; background-color: #ffffff; font-family: -apple-system, BlinkMacSystemFont,;\" href=\"https:\/\/www.publimetro.cl\/\/noticias\/2021\/12\/03\/a-quien-le-hablan-boric-y-kast-a-dos-semanas-de-la-eleccion\/\" target=\"_blank\" rel=\"noopener\">\u00bfA qui\u00e9n le hablan Boric y Kast a dos semanas de la elecci\u00f3n? Se refiere Mauricio Morales, director del Centro de An\u00e1lisis Pol\u00edtico (CAP) de la UTalca.<\/a><\/p><p>\u00a0<\/p><p><b>REDMAULE.COM<\/b><\/p><p><a style=\"font-style: inherit; font-weight: inherit; background-color: #ffffff; font-family: -apple-system, BlinkMacSystemFont,;\" href=\"https:\/\/www.redmaule.com\/nacional\/critican-proxima-participacion-de-boric-y-kast-en-programa-de-parisi\" target=\"_blank\" rel=\"noopener\">Critican pr\u00f3xima participaci\u00f3n de Boric y Kast en programa de Parisi. Se refiere Mauricio Morales, director del Centro de An\u00e1lisis Pol\u00edtico (CAP) de la UTalca.<\/a><\/p><p>\u00a0<\/p><p><b>RADIO AMIGA<\/b><\/p><p><a style=\"font-style: inherit; font-weight: inherit; background-color: #ffffff; font-family: -apple-system, BlinkMacSystemFont,;\" href=\"https:\/\/www.litoralpress.cl\/sitio\/RadioTV_Detalles.cshtml?LPKey=3EAUE72IRYQN652IWGGBJMSHZVKYDB7TMQQHF2PJLO6OXQT5ENJA\" target=\"_blank\" rel=\"noopener\">Panel de conversaci\u00f3n sobre actualidad y pol\u00edtica. Se refiere Mario Herrera, acad\u00e9mico del Centro de An\u00e1lisis Pol\u00edtico (CAP) de la UTalca.<\/a><\/p><p>\u00a0<\/p><p><b>LA PRENSA<\/b><\/p><p><a style=\"font-style: inherit; font-weight: inherit; background-color: #ffffff; font-family: -apple-system, BlinkMacSystemFont,;\" href=\"https:\/\/www.litoralpress.cl\/paginaconsultas\/Servicios_NClip\/Get_Imagen_Nota.aspx?LPKey=LQPEIHEDDI3HLIFHR7UKONW4GJIWDXLSE2KGOAYFJBON4SQGCWKICJVTOBYLIX636B2HLANZ3CIME\" target=\"_blank\" rel=\"noopener\">Proyecto \u201cValija de Luz\u201d acerca el mundo de la fotograf\u00eda a las personas. Se menciona Centro de Extensi\u00f3n de la UTalca.<\/a><\/p>\t\t\t\t\t\t<\/div>\n\t\t\t\t<\/div>\n\t\t\t\t\t<\/div>\n\t\t<\/div>\n\t\t\t\t\t\t\t<\/div>\n\t\t<\/section>\n\t\t\t\t\t\t<\/div>\n\t\t\t\t\t<\/div>\n\t\t","protected":false},"excerpt":{"rendered":"<p>DIARIOTALCA.CL UTalca ofrece programas de doble titulaci\u00f3n en el extranjero. \u00a0 EL MERCURIO Universidades ampl\u00edan v\u00edas de admisi\u00f3n especial para alumnos destacados en distintos \u00e1mbitos. Se refiere C\u00e9sar Retamal, director de Ciclo de Vida Estudiantil de la UTalca. \u00a0 RADIO COOPERATIVA Este lunes comenzar\u00e1 la rendici\u00f3n de la Prueba de Transici\u00f3n Universitaria (PTU) para acceder &hellip;<\/p>\n<p class=\"read-more\"> <a class=\"\" href=\"https:\/\/www.reportedeprensa.utalca.cl\/?p=2584\"> <span class=\"screen-reader-text\">06 de diciembre de 2021<\/span> Read More &raquo;<\/a><\/p>\n","protected":false},"author":1,"featured_media":0,"comment_status":"closed","ping_status":"open","sticky":false,"template":"elementor_theme","format":"standard","meta":{"_monsterinsights_skip_tracking":false,"_monsterinsights_sitenote_active":false,"_monsterinsights_sitenote_note":"","_monsterinsights_sitenote_category":0},"categories":[15],"tags":[],"_links":{"self":[{"href":"https:\/\/www.reportedeprensa.utalca.cl\/index.php?rest_route=\/wp\/v2\/posts\/2584"}],"collection":[{"href":"https:\/\/www.reportedeprensa.utalca.cl\/index.php?rest_route=\/wp\/v2\/posts"}],"about":[{"href":"https:\/\/www.reportedeprensa.utalca.cl\/index.php?rest_route=\/wp\/v2\/types\/post"}],"author":[{"embeddable":true,"href":"https:\/\/www.reportedeprensa.utalca.cl\/index.php?rest_route=\/wp\/v2\/users\/1"}],"replies":[{"embeddable":true,"href":"https:\/\/www.reportedeprensa.utalca.cl\/index.php?rest_route=%2Fwp%2Fv2%2Fcomments&post=2584"}],"version-history":[{"count":4,"href":"https:\/\/www.reportedeprensa.utalca.cl\/index.php?rest_route=\/wp\/v2\/posts\/2584\/revisions"}],"predecessor-version":[{"id":2588,"href":"https:\/\/www.reportedeprensa.utalca.cl\/index.php?rest_route=\/wp\/v2\/posts\/2584\/revisions\/2588"}],"wp:attachment":[{"href":"https:\/\/www.reportedeprensa.utalca.cl\/index.php?rest_route=%2Fwp%2Fv2%2Fmedia&parent=2584"}],"wp:term":[{"taxonomy":"category","embeddable":true,"href":"https:\/\/www.reportedeprensa.utalca.cl\/index.php?rest_route=%2Fwp%2Fv2%2Fcategories&post=2584"},{"taxonomy":"post_tag","embeddable":true,"href":"https:\/\/www.reportedeprensa.utalca.cl\/index.php?rest_route=%2Fwp%2Fv2%2Ftags&post=2584"}],"curies":[{"name":"wp","href":"https:\/\/api.w.org\/{rel}","templated":true}]}}