{"id":2596,"date":"2021-12-07T08:30:42","date_gmt":"2021-12-07T11:30:42","guid":{"rendered":"https:\/\/www.reportedeprensa.utalca.cl\/?p=2596"},"modified":"2021-12-15T09:18:39","modified_gmt":"2021-12-15T12:18:39","slug":"07-de-diciembre-de-2021","status":"publish","type":"post","link":"https:\/\/www.reportedeprensa.utalca.cl\/?p=2596","title":{"rendered":"07 de diciembre de 2021"},"content":{"rendered":"\t\t<div data-elementor-type=\"wp-post\" data-elementor-id=\"2596\" class=\"elementor elementor-2596\" data-elementor-settings=\"[]\">\n\t\t\t\t\t\t\t<div class=\"elementor-section-wrap\">\n\t\t\t\t\t\t\t<section class=\"elementor-section elementor-top-section elementor-element elementor-element-a06ca45 elementor-section-boxed elementor-section-height-default elementor-section-height-default\" data-id=\"a06ca45\" data-element_type=\"section\">\n\t\t\t\t\t\t<div class=\"elementor-container elementor-column-gap-default\">\n\t\t\t\t\t<div class=\"elementor-column elementor-col-100 elementor-top-column elementor-element elementor-element-1486c35\" data-id=\"1486c35\" data-element_type=\"column\">\n\t\t\t<div class=\"elementor-widget-wrap elementor-element-populated\">\n\t\t\t\t\t\t\t\t<div class=\"elementor-element elementor-element-42b145e elementor-widget elementor-widget-text-editor\" data-id=\"42b145e\" data-element_type=\"widget\" data-widget_type=\"text-editor.default\">\n\t\t\t\t<div class=\"elementor-widget-container\">\n\t\t\t\t\t\t\t\t<p><b>DIARIO FINANCIERO<\/b><\/p><p><a style=\"font-style: inherit; font-weight: inherit; background-color: #ffffff; font-family: -apple-system, BlinkMacSystemFont,;\" href=\"https:\/\/www.litoralpress.cl\/paginaconsultas\/Servicios_NClip\/Get_Imagen_Nota.aspx?LPKey=34MQKTG4YCLHA2SPKLK5LKPUM2OSN266LSKUNSWUJN246P2SP6K4GKHIP34CTUBOLYK2DD4CYDAQ2\" target=\"_blank\" rel=\"noopener\">Los chilenos en Square, la otra empresa del fundador de Twitter. Se menciona profesional egresado de la UTalca.<\/a><\/p><p>\u00a0<\/p><p><b>ADPRENSA.CL<\/b><\/p><p><a style=\"font-style: inherit; font-weight: inherit; background-color: #ffffff; font-family: -apple-system, BlinkMacSystemFont,;\" href=\"https:\/\/www.adprensa.cl\/cronica\/utalca-se-sumo-al-compromiso-de-carbono-neutralidad\/\" target=\"_blank\" rel=\"noopener\">UTalca se sum\u00f3 al compromiso de carbono neutralidad.<\/a><\/p><p>\u00a0<\/p><p><b>VIVEPAIS.CL<\/b><\/p><p><a style=\"font-style: inherit; font-weight: inherit; background-color: #ffffff; font-family: -apple-system, BlinkMacSystemFont,;\" href=\"http:\/\/www.vivepais.cl\/blog\/2021\/12\/05\/136321\/\" target=\"_blank\" rel=\"noopener\">UTalca se sum\u00f3 al compromiso de carbono neutralidad.<\/a><\/p><p>\u00a0<\/p><p><b>RADIO COOPERATIVA<\/b><\/p><p><a style=\"font-style: inherit; font-weight: inherit; background-color: #ffffff; font-family: -apple-system, BlinkMacSystemFont,;\" href=\"https:\/\/www.litoralpress.cl\/sitio\/RadioTV_Detalles.cshtml?LPKey=P3ASIYNBIZTRYOKGRMPDFPK4W6SGKKJ6Y74Q73QFQHJ5IDJWMLUA\" target=\"_blank\" rel=\"noopener\">Comienza la vacunaci\u00f3n para menores entre 3 y 5 a\u00f1os. Se refiere Marcelo Alarc\u00f3n, acad\u00e9mico del Departamento de Bioqu\u00edmica Cl\u00ednica e Inmunohematolog\u00eda de la UTalca.<\/a><\/p><p>\u00a0<\/p><p><b>CANALSURPATAGONIA.CL<\/b><\/p><p><a style=\"font-style: inherit; font-weight: inherit; background-color: #ffffff; font-family: -apple-system, BlinkMacSystemFont,;\" href=\"https:\/\/www.canalsurpatagonia.cl\/se-registran-menos-de-2-000-casos-de-covid-19-y-positividad-en-la-region-metropolitana-cae-al-1\/\" target=\"_blank\" rel=\"noopener\">Se registran menos de 2.000 casos de Covid-19 y positividad en la Regi\u00f3n Metropolitana cae al 1%. Se refiere Marcelo Alarc\u00f3n, acad\u00e9mico del Departamento de Bioqu\u00edmica Cl\u00ednica e Inmunohematolog\u00eda de la UTalca.<\/a><\/p><p>\u00a0<\/p><p><b>RADIO COOPERATIVA<\/b><\/p><p><a style=\"font-style: inherit; font-weight: inherit; background-color: #ffffff; font-family: -apple-system, BlinkMacSystemFont,;\" href=\"https:\/\/www.litoralpress.cl\/sitio\/RadioTV_Detalles.cshtml?LPKey=OC7M5DYSUP2HJNWZKLCGWDPKOCCZRCAHHUHOBPZPRXBBAWJLJOAA\" target=\"_blank\" rel=\"noopener\">Ola de calor en la zona centro del pa\u00eds. Fen\u00f3meno se repetir\u00eda a fin de mes. Se refiere Patricio Gonz\u00e1lez, agroclimat\u00f3logo de la UTalca.<\/a><\/p><p>\u00a0<\/p><p><b>RADIO COOPERATIVA<\/b><\/p><p><a style=\"font-style: inherit; font-weight: inherit; background-color: #ffffff; font-family: -apple-system, BlinkMacSystemFont,;\" href=\"https:\/\/www.litoralpress.cl\/sitio\/RadioTV_Detalles.cshtml?LPKey=YNW7NINZESCPGMDA3ZIKGUNJYTTNK6YQ6WQNRMQPZBMPP5UDP2JA\" target=\"_blank\" rel=\"noopener\">Ola de calor dej\u00f3 temperaturas r\u00e9cord para diciembre en la zona centro sur. Se refiere Patricio Gonz\u00e1lez, agroclimat\u00f3logo de la UTalca.<\/a><\/p><p>\u00a0<\/p><p><b>RADIO COOPERATIVA<\/b><\/p><p><a style=\"font-style: inherit; font-weight: inherit; background-color: #ffffff; font-family: -apple-system, BlinkMacSystemFont,;\" href=\"https:\/\/www.litoralpress.cl\/sitio\/RadioTV_Detalles.cshtml?LPKey=VGITKD7W3EDOSEBPALXO2WIPIZFQLVSXHXFOJ36BGKFPIB2ACOKQ\" target=\"_blank\" rel=\"noopener\">Altas temperaturas afectan a la agricultura. Se menciona a la UTalca.<\/a><\/p><p>\u00a0<\/p><p><b>RADIOAGRICULTURA.CL<\/b><\/p><p><a style=\"font-style: inherit; font-weight: inherit; background-color: #ffffff; font-family: -apple-system, BlinkMacSystemFont,;\" href=\"https:\/\/www.radioagricultura.cl\/elagro\/2021\/12\/06\/ola-de-calor-tiene-en-jaque-a-la-produccion-de-hortalizas.html\" target=\"_blank\" rel=\"noopener\">Ola de calor tiene en jaque a la producci\u00f3n de hortalizas. Se refiere Patricio Gonz\u00e1lez, agroclimat\u00f3logo de la UTalca.<\/a><\/p><p>\u00a0<\/p><p><b>CHILLANONLINE.CL<\/b><\/p><p><a style=\"font-style: inherit; font-weight: inherit; background-color: #ffffff; font-family: -apple-system, BlinkMacSystemFont,;\" href=\"https:\/\/www.chillanonline.cl\/V5\/utalca-ofrece-distintos-programas-de-doble-titulacion-con-casas-de-estudios-en-el-extranjero\/\" target=\"_blank\" rel=\"noopener\">UTalca ofrece distintos programas de doble titulaci\u00f3n con casas de estudios en el extranjero.<\/a><\/p><p>\u00a0<\/p><p><b>CANAL CONTIVISI\u00d3N<\/b><\/p><p><a style=\"font-style: inherit; font-weight: inherit; background-color: #ffffff; font-family: -apple-system, BlinkMacSystemFont,;\" href=\"https:\/\/www.litoralpress.cl\/sitio\/RadioTV_Detalles.cshtml?LPKey=USNEHDHL56UARBSNKLHJUBH4EEXLP6YOSAPMCQO6DSP3VZ56TE2Q\" target=\"_blank\" rel=\"noopener\">Estudiantes de Ingenier\u00eda Civil en obras de la U. de Talca volvieron de forma voluntaria al campus Curic\u00f3 tras dos a\u00f1os.<\/a><\/p><p>\u00a0<\/p><p><b>ELMOSTRADOR.CL<\/b><\/p><p><a style=\"font-style: inherit; font-weight: inherit; background-color: #ffffff; font-family: -apple-system, BlinkMacSystemFont,;\" href=\"https:\/\/www.elmostrador.cl\/agenda-pais\/2021\/12\/06\/especialista-la-inclusion-de-personas-con-discapacidad-debe-ser-desde-una-mirada-de-los-ddhh\/\" target=\"_blank\" rel=\"noopener\">Especialista: la inclusi\u00f3n de personas con discapacidad debe ser desde una mirada de los DDHH. Se refiere Viviana Estrada, acad\u00e9mica de la Facultad de Ciencias de la Salud de la UTalca.<\/a><\/p><p>\u00a0<\/p><p><b>EL RANCAGUINO<\/b><\/p><p><a style=\"font-style: inherit; font-weight: inherit; background-color: #ffffff; font-family: -apple-system, BlinkMacSystemFont,;\" href=\"https:\/\/www.litoralpress.cl\/paginaconsultas\/Servicios_NClip\/Get_Imagen_Nota.aspx?LPKey=HZVCUYRZZEBLD6BVVJWZZJ7H55L2P6J54MHQQHGWW2ABGMWMO426S6325YYLE54FJNFQY4MMMIESC\" target=\"_blank\" rel=\"noopener\">La inclusi\u00f3n de personas con discapacidad debe ser desde una mirada de los DDHH. Se refiere Viviana Estrada, acad\u00e9mica de la Facultad de Ciencias de la Salud de la UTalca.<\/a><\/p><p>\u00a0<\/p><p><b>LA PRENSA<\/b><\/p><p><a style=\"font-style: inherit; font-weight: inherit; background-color: #ffffff; font-family: -apple-system, BlinkMacSystemFont,;\" href=\"https:\/\/www.litoralpress.cl\/paginaconsultas\/Servicios_NClip\/Get_Imagen_Nota.aspx?LPKey=4DDWDRJOS6UHDHMLV2THTP2G7DR5RVJ7OCABPXJIAO7FN6QXRDABJQ33I2VDRCTOPD5K5QBSGARJS\" target=\"_blank\" rel=\"noopener\">Ante estudiantes de la Universidad de Talca: Exponen sobre futuro y desaf\u00edos de la transparencia e integridad en Chile.<\/a><\/p><p>\u00a0<\/p><p><b>CANAL CHILEVISI\u00d3N<\/b><\/p><p><a style=\"font-style: inherit; font-weight: inherit; background-color: #ffffff; font-family: -apple-system, BlinkMacSystemFont,;\" href=\"https:\/\/www.litoralpress.cl\/sitio\/RadioTV_Detalles.cshtml?LPKey=KDHDQMTNHC6QYOJAR7FD3G7DW6D4CFYMDENE67XUHBYWR2P6UO5A\" target=\"_blank\" rel=\"noopener\">Camioneros critican a Gabriel Boric por proponer impulsar el desarrollo ferroviario. Se refiere Mauricio Morales, director del Centro de An\u00e1lisis Pol\u00edtico (CAP) de la UTalca.<\/a><\/p><p>\u00a0<\/p><p><b>CANAL CNN CHILE<\/b><\/p><p><a style=\"font-style: inherit; font-weight: inherit; background-color: #ffffff; font-family: -apple-system, BlinkMacSystemFont,;\" href=\"https:\/\/www.litoralpress.cl\/sitio\/RadioTV_Detalles.cshtml?LPKey=HMHDV5ANQ2FNB7YDC2UNSLVNZAHNZ2H5JQMBU6HU6JL443YBM66Q\" target=\"_blank\" rel=\"noopener\">Camioneros critican a Gabriel Boric por proponer impulsar el desarrollo ferroviario. Se refiere Mauricio Morales, director del Centro de An\u00e1lisis Pol\u00edtico (CAP) de la UTalca.<\/a><\/p><p>\u00a0<\/p><p><b>ADYANER.BLOGSPOT.COM<\/b><\/p><p><a style=\"font-style: inherit; font-weight: inherit; background-color: #ffffff; font-family: -apple-system, BlinkMacSystemFont,;\" href=\"https:\/\/adyaner.blogspot.com\/2021\/12\/showtime-not-aumenta-la-presion-para.html\" target=\"_blank\" rel=\"noopener\">Aumenta la presi\u00f3n para que Boric no participe en programa de Parisi: Voces de centroizquierda temen &#8220;encerrona&#8221; y &#8220;trampa&#8221;. Se refiere Mauricio Morales, director del Centro de An\u00e1lisis Pol\u00edtico (CAP) de la UTalca.<\/a><\/p><p>\u00a0<\/p><p><b>G5NOTICIAS.CL<\/b><\/p><p><a style=\"font-style: inherit; font-weight: inherit; background-color: #ffffff; font-family: -apple-system, BlinkMacSystemFont,;\" href=\"https:\/\/g5noticias.cl\/2021\/12\/06\/academicos-de-derecho-tributario-abogan-por-una-descentralizacion-fiscal-y-financiera-efectiva-en-chile\/\" target=\"_blank\" rel=\"noopener\">Acad\u00e9micos de Derecho Tributario abogan por una descentralizaci\u00f3n fiscal y financiera efectiva en Chile. Se menciona a la UTalca.<\/a><\/p>\t\t\t\t\t\t<\/div>\n\t\t\t\t<\/div>\n\t\t\t\t\t<\/div>\n\t\t<\/div>\n\t\t\t\t\t\t\t<\/div>\n\t\t<\/section>\n\t\t\t\t\t\t<\/div>\n\t\t\t\t\t<\/div>\n\t\t","protected":false},"excerpt":{"rendered":"<p>DIARIO FINANCIERO Los chilenos en Square, la otra empresa del fundador de Twitter. Se menciona profesional egresado de la UTalca. \u00a0 ADPRENSA.CL UTalca se sum\u00f3 al compromiso de carbono neutralidad. \u00a0 VIVEPAIS.CL UTalca se sum\u00f3 al compromiso de carbono neutralidad. \u00a0 RADIO COOPERATIVA Comienza la vacunaci\u00f3n para menores entre 3 y 5 a\u00f1os. Se refiere &hellip;<\/p>\n<p class=\"read-more\"> <a class=\"\" href=\"https:\/\/www.reportedeprensa.utalca.cl\/?p=2596\"> <span class=\"screen-reader-text\">07 de diciembre de 2021<\/span> Read More &raquo;<\/a><\/p>\n","protected":false},"author":1,"featured_media":0,"comment_status":"closed","ping_status":"open","sticky":false,"template":"elementor_theme","format":"standard","meta":{"_monsterinsights_skip_tracking":false,"_monsterinsights_sitenote_active":false,"_monsterinsights_sitenote_note":"","_monsterinsights_sitenote_category":0},"categories":[15],"tags":[],"_links":{"self":[{"href":"https:\/\/www.reportedeprensa.utalca.cl\/index.php?rest_route=\/wp\/v2\/posts\/2596"}],"collection":[{"href":"https:\/\/www.reportedeprensa.utalca.cl\/index.php?rest_route=\/wp\/v2\/posts"}],"about":[{"href":"https:\/\/www.reportedeprensa.utalca.cl\/index.php?rest_route=\/wp\/v2\/types\/post"}],"author":[{"embeddable":true,"href":"https:\/\/www.reportedeprensa.utalca.cl\/index.php?rest_route=\/wp\/v2\/users\/1"}],"replies":[{"embeddable":true,"href":"https:\/\/www.reportedeprensa.utalca.cl\/index.php?rest_route=%2Fwp%2Fv2%2Fcomments&post=2596"}],"version-history":[{"count":5,"href":"https:\/\/www.reportedeprensa.utalca.cl\/index.php?rest_route=\/wp\/v2\/posts\/2596\/revisions"}],"predecessor-version":[{"id":2671,"href":"https:\/\/www.reportedeprensa.utalca.cl\/index.php?rest_route=\/wp\/v2\/posts\/2596\/revisions\/2671"}],"wp:attachment":[{"href":"https:\/\/www.reportedeprensa.utalca.cl\/index.php?rest_route=%2Fwp%2Fv2%2Fmedia&parent=2596"}],"wp:term":[{"taxonomy":"category","embeddable":true,"href":"https:\/\/www.reportedeprensa.utalca.cl\/index.php?rest_route=%2Fwp%2Fv2%2Fcategories&post=2596"},{"taxonomy":"post_tag","embeddable":true,"href":"https:\/\/www.reportedeprensa.utalca.cl\/index.php?rest_route=%2Fwp%2Fv2%2Ftags&post=2596"}],"curies":[{"name":"wp","href":"https:\/\/api.w.org\/{rel}","templated":true}]}}