{"id":2608,"date":"2021-12-09T08:36:50","date_gmt":"2021-12-09T11:36:50","guid":{"rendered":"https:\/\/www.reportedeprensa.utalca.cl\/?p=2608"},"modified":"2021-12-09T08:47:04","modified_gmt":"2021-12-09T11:47:04","slug":"09-de-diciembre-de-2021","status":"publish","type":"post","link":"https:\/\/www.reportedeprensa.utalca.cl\/?p=2608","title":{"rendered":"09 de diciembre de 2021"},"content":{"rendered":"\t\t<div data-elementor-type=\"wp-post\" data-elementor-id=\"2608\" class=\"elementor elementor-2608\" data-elementor-settings=\"[]\">\n\t\t\t\t\t\t\t<div class=\"elementor-section-wrap\">\n\t\t\t\t\t\t\t<section class=\"elementor-section elementor-top-section elementor-element elementor-element-a06ca45 elementor-section-boxed elementor-section-height-default elementor-section-height-default\" data-id=\"a06ca45\" data-element_type=\"section\">\n\t\t\t\t\t\t<div class=\"elementor-container elementor-column-gap-default\">\n\t\t\t\t\t<div class=\"elementor-column elementor-col-100 elementor-top-column elementor-element elementor-element-1486c35\" data-id=\"1486c35\" data-element_type=\"column\">\n\t\t\t<div class=\"elementor-widget-wrap elementor-element-populated\">\n\t\t\t\t\t\t\t\t<div class=\"elementor-element elementor-element-42b145e elementor-widget elementor-widget-text-editor\" data-id=\"42b145e\" data-element_type=\"widget\" data-widget_type=\"text-editor.default\">\n\t\t\t\t<div class=\"elementor-widget-container\">\n\t\t\t\t\t\t\t\t<p><b>AMERICAECONOMIA.COM<\/b><\/p><p><a style=\"font-style: inherit; font-weight: inherit; background-color: #ffffff; font-family: -apple-system, BlinkMacSystemFont,;\" href=\"https:\/\/mba.americaeconomia.com\/articulos\/reportajes\/ranking-de-las-mejores-universidades-de-chile-2021-mirando-el-mercado\" target=\"_blank\" rel=\"noopener\">Ranking de las Mejores Universidades de Chile 2021: Mirando el mercado. Se menciona a la UTalca.<\/a><\/p><p>\u00a0<\/p><p><b>AMERICAECONOMIA.COM<\/b><\/p><p><a style=\"font-style: inherit; font-weight: inherit; background-color: #ffffff; font-family: -apple-system, BlinkMacSystemFont,;\" href=\"https:\/\/mba.americaeconomia.com\/articulos\/notas\/estos-son-los-resultados-del-ranking-de-las-mejores-universidades-de-chile-2021\" target=\"_blank\" rel=\"noopener\">Estos son los resultados del Ranking de las Mejores Universidades de Chile 2021.Se menciona a la UTalca.<\/a><\/p><p>\u00a0<\/p><p><b>LA PRENSA<\/b><\/p><p><a style=\"font-style: inherit; font-weight: inherit; background-color: #ffffff; font-family: -apple-system, BlinkMacSystemFont,;\" href=\"https:\/\/www.litoralpress.cl\/paginaconsultas\/Servicios_NClip\/Get_Imagen_Nota.aspx?LPKey=IHHAIXRGAP4HC2TK3UWY2CYTXBD66YPIF6L4QGHWSVJAVG2WOFI4IAZK54SVUV4U3JXI4HWNASOK6\" target=\"_blank\" rel=\"noopener\">UTalca ofrece programas de doble titulaci\u00f3n.<\/a><\/p><p>\u00a0<\/p><p><b>ELMAULEINFORMA.CL<\/b><\/p><p><a style=\"font-style: inherit; font-weight: inherit; background-color: #ffffff; font-family: -apple-system, BlinkMacSystemFont,;\" href=\"https:\/\/elmauleinforma.cl\/utalca-ofrece-distintos-programas-de-doble-titulacion-con-casas-de-estudios-en-el-extranjero\/\" target=\"_blank\" rel=\"noopener\">UTalca ofrece distintos programas de doble titulaci\u00f3n con casas de estudios en el extranjero.<\/a><\/p><p>\u00a0<\/p><p><b>RADIO BIOB\u00cdO<\/b><\/p><p><a style=\"font-style: inherit; font-weight: inherit; background-color: #ffffff; font-family: -apple-system, BlinkMacSystemFont,;\" href=\"https:\/\/www.litoralpress.cl\/sitio\/RadioTV_Detalles.cshtml?LPKey=QWZCEWYW7HCXONMZNVDLSH3BLQZ2T6HIOSPSRVL4KEWEJJGQVOIQ\" target=\"_blank\" rel=\"noopener\">Entrevista a Patricio Gonz\u00e1lez, agroclimat\u00f3logo de la Universidad de Talca.<\/a><\/p><p>\u00a0<\/p><p><b>DIARIOTALCA.CL<\/b><\/p><p><a style=\"font-style: inherit; font-weight: inherit; background-color: #ffffff; font-family: -apple-system, BlinkMacSystemFont,;\" href=\"https:\/\/diariotalca.cl\/se-espera-otra-ola-de-calor-para-navidad\/\" target=\"_blank\" rel=\"noopener\">Se espera otra ola de calor en Navidad. Se refiere Patricio Gonz\u00e1lez, agroclimat\u00f3logo de la Universidad de Talca.<\/a><\/p><p>\u00a0<\/p><p><b>RADIO COOPERATIVA<\/b><\/p><p><a style=\"font-style: inherit; font-weight: inherit; background-color: #ffffff; font-family: -apple-system, BlinkMacSystemFont,;\" href=\"https:\/\/www.litoralpress.cl\/sitio\/RadioTV_Detalles.cshtml?LPKey=4HPVMK2XOQ5S6K5T4QVVQOFABEFHIMNASHF5HSCQPWHQY6DFN4DQ\" target=\"_blank\" rel=\"noopener\">Llaman a establecer criterios de salubridad seg\u00fan el pa\u00eds de origen del turista que arribe a Chile. Se refieren Sergio Wehinger y Marcelo Alarc\u00f3n, director del Mag\u00edster en Ciencias Biom\u00e9dicas y acad\u00e9mico del Departamento de Bioqu\u00edmica Cl\u00ednica e Inmunohematolog\u00eda de la UTalca, respectivamente.<\/a><\/p><p>\u00a0<\/p><p><b>CANAL CONTIVISI\u00d3N<\/b><\/p><p><a style=\"font-style: inherit; font-weight: inherit; background-color: #ffffff; font-family: -apple-system, BlinkMacSystemFont,;\" href=\"https:\/\/www.litoralpress.cl\/sitio\/RadioTV_Detalles.cshtml?LPKey=GOQYP5WJ7OOV2M6PZSMRETU3KAR4XZC5AEAJ3PLTRKVVDOTLRAJA\" target=\"_blank\" rel=\"noopener\">Pareja talquina es contacto estrecho de un contagio de la variante \u00d3micron. Se refiere Sergio Wehinger, director del Mag\u00edster en Ciencias Biom\u00e9dicas de la UTalca.<\/a><\/p><p>\u00a0<\/p><p><b>DIARIOTALCA.CL<\/b><\/p><p><a style=\"font-style: inherit; font-weight: inherit; background-color: #ffffff; font-family: -apple-system, BlinkMacSystemFont,;\" href=\"https:\/\/diariotalca.cl\/experto-advierte-que-las-vacunas-mitigarian-los-efectos-de-la-variante-omicron\/\" target=\"_blank\" rel=\"noopener\">Experto advierte que las vacunas mitigar\u00edan los efectos de la variante \u00d3micron. Se refiere Marcelo Alarc\u00f3n, acad\u00e9mico del Departamento de Bioqu\u00edmica Cl\u00ednica e Inmunohematolog\u00eda de la UTalca.<\/a><\/p><p>\u00a0<\/p><p><b>VIVIMOSLANOTICIA.CL<\/b><\/p><p><a style=\"font-style: inherit; font-weight: inherit; background-color: #ffffff; font-family: -apple-system, BlinkMacSystemFont,;\" href=\"https:\/\/vivimoslanoticia.cl\/noticias\/actualidad\/nacional\/2021\/12\/07\/experto-de-la-utalca-indica-que-cepa-omicron-es-500-veces-mas-infecciosa-pero-con-sintomas-leves\/\" target=\"_blank\" rel=\"noopener\">Experto de la UTalca indica que cepa \u00d3micron es 500 veces m\u00e1s infecciosa pero con s\u00edntomas leves.<\/a><\/p><p>\u00a0<\/p><p><b>LA DISCUSI\u00d3N<\/b><\/p><p><a style=\"font-style: inherit; font-weight: inherit; background-color: #ffffff; font-family: -apple-system, BlinkMacSystemFont,;\" href=\"https:\/\/www.litoralpress.cl\/sitio\/Prensa_PaginaCompleta.cshtml?LPKey=MJB2XR5Y3EP2HDTT7RYNNS32EN3NG52JYENTHQ3QEV7QYIDEM4XA\" target=\"_blank\" rel=\"noopener\">Expertos aconsejan acciones tras primer caso de \u00d3micron en Chile. Se refiere Erika Retamal, directora de Salud P\u00fablica de la UTalca.<\/a><\/p><p>\u00a0<\/p><p><b>CANALSURPATAGONIA.CL<\/b><\/p><p><a style=\"font-style: inherit; font-weight: inherit; background-color: #ffffff; font-family: -apple-system, BlinkMacSystemFont,;\" href=\"https:\/\/www.canalsurpatagonia.cl\/se-registran-menos-de-2-000-casos-de-covid-19-y-positividad-en-la-region-metropolitana-cae-al-1\/#comments\" target=\"_blank\" rel=\"noopener\">Se registran menos de 2.000 casos de Covid-19 y positividad en la Regi\u00f3n Metropolitana cae al 1%. Se refiere Marcelo Alarc\u00f3n, acad\u00e9mico del Departamento de Bioqu\u00edmica Cl\u00ednica e Inmunohematolog\u00eda de la UTalca.<\/a><\/p><p>\u00a0<\/p><p><b>ELMOSTRADOR.CL<\/b><\/p><p><a style=\"font-style: inherit; font-weight: inherit; background-color: #ffffff; font-family: -apple-system, BlinkMacSystemFont,;\" href=\"https:\/\/www.elmostrador.cl\/agenda-pais\/2021\/12\/08\/destacan-la-aprobacion-del-matrimonio-igualitario-como-un-avance-del-derecho-familiar-chileno\/\" target=\"_blank\" rel=\"noopener\">Destacan la aprobaci\u00f3n del matrimonio igualitario como un avance del derecho familiar chileno. Se refiere Isaac Ravetllat, acad\u00e9mico de la Facultad de Ciencias Jur\u00eddicas y Sociales de la UTalca.<\/a><\/p><p>\u00a0<\/p><p><b>ADPRENSA.CL<\/b><\/p><p><a style=\"font-style: inherit; font-weight: inherit; background-color: #ffffff; font-family: -apple-system, BlinkMacSystemFont,;\" href=\"https:\/\/www.adprensa.cl\/cronica\/destacan-la-aprobacion-del-matrimonio-igualitario-como-un-avance-del-derecho-familiar-chileno\/\" target=\"_blank\" rel=\"noopener\">Destacan la aprobaci\u00f3n del matrimonio igualitario como un avance del derecho familiar chileno. Se refiere Isaac Ravetllat, acad\u00e9mico de la Facultad de Ciencias Jur\u00eddicas y Sociales de la UTalca.<\/a><\/p><p>\u00a0<\/p><p><b>LA PRENSA<\/b><\/p><p><a style=\"font-style: inherit; font-weight: inherit; background-color: #ffffff; font-family: -apple-system, BlinkMacSystemFont,;\" href=\"https:\/\/www.litoralpress.cl\/paginaconsultas\/Servicios_NClip\/Get_Imagen_Nota.aspx?LPKey=WQQVX3VCJQNNAYPZZSBJDLX3NE45D6ZABS2BOFFSABMZ5JPSDNPYPMBJYQ3DD2XLVTCWP2KN2SM2O\" target=\"_blank\" rel=\"noopener\">Acad\u00e9mico de la UTalca destaca la aprobaci\u00f3n de Matrimonio Igualitario.<\/a><\/p><p>\u00a0<\/p><p><b>DIARIOLAPRENSA.CL<\/b><\/p><p><a style=\"font-style: inherit; font-weight: inherit; background-color: #ffffff; font-family: -apple-system, BlinkMacSystemFont,;\" href=\"https:\/\/new.diariolaprensa.cl\/index.php\/2021\/12\/08\/academico-de-la-utalca-destaca-la-aprobacion-de-matrimonio-igualitario\/\" target=\"_blank\" rel=\"noopener\">Acad\u00e9mico de la UTalca destaca la aprobaci\u00f3n de Matrimonio Igualitario.<\/a><\/p><p>\u00a0<\/p><p><b>DIARIOTALCA.CL<\/b><\/p><p><a style=\"font-style: inherit; font-weight: inherit; background-color: #ffffff; font-family: -apple-system, BlinkMacSystemFont,;\" href=\"https:\/\/diariotalca.cl\/destacan-la-aprobacion-del-matrimonio-igualitario-en-el-derecho-de-familia-chilieno\/\" target=\"_blank\" rel=\"noopener\">Destacan la aprobaci\u00f3n del matrimonio igualitario en el derecho de familia chileno. Se refiere Isaac Ravetllat, acad\u00e9mico de la Facultad de Ciencias Jur\u00eddicas y Sociales de la UTalca.<\/a><\/p><p>\u00a0<\/p><p><b>LANOTICIA.CL<\/b><\/p><p><a style=\"font-style: inherit; font-weight: inherit; background-color: #ffffff; font-family: -apple-system, BlinkMacSystemFont,;\" href=\"https:\/\/lanoticia.cl\/destacan-la-aprobacion-del-matrimonio-igualitario-como-un-avance-del-derecho-familiar-chileno\/\" target=\"_blank\" rel=\"noopener\">Destacan la aprobaci\u00f3n del matrimonio igualitario como un avance del derecho familiar chileno. Se refiere Isaac Ravetllat, acad\u00e9mico de la Facultad de Ciencias Jur\u00eddicas y Sociales de la UTalca.<\/a><\/p><p>\u00a0<\/p><p><b>ELMAULEINFORMA.CL<\/b><\/p><p><a style=\"font-style: inherit; font-weight: inherit; background-color: #ffffff; font-family: -apple-system, BlinkMacSystemFont,;\" href=\"https:\/\/elmauleinforma.cl\/recomendaciones-para-un-aire-acondicionado-eficiente\/\" target=\"_blank\" rel=\"noopener\">Recomendaciones para un aire acondicionado eficiente. Se refiere Mar\u00eda Luisa del Campo, directora del Centro Tecnol\u00f3gico Kipus de la UTalca.<\/a><\/p><p>\u00a0<\/p><p><b>PORTALAGROCHILE.CL<\/b><\/p><p><a style=\"font-style: inherit; font-weight: inherit; background-color: #ffffff; font-family: -apple-system, BlinkMacSystemFont,;\" href=\"https:\/\/www.portalagrochile.cl\/2021\/12\/08\/mediante-biotecnologia-logran-desarrollar-papas-mas-resistentes-a-las-sequias\/\" target=\"_blank\" rel=\"noopener\">Mediante biotecnolog\u00eda, logran desarrollar papas m\u00e1s resistentes a las sequ\u00edas. Se menciona a Sim\u00f3n Ruiz, director del Instituto de Ciencias Biol\u00f3gicas de la UTalca.<\/a><\/p><p>\u00a0<\/p><p><b>LATRIBUNA.CL<\/b><\/p><p><a style=\"font-style: inherit; font-weight: inherit; background-color: #ffffff; font-family: -apple-system, BlinkMacSystemFont,;\" href=\"https:\/\/www.latribuna.cl\/noticias\/2021\/12\/07\/mediante-biotecnologia-logran-desarrollar-papas-mas-resistentes-a-las-sequias.html\" target=\"_blank\" rel=\"noopener\">Mediante biotecnolog\u00eda, logran desarrollar papas m\u00e1s resistentes a las sequ\u00edas. Se menciona a Sim\u00f3n Ruiz, director del Instituto de Ciencias Biol\u00f3gicas de la UTalca.<\/a><\/p><p>\u00a0<\/p><p><b>CANAL TVN<\/b><\/p><p><a style=\"font-style: inherit; font-weight: inherit; background-color: #ffffff; font-family: -apple-system, BlinkMacSystemFont,;\" href=\"https:\/\/www.litoralpress.cl\/sitio\/RadioTV_Detalles.cshtml?LPKey=JBU5AVXRSLSOSQ7GNENL6R4REWPVMSUMWZ4KV3BPQWPLSH2L77HQ\" target=\"_blank\" rel=\"noopener\">Gabriel Boric present\u00f3 su plan econ\u00f3mico. Se refiere Mauricio Morales, director del Centro de An\u00e1lisis Pol\u00edtico (CAP) de la UTalca.<\/a><\/p><p>\u00a0<\/p><p><b>CANAL 24 HORAS<\/b><\/p><p><a style=\"font-style: inherit; font-weight: inherit; background-color: #ffffff; font-family: -apple-system, BlinkMacSystemFont,;\" href=\"https:\/\/www.litoralpress.cl\/sitio\/RadioTV_Detalles.cshtml?LPKey=Z5DMVHDTAI56ZP4INHL2IHNRRZHOIA5IPVKHL4IBOQ6XAOTASFJA\" target=\"_blank\" rel=\"noopener\">Gabriel Boric present\u00f3 su plan econ\u00f3mico. Se refiere Mauricio Morales, director del Centro de An\u00e1lisis Pol\u00edtico (CAP) de la UTalca.<\/a><\/p><p>\u00a0<\/p><p><b>CANAL MEGA<\/b><\/p><p><a style=\"font-style: inherit; font-weight: inherit; background-color: #ffffff; font-family: -apple-system, BlinkMacSystemFont,;\" href=\"https:\/\/www.litoralpress.cl\/sitio\/RadioTV_Detalles.cshtml?LPKey=47MNNKEHJBUFZMTW2JOAIPW6EMEPWOOT235JDYBFBRHYPDJSTLMQ\" target=\"_blank\" rel=\"noopener\">Servel investiga al Partido de la Gente. Se refiere Mauricio Morales, director del Centro de An\u00e1lisis Pol\u00edtico (CAP) de la UTalca.<\/a><\/p><p>\u00a0<\/p><p><b>CANAL MEGA PLUS<\/b><\/p><p><a style=\"font-style: inherit; font-weight: inherit; background-color: #ffffff; font-family: -apple-system, BlinkMacSystemFont,;\" href=\"https:\/\/www.litoralpress.cl\/sitio\/RadioTV_Detalles.cshtml?LPKey=HHN3Z6RFSGFUYWFPILVCBV6LU6UUMU2S6DKVOFIS5DBU7DICI36Q\" target=\"_blank\" rel=\"noopener\">Servel investiga al Partido de la Gente. Se refiere Mauricio Morales, director del Centro de An\u00e1lisis Pol\u00edtico (CAP) de la UTalca.<\/a><\/p><p>\u00a0<\/p><p><b>EL MERCURIO DE VALPARA\u00cdSO<\/b><\/p><p><a style=\"font-style: inherit; font-weight: inherit; background-color: #ffffff; font-family: -apple-system, BlinkMacSystemFont,;\" href=\"https:\/\/www.litoralpress.cl\/paginaconsultas\/Servicios_NClip\/Get_Imagen_Nota.aspx?LPKey=2ZAMQX3LCAI66DJ7HN7KFA4YS7PIUU77357A5J7GXUSWAEI7PLZWUIEGHASOX4JB4ZZU5NXE7Q2UK\" target=\"_blank\" rel=\"noopener\">Los riesgos de los candidatos de cara a la segunda vuelta. Se refiere Mauricio Morales, director del Centro de An\u00e1lisis Pol\u00edtico (CAP) de la UTalca.<\/a><\/p><p>\u00a0<\/p><p><b>THECLINIC.CL<\/b><\/p><p><a style=\"font-style: inherit; font-weight: inherit; background-color: #ffffff; font-family: -apple-system, BlinkMacSystemFont,;\" href=\"https:\/\/www.theclinic.cl\/2021\/12\/07\/kast-mantiene-en-su-programa-el-indh-y-el-ministerio-de-la-mujer\/\" target=\"_blank\" rel=\"noopener\">Kast le baja un par de cambios a su programa: se mantienen el INDH y el Ministerio de la Mujer. Se refiere Mauricio Morales, director del Centro de An\u00e1lisis Pol\u00edtico (CAP) de la UTalca.<\/a><\/p><p>\u00a0<\/p><p><b>EX-ANTE.CL<\/b><\/p><p><a style=\"font-style: inherit; font-weight: inherit; background-color: #ffffff; font-family: -apple-system, BlinkMacSystemFont,;\" href=\"https:\/\/www.ex-ante.cl\/mauricio-morales-analista-esta-es-la-peor-eleccion-desde-1932\/\" target=\"_blank\" rel=\"noopener\">Mauricio Morales, analista: \u201cEsta es la peor elecci\u00f3n desde 1932\u201d.<\/a><\/p><p>\u00a0<\/p><p><b>CANAL UATV<\/b><\/p><p><a style=\"font-style: inherit; font-weight: inherit; background-color: #ffffff; font-family: -apple-system, BlinkMacSystemFont,;\" href=\"https:\/\/www.litoralpress.cl\/sitio\/RadioTV_Detalles.cshtml?LPKey=MHRKMVS7MMA4NGDOYAEADSJFXJWVNKE62SK4JYNLZDB2SYSHM5IQ\" target=\"_blank\" rel=\"noopener\">Comando de Boric responde a cr\u00edticas del l\u00edder de los camioneros. Se refiere Mauricio Morales, director del Centro de An\u00e1lisis Pol\u00edtico (CAP) de la UTalca.<\/a><\/p>\t\t\t\t\t\t<\/div>\n\t\t\t\t<\/div>\n\t\t\t\t\t<\/div>\n\t\t<\/div>\n\t\t\t\t\t\t\t<\/div>\n\t\t<\/section>\n\t\t\t\t\t\t<\/div>\n\t\t\t\t\t<\/div>\n\t\t","protected":false},"excerpt":{"rendered":"<p>AMERICAECONOMIA.COM Ranking de las Mejores Universidades de Chile 2021: Mirando el mercado. Se menciona a la UTalca. \u00a0 AMERICAECONOMIA.COM Estos son los resultados del Ranking de las Mejores Universidades de Chile 2021.Se menciona a la UTalca. \u00a0 LA PRENSA UTalca ofrece programas de doble titulaci\u00f3n. \u00a0 ELMAULEINFORMA.CL UTalca ofrece distintos programas de doble titulaci\u00f3n con &hellip;<\/p>\n<p class=\"read-more\"> <a class=\"\" href=\"https:\/\/www.reportedeprensa.utalca.cl\/?p=2608\"> <span class=\"screen-reader-text\">09 de diciembre de 2021<\/span> Read More &raquo;<\/a><\/p>\n","protected":false},"author":1,"featured_media":0,"comment_status":"closed","ping_status":"open","sticky":false,"template":"elementor_theme","format":"standard","meta":{"_monsterinsights_skip_tracking":false,"_monsterinsights_sitenote_active":false,"_monsterinsights_sitenote_note":"","_monsterinsights_sitenote_category":0},"categories":[15],"tags":[],"_links":{"self":[{"href":"https:\/\/www.reportedeprensa.utalca.cl\/index.php?rest_route=\/wp\/v2\/posts\/2608"}],"collection":[{"href":"https:\/\/www.reportedeprensa.utalca.cl\/index.php?rest_route=\/wp\/v2\/posts"}],"about":[{"href":"https:\/\/www.reportedeprensa.utalca.cl\/index.php?rest_route=\/wp\/v2\/types\/post"}],"author":[{"embeddable":true,"href":"https:\/\/www.reportedeprensa.utalca.cl\/index.php?rest_route=\/wp\/v2\/users\/1"}],"replies":[{"embeddable":true,"href":"https:\/\/www.reportedeprensa.utalca.cl\/index.php?rest_route=%2Fwp%2Fv2%2Fcomments&post=2608"}],"version-history":[{"count":4,"href":"https:\/\/www.reportedeprensa.utalca.cl\/index.php?rest_route=\/wp\/v2\/posts\/2608\/revisions"}],"predecessor-version":[{"id":2612,"href":"https:\/\/www.reportedeprensa.utalca.cl\/index.php?rest_route=\/wp\/v2\/posts\/2608\/revisions\/2612"}],"wp:attachment":[{"href":"https:\/\/www.reportedeprensa.utalca.cl\/index.php?rest_route=%2Fwp%2Fv2%2Fmedia&parent=2608"}],"wp:term":[{"taxonomy":"category","embeddable":true,"href":"https:\/\/www.reportedeprensa.utalca.cl\/index.php?rest_route=%2Fwp%2Fv2%2Fcategories&post=2608"},{"taxonomy":"post_tag","embeddable":true,"href":"https:\/\/www.reportedeprensa.utalca.cl\/index.php?rest_route=%2Fwp%2Fv2%2Ftags&post=2608"}],"curies":[{"name":"wp","href":"https:\/\/api.w.org\/{rel}","templated":true}]}}