{"id":2620,"date":"2021-12-10T08:37:25","date_gmt":"2021-12-10T11:37:25","guid":{"rendered":"https:\/\/www.reportedeprensa.utalca.cl\/?p=2620"},"modified":"2021-12-10T08:44:30","modified_gmt":"2021-12-10T11:44:30","slug":"10-de-diciembre-de-2021","status":"publish","type":"post","link":"https:\/\/www.reportedeprensa.utalca.cl\/?p=2620","title":{"rendered":"10 de diciembre de 2021"},"content":{"rendered":"\t\t<div data-elementor-type=\"wp-post\" data-elementor-id=\"2620\" class=\"elementor elementor-2620\" data-elementor-settings=\"[]\">\n\t\t\t\t\t\t\t<div class=\"elementor-section-wrap\">\n\t\t\t\t\t\t\t<section class=\"elementor-section elementor-top-section elementor-element elementor-element-a06ca45 elementor-section-boxed elementor-section-height-default elementor-section-height-default\" data-id=\"a06ca45\" data-element_type=\"section\">\n\t\t\t\t\t\t<div class=\"elementor-container elementor-column-gap-default\">\n\t\t\t\t\t<div class=\"elementor-column elementor-col-100 elementor-top-column elementor-element elementor-element-1486c35\" data-id=\"1486c35\" data-element_type=\"column\">\n\t\t\t<div class=\"elementor-widget-wrap elementor-element-populated\">\n\t\t\t\t\t\t\t\t<div class=\"elementor-element elementor-element-42b145e elementor-widget elementor-widget-text-editor\" data-id=\"42b145e\" data-element_type=\"widget\" data-widget_type=\"text-editor.default\">\n\t\t\t\t<div class=\"elementor-widget-container\">\n\t\t\t\t\t\t\t\t<p><b>DIARIO TALCA<\/b><\/p><p><a style=\"font-style: inherit; font-weight: inherit; background-color: #ffffff; font-family: -apple-system, BlinkMacSystemFont,;\" href=\"https:\/\/www.litoralpress.cl\/paginaconsultas\/Servicios_NClip\/Get_Imagen_Nota.aspx?LPKey=EZEXTDQONZYULNVQTN7233O3COEBGABLIK7KWYLDG2BNX4HW3F3OTKTJUNTVIQTCA2TB5JNV75R6O\" target=\"_blank\" rel=\"noopener\">UTalca ofrece programas de doble titulaci\u00f3n en el extranjero.<\/a><\/p><p>\u00a0<\/p><p><b>RADIO COOPERATIVA<\/b><\/p><p><a style=\"font-style: inherit; font-weight: inherit; background-color: #ffffff; font-family: -apple-system, BlinkMacSystemFont,;\" href=\"https:\/\/www.litoralpress.cl\/sitio\/RadioTV_Detalles.cshtml?LPKey=FDUWRUXYAWAXJQ64KTQAPWZOUTE2XNZVM4UE35VM4K2G34HU4C7A\" target=\"_blank\" rel=\"noopener\">Disminuyen contagios por Coronavirus en la \u00faltima semana en el pa\u00eds, expertos preocupados por expansi\u00f3n de variante \u00d3micron y posibles repercusiones. Se refieren Sergio Wehinger y Marcelo Alarc\u00f3n, director del Mag\u00edster en Ciencias Biom\u00e9dicas y acad\u00e9mico del Departamento de Bioqu\u00edmica Cl\u00ednica e Inmunohematolog\u00eda de la UTalca, respectivamente.<\/a><\/p><p>\u00a0<\/p><p><b>TVMAULE.CL<\/b><\/p><p><a style=\"font-style: inherit; font-weight: inherit; background-color: #ffffff; font-family: -apple-system, BlinkMacSystemFont,;\" href=\"https:\/\/www.tvmaule.cl\/academicos-reiteran-importancia-de-la-vacunacion-infantil-ante-la-llegada-de-omicron\/\" target=\"_blank\" rel=\"noopener\">Acad\u00e9micos reiteran importancia de la vacunaci\u00f3n infantil ante la llegada de \u00d3micron. Se refieren Erika Retamal, directora de Salud P\u00fablica, Sergio Wehinger, director del Mag\u00edster en Ciencias Biom\u00e9dicas y Marcelo Alarc\u00f3n, acad\u00e9mico del Departamento de Bioqu\u00edmica Cl\u00ednica e Inmunohematolog\u00eda de la UTalca.<\/a><\/p><p>\u00a0<\/p><p><b>REDMAULE.COM<\/b><\/p><p><a style=\"font-style: inherit; font-weight: inherit; background-color: #ffffff; font-family: -apple-system, BlinkMacSystemFont,;\" href=\"https:\/\/www.redmaule.com\/nacional\/reiteran-importancia-de-la-vacunacion-infantil-ante-nueva-alerta-de-la\" target=\"_blank\" rel=\"noopener\">Reiteran importancia de la vacunaci\u00f3n infantil ante la llegada de \u00d3micron. Se refieren Erika Retamal, directora de Salud P\u00fablica, Sergio Wehinger, director del Mag\u00edster en Ciencias Biom\u00e9dicas y Marcelo Alarc\u00f3n, acad\u00e9mico del Departamento de Bioqu\u00edmica Cl\u00ednica e Inmunohematolog\u00eda de la UTalca.<\/a><\/p><p>\u00a0<\/p><p><b>EL RANCAGUINO<\/b><\/p><p><a style=\"font-style: inherit; font-weight: inherit; background-color: #ffffff; font-family: -apple-system, BlinkMacSystemFont,;\" href=\"https:\/\/www.litoralpress.cl\/paginaconsultas\/Servicios_NClip\/Get_Imagen_Nota.aspx?LPKey=HENPG6LTI6SE3NFHX2CZQUK6MR42XL42OQAS4MUGYWMOKXKLQKKR433H62KWUTQWECKKDE2N2ZSRC\" target=\"_blank\" rel=\"noopener\">Expertos reiteran importancia de la vacunaci\u00f3n infantil ante la llegada de \u00d3micron. Se refieren Erika Retamal, directora de Salud P\u00fablica, Sergio Wehinger, director del Mag\u00edster en Ciencias Biom\u00e9dicas y Marcelo Alarc\u00f3n, acad\u00e9mico del Departamento de Bioqu\u00edmica Cl\u00ednica e Inmunohematolog\u00eda de la UTalca.<\/a><\/p><p>\u00a0<\/p><p><b>RADIOMAGALLANES.CL<\/b><\/p><p><a style=\"font-style: inherit; font-weight: inherit; background-color: #ffffff; font-family: -apple-system, BlinkMacSystemFont,;\" href=\"https:\/\/www.radiomagallanes.cl\/noticia.php?id_not=99046\" target=\"_blank\" rel=\"noopener\">Expertos reiteran importancia de la vacunaci\u00f3n ante nueva alerta de la OMS y la llegada de \u00d3micron. Se refieren Erika Retamal, directora de Salud P\u00fablica, Sergio Wehinger, director del Mag\u00edster en Ciencias Biom\u00e9dicas y Marcelo Alarc\u00f3n, acad\u00e9mico del Departamento de Bioqu\u00edmica Cl\u00ednica e Inmunohematolog\u00eda de la UTalca.<\/a><\/p><p>\u00a0<\/p><p><b>DIALOGOSUR.CL<\/b><\/p><p><a style=\"font-style: inherit; font-weight: inherit; background-color: #ffffff; font-family: -apple-system, BlinkMacSystemFont,;\" href=\"https:\/\/dialogosur.cl\/expertos-reiteran-importancia-de-la-vacunacion-infantil-ante-nueva-alerta-de-la-oms-y-la-llegada-de-omicron\/\" target=\"_blank\" rel=\"noopener\">Expertos reiteran importancia de la vacunaci\u00f3n infantil ante nueva alerta de la OMS y la llegada de \u00d3micron. Se refieren Erika Retamal, directora de Salud P\u00fablica, Sergio Wehinger, director del Mag\u00edster en Ciencias Biom\u00e9dicas y Marcelo Alarc\u00f3n, acad\u00e9mico del Departamento de Bioqu\u00edmica Cl\u00ednica e Inmunohematolog\u00eda de la UTalca.<\/a><\/p><p>\u00a0<\/p><p><b>CANAL CONTIVISI\u00d3N<\/b><\/p><p><a style=\"font-style: inherit; font-weight: inherit; background-color: #ffffff; font-family: -apple-system, BlinkMacSystemFont,;\" href=\"https:\/\/www.litoralpress.cl\/sitio\/RadioTV_Detalles.cshtml?LPKey=LS42MDNXT4OAYE3PMCRQQLBOPP2RM6Z4GXQVEUHQQTSCLO2TVWDQ\" target=\"_blank\" rel=\"noopener\">Aprobado proyecto de ley que permite el Matrimonio Igualitario. Se refiere Isaac Ravetllat, acad\u00e9mico de la Facultad de Ciencias Jur\u00eddicas y Sociales de la UTalca.<\/a><\/p><p>\u00a0<\/p><p><b>CANAL ANTOFAGASTA TELEVISI\u00d3N<\/b><\/p><p><a style=\"font-style: inherit; font-weight: inherit; background-color: #ffffff; font-family: -apple-system, BlinkMacSystemFont,;\" href=\"https:\/\/www.litoralpress.cl\/sitio\/RadioTV_Detalles.cshtml?LPKey=LOHPF537K4FNOO3XKKO6EEGEWTLAB634RHSWD4IZTIVC5CHWNRMQ\" target=\"_blank\" rel=\"noopener\">Chile es el octavo pa\u00eds de Latinoam\u00e9rica que aprob\u00f3 la Ley de Matrimonio Igualitario. Se refiere Isaac Ravetllat, acad\u00e9mico de la Facultad de Ciencias Jur\u00eddicas y Sociales de la UTalca.<\/a><\/p><p>\u00a0<\/p><p><b>TALCACAPITAL.CL<\/b><\/p><p><a style=\"font-style: inherit; font-weight: inherit; background-color: #ffffff; font-family: -apple-system, BlinkMacSystemFont,;\" href=\"https:\/\/talcacapital.cl\/thinkagro-utalca-lidera-transferencia-tecnologica-a-pymes-agricolas-y-agroindustriales-de-la-region\/\" target=\"_blank\" rel=\"noopener\">Thinkagro-UTalca lidera transferencia tecnol\u00f3gica a pymes agr\u00edcolas y agroindustriales de la regi\u00f3n.<\/a><\/p><p>\u00a0<\/p><p><b>TVMAULE.CL<\/b><\/p><p><a style=\"font-style: inherit; font-weight: inherit; background-color: #ffffff; font-family: -apple-system, BlinkMacSystemFont,;\" href=\"https:\/\/www.tvmaule.cl\/200-pymes-agricolas-y-agroindustriales-avanzaran-hacia-la-transformacion-digital\/\" target=\"_blank\" rel=\"noopener\">200 pymes agr\u00edcolas y agroindustriales avanzar\u00e1n hacia la transformaci\u00f3n digital. Se menciona Thinkagro-UTalca.<\/a><\/p><p>\u00a0<\/p><p><b>RADIOAGRICULTURA.CL<\/b><\/p><p><a style=\"font-style: inherit; font-weight: inherit; background-color: #ffffff; font-family: -apple-system, BlinkMacSystemFont,;\" href=\"https:\/\/www.radioagricultura.cl\/elagro\/2021\/12\/09\/mediante-biotecnologia-logran-desarrollar-papas-mas-resistentes-a-las-sequias.html\" target=\"_blank\" rel=\"noopener\">Mediante biotecnolog\u00eda, logran desarrollar papas m\u00e1s resistentes a las sequ\u00edas. Se menciona a Sim\u00f3n Ruiz, director del Instituto de Ciencias Biol\u00f3gicas de la UTalca.<\/a><\/p><p>\u00a0<\/p><p><b>REDMAULE.COM<\/b><\/p><p><a style=\"font-style: inherit; font-weight: inherit; background-color: #ffffff; font-family: -apple-system, BlinkMacSystemFont,;\" href=\"https:\/\/www.litoralpress.cl\/sitio\/RadioTV_Detalles.cshtml?LPKey=V663C42ZN4NGQVOTN4PBTL5QAPCGVTLTM7KHZLTRRBUOXC22DALA\" target=\"_blank\" rel=\"noopener\">Entrevista a Marisol Labra, fonoaudi\u00f3loga y acad\u00e9mica de la Universidad de Talca.<\/a><\/p><p>\u00a0<\/p><p><b>CANAL MEGA<\/b><\/p><p><a style=\"font-style: inherit; font-weight: inherit; background-color: #ffffff; font-family: -apple-system, BlinkMacSystemFont,;\" href=\"https:\/\/www.litoralpress.cl\/sitio\/RadioTV_Detalles.cshtml?LPKey=XPOINX35PCBEDRVQY3GKEFTYR5WCIRUTDL6CNY2XWWXWOCLZAJMQ\" target=\"_blank\" rel=\"noopener\">Servel investiga al Partido de la Gente. Se refiere Mauricio Morales, director del Centro de An\u00e1lisis Pol\u00edtico (CAP) de la UTalca.<\/a><\/p><p>\u00a0<\/p><p><b>TIROALBLANCO.CL<\/b><\/p><p><a style=\"font-style: inherit; font-weight: inherit; background-color: #ffffff; font-family: -apple-system, BlinkMacSystemFont,;\" href=\"http:\/\/www.tiroalblanco.cl\/muestraf.php?not=85848&amp;do=muestra\" target=\"_blank\" rel=\"noopener\">\u00a1Esta es la peor elecci\u00f3n desde 1932! Se refiere Mauricio Morales, director del Centro de An\u00e1lisis Pol\u00edtico (CAP) de la UTalca.<\/a><\/p><p>\u00a0<\/p><p><b>DIARIO TALCA<\/b><\/p><p><a style=\"font-style: inherit; font-weight: inherit; background-color: #ffffff; font-family: -apple-system, BlinkMacSystemFont,;\" href=\"https:\/\/www.litoralpress.cl\/paginaconsultas\/Servicios_NClip\/Get_Imagen_Nota.aspx?LPKey=KTYCIIPIMAGR55PE6MALUYDA4GQNDSMRBKAZE5GS45DUX4BE4K2GBBIP7L2HNTNOGXQJO7W6E7KPQ\" target=\"_blank\" rel=\"noopener\">Efem\u00e9rides\/ CDP UTalca Recuerdos del gran terremoto de 1928.<\/a><\/p><p>\u00a0<\/p><p><b>DIARIO TALCA<\/b><\/p><p><a style=\"font-style: inherit; font-weight: inherit; background-color: #ffffff; font-family: -apple-system, BlinkMacSystemFont,;\" href=\"https:\/\/www.litoralpress.cl\/paginaconsultas\/Servicios_NClip\/Get_Imagen_Nota.aspx?LPKey=A5G4L6IZFWJZ6XMFRAXPIXVIZK3GR4YI4JX6AM56OCLXAC2LS6YVHHOZWYHXTWB7JPX5XCATTLB5C\" target=\"_blank\" rel=\"noopener\">\u00c1lbum fotogr\u00e1fico de Talca. Se menciona la UTalca.<\/a><\/p>\t\t\t\t\t\t<\/div>\n\t\t\t\t<\/div>\n\t\t\t\t\t<\/div>\n\t\t<\/div>\n\t\t\t\t\t\t\t<\/div>\n\t\t<\/section>\n\t\t\t\t\t\t<\/div>\n\t\t\t\t\t<\/div>\n\t\t","protected":false},"excerpt":{"rendered":"<p>DIARIO TALCA UTalca ofrece programas de doble titulaci\u00f3n en el extranjero. \u00a0 RADIO COOPERATIVA Disminuyen contagios por Coronavirus en la \u00faltima semana en el pa\u00eds, expertos preocupados por expansi\u00f3n de variante \u00d3micron y posibles repercusiones. Se refieren Sergio Wehinger y Marcelo Alarc\u00f3n, director del Mag\u00edster en Ciencias Biom\u00e9dicas y acad\u00e9mico del Departamento de Bioqu\u00edmica Cl\u00ednica &hellip;<\/p>\n<p class=\"read-more\"> <a class=\"\" href=\"https:\/\/www.reportedeprensa.utalca.cl\/?p=2620\"> <span class=\"screen-reader-text\">10 de diciembre de 2021<\/span> Read More &raquo;<\/a><\/p>\n","protected":false},"author":1,"featured_media":0,"comment_status":"closed","ping_status":"open","sticky":false,"template":"elementor_theme","format":"standard","meta":{"_monsterinsights_skip_tracking":false,"_monsterinsights_sitenote_active":false,"_monsterinsights_sitenote_note":"","_monsterinsights_sitenote_category":0},"categories":[15],"tags":[],"_links":{"self":[{"href":"https:\/\/www.reportedeprensa.utalca.cl\/index.php?rest_route=\/wp\/v2\/posts\/2620"}],"collection":[{"href":"https:\/\/www.reportedeprensa.utalca.cl\/index.php?rest_route=\/wp\/v2\/posts"}],"about":[{"href":"https:\/\/www.reportedeprensa.utalca.cl\/index.php?rest_route=\/wp\/v2\/types\/post"}],"author":[{"embeddable":true,"href":"https:\/\/www.reportedeprensa.utalca.cl\/index.php?rest_route=\/wp\/v2\/users\/1"}],"replies":[{"embeddable":true,"href":"https:\/\/www.reportedeprensa.utalca.cl\/index.php?rest_route=%2Fwp%2Fv2%2Fcomments&post=2620"}],"version-history":[{"count":7,"href":"https:\/\/www.reportedeprensa.utalca.cl\/index.php?rest_route=\/wp\/v2\/posts\/2620\/revisions"}],"predecessor-version":[{"id":2627,"href":"https:\/\/www.reportedeprensa.utalca.cl\/index.php?rest_route=\/wp\/v2\/posts\/2620\/revisions\/2627"}],"wp:attachment":[{"href":"https:\/\/www.reportedeprensa.utalca.cl\/index.php?rest_route=%2Fwp%2Fv2%2Fmedia&parent=2620"}],"wp:term":[{"taxonomy":"category","embeddable":true,"href":"https:\/\/www.reportedeprensa.utalca.cl\/index.php?rest_route=%2Fwp%2Fv2%2Fcategories&post=2620"},{"taxonomy":"post_tag","embeddable":true,"href":"https:\/\/www.reportedeprensa.utalca.cl\/index.php?rest_route=%2Fwp%2Fv2%2Ftags&post=2620"}],"curies":[{"name":"wp","href":"https:\/\/api.w.org\/{rel}","templated":true}]}}