{"id":2634,"date":"2021-12-13T08:52:18","date_gmt":"2021-12-13T11:52:18","guid":{"rendered":"https:\/\/www.reportedeprensa.utalca.cl\/?p=2634"},"modified":"2021-12-13T09:17:50","modified_gmt":"2021-12-13T12:17:50","slug":"13-de-diciembre-de-2021","status":"publish","type":"post","link":"https:\/\/www.reportedeprensa.utalca.cl\/?p=2634","title":{"rendered":"13 de diciembre de 2021"},"content":{"rendered":"\t\t<div data-elementor-type=\"wp-post\" data-elementor-id=\"2634\" class=\"elementor elementor-2634\" data-elementor-settings=\"[]\">\n\t\t\t\t\t\t\t<div class=\"elementor-section-wrap\">\n\t\t\t\t\t\t\t<section class=\"elementor-section elementor-top-section elementor-element elementor-element-a06ca45 elementor-section-boxed elementor-section-height-default elementor-section-height-default\" data-id=\"a06ca45\" data-element_type=\"section\">\n\t\t\t\t\t\t<div class=\"elementor-container elementor-column-gap-default\">\n\t\t\t\t\t<div class=\"elementor-column elementor-col-100 elementor-top-column elementor-element elementor-element-1486c35\" data-id=\"1486c35\" data-element_type=\"column\">\n\t\t\t<div class=\"elementor-widget-wrap elementor-element-populated\">\n\t\t\t\t\t\t\t\t<div class=\"elementor-element elementor-element-42b145e elementor-widget elementor-widget-text-editor\" data-id=\"42b145e\" data-element_type=\"widget\" data-widget_type=\"text-editor.default\">\n\t\t\t\t<div class=\"elementor-widget-container\">\n\t\t\t\t\t\t\t\t<p><b>DIARIOTALCA.CL<\/b><\/p><p><a style=\"font-style: inherit; font-weight: inherit; background-color: #ffffff; font-family: -apple-system, BlinkMacSystemFont,;\" href=\"https:\/\/diariotalca.cl\/ranking-ratifica-a-la-universidad-de-talca-como-la-mejor-estatal-de-regiones\/\" target=\"_blank\" rel=\"noopener\">Ranking ratifica a la Universidad de Talca como la mejor estatal de regiones.<\/a><\/p><p>\u00a0<\/p><p><b>ADPRENSA.CL<\/b><\/p><p><a style=\"font-style: inherit; font-weight: inherit; background-color: #ffffff; font-family: -apple-system, BlinkMacSystemFont,;\" href=\"https:\/\/www.adprensa.cl\/cronica\/universidad-de-talca-acredita-la-totalidad-de-sus-programas-de-doctorado-en-regimen\/\" target=\"_blank\" rel=\"noopener\">Universidad de Talca acredita la totalidad de sus programas de Doctorado en r\u00e9gimen.<\/a><\/p><p>\u00a0<\/p><p><b>LA PRENSA<\/b><\/p><p><a style=\"font-style: inherit; font-weight: inherit; background-color: #ffffff; font-family: -apple-system, BlinkMacSystemFont,;\" href=\"https:\/\/www.litoralpress.cl\/paginaconsultas\/Servicios_NClip\/Get_Imagen_Nota.aspx?LPKey=6VZNHI5LP4JK4CY7Z3UC3RBAEBEP5XSYM7WCWOTXWMK37SW5MISSXOSMWAMYLVENMMRCUPTXZRJRE\" target=\"_blank\" rel=\"noopener\">UTalca acredita programas de Doctorado.<\/a><\/p><p>\u00a0<\/p><p><b>EL HERALDO<\/b><\/p><p><a style=\"font-style: inherit; font-weight: inherit; background-color: #ffffff; font-family: -apple-system, BlinkMacSystemFont,;\" href=\"https:\/\/www.litoralpress.cl\/paginaconsultas\/Servicios_NClip\/Get_Imagen_Nota.aspx?LPKey=ALLM4QXZVI3GAV3JJVDCJJAJX44AVROVCYNTPCUPCPO24LRUUIK33RDYGMMMMY73N3LOUDRQMPYA4\" target=\"_blank\" rel=\"noopener\">Universidad de Talca acredita la totalidad de sus programas de Doctorado en r\u00e9gimen.<\/a><\/p><p>\u00a0<\/p><p><b>DIARIOELHERALDO.CL<\/b><\/p><p><a style=\"font-style: inherit; font-weight: inherit; background-color: #ffffff; font-family: -apple-system, BlinkMacSystemFont,;\" href=\"http:\/\/www.diarioelheraldo.cl\/noticia\/universidad-de-talca-acredita-la-totalidad-de-sus-programas-de-doctorado-en-regimen-\" target=\"_blank\" rel=\"noopener\">Universidad de Talca acredita la totalidad de sus programas de Doctorado en r\u00e9gimen.<\/a><\/p><p>\u00a0<\/p><p><b>CANAL CNN CHILE<\/b><\/p><p><a style=\"font-style: inherit; font-weight: inherit; background-color: #ffffff; font-family: -apple-system, BlinkMacSystemFont,;\" href=\"https:\/\/www.litoralpress.cl\/sitio\/RadioTV_Detalles.cshtml?LPKey=L3WU4YSSZI2VVMHGJUVRYDF5ULV54E5KJKLUBGPBLUJA5Z6WA5OA\" target=\"_blank\" rel=\"noopener\">Entrevista a Isaac Ravetllat, acad\u00e9mico de la Facultad de Ciencias Jur\u00eddicas y Sociales.<\/a><\/p><p>\u00a0<\/p><p><b>EL MERCURIO<\/b><\/p><p><a style=\"font-style: inherit; font-weight: inherit; background-color: #ffffff; font-family: -apple-system, BlinkMacSystemFont,;\" href=\"https:\/\/www.litoralpress.cl\/paginaconsultas\/Servicios_NClip\/Get_Imagen_Nota.aspx?LPKey=XLFHDMBLGNIM4U56DVQKZLCGMV6JNPNXPURECUTLRSUZH7ZECZLW3X6GYJGFSDDP6HC7B5NU4VTJE\" target=\"_blank\" rel=\"noopener\">En kayak por las aguas de Talca. Se menciona Jard\u00edn Bot\u00e1nico de la UTalca.<\/a><\/p><p>\u00a0<\/p><p><b>RADIO BIOB\u00cdO<\/b><\/p><p><a style=\"font-style: inherit; font-weight: inherit; background-color: #ffffff; font-family: -apple-system, BlinkMacSystemFont,;\" href=\"https:\/\/www.litoralpress.cl\/sitio\/RadioTV_Detalles.cshtml?LPKey=TQSAZNU74FZ6AJ4SF4FK3O5HB4UI5NLWRTN7XEH6U2T33GBQ3XZA\" target=\"_blank\" rel=\"noopener\">Bolet\u00edn mensual de Informaci\u00f3n Hidrom\u00e9trica de la DGA destac\u00f3 n\u00fameros positivos en algunas zonas. Se refiere Patricio Gonz\u00e1lez, agroclimat\u00f3logo de la UTalca.<\/a><\/p><p>\u00a0<\/p><p><b>RADIO BIOB\u00cdO<\/b><\/p><p><a style=\"font-style: inherit; font-weight: inherit; background-color: #ffffff; font-family: -apple-system, BlinkMacSystemFont,;\" href=\"https:\/\/www.litoralpress.cl\/sitio\/RadioTV_Detalles.cshtml?LPKey=MXFW5UV3MCDMKVW4MZKC3UHJGMS3NBOB4CJ5KYSV5XESO4EZTMUQ\" target=\"_blank\" rel=\"noopener\">DGA informa d\u00e9ficit de 18% de agua en embalses a nivel hist\u00f3rico. Se refiere Patricio Gonz\u00e1lez, agroclimat\u00f3logo de la UTalca.<\/a><\/p><p>\u00a0<\/p><p><b>CANAL TV5<\/b><\/p><p><a style=\"font-style: inherit; font-weight: inherit; background-color: #ffffff; font-family: -apple-system, BlinkMacSystemFont,;\" href=\"https:\/\/www.litoralpress.cl\/sitio\/RadioTV_Detalles.cshtml?LPKey=HERTN6LQMQXSQD4GGOPF7DRNWSLMUX2ZAP7ZCGVYBNHU3BSXGU5A\" target=\"_blank\" rel=\"noopener\">Entrevista a Marcelo Alarc\u00f3n, acad\u00e9mico del Departamento de Bioqu\u00edmica Cl\u00ednica e Inmunohematolog\u00eda de la UTalca.<\/a><\/p><p>\u00a0<\/p><p><b>RADIO M\u00c1GICA<\/b><\/p><p><a style=\"font-style: inherit; font-weight: inherit; background-color: #ffffff; font-family: -apple-system, BlinkMacSystemFont,;\" href=\"https:\/\/www.litoralpress.cl\/sitio\/RadioTV_Detalles.cshtml?LPKey=E2Q5V3LDBJSIPR3PXGZZPAI3HJMF6KBKDLWEU5CUTLVSF64KHZDA\" target=\"_blank\" rel=\"noopener\">Impacto regional: Entrevista a Erika Retamal, directora de Salud P\u00fablica de la UTalca.<\/a><\/p><p>\u00a0<\/p><p><b>RADIO AMIGA<\/b><\/p><p><a style=\"font-style: inherit; font-weight: inherit; background-color: #ffffff; font-family: -apple-system, BlinkMacSystemFont,;\" href=\"https:\/\/www.litoralpress.cl\/sitio\/RadioTV_Detalles.cshtml?LPKey=T2ZN6T4USX6OCYGLTU6C65B33OIW5K7DJLTZSG6LNG2V2ZEOUS5A\" target=\"_blank\" rel=\"noopener\">Impacto regional: Entrevista a Erika Retamal, directora de Salud P\u00fablica de la UTalca.<\/a><\/p><p>\u00a0<\/p><p><b>LA DISCUSI\u00d3N<\/b><\/p><p><a style=\"font-style: inherit; font-weight: inherit; background-color: #ffffff; font-family: -apple-system, BlinkMacSystemFont,;\" href=\"https:\/\/www.litoralpress.cl\/paginaconsultas\/Servicios_NClip\/Get_Imagen_Nota.aspx?LPKey=EUHYU3KU3TEFEYHG522TEQUSHS2FUYWFL7QYN3DSUE3OOAKYYKQ2NWTSAKJRF2DYT3HLPBZREW46G\" target=\"_blank\" rel=\"noopener\">Expertos debaten sobre obligatoriedad de la vacuna contra el Covid-19. Se refiere Daniel Jim\u00e9nez, director de Salud del Estudiante de la UTalca.<\/a><\/p><p>\u00a0<\/p><p><b>EL HERALDO<\/b><\/p><p><a style=\"font-style: inherit; font-weight: inherit; background-color: #ffffff; font-family: -apple-system, BlinkMacSystemFont,;\" href=\"https:\/\/www.litoralpress.cl\/paginaconsultas\/Servicios_NClip\/Get_Imagen_Nota.aspx?LPKey=KKL6SZRE3FNDJDOTITPXH6C4DKX5PV4KEURNYULRRR52IR5WCHEFOVZJGNZUMMZFKJPQOSCMYAL2E\" target=\"_blank\" rel=\"noopener\">Expertos reiteran importancia de la vacunaci\u00f3n infantil ante nueva alerta de la OMS y la llegada de \u00d3micron. Se refiere Erika Retamal, directora de Salud P\u00fablica, Sergio Wehinger, director del Mag\u00edster en Ciencias Biom\u00e9dicas; y Marcelo Alarc\u00f3n, acad\u00e9mico del Departamento de Bioqu\u00edmica Cl\u00ednica e Inmunohematolog\u00eda de la UTalca.<\/a><\/p><p>\u00a0<\/p><p><b>ELMAULEINFORMA.CL<\/b><\/p><p><a style=\"font-style: inherit; font-weight: inherit; background-color: #ffffff; font-family: -apple-system, BlinkMacSystemFont,;\" href=\"https:\/\/elmauleinforma.cl\/expertos-reiteran-importancia-de-la-vacunacion-infantil-ante-nueva-alerta-de-la-oms-y-la-llegada-de-omicron\/\" target=\"_blank\" rel=\"noopener\">Expertos reiteran importancia de la vacunaci\u00f3n infantil ante nueva alerta de la OMS y la llegada de \u00d3micron. Se refiere Erika Retamal, directora de Salud P\u00fablica, Sergio Wehinger, director del Mag\u00edster en Ciencias Biom\u00e9dicas; y Marcelo Alarc\u00f3n, acad\u00e9mico del Departamento de Bioqu\u00edmica Cl\u00ednica e Inmunohematolog\u00eda de la UTalca.<\/a><\/p><p>\u00a0<\/p><p><b>PORTALEDUCACION.CL<\/b><\/p><p><a style=\"font-style: inherit; font-weight: inherit; background-color: #ffffff; font-family: -apple-system, BlinkMacSystemFont,;\" href=\"https:\/\/portaleducacion.cl\/index.php\/2021\/12\/10\/explora-maule-dictara-curso-de-verano-gratuito-para-docentes-sobre-de-innovacion-educativa\/\" target=\"_blank\" rel=\"noopener\">Explora Maule dictar\u00e1 curso de verano gratuito para docentes sobre de innovaci\u00f3n educativa.<\/a><\/p><p>\u00a0<\/p><p><b>EL LECTOR<\/b><\/p><p><a style=\"font-style: inherit; font-weight: inherit; background-color: #ffffff; font-family: -apple-system, BlinkMacSystemFont,;\" href=\"https:\/\/www.litoralpress.cl\/paginaconsultas\/Servicios_NClip\/Get_Imagen_Nota.aspx?LPKey=AEGMIYHPTP27SJSJBYJBXNAI7M3Y6ZL5TMP6B6C5MER7NAWQ5B477YPOZNPGSKWPGCN32VDDEWC5I\" target=\"_blank\" rel=\"noopener\">Explora Maule dictar\u00e1 curso de verano gratuito para docentes sobre de innovaci\u00f3n educativa.<\/a><\/p><p>\u00a0<\/p><p><b>EL MERCURIO<\/b><\/p><p><a style=\"font-style: inherit; font-weight: inherit; background-color: #ffffff; font-family: -apple-system, BlinkMacSystemFont,;\" href=\"https:\/\/www.litoralpress.cl\/paginaconsultas\/Servicios_NClip\/Get_Imagen_Nota.aspx?LPKey=HGZD5R2J55PA6F7ZX45HAA3LATB433P6IG6G5OF57TBAMK4LIV6NSWJ5R2OICRK5HISW3WP7MNQLQ\" target=\"_blank\" rel=\"noopener\">Claves para candidatos: mostrar solvencia, mantenerse en terreno y convocar apoderados. Se refiere Mauricio Morales, director del Centro de An\u00e1lisis Pol\u00edtico (CAP) de la UTalca.<\/a><\/p><p>\u00a0<\/p><p><b>CANAL MEGA<\/b><\/p><p><a style=\"font-style: inherit; font-weight: inherit; background-color: #ffffff; font-family: -apple-system, BlinkMacSystemFont,;\" href=\"https:\/\/www.litoralpress.cl\/sitio\/RadioTV_Detalles.cshtml?LPKey=YDB4VUPBF2VK4SHUL3FACE6YH3DK7DNCTEQLXHYUMJKN75ZM6P3A\" target=\"_blank\" rel=\"noopener\">Entrevista a Mauricio Morales, director del Centro de An\u00e1lisis Pol\u00edtico (CAP) de la UTalca.<\/a><\/p><p>\u00a0<\/p><p><b>CANAL MEGA PLUS<\/b><\/p><p><a style=\"font-style: inherit; font-weight: inherit; background-color: #ffffff; font-family: -apple-system, BlinkMacSystemFont,;\" href=\"https:\/\/www.litoralpress.cl\/sitio\/RadioTV_Detalles.cshtml?LPKey=75OHYRV5JSSPXTDR5X2XLEY44R5A6AGYLHMOR5C6HVJPD3BVAOAA\" target=\"_blank\" rel=\"noopener\">Entrevista a Mario Herrera, acad\u00e9mico del Centro de An\u00e1lisis Pol\u00edtico (CAP) de la UTalca.<\/a><\/p><p>\u00a0<\/p><p><b>LA TERCERA<\/b><\/p><p><a style=\"font-style: inherit; font-weight: inherit; background-color: #ffffff; font-family: -apple-system, BlinkMacSystemFont,;\" href=\"https:\/\/www.litoralpress.cl\/sitio\/Prensa_PaginaCompleta.cshtml?LPKey=LAEMTGNPW4OMCY4FG3JOTNMK7IHALLILKODOZAHIDPKBB5BTR6IA\" target=\"_blank\" rel=\"noopener\">Los elencos titulares que llegan a la gran final. Se refiere Mauricio Morales, director del Centro de An\u00e1lisis Pol\u00edtico (CAP) de la UTalca.<\/a><\/p><p>\u00a0<\/p><p><b>LA TERCERA.COM<\/b><\/p><p><a style=\"font-style: inherit; font-weight: inherit; background-color: #ffffff; font-family: -apple-system, BlinkMacSystemFont,;\" href=\"https:\/\/www.latercera.com\/la-tercera-domingo\/noticia\/presidencial-los-elencos-titulares-que-llegan-a-la-gran-final\/HUFI775HQ5COFGFYTEI5GZGYIY\/\" target=\"_blank\" rel=\"noopener\">Los elencos titulares que llegan a la gran final. Se refiere Mauricio Morales, director del Centro de An\u00e1lisis Pol\u00edtico (CAP) de la UTalca.<\/a><\/p><p>\u00a0<\/p><p><b>LA SEGUNDA<\/b><\/p><p><a style=\"font-style: inherit; font-weight: inherit; background-color: #ffffff; font-family: -apple-system, BlinkMacSystemFont,;\" href=\"https:\/\/www.litoralpress.cl\/sitio\/Prensa_PaginaCompleta.cshtml?LPKey=GT35424AHWEQOH3RSUTNKDG3F45ZCEHNNCW4AJVKYPN7KQNXPTMA\" target=\"_blank\" rel=\"noopener\">Cambios al SEIA, fin al carb\u00f3n y no a Dominga: Coincidencias \u201cverdes\u201d de Boric y Kast. Se refiere Mauricio Morales, director del Centro de An\u00e1lisis Pol\u00edtico (CAP) de la UTalca.<\/a><\/p><p>\u00a0<\/p><p><b>CANAL TVN<\/b><\/p><p><a style=\"font-style: inherit; font-weight: inherit; background-color: #ffffff; font-family: -apple-system, BlinkMacSystemFont,;\" href=\"https:\/\/www.litoralpress.cl\/sitio\/RadioTV_Detalles.cshtml?LPKey=SGMKHZ6MX5QGEAIMEDUB7VV7H5EWSNFZ7SDFZHDA5PDIKXTGOCPA\" target=\"_blank\" rel=\"noopener\">Ex Presidenta Michelle Bachelet lleg\u00f3 a Chile. Se refiere Mauricio Morales, director del Centro de An\u00e1lisis Pol\u00edtico (CAP) de la UTalca.<\/a><\/p><p>\u00a0<\/p><p><b>CANAL 24 HORAS<\/b><\/p><p><a style=\"font-style: inherit; font-weight: inherit; background-color: #ffffff; font-family: -apple-system, BlinkMacSystemFont,;\" href=\"https:\/\/www.litoralpress.cl\/sitio\/RadioTV_Detalles.cshtml?LPKey=G4WO5JGYMCBUP6GUDT2BQZJWLLB3M5ZQM6ZVFOITQHLH3PTJHYGQ\" target=\"_blank\" rel=\"noopener\">Ex Presidenta Bachelet lleg\u00f3 a Chile. Se refiere Mauricio Morales, director del Centro de An\u00e1lisis Pol\u00edtico (CAP) de la UTalca.<\/a><\/p><p>\u00a0<\/p><p><b>RADIO COOPERATIVA<\/b><\/p><p><a style=\"font-style: inherit; font-weight: inherit; background-color: #ffffff; font-family: -apple-system, BlinkMacSystemFont,;\" href=\"https:\/\/www.litoralpress.cl\/sitio\/RadioTV_Detalles.cshtml?LPKey=K4JSFNJD2DYIOCAKCJTRTBW7UY4HIA6ETWP2WAJGOGLEPRBYM2HQ\" target=\"_blank\" rel=\"noopener\">Ex Presidenta Michelle Bachelet lleg\u00f3 a Chile. Se refiere Mauricio Morales, director del Centro de An\u00e1lisis Pol\u00edtico (CAP) de la UTalca.<\/a><\/p><p>\u00a0<\/p><p><b>COOPERATIVA.CL<\/b><\/p><p><a style=\"font-style: inherit; font-weight: inherit; background-color: #ffffff; font-family: -apple-system, BlinkMacSystemFont,;\" href=\"https:\/\/www.cooperativa.cl\/noticias\/pais\/politica\/presidenciales\/boric-prepara-ultimo-debate-y-cierre-de-campana-ha-sido-intenso-no\/2021-12-12\/133948.html\" target=\"_blank\" rel=\"noopener\">Boric prepara \u00faltimo debate y cierre de campa\u00f1a: &#8220;Ha sido intenso, no hemos parado&#8221;. Se refiere Mauricio Morales, director del Centro de An\u00e1lisis Pol\u00edtico (CAP) de la UTalca.<\/a><\/p><p>\u00a0<\/p><p><b>ELLIBERO.CL<\/b><\/p><p><a style=\"font-style: inherit; font-weight: inherit; background-color: #ffffff; font-family: -apple-system, BlinkMacSystemFont,;\" href=\"https:\/\/ellibero.cl\/actualidad\/fernando-atria-y-amaya-alvez-del-fa-se-perfilan-para-liderar-la-mesa-de-la-convencion\/\" target=\"_blank\" rel=\"noopener\">Fernando Atria y Amaya \u00c1lvez, del FA, se perfilan para liderar la mesa de la Convenci\u00f3n. Se refiere Mauricio Morales, director del Centro de An\u00e1lisis Pol\u00edtico (CAP) de la UTalca.<\/a><\/p><p>\u00a0<\/p><p><b>EL SUR<\/b><\/p><p><a style=\"font-style: inherit; font-weight: inherit; background-color: #ffffff; font-family: -apple-system, BlinkMacSystemFont,;\" href=\"https:\/\/www.litoralpress.cl\/paginaconsultas\/Servicios_NClip\/Get_Imagen_Nota.aspx?LPKey=BO4DWZNVVKHZTG23WYUD4YQVYIEL6ZAGUWKN4PZNDF2MDVMF63HGJJD4WOUPEMDOEK63LMGWHI3KA\" target=\"_blank\" rel=\"noopener\">Presidenciables y descentralizaci\u00f3n. Se menciona a la UTalca.<\/a><\/p><p>\u00a0<\/p><p><b>EL LECTOR<\/b><\/p><p><a style=\"font-style: inherit; font-weight: inherit; background-color: #ffffff; font-family: -apple-system, BlinkMacSystemFont,;\" href=\"https:\/\/www.litoralpress.cl\/paginaconsultas\/Servicios_NClip\/Get_Imagen_Nota.aspx?LPKey=RVGYZDSXTBD666G2QREQMOITLLGZQPGCFFWHOU3XNX6V2RFBXFVXRBYKCXPHU3J7ZJ26DIOFCJL6O\" target=\"_blank\" rel=\"noopener\">UTalca Inaugura exposici\u00f3n que da a conocer uno de los archivos m\u00e1s completos del surrealismo latinoamericano.<\/a><\/p><p>\u00a0<\/p><p><b>CHILLANONLINE.CL<\/b><\/p><p><a style=\"font-style: inherit; font-weight: inherit; background-color: #ffffff; font-family: -apple-system, BlinkMacSystemFont,;\" href=\"https:\/\/www.chillanonline.cl\/V5\/utalca-inaugura-exposicion-que-da-a-conocer-uno-de-los-archivos-mas-completos-del-surrealismo-latinoamericano\/\" target=\"_blank\" rel=\"noopener\">UTalca inaugura exposici\u00f3n que da a conocer uno de los archivos m\u00e1s completos del surrealismo latinoamericano.<\/a><\/p><p>\u00a0<\/p><p><b>ELDIARIOMAULE.CL<\/b><\/p><p><a style=\"font-style: inherit; font-weight: inherit; background-color: #ffffff; font-family: -apple-system, BlinkMacSystemFont,;\" href=\"https:\/\/eldiariodemaule.cl\/realizaran-charlas-y-muestras-de-peliculas-recuperadas-en-formatos-analogicos\/\" target=\"_blank\" rel=\"noopener\">Realizar\u00e1n charlas y muestras de pel\u00edculas recuperadas en formatos anal\u00f3gicos. Se menciona a la UTalca.<\/a><\/p>\t\t\t\t\t\t<\/div>\n\t\t\t\t<\/div>\n\t\t\t\t\t<\/div>\n\t\t<\/div>\n\t\t\t\t\t\t\t<\/div>\n\t\t<\/section>\n\t\t\t\t\t\t<\/div>\n\t\t\t\t\t<\/div>\n\t\t","protected":false},"excerpt":{"rendered":"<p>DIARIOTALCA.CL Ranking ratifica a la Universidad de Talca como la mejor estatal de regiones. \u00a0 ADPRENSA.CL Universidad de Talca acredita la totalidad de sus programas de Doctorado en r\u00e9gimen. \u00a0 LA PRENSA UTalca acredita programas de Doctorado. \u00a0 EL HERALDO Universidad de Talca acredita la totalidad de sus programas de Doctorado en r\u00e9gimen. \u00a0 DIARIOELHERALDO.CL &hellip;<\/p>\n<p class=\"read-more\"> <a class=\"\" href=\"https:\/\/www.reportedeprensa.utalca.cl\/?p=2634\"> <span class=\"screen-reader-text\">13 de diciembre de 2021<\/span> Read More &raquo;<\/a><\/p>\n","protected":false},"author":1,"featured_media":0,"comment_status":"closed","ping_status":"open","sticky":false,"template":"elementor_theme","format":"standard","meta":{"_monsterinsights_skip_tracking":false,"_monsterinsights_sitenote_active":false,"_monsterinsights_sitenote_note":"","_monsterinsights_sitenote_category":0},"categories":[15],"tags":[],"_links":{"self":[{"href":"https:\/\/www.reportedeprensa.utalca.cl\/index.php?rest_route=\/wp\/v2\/posts\/2634"}],"collection":[{"href":"https:\/\/www.reportedeprensa.utalca.cl\/index.php?rest_route=\/wp\/v2\/posts"}],"about":[{"href":"https:\/\/www.reportedeprensa.utalca.cl\/index.php?rest_route=\/wp\/v2\/types\/post"}],"author":[{"embeddable":true,"href":"https:\/\/www.reportedeprensa.utalca.cl\/index.php?rest_route=\/wp\/v2\/users\/1"}],"replies":[{"embeddable":true,"href":"https:\/\/www.reportedeprensa.utalca.cl\/index.php?rest_route=%2Fwp%2Fv2%2Fcomments&post=2634"}],"version-history":[{"count":4,"href":"https:\/\/www.reportedeprensa.utalca.cl\/index.php?rest_route=\/wp\/v2\/posts\/2634\/revisions"}],"predecessor-version":[{"id":2638,"href":"https:\/\/www.reportedeprensa.utalca.cl\/index.php?rest_route=\/wp\/v2\/posts\/2634\/revisions\/2638"}],"wp:attachment":[{"href":"https:\/\/www.reportedeprensa.utalca.cl\/index.php?rest_route=%2Fwp%2Fv2%2Fmedia&parent=2634"}],"wp:term":[{"taxonomy":"category","embeddable":true,"href":"https:\/\/www.reportedeprensa.utalca.cl\/index.php?rest_route=%2Fwp%2Fv2%2Fcategories&post=2634"},{"taxonomy":"post_tag","embeddable":true,"href":"https:\/\/www.reportedeprensa.utalca.cl\/index.php?rest_route=%2Fwp%2Fv2%2Ftags&post=2634"}],"curies":[{"name":"wp","href":"https:\/\/api.w.org\/{rel}","templated":true}]}}