{"id":2647,"date":"2021-12-14T09:02:37","date_gmt":"2021-12-14T12:02:37","guid":{"rendered":"https:\/\/www.reportedeprensa.utalca.cl\/?p=2647"},"modified":"2021-12-14T09:29:07","modified_gmt":"2021-12-14T12:29:07","slug":"14-de-diciembre-de-2021","status":"publish","type":"post","link":"https:\/\/www.reportedeprensa.utalca.cl\/?p=2647","title":{"rendered":"14 de diciembre de 2021"},"content":{"rendered":"\t\t<div data-elementor-type=\"wp-post\" data-elementor-id=\"2647\" class=\"elementor elementor-2647\" data-elementor-settings=\"[]\">\n\t\t\t\t\t\t\t<div class=\"elementor-section-wrap\">\n\t\t\t\t\t\t\t<section class=\"elementor-section elementor-top-section elementor-element elementor-element-a06ca45 elementor-section-boxed elementor-section-height-default elementor-section-height-default\" data-id=\"a06ca45\" data-element_type=\"section\">\n\t\t\t\t\t\t<div class=\"elementor-container elementor-column-gap-default\">\n\t\t\t\t\t<div class=\"elementor-column elementor-col-100 elementor-top-column elementor-element elementor-element-1486c35\" data-id=\"1486c35\" data-element_type=\"column\">\n\t\t\t<div class=\"elementor-widget-wrap elementor-element-populated\">\n\t\t\t\t\t\t\t\t<div class=\"elementor-element elementor-element-42b145e elementor-widget elementor-widget-text-editor\" data-id=\"42b145e\" data-element_type=\"widget\" data-widget_type=\"text-editor.default\">\n\t\t\t\t<div class=\"elementor-widget-container\">\n\t\t\t\t\t\t\t\t<p><b>RADIO COOPERATIVA<\/b><\/p><p><a style=\"font-style: inherit; font-weight: inherit; background-color: #ffffff; font-family: -apple-system, BlinkMacSystemFont,;\" href=\"https:\/\/www.litoralpress.cl\/sitio\/RadioTV_Detalles.cshtml?LPKey=M7JEZB6642LX6IU4XNJQNIUUHEVHKYE7OSVHP337JTZZUZH5HRPA\" target=\"_blank\" rel=\"noopener\">El avance de la variante \u00d3micron en Chile ya cuenta con 12 casos confirmados. Se refiere Daniel Jim\u00e9nez, director de Salud del Estudiante de la UTalca.<\/a><\/p><p>\u00a0<\/p><p><b>LATERCERA.COM<\/b><\/p><p><a style=\"font-style: inherit; font-weight: inherit; background-color: #ffffff; font-family: -apple-system, BlinkMacSystemFont,;\" href=\"https:\/\/www.latercera.com\/que-pasa\/noticia\/comenzo-la-circulacion-comunitaria-de-omicron-en-el-pais-minsal-confirma-12-casos-y-uno-de-ellos-sin-nexo-con-viajes-al-extranjero\/QOHSUHFBGFB5ZII6PZVXKKJXHQ\/\" target=\"_blank\" rel=\"noopener\">\u00bfComenz\u00f3 la circulaci\u00f3n comunitaria de \u00d3micron en el pa\u00eds? Minsal confirma 12 casos, uno sin nexo con viajes al extranjero. Se refiere Daniel Jim\u00e9nez, director de Salud del Estudiante de la UTalca.<\/a><\/p><p>\u00a0<\/p><p><b>RADIO COOPERATIVA<\/b><\/p><p><a style=\"font-style: inherit; font-weight: inherit; background-color: #ffffff; font-family: -apple-system, BlinkMacSystemFont,;\" href=\"https:\/\/www.litoralpress.cl\/sitio\/RadioTV_Detalles.cshtml?LPKey=EFS7KIZBVZORQ2N7BG3IOOPQ2ZVEXKHTTFHWNISDNYAXELQEZULA\" target=\"_blank\" rel=\"noopener\">Primer caso de variante \u00d3micron en la RM. Se refiere Erika Retamal, directora de Salud P\u00fablica de la UTalca.<\/a><\/p><p>\u00a0<\/p><p><b>RADIOIMAGINA.CL<\/b><\/p><p><a style=\"font-style: inherit; font-weight: inherit; background-color: #ffffff; font-family: -apple-system, BlinkMacSystemFont,;\" href=\"https:\/\/www.radioimagina.cl\/2021\/12\/primer-caso-de-la-variante-omicron-en-santiago-paciente-no-estaba-vacunado\/\" target=\"_blank\" rel=\"noopener\">Primer caso de la variante \u00d3micron en Santiago: Paciente no estaba vacunado. Se refiere Erika Retamal, directora de Salud P\u00fablica de la UTalca.<\/a><\/p><p>\u00a0<\/p><p><b>ELMOSTRADOR.CL<\/b><\/p><p><a style=\"font-style: inherit; font-weight: inherit; background-color: #ffffff; font-family: -apple-system, BlinkMacSystemFont,;\" href=\"https:\/\/www.elmostrador.cl\/agenda-pais\/2021\/12\/13\/desarrollan-innovador-software-de-telerrehabilitacion-para-adultos-mayores\/\" target=\"_blank\" rel=\"noopener\">Desarrollan innovador software de telerrehabilitaci\u00f3n para adultos mayores. Se refiere Valeska Gatica, directora del Centro Tecnol\u00f3gico de Telerrehabilitaci\u00f3n y Neurociencias en el Movimiento Humano (CTTN) de la UTalca.<\/a><\/p><p>\u00a0<\/p><p><b>PORTALEDUCACION.CL<\/b><\/p><p><a style=\"font-style: inherit; font-weight: inherit; background-color: #ffffff; font-family: -apple-system, BlinkMacSystemFont,;\" href=\"https:\/\/portaleducacion.cl\/index.php\/2021\/12\/13\/universidad-de-talca-desarrollo-innovador-software-de-telerrehabilitacion-para-adultos-mayores\/\" target=\"_blank\" rel=\"noopener\">Universidad de Talca desarroll\u00f3 innovador Software de Telerrehabilitaci\u00f3n para adultos mayores.<\/a><\/p><p>\u00a0<\/p><p><b>REDMAULE.COM<\/b><\/p><p><a style=\"font-style: inherit; font-weight: inherit; background-color: #ffffff; font-family: -apple-system, BlinkMacSystemFont,;\" href=\"https:\/\/www.redmaule.com\/regional\/universidad-de-talca-desarrollo-innovador-software-de\" target=\"_blank\" rel=\"noopener\">Universidad de Talca desarroll\u00f3 innovador software de telerrehabilitaci\u00f3n para adultos mayores.<\/a><\/p><p>\u00a0<\/p><p><b>ELMAULEINFORMA.CL<\/b><\/p><p><a style=\"font-style: inherit; font-weight: inherit; background-color: #ffffff; font-family: -apple-system, BlinkMacSystemFont,;\" href=\"https:\/\/elmauleinforma.cl\/innovador-software-de-telerrehabilitacion-para-adultos-mayores\/\" target=\"_blank\" rel=\"noopener\">Innovador Software de Telerrehabilitaci\u00f3n para adultos mayores. Se refiere Valeska Gatica, directora del Centro Tecnol\u00f3gico de Telerrehabilitaci\u00f3n y Neurociencias en el Movimiento Humano (CTTN) de la UTalca.<\/a><\/p><p>\u00a0<\/p><p><b>LINARESENLINEA.CL\u00a0<\/b><\/p><p><a style=\"font-style: inherit; font-weight: inherit; background-color: #ffffff; font-family: -apple-system, BlinkMacSystemFont,;\" href=\"https:\/\/www.linaresenlinea.cl\/2021\/12\/13\/utalca-desarrollo-innovador-software-de-telerrehabilitacion-para-adultos-mayores\/\" target=\"_blank\" rel=\"noopener\">UTalca desarroll\u00f3 innovador Software de Telerrehabilitaci\u00f3n para adultos mayores.<\/a><\/p><p>\u00a0<\/p><p><b>LADIRECTALONGAVIANA.CL\u00a0<\/b><\/p><p><a style=\"font-style: inherit; font-weight: inherit; background-color: #ffffff; font-family: -apple-system, BlinkMacSystemFont,;\" href=\"https:\/\/www.ladirectalongaviana.cl\/2021\/12\/13\/utalca-desarrollo-innovador-software-de-telerrehabilitacion-para-adultos-mayores\/\" target=\"_blank\" rel=\"noopener\">UTalca desarroll\u00f3 innovador Software de Telerrehabilitaci\u00f3n para adultos mayores.<\/a><\/p><p>\u00a0<\/p><p><b>CNNCHILE.COM<\/b><\/p><p><a style=\"font-style: inherit; font-weight: inherit; background-color: #ffffff; font-family: -apple-system, BlinkMacSystemFont,;\" href=\"https:\/\/www.cnnchile.com\/lodijeronencnn\/entrevista-isaac-ravetllat-matrimonio-igualitario_20211213\/\" target=\"_blank\" rel=\"noopener\">Isaac Ravetllat sobre el matrimonio igualitario: \u201cNos estamos poniendo al nivel de lo que la propia ciudadan\u00eda nos pide\u201d.<\/a><\/p><p>\u00a0<\/p><p><b>EL MERCURIO<\/b><\/p><p><a style=\"font-style: inherit; font-weight: inherit; background-color: #ffffff; font-family: -apple-system, BlinkMacSystemFont,;\" href=\"https:\/\/www.litoralpress.cl\/paginaconsultas\/Servicios_NClip\/Get_Imagen_Nota.aspx?LPKey=VSQ6V5NXOI4YSZJKI24IEOKJDRYHX6KUB23DK2L33L3K3SV5EZ6ZRIBMZGW5QZQZYPEBTYMGUZCCU\" target=\"_blank\" rel=\"noopener\">Rancagua y Talca tendr\u00e1n corredores de buses el\u00e9ctricos. Se menciona la UTalca.<\/a><\/p><p>\u00a0<\/p><p><b>RADIO COOPERATIVA<\/b><\/p><p><a style=\"font-style: inherit; font-weight: inherit; background-color: #ffffff; font-family: -apple-system, BlinkMacSystemFont,;\" href=\"https:\/\/www.litoralpress.cl\/sitio\/RadioTV_Detalles.cshtml?LPKey=UAY63R23TPSCUS6R345VCG4X2F5UFEDSCSVGVKJJCPVPQMDMIQZQ\" target=\"_blank\" rel=\"noopener\">Talca: Nuevo servicio de transporte urbano interuniversitario. Se menciona la UTalca.<\/a><\/p><p>\u00a0<\/p><p><b>DIARIOTALCA.CL\u00a0<\/b><\/p><p><a style=\"font-style: inherit; font-weight: inherit; background-color: #ffffff; font-family: -apple-system, BlinkMacSystemFont,;\" href=\"https:\/\/diariotalca.cl\/anuncian-licitacion-para-el-primer-recorrido-de-buses-electricos-en-talca\/\" target=\"_blank\" rel=\"noopener\">Anuncian licitaci\u00f3n para el primer recorrido de buses el\u00e9ctricos en Talca. Se refiere Marco Molina, Vicerrector Acad\u00e9mico de la UTalca.<\/a><\/p><p>\u00a0<\/p><p><b>REDMAULE.COM<\/b><\/p><p><a style=\"font-style: inherit; font-weight: inherit; background-color: #ffffff; font-family: -apple-system, BlinkMacSystemFont,;\" href=\"https:\/\/www.redmaule.com\/regional\/ministra-hutt-anuncia-electrocorredor-para-talca-y-la-incorporacion-de\" target=\"_blank\" rel=\"noopener\">Ministra Hutt anuncia electrocorredor para Talca y la incorporaci\u00f3n de 11 buses el\u00e9ctricos para 2022. Se refiere Marco Molina, Vicerrector Acad\u00e9mico de la UTalca.<\/a><\/p><p>\u00a0<\/p><p><b>TALCACAPITAL.CL<\/b><\/p><p><a style=\"font-style: inherit; font-weight: inherit; background-color: #ffffff; font-family: -apple-system, BlinkMacSystemFont,;\" href=\"https:\/\/talcacapital.cl\/ministra-hutt-anuncia-electrocorredor-para-talca\/\" target=\"_blank\" rel=\"noopener\">Ministra Hutt anuncia electrocorredor para Talca. Se menciona a la UTalca.<\/a><\/p><p>\u00a0<\/p><p><b>TVMAULE.CL<\/b><\/p><p><a style=\"font-style: inherit; font-weight: inherit; background-color: #ffffff; font-family: -apple-system, BlinkMacSystemFont,;\" href=\"https:\/\/www.tvmaule.cl\/ministra-de-transportes-anuncia-la-incorporacion-de-11-buses-electricos-para-2022-en-talca\/\" target=\"_blank\" rel=\"noopener\">Ministra de Transportes anuncia la incorporaci\u00f3n de 11 buses el\u00e9ctricos para 2022 en Talca. Se menciona a la UTalca.<\/a><\/p><p>\u00a0<\/p><p><b>ELMAULEINFORMA.CL<\/b><\/p><p><a style=\"font-style: inherit; font-weight: inherit; background-color: #ffffff; font-family: -apple-system, BlinkMacSystemFont,;\" href=\"https:\/\/elmauleinforma.cl\/ministra-hutt-anuncia-electrocorredor-para-talca-y-la-incorporacion-de-11-buses-electricos-para-2022\/\" target=\"_blank\" rel=\"noopener\">Ministra Hutt anuncia electrocorredor para Talca y la incorporaci\u00f3n de 11 buses el\u00e9ctricos para 2022. Se menciona a la UTalca.<\/a><\/p><p>\u00a0<\/p><p><b>PRESSLATAM.CL<\/b><\/p><p><a style=\"font-style: inherit; font-weight: inherit; background-color: #ffffff; font-family: -apple-system, BlinkMacSystemFont,;\" href=\"https:\/\/presslatam.cl\/2021\/12\/ministra-hutt-anuncia-electrocorredor-para-talca-y-la-incorporacion-de-11-buses-electricos-para-2022\/\" target=\"_blank\" rel=\"noopener\">Ministra Hutt anuncia electrocorredor para Talca y la incorporaci\u00f3n de 11 buses el\u00e9ctricos para 2022.<\/a><\/p><p>\u00a0<\/p><p><b>RADIOALLEN.CL<\/b><\/p><p><a style=\"font-style: inherit; font-weight: inherit; background-color: #ffffff; font-family: -apple-system, BlinkMacSystemFont,;\" href=\"https:\/\/radioallen.cl\/maule-ministra-hutt-anuncia-electrocorredor-para-talca-y-la-incorporacion-de-11-buses-electricos-para-2022\/\" target=\"_blank\" rel=\"noopener\">Maule: Ministra Hutt anuncia electrocorredor para Talca y la incorporaci\u00f3n de 11 buses el\u00e9ctricos para 2022. Se menciona a la UTalca.<\/a><\/p><p>\u00a0<\/p><p><b>RADIO AGRICULTURA<\/b><\/p><p><a style=\"font-style: inherit; font-weight: inherit; background-color: #ffffff; font-family: -apple-system, BlinkMacSystemFont,;\" href=\"https:\/\/www.litoralpress.cl\/sitio\/RadioTV_Detalles.cshtml?LPKey=TNBW65QHZBYLQULIE242TBECIBCPPEZEBBLK7J44PGGDSSJ7QVGQ\" target=\"_blank\" rel=\"noopener\">Experto advierte que altas temperaturas pueden tener efecto en hortalizas, granos y frutas. Se menciona la opini\u00f3n de Patricio Gonz\u00e1lez, agroclimat\u00f3logo de la UTalca.<\/a><\/p><p>\u00a0<\/p><p><b>ELMAULEINFORMA.CL<\/b><\/p><p><a style=\"font-style: inherit; font-weight: inherit; background-color: #ffffff; font-family: -apple-system, BlinkMacSystemFont,;\" href=\"https:\/\/elmauleinforma.cl\/thinkagro-utalca-lidera-transferencia-tecnologica-a-pymes-agricolas-y-agroindustriales-de-la-region\/\" target=\"_blank\" rel=\"noopener\">Thinkagro-UTalca lidera transferencia tecnol\u00f3gica a pymes agr\u00edcolas y agroindustriales de la regi\u00f3n.<\/a><\/p><p>\u00a0<\/p><p><b>CAMPO SURE\u00d1O<\/b><\/p><p><a style=\"font-style: inherit; font-weight: inherit; background-color: #ffffff; font-family: -apple-system, BlinkMacSystemFont,;\" href=\"https:\/\/www.litoralpress.cl\/paginaconsultas\/Servicios_NClip\/Get_Imagen_Nota.aspx?LPKey=ITNIEMTWXOO3SURMNIYAU5BALX3G2CCLQBPWDBUUZGNGWMEFKU2OB472WYPXYI4FKGDA2DQCNUCHW\" target=\"_blank\" rel=\"noopener\">Mediante biotecnolog\u00eda logran desarrollar papas m\u00e1s resistentes a las sequ\u00edas. Se menciona a Sim\u00f3n Ruiz, director de Ciencias Biol\u00f3gicas de la UTalca.<\/a><\/p><p>\u00a0<\/p><p><b>LINARESENLINEA.CL<\/b><\/p><p><a style=\"font-style: inherit; font-weight: inherit; background-color: #ffffff; font-family: -apple-system, BlinkMacSystemFont,;\" href=\"https:\/\/www.linaresenlinea.cl\/2021\/12\/13\/dos-estudiantes-del-colegio-alborada-tienen-su-cupo-asegurado-en-la-utalca-gracias-al-programa-top-100\/\" target=\"_blank\" rel=\"noopener\">Dos estudiantes del Colegio Alborada tienen su cupo asegurado en la UTalca gracias al programa \u00abTOP-100\u00bb.<\/a><\/p><p>\u00a0<\/p><p><b>LAS \u00daLTIMAS NOTICIAS<\/b><\/p><p><a style=\"font-style: inherit; font-weight: inherit; background-color: #ffffff; font-family: -apple-system, BlinkMacSystemFont,;\" href=\"https:\/\/www.litoralpress.cl\/paginaconsultas\/Servicios_NClip\/Get_Imagen_Nota.aspx?LPKey=ASTZNZ6GCLBJNIYTMYKET2HEFMVP7ABHF5SI36TGTO3QVSDW5GLJOQHCWBL6LN5SFO7JGTCLM5I5M\" target=\"_blank\" rel=\"noopener\">El \u00faltimo debate: c\u00f3mo se prepararon los presidenciables y qui\u00e9nes los acompa\u00f1ar\u00e1n. Se refiere Mauricio Morales, director del Centro de An\u00e1lisis Pol\u00edtico (CAP) de la UTalca.<\/a><\/p><p>\u00a0<\/p><p><b>CANAL MEGA<\/b><\/p><p><a style=\"font-style: inherit; font-weight: inherit; background-color: #ffffff; font-family: -apple-system, BlinkMacSystemFont,;\" href=\"https:\/\/www.litoralpress.cl\/sitio\/RadioTV_Detalles.cshtml?LPKey=JEZKHMTILUI2VCZVGWE52PGM773XOEIP2OQSFHX5KRQGTR4N64MA\" target=\"_blank\" rel=\"noopener\">Debate presidencial entre Gabriel Boric y Jos\u00e9 Antonio Kast.Se refiere Mauricio Morales, director del Centro de An\u00e1lisis Pol\u00edtico (CAP) de la UTalca.<\/a><\/p><p>\u00a0<\/p><p><b>CANAL MEGA<\/b><\/p><p><a style=\"font-style: inherit; font-weight: inherit; background-color: #ffffff; font-family: -apple-system, BlinkMacSystemFont,;\" href=\"https:\/\/www.litoralpress.cl\/sitio\/RadioTV_Detalles.cshtml?LPKey=YKALHA7RJF6LCSWXTVBXSG7ZR4AA35LDASZWDWYKOAHAJ2P5YH2A\" target=\"_blank\" rel=\"noopener\">An\u00e1lisis del \u00faltimo debate presidencial entre Gabriel Boric y Jos\u00e9 Antonio Kast. Se refiere Mauricio Morales, director del Centro de An\u00e1lisis Pol\u00edtico (CAP) de la UTalca.<\/a><\/p><p>\u00a0<\/p><p><b>CANAL MEGA<\/b><\/p><p><a style=\"font-style: inherit; font-weight: inherit; background-color: #ffffff; font-family: -apple-system, BlinkMacSystemFont,;\" href=\"https:\/\/www.litoralpress.cl\/sitio\/RadioTV_Detalles.cshtml?LPKey=ARRDTXHHNZT7OX35XEOMTS2CW4KAPMXKRKPBEB74OSRJ5HBGKW6A\" target=\"_blank\" rel=\"noopener\">Jos\u00e9 Antonio Kast y Gabriel Boric protagonizaron el \u00faltimo debate presidencial antes del balotaje de este domingo. Se menciona a Mauricio Morales, director del Centro de An\u00e1lisis Pol\u00edtico (CAP) de la UTalca.<\/a><\/p><p>\u00a0<\/p><p><b>ELMERCURIO.COM\u00a0<\/b><\/p><p><a style=\"font-style: inherit; font-weight: inherit; background-color: #ffffff; font-family: -apple-system, BlinkMacSystemFont,;\" href=\"https:\/\/www.litoralpress.cl\/paginaconsultas\/Documentos\/Crear_Achivo_MO_Pdf.aspx?LPKey=K2EWUZ72SS2JZVYERMBCTPMSTVRIMQEURRED665QEQIMEG7K6PCT5PPW2JNVLH4DE3YXQXYLUJMYM\" target=\"_blank\" rel=\"noopener\">Claves para candidatos: mostrar solvencia, mantenerse en terreno y convocar apoderados. Se refiere Mauricio Morales, director del Centro de An\u00e1lisis Pol\u00edtico (CAP) de la UTalca.<\/a><\/p><p>\u00a0<\/p><p><b>LA SEGUNDA<\/b><\/p><p><a style=\"font-style: inherit; font-weight: inherit; background-color: #ffffff; font-family: -apple-system, BlinkMacSystemFont,;\" href=\"https:\/\/www.litoralpress.cl\/sitio\/Prensa_PaginaCompleta.cshtml?LPKey=HW246GS5R2GJD3AHEFLMAGEWW6XWQDOLGR6X6OKHH3CITDT3PQAA\" target=\"_blank\" rel=\"noopener\">Los temas candentes que pondr\u00e1n a prueba a Boric y Kast en su \u00faltimo duelo de TV. Se refiere Mauricio Morales, director del Centro de An\u00e1lisis Pol\u00edtico (CAP) de la UTalca.<\/a><\/p><p>\u00a0<\/p><p><b>CANAL TVN<\/b><\/p><p><a style=\"font-style: inherit; font-weight: inherit; background-color: #ffffff; font-family: -apple-system, BlinkMacSystemFont,;\" href=\"https:\/\/www.litoralpress.cl\/sitio\/RadioTV_Detalles.cshtml?LPKey=4QV2PUWL6HKQTM4BFV76VCOO5BLEDWWEDBL2A2UWTVQK7A4UI5QQ\" target=\"_blank\" rel=\"noopener\">Hoy se realiza el \u00faltimo debate presidencial a una semana de la segunda vuelta. Se refiere Mario Herrera, acad\u00e9mico del Centro de An\u00e1lisis Pol\u00edtico (CAP) de la UTalca.<\/a><\/p><p>\u00a0<\/p><p><b>24HORAS.CL<\/b><\/p><p><a style=\"font-style: inherit; font-weight: inherit; background-color: #ffffff; font-family: -apple-system, BlinkMacSystemFont,;\" href=\"https:\/\/www.24horas.cl\/politica\/analista-por-segunda-vuelta-esta-eleccion-se-moviliza-por-el-miedo-a-que-gane-un-candidato-u-otro-5100498\" target=\"_blank\" rel=\"noopener\">Analista por segunda vuelta: &#8220;Esta elecci\u00f3n se moviliza por el miedo a que gane un candidato u otro&#8221;. Se refiere Mario Herrera, acad\u00e9mico del Centro de An\u00e1lisis Pol\u00edtico (CAP) de la UTalca.<\/a><\/p><p>\u00a0<\/p><p><b>CANAL TVN\u00a0<\/b><\/p><p><a style=\"font-style: inherit; font-weight: inherit; background-color: #ffffff; font-family: -apple-system, BlinkMacSystemFont,;\" href=\"https:\/\/www.litoralpress.cl\/sitio\/RadioTV_Detalles.cshtml?LPKey=EVBA6BOWGFICKPPGIISAPKFFSOXLOWM4AFHUMC3IUGRMNZFUAEVQ\" target=\"_blank\" rel=\"noopener\">Hoy es el \u00faltimo debate de los candidatos presidenciales. Se refiere Mauricio Morales, director del Centro de An\u00e1lisis Pol\u00edtico (CAP) de la UTalca.<\/a><\/p><p>\u00a0<\/p><p><b>CANAL 24 HORAS<\/b><\/p><p><a style=\"font-style: inherit; font-weight: inherit; background-color: #ffffff; font-family: -apple-system, BlinkMacSystemFont,;\" href=\"https:\/\/www.litoralpress.cl\/sitio\/RadioTV_Detalles.cshtml?LPKey=74QQ6GJIXBYT5NX52XVVRLZQZPSGVCGXEOIMCYJBOXWJYXQUVOEA\" target=\"_blank\" rel=\"noopener\">Ayer lleg\u00f3 al pa\u00eds la ex Presidenta Michelle Bachelet. Se refiere Mauricio Morales, director del Centro de An\u00e1lisis Pol\u00edtico (CAP) de la UTalca.<\/a><\/p><p>\u00a0<\/p><p><b>CANAL MEGA<\/b><\/p><p><a style=\"font-style: inherit; font-weight: inherit; background-color: #ffffff; font-family: -apple-system, BlinkMacSystemFont,;\" href=\"https:\/\/www.litoralpress.cl\/sitio\/RadioTV_Detalles.cshtml?LPKey=K63AXRDOHHKN7MTVV73EC6U7UHAV7VPGH7H47T2GGYKVJIWIFLYQ\" target=\"_blank\" rel=\"noopener\">Entrevista a Mauricio Morales, director del Centro de An\u00e1lisis Pol\u00edtico (CAP) de la UTalca.<\/a><\/p><p>\u00a0<\/p><p><b>CANAL MEGA PLUS<\/b><\/p><p><a style=\"font-style: inherit; font-weight: inherit; background-color: #ffffff; font-family: -apple-system, BlinkMacSystemFont,;\" href=\"https:\/\/www.litoralpress.cl\/sitio\/RadioTV_Detalles.cshtml?LPKey=ITHEVZKHPEEEMVY2NFVA3AUK6PIEN7LQUYPO6GDKRU52TBZVEFXA\" target=\"_blank\" rel=\"noopener\">Entrevista a Mario Herrera, acad\u00e9mico del Centro de An\u00e1lisis Pol\u00edtico (CAP) de la UTalca.<\/a><\/p><p>\u00a0<\/p><p><b>CANAL MEGA<\/b><\/p><p><a style=\"font-style: inherit; font-weight: inherit; background-color: #ffffff; font-family: -apple-system, BlinkMacSystemFont,;\" href=\"https:\/\/www.litoralpress.cl\/sitio\/RadioTV_Detalles.cshtml?LPKey=IXDXLSR6QQX4FC2OOT3MSC7IB4LMSKAMZQKGQYZTWJYRBSCH363Q\" target=\"_blank\" rel=\"noopener\">Alta tensi\u00f3n entre candidatos a seis d\u00edas de las elecciones. Se menciona Mauricio Morales, acad\u00e9mico del Centro de An\u00e1lisis Pol\u00edtico (CAP) de la UTalca.<\/a><\/p><p>\u00a0<\/p><p><b>RADIO COOPERATIVA<\/b><\/p><p><a style=\"font-style: inherit; font-weight: inherit; background-color: #ffffff; font-family: -apple-system, BlinkMacSystemFont,;\" href=\"https:\/\/www.litoralpress.cl\/sitio\/RadioTV_Detalles.cshtml?LPKey=3N7GMP46XHB2HU6EAB4VC6C5LFETP7I3PI3BVVUSVZQBY7CAJA6A\" target=\"_blank\" rel=\"noopener\">Lleg\u00f3 a Chile la ex Presidenta Michelle Bachelet. Se refiere Mario Herrera, acad\u00e9mico del Centro de An\u00e1lisis Pol\u00edtico (CAP) de la UTalca.<\/a><\/p><p>\u00a0<\/p><p><b>ELMERCURIO.COM<\/b><\/p><p><a style=\"font-style: inherit; font-weight: inherit; background-color: #ffffff; font-family: -apple-system, BlinkMacSystemFont,;\" href=\"https:\/\/www.litoralpress.cl\/paginaconsultas\/Documentos\/Crear_Achivo_MO_Pdf.aspx?LPKey=D63CC6S57SDOPRWN2VD6BOWBSZGQCRRHJUGZBURKLSDC77JS3MVAPU2N3WYXJZTFRNIIPDHJSJZPW\" target=\"_blank\" rel=\"noopener\">Bloomberg: El ultra conservador que promete salvar a Chile del comunismo. Se refiere Mauricio Morales, acad\u00e9mico del Centro de An\u00e1lisis Pol\u00edtico (CAP) de la UTalca.<\/a><\/p><p>\u00a0<\/p><p><b>LAPRENSAAUSTRAL.CL<\/b><\/p><p><a style=\"font-style: inherit; font-weight: inherit; background-color: #ffffff; font-family: -apple-system, BlinkMacSystemFont,;\" href=\"https:\/\/laprensaaustral.cl\/2021\/12\/13\/preven-que-ultimo-debate-sera-el-mas-tenso-y-conflictivo-desde-el-regreso-a-la-democracia\/\" target=\"_blank\" rel=\"noopener\">Prev\u00e9n que \u00faltimo debate ser\u00e1 el m\u00e1s \u201ctenso y conflictivo\u201d desde el regreso a la democracia. Se refiere Mauricio Morales, director del Centro de An\u00e1lisis Pol\u00edtico (CAP) de la UTalca.<\/a><\/p><p>\u00a0<\/p><p><b>ELMAULEINFORMA.CL<\/b><\/p><p><a style=\"font-style: inherit; font-weight: inherit; background-color: #ffffff; font-family: -apple-system, BlinkMacSystemFont,;\" href=\"https:\/\/elmauleinforma.cl\/charlas-y-muestras-de-peliculas-recuperadas-en-formatos-analogicos\/\" target=\"_blank\" rel=\"noopener\">Charlas y muestras de pel\u00edculas recuperadas en formatos anal\u00f3gicos. Se menciona Centro de Extensi\u00f3n de la UTalca.<\/a><\/p>\t\t\t\t\t\t<\/div>\n\t\t\t\t<\/div>\n\t\t\t\t\t<\/div>\n\t\t<\/div>\n\t\t\t\t\t\t\t<\/div>\n\t\t<\/section>\n\t\t\t\t\t\t<\/div>\n\t\t\t\t\t<\/div>\n\t\t","protected":false},"excerpt":{"rendered":"<p>RADIO COOPERATIVA El avance de la variante \u00d3micron en Chile ya cuenta con 12 casos confirmados. Se refiere Daniel Jim\u00e9nez, director de Salud del Estudiante de la UTalca. \u00a0 LATERCERA.COM \u00bfComenz\u00f3 la circulaci\u00f3n comunitaria de \u00d3micron en el pa\u00eds? Minsal confirma 12 casos, uno sin nexo con viajes al extranjero. Se refiere Daniel Jim\u00e9nez, director &hellip;<\/p>\n<p class=\"read-more\"> <a class=\"\" href=\"https:\/\/www.reportedeprensa.utalca.cl\/?p=2647\"> <span class=\"screen-reader-text\">14 de diciembre de 2021<\/span> Read More &raquo;<\/a><\/p>\n","protected":false},"author":1,"featured_media":0,"comment_status":"closed","ping_status":"open","sticky":false,"template":"elementor_theme","format":"standard","meta":{"_monsterinsights_skip_tracking":false,"_monsterinsights_sitenote_active":false,"_monsterinsights_sitenote_note":"","_monsterinsights_sitenote_category":0},"categories":[15],"tags":[],"_links":{"self":[{"href":"https:\/\/www.reportedeprensa.utalca.cl\/index.php?rest_route=\/wp\/v2\/posts\/2647"}],"collection":[{"href":"https:\/\/www.reportedeprensa.utalca.cl\/index.php?rest_route=\/wp\/v2\/posts"}],"about":[{"href":"https:\/\/www.reportedeprensa.utalca.cl\/index.php?rest_route=\/wp\/v2\/types\/post"}],"author":[{"embeddable":true,"href":"https:\/\/www.reportedeprensa.utalca.cl\/index.php?rest_route=\/wp\/v2\/users\/1"}],"replies":[{"embeddable":true,"href":"https:\/\/www.reportedeprensa.utalca.cl\/index.php?rest_route=%2Fwp%2Fv2%2Fcomments&post=2647"}],"version-history":[{"count":4,"href":"https:\/\/www.reportedeprensa.utalca.cl\/index.php?rest_route=\/wp\/v2\/posts\/2647\/revisions"}],"predecessor-version":[{"id":2651,"href":"https:\/\/www.reportedeprensa.utalca.cl\/index.php?rest_route=\/wp\/v2\/posts\/2647\/revisions\/2651"}],"wp:attachment":[{"href":"https:\/\/www.reportedeprensa.utalca.cl\/index.php?rest_route=%2Fwp%2Fv2%2Fmedia&parent=2647"}],"wp:term":[{"taxonomy":"category","embeddable":true,"href":"https:\/\/www.reportedeprensa.utalca.cl\/index.php?rest_route=%2Fwp%2Fv2%2Fcategories&post=2647"},{"taxonomy":"post_tag","embeddable":true,"href":"https:\/\/www.reportedeprensa.utalca.cl\/index.php?rest_route=%2Fwp%2Fv2%2Ftags&post=2647"}],"curies":[{"name":"wp","href":"https:\/\/api.w.org\/{rel}","templated":true}]}}