{"id":2659,"date":"2021-12-15T08:54:56","date_gmt":"2021-12-15T11:54:56","guid":{"rendered":"https:\/\/www.reportedeprensa.utalca.cl\/?p=2659"},"modified":"2021-12-15T09:16:41","modified_gmt":"2021-12-15T12:16:41","slug":"15-de-diciembre-de-2021","status":"publish","type":"post","link":"https:\/\/www.reportedeprensa.utalca.cl\/?p=2659","title":{"rendered":"15 de diciembre de 2021"},"content":{"rendered":"\t\t<div data-elementor-type=\"wp-post\" data-elementor-id=\"2659\" class=\"elementor elementor-2659\" data-elementor-settings=\"[]\">\n\t\t\t\t\t\t\t<div class=\"elementor-section-wrap\">\n\t\t\t\t\t\t\t<section class=\"elementor-section elementor-top-section elementor-element elementor-element-a06ca45 elementor-section-boxed elementor-section-height-default elementor-section-height-default\" data-id=\"a06ca45\" data-element_type=\"section\">\n\t\t\t\t\t\t<div class=\"elementor-container elementor-column-gap-default\">\n\t\t\t\t\t<div class=\"elementor-column elementor-col-100 elementor-top-column elementor-element elementor-element-1486c35\" data-id=\"1486c35\" data-element_type=\"column\">\n\t\t\t<div class=\"elementor-widget-wrap elementor-element-populated\">\n\t\t\t\t\t\t\t\t<div class=\"elementor-element elementor-element-42b145e elementor-widget elementor-widget-text-editor\" data-id=\"42b145e\" data-element_type=\"widget\" data-widget_type=\"text-editor.default\">\n\t\t\t\t<div class=\"elementor-widget-container\">\n\t\t\t\t\t\t\t\t<p><b>EL MERCURIO<\/b><\/p><p><a style=\"font-style: inherit; font-weight: inherit; background-color: #ffffff; font-family: -apple-system, BlinkMacSystemFont,;\" href=\"https:\/\/www.litoralpress.cl\/sitio\/Prensa_PaginaCompleta.cshtml?LPKey=QIWDJNUTUZPW3VDTXI2VH5BQ57JJSKCIN4WC34Q63KFJMUKSCKQA\" target=\"_blank\" rel=\"noopener\">Ranking de Desempe\u00f1o Institucional de las Universidades Chilenas 2021: Una nueva forma de medir la calidad, alineada con las exigencias de la acreditaci\u00f3n. Se menciona a la UTalca.<\/a><\/p><p>\u00a0<\/p><p><b>EL MERCURIO<\/b><\/p><p><a style=\"font-style: inherit; font-weight: inherit; background-color: #ffffff; font-family: -apple-system, BlinkMacSystemFont,;\" href=\"https:\/\/www.litoralpress.cl\/sitio\/Prensa_PaginaCompleta.cshtml?LPKey=2DKPWJSJJ24QP7ZBN6RWVA3P5K45TIQI3BBL3HZHII6CJYWLQWAA\" target=\"_blank\" rel=\"noopener\">Las variables que perfilan el Desempe\u00f1o de los planteles en una de sus labores m\u00e1s elementales. Se menciona a la UTalca.<\/a><\/p><p>\u00a0<\/p><p><b>EL MERCURIO<\/b><\/p><p><a style=\"font-style: inherit; font-weight: inherit; background-color: #ffffff; font-family: -apple-system, BlinkMacSystemFont,;\" href=\"https:\/\/www.litoralpress.cl\/paginaconsultas\/Servicios_NClip\/Get_Imagen_Nota.aspx?LPKey=DZXCEKI3TK224J75D7FUNQS2PNXTFZWU7AMXPMPUQJCXJGQBP27TV77TJW4N4VYJ5J3NJHKX2MUHK\" target=\"_blank\" rel=\"noopener\">Organizaci\u00f3n e infraestructura: midiendo la relevancia que los planteles le dan a vincularse con el medio. Se menciona a la UTalca.<\/a><\/p><p>\u00a0<\/p><p><b>EL MERCURIO<\/b><\/p><p><a style=\"font-style: inherit; font-weight: inherit; background-color: #ffffff; font-family: -apple-system, BlinkMacSystemFont,;\" href=\"https:\/\/www.litoralpress.cl\/paginaconsultas\/Servicios_NClip\/Get_Imagen_Nota.aspx?LPKey=BOEDWVC3KMOQATDVUHIZZSOYSKUWIPBMF6BHJWH7BRTUDSEF6HRCB4KC2VFLUGI4745ETA4WTV7OK\" target=\"_blank\" rel=\"noopener\">Universidades de regiones son las que tienen mayor porcentaje de acad\u00e9micos con media jornada o mayor. Se menciona a la UTalca.<\/a><\/p><p>\u00a0<\/p><p><b>EL MERCURIO<\/b><\/p><p><a style=\"font-style: inherit; font-weight: inherit; background-color: #ffffff; font-family: -apple-system, BlinkMacSystemFont,;\" href=\"https:\/\/www.litoralpress.cl\/paginaconsultas\/Servicios_NClip\/Get_Imagen_Nota.aspx?LPKey=D44UB2TJQAH5NTIW2VGFZ4QAFI7FJY3FA7WM2TJT3U5C6YRIVQZ7FIG4AL2ZS4BK44VRHOO3GJYC6\" target=\"_blank\" rel=\"noopener\">Ingresos operacionales por alumno: una forma de ver la disponibilidad de recursos para los estudiantes de las instituciones analizadas. Se menciona a la UTalca.<\/a><\/p><p>\u00a0<\/p><p><b>EL MERCURIO<\/b><\/p><p><a style=\"font-style: inherit; font-weight: inherit; background-color: #ffffff; font-family: -apple-system, BlinkMacSystemFont,;\" href=\"https:\/\/www.litoralpress.cl\/paginaconsultas\/Servicios_NClip\/Get_Imagen_Nota.aspx?LPKey=E2RGXQAGUR4WJYEJFNVLARUDR3K3C5VZTLVE64JUBJ5WXSD6DCORRJIZRVFCZTNKNYIQZPJANVXRS\" target=\"_blank\" rel=\"noopener\">Dos casas de estudios privadas y una tradicional son las que registran menor deserci\u00f3n al segundo a\u00f1o del pregrado. Se menciona a la UTalca.<\/a><\/p><p>\u00a0<\/p><p><b>EL MERCURIO<\/b><\/p><p><a style=\"font-style: inherit; font-weight: inherit; background-color: #ffffff; font-family: -apple-system, BlinkMacSystemFont,;\" href=\"https:\/\/www.litoralpress.cl\/paginaconsultas\/Servicios_NClip\/Get_Imagen_Nota.aspx?LPKey=GM7YFPZ2WC4H2IYHVQLD6JWJNHJW7B6HYNDUQ55SUDBTI3F6ICBN4Y3LOHFY44BYV2RKHXPZDN67Q\" target=\"_blank\" rel=\"noopener\">Las instituciones que m\u00e1s recursos captan a trav\u00e9s de los concursos p\u00fablicos de Fondecyt. Se menciona a la UTalca.<\/a><\/p><p>\u00a0<\/p><p><b>EL MERCURIO<\/b><\/p><p><a style=\"font-style: inherit; font-weight: inherit; background-color: #ffffff; font-family: -apple-system, BlinkMacSystemFont,;\" href=\"https:\/\/www.litoralpress.cl\/paginaconsultas\/Servicios_NClip\/Get_Imagen_Nota.aspx?LPKey=LFVJLJAT4ESDJZMTXDTN3Q6C3L6JEG4AWRVA5R2E2TNDNUWC4KP7WLD266HNFE3ZJ4HUYGLFZKDB6\" target=\"_blank\" rel=\"noopener\">Servicios comunitarios: Los aportes que puede hacer la educaci\u00f3n superior a las necesidades de la sociedad. Se menciona a la UTalca.<\/a><\/p><p>\u00a0<\/p><p><b>EL MERCURIO<\/b><\/p><p><a style=\"font-style: inherit; font-weight: inherit; background-color: #ffffff; font-family: -apple-system, BlinkMacSystemFont,;\" href=\"https:\/\/www.litoralpress.cl\/paginaconsultas\/Servicios_NClip\/Get_Imagen_Nota.aspx?LPKey=YVM5CW4B4RBMZ5AXXSVOQFA4BP6J7MJJOHL55DMYVTIOWTMFMI4BERU7IGRZZFUSXZGZNHPNAHMU6\" target=\"_blank\" rel=\"noopener\">El variado podio de las universidades que cuentan con una mayor proporci\u00f3n de acad\u00e9micos por estudiantes. Se menciona a la UTalca.<\/a><\/p><p>\u00a0<\/p><p><b>EL MERCURIO<\/b><\/p><p><a style=\"font-style: inherit; font-weight: inherit; background-color: #ffffff; font-family: -apple-system, BlinkMacSystemFont,;\" href=\"https:\/\/www.litoralpress.cl\/paginaconsultas\/Servicios_NClip\/Get_Imagen_Nota.aspx?LPKey=47SOL4HHPQWTBOPXWRCGYBTAZEGZXFGQH565UFGMYF7JJTJC4WOP2JI3HSWH7HPJIH6ZCQGKEA3TU\" target=\"_blank\" rel=\"noopener\">Investigaci\u00f3n: Un zoom a la contribuci\u00f3n que hacen las universidades chilenas a la generaci\u00f3n de nuevo Conocimiento. Se menciona a la UTalca.<\/a><\/p><p>\u00a0<\/p><p><b>EL MERCURIO<\/b><\/p><p><a style=\"font-style: inherit; font-weight: inherit; background-color: #ffffff; font-family: -apple-system, BlinkMacSystemFont,;\" href=\"https:\/\/www.litoralpress.cl\/paginaconsultas\/Servicios_NClip\/Get_Imagen_Nota.aspx?LPKey=XAZW2TURF2HDTM72GG3HEUN7ROKOXBSJ36CLUIRWCTWOLUJ72OPOJBXHGCJYV2EMGECH7HM3LX3RM\" target=\"_blank\" rel=\"noopener\">Vinculaci\u00f3n con el Medio: La importancia de que la academia genere redes y tienda puentes con su entorno. Se menciona a la UTalca.<\/a><\/p><p>\u00a0<\/p><p><b>EL MERCURIO<\/b><\/p><p><a style=\"font-style: inherit; font-weight: inherit; background-color: #ffffff; font-family: -apple-system, BlinkMacSystemFont,;\" href=\"https:\/\/www.litoralpress.cl\/paginaconsultas\/Servicios_NClip\/Get_Imagen_Nota.aspx?LPKey=WDVURX3I3VJHDFVLNOHERIJLMBWBUMHG7WC3DFG7QNX3GS7W74VLX6ZFTFKR6ORVHE7XC4UORWHPE\" target=\"_blank\" rel=\"noopener\">Extensi\u00f3n art\u00edstica y cultural: una de las funciones m\u00e1s valoradas por la ciudadan\u00eda. Se menciona a la UTalca.<\/a><\/p><p>\u00a0<\/p><p><b>EL MERCURIO<\/b><\/p><p><a style=\"font-style: inherit; font-weight: inherit; background-color: #ffffff; font-family: -apple-system, BlinkMacSystemFont,;\" href=\"https:\/\/www.litoralpress.cl\/paginaconsultas\/Servicios_NClip\/Get_Imagen_Nota.aspx?LPKey=7QA6RCTAGS65RCNUV2WXKA6PMATOM52J53SLY2XPLSPOAEOQLQE2I62YAIGAW7QZAHIT3GFQCBLGM\" target=\"_blank\" rel=\"noopener\">Aportes al desarrollo: con la mirada puesta en las pol\u00edticas p\u00fablicas, la transferencia de conocimiento al sector privado y la innovaci\u00f3n. Se menciona a la UTalca.<\/a><\/p><p>\u00a0<\/p><p><b>EL MERCURIO<\/b><\/p><p><a style=\"font-style: inherit; font-weight: inherit; background-color: #ffffff; font-family: -apple-system, BlinkMacSystemFont,;\" href=\"https:\/\/www.litoralpress.cl\/paginaconsultas\/Servicios_NClip\/Get_Imagen_Nota.aspx?LPKey=N5526KLPLS73QLMI7KHXKNQN4XU5JNOMMJNZP5ZEJATGH3SF53FKUKBE2GCYDTABG7QNWLZCLOFEC\" target=\"_blank\" rel=\"noopener\">Universidades tradicionales muestran la m\u00e1s alta productividad de sus plantas acad\u00e9micas en cuanto a generaci\u00f3n de publicaciones.Se menciona a la UTalca.<\/a><\/p><p>\u00a0<\/p><p><b>EL MERCURIO<\/b><\/p><p><a style=\"font-style: inherit; font-weight: inherit; background-color: #ffffff; font-family: -apple-system, BlinkMacSystemFont,;\" href=\"https:\/\/www.litoralpress.cl\/paginaconsultas\/Servicios_NClip\/Get_Imagen_Nota.aspx?LPKey=626STMRJMHGUIPCKXJ64RDJSJVANXJMJ7IWUNQ6WYIMDEPNKOSWS46MS3EO4UNBGMOKEZA7IYPPDU\" target=\"_blank\" rel=\"noopener\">Los planteles cuyas publicaciones causan m\u00e1s repercusiones. Se menciona a la UTalca.<\/a><\/p><p>\u00a0<\/p><p><b>EL MERCURIO<\/b><\/p><p><a style=\"font-style: inherit; font-weight: inherit; background-color: #ffffff; font-family: -apple-system, BlinkMacSystemFont,;\" href=\"https:\/\/www.litoralpress.cl\/paginaconsultas\/Servicios_NClip\/Get_Imagen_Nota.aspx?LPKey=JMKKBCYODRMAB2Z53AY5AVLUYBLCURVITZAK4ANJ4ZRADWXGKSZA7OU336KXYW6HSITSUECBLGJVMhttps:\/\/www.litoralpress.cl\/paginaconsultas\/Servicios_NClip\/Get_Imagen_Nota.aspx?LPKey=JMKKBCYODRMAB2Z53AY5AVLUYBLCURVITZAK4ANJ4ZRADWXGKSZA7OU336KXYW6HSITSUECBLGJVM\" target=\"_blank\" rel=\"noopener\">\u00cdndice h: una medida complementaria que permite reducir eventuales sesgos en el an\u00e1lisis. Se menciona a la UTalca.<\/a><\/p><p>\u00a0<\/p><p><b>UNIVERSIDADESESTATALES.CL<\/b><\/p><p><a style=\"font-style: inherit; font-weight: inherit; background-color: #ffffff; font-family: -apple-system, BlinkMacSystemFont,;\" href=\"http:\/\/www.universidadesestatales.cl\/cue\/?q=node\/9351\" target=\"_blank\" rel=\"noopener\">UTalca inaugura exposici\u00f3n que da a conocer uno de los archivos m\u00e1s completos del surrealismo latinoamericano.<\/a><\/p><p>\u00a0<\/p><p><b>EL HERALDO<\/b><\/p><p><a style=\"font-style: inherit; font-weight: inherit; background-color: #ffffff; font-family: -apple-system, BlinkMacSystemFont,;\" href=\"https:\/\/www.litoralpress.cl\/paginaconsultas\/Servicios_NClip\/Get_Imagen_Nota.aspx?LPKey=KUXQJANWLEXUAOCOHNIX3BXN5LQZYDPAPUSI4M3GBEFW4TDJWNPSCFP53CEUITV2ROJB67RTT3XSU\" target=\"_blank\" rel=\"noopener\">Universidad de Talca desarroll\u00f3 innovador Software de Telerrehabilitaci\u00f3n para adultos mayores.<\/a><\/p><p>\u00a0<\/p><p><b>DIARIOELHERALDO.CL<\/b><\/p><p><a style=\"font-style: inherit; font-weight: inherit; background-color: #ffffff; font-family: -apple-system, BlinkMacSystemFont,;\" href=\"http:\/\/www.diarioelheraldo.cl\/noticia\/universidad-de-talca-desarrollo-innovador-software-de-telerrehabilitacion-para-adultos-mayores\" target=\"_blank\" rel=\"noopener\">Universidad de Talca desarroll\u00f3 innovador Software de Telerrehabilitaci\u00f3n para adultos mayores.<\/a><\/p><p>\u00a0<\/p><p><b>EL MERCURIO<\/b><\/p><p><a style=\"font-style: inherit; font-weight: inherit; background-color: #ffffff; font-family: -apple-system, BlinkMacSystemFont,;\" href=\"https:\/\/www.litoralpress.cl\/paginaconsultas\/Servicios_NClip\/Get_Imagen_Nota.aspx?LPKey=XNBIMSJI5BWYK5R5RJFL7NIZXRZGCRA2BV62FYFHPE4KWJ47OLMIWCWW5PKXBTHMDDKL45OGR2Y6S\" target=\"_blank\" rel=\"noopener\">Anticipan mes clave en vacunaci\u00f3n: apuesta es llegar a rezagados y buen ritmo en ni\u00f1os. Se refiere Daniel Jim\u00e9nez, director de Salud del estudiante de la UTalca.<\/a><\/p><p>\u00a0<\/p><p><b>EMOL.COM<\/b><\/p><p><a style=\"font-style: inherit; font-weight: inherit; background-color: #ffffff; font-family: -apple-system, BlinkMacSystemFont,;\" href=\"https:\/\/www.emol.com\/noticias\/Nacional\/2021\/12\/14\/1041076\/escenario-epidemiologico-segunda-vuelta-covid19.html\" target=\"_blank\" rel=\"noopener\">&#8220;No deber\u00eda existir un quiebre en la tendencia&#8221;: El &#8220;auspicioso&#8221; escenario epidemiol\u00f3gico con el que Chile llega al balotaje. Se refiere Daniel Jim\u00e9nez, director de Salud del estudiante de la UTalca.<\/a><\/p><p>\u00a0<\/p><p><b>EMOL.COM<\/b><\/p><p><a style=\"font-style: inherit; font-weight: inherit; background-color: #ffffff; font-family: -apple-system, BlinkMacSystemFont,;\" href=\"https:\/\/www.emol.com\/noticias\/Nacional\/2021\/12\/13\/1041034\/disminucion-casos-covid19-diciembre.html\" target=\"_blank\" rel=\"noopener\">&#8220;El peak de la tercera ola ya pas\u00f3&#8221;: Expertos analizan baja sostenida de contagios y el rol clave de la dosis de refuerzo. Se refiere Daniel Jim\u00e9nez, director de Salud del estudiante de la UTalca.<\/a><\/p><p>\u00a0<\/p><p><b>PICHILEMUNEWS.CL<\/b><\/p><p><a style=\"font-style: inherit; font-weight: inherit; background-color: #ffffff; font-family: -apple-system, BlinkMacSystemFont,;\" href=\"https:\/\/www.pichilemunews.cl\/index.php\/all-categories-list\/noticias\/el-peak-de-la-tercera-ola-ya-paso-expertos-analizan-baja-sostenida-de-contagios-y-el-rol-clave-de-la-dosis-de-refuerzo\" target=\"_blank\" rel=\"noopener\">&#8220;El peak de la tercera ola ya pas\u00f3&#8221;: Expertos analizan baja sostenida de contagios y el rol clave de la dosis de refuerzo. Se refiere Daniel Jim\u00e9nez, director de Salud del estudiante de la UTalca.<\/a><\/p><p>\u00a0<\/p><p><b>TALCACAPITAL.CL<\/b><\/p><p><a style=\"font-style: inherit; font-weight: inherit; background-color: #ffffff; font-family: -apple-system, BlinkMacSystemFont,;\" href=\"https:\/\/talcacapital.cl\/tercera-dosis-la-importancia-de-alcanzar-la-vacunacion-del-80-de-la-poblacion\/\" target=\"_blank\" rel=\"noopener\">Tercera dosis: la importancia de alcanzar la vacunaci\u00f3n del 80% de la poblaci\u00f3n. Se refiere Erika Retamal, directora de Salud P\u00fablica y Daniel Jim\u00e9nez, director de Salud del Estudiante de la UTalca.<\/a><\/p><p>\u00a0<\/p><p><b>TVMAULE.CL<\/b><\/p><p><a style=\"font-style: inherit; font-weight: inherit; background-color: #ffffff; font-family: -apple-system, BlinkMacSystemFont,;\" href=\"https:\/\/www.tvmaule.cl\/covid-19-la-importancia-de-alcanzar-la-vacunacion-con-tercera-dosis-del-80-de-la-poblacion\/\" target=\"_blank\" rel=\"noopener\">Covid-19: la importancia de alcanzar la vacunaci\u00f3n con tercera dosis del 80% de la poblaci\u00f3n. Se refiere Erika Retamal, directora de Salud P\u00fablica y Daniel Jim\u00e9nez, director de Salud del Estudiante de la UTalca.<\/a><\/p><p>\u00a0<\/p><p><b>LINARESENLINEA.CL\u00a0<\/b><\/p><p><a style=\"font-style: inherit; font-weight: inherit; background-color: #ffffff; font-family: -apple-system, BlinkMacSystemFont,;\" href=\"https:\/\/www.linaresenlinea.cl\/2021\/12\/14\/profesionales-recalcan-la-importancia-de-alcanzar-la-vacunacion-del-80-de-la-poblacion-con-la-tercera-dosis\/\" target=\"_blank\" rel=\"noopener\">Profesionales recalcan la importancia de alcanzar la vacunaci\u00f3n del 80% de la poblaci\u00f3n con la tercera dosis. Se refiere Erika Retamal, directora de Salud P\u00fablica y Daniel Jim\u00e9nez, director de Salud del Estudiante de la UTalca.<\/a><\/p><p>\u00a0<\/p><p><b>RADIOMAGALLANES.CL<\/b><\/p><p><a style=\"font-style: inherit; font-weight: inherit; background-color: #ffffff; font-family: -apple-system, BlinkMacSystemFont,;\" href=\"https:\/\/www.radiomagallanes.cl\/noticia.php?id_not=99112\" target=\"_blank\" rel=\"noopener\">Tercera dosis: la importancia de alcanzar la vacunaci\u00f3n del 80% de la poblaci\u00f3n. Se refiere Erika Retamal, directora de Salud P\u00fablica y Daniel Jim\u00e9nez, director de Salud del Estudiante de la UTalca.<\/a><\/p><p>\u00a0<\/p><p><b>THECLINIC.CL<\/b><\/p><p><a style=\"font-style: inherit; font-weight: inherit; background-color: #ffffff; font-family: -apple-system, BlinkMacSystemFont,;\" href=\"https:\/\/www.theclinic.cl\/2021\/12\/14\/test-de-drogas-mas-efectivo-examen-pelo-orina\/\" target=\"_blank\" rel=\"noopener\">Test de drogas: \u00bfes m\u00e1s efectivo el examen de pelo que de orina? Se refiere Marcelo Alarc\u00f3n, acad\u00e9mico del Departamento de Bioqu\u00edmica Cl\u00ednica e Inmunohematolog\u00eda de la UTalca.<\/a><\/p><p>\u00a0<\/p><p><b>EL LECTOR<\/b><\/p><p><a style=\"font-style: inherit; font-weight: inherit; background-color: #ffffff; font-family: -apple-system, BlinkMacSystemFont,;\" href=\"https:\/\/www.litoralpress.cl\/paginaconsultas\/Servicios_NClip\/Get_Imagen_Nota.aspx?LPKey=2R2E42Y6V3AP3DGZQB7233M5XXCEQILUWG4TWW4TFHAZJ6UIBYNXK5TC7VEZ7OXMTY3FPCMUOGC24\" target=\"_blank\" rel=\"noopener\">Ministra Hutt anuncia electrocorredor para Talca y la incorporaci\u00f3n de 11 buses el\u00e9ctricos para 2022. Se refiere Marco Molina, Vicerrector Acad\u00e9mico de la UTalca.<\/a><\/p><p>\u00a0<\/p><p><b>LA PRENSA<\/b><\/p><p><a style=\"font-style: inherit; font-weight: inherit; background-color: #ffffff; font-family: -apple-system, BlinkMacSystemFont,;\" href=\"https:\/\/www.litoralpress.cl\/paginaconsultas\/Servicios_NClip\/Get_Imagen_Nota.aspx?LPKey=U5CJR3XKJKMX3Z44M5BKAKQHMR47ZGVS4PQ5RCUR5VUSELN2WVOCNLCSU6KDNPSGGFFNJ4C6ZS2VY\" target=\"_blank\" rel=\"noopener\">Talca contar\u00e1 con electrocorredor y 11 buses el\u00e9ctricos para el 2022. Se menciona a la UTalca.<\/a><\/p><p>\u00a0<\/p><p><b>DIARIOLAPRENSA.CL<\/b><\/p><p><a style=\"font-style: inherit; font-weight: inherit; background-color: #ffffff; font-family: -apple-system, BlinkMacSystemFont,;\" href=\"https:\/\/new.diariolaprensa.cl\/index.php\/2021\/12\/14\/talca-contara-con-electrocorredor-y-11-buses-electricos-para-el-2022\/\" target=\"_blank\" rel=\"noopener\">Talca contar\u00e1 con electrocorredor y 11 buses el\u00e9ctricos para el 2022. Se menciona a la UTalca.<\/a><\/p><p>\u00a0<\/p><p><b>MAULEE.CL<\/b><\/p><p><a style=\"font-style: inherit; font-weight: inherit; background-color: #ffffff; font-family: -apple-system, BlinkMacSystemFont,;\" href=\"https:\/\/www.maulee.cl\/ministra-de-transporte-anuncia-electrocorredor-para-talca-y-la-incorporacion-de-11-buses-electricos-para-el-2022\/\" target=\"_blank\" rel=\"noopener\">Ministra de Transporte anuncia Electrocorredor para Talca y la incorporaci\u00f3n de 11 buses el\u00e9ctricos para el 2022. Se refiere Marco Molina, Vicerrector Acad\u00e9mico de la UTalca.<\/a><\/p><p>\u00a0<\/p><p><b>DIARIOSENRED.COM<\/b><\/p><p><a style=\"font-style: inherit; font-weight: inherit; background-color: #ffffff; font-family: -apple-system, BlinkMacSystemFont,;\" href=\"https:\/\/www.diariosenred.com\/regional\/ministra-hutt-anuncia-electrocorredor-para-talca-y-la-incorporacion-de\" target=\"_blank\" rel=\"noopener\">Ministra Hutt anuncia electrocorredor para Talca y la incorporaci\u00f3n de 11 buses el\u00e9ctricos para el 2022. Se refiere Marco Molina, Vicerrector Acad\u00e9mico de la UTalca.<\/a><\/p><p>\u00a0<\/p><p><b>AURORADELMAULE.CL<\/b><\/p><p><a style=\"font-style: inherit; font-weight: inherit; background-color: #ffffff; font-family: -apple-system, BlinkMacSystemFont,;\" href=\"https:\/\/auroradelmaule.cl\/2021\/12\/14\/ministra-hutt-anuncia-electrocorredor-para-talca-y-la-incorporacion-de-11-buses-electrivos-para-el-2022\/\" target=\"_blank\" rel=\"noopener\">Ministra Hutt anuncia electrocorredor para Talca y la incorporaci\u00f3n de 11 buses el\u00e9ctricos para el 2022. Se refiere Marco Molina, Vicerrector Acad\u00e9mico de la UTalca.<\/a><\/p><p>\u00a0<\/p><p><b>RADIO AMIGA<\/b><\/p><p><a style=\"font-style: inherit; font-weight: inherit; background-color: #ffffff; font-family: -apple-system, BlinkMacSystemFont,;\" href=\"https:\/\/www.litoralpress.cl\/sitio\/RadioTV_Detalles.cshtml?LPKey=SAAU7S4RJLWYER43HP3XKMLS2VLJSU7767ROPLTIUBLTFPC3Q6MQ\" target=\"_blank\" rel=\"noopener\">Dan a conocer nuevo servicio de buses el\u00e9ctricos para Talca. Se menciona a la UTalca.<\/a><\/p><p>\u00a0<\/p><p><b>MUSICAYNOTICIAS.CL<\/b><\/p><p><a style=\"font-style: inherit; font-weight: inherit; background-color: #ffffff; font-family: -apple-system, BlinkMacSystemFont,;\" href=\"https:\/\/www.musicaynoticias.cl\/curico\/ministra-hutt-anuncio-electrocorredor-para-talca-y-la-incorporacion-de-11-buses-electricos-para-el-2022\" target=\"_blank\" rel=\"noopener\">Ministra Hutt anunci\u00f3 electrocorredor para Talca y la incorporaci\u00f3n de 11 buses el\u00e9ctricos para el 2022. Se refiere Marco Molina, Vicerrector Acad\u00e9mico de la UTalca.<\/a><\/p><p>\u00a0<\/p><p><b>CAUQUENES.NET<\/b><\/p><p><a style=\"font-style: inherit; font-weight: inherit; background-color: #ffffff; font-family: -apple-system, BlinkMacSystemFont,;\" href=\"https:\/\/cauquenesnet.cl\/2021\/12\/13\/ministra-hutt-anuncio-en-talca-un-electrocorredor-y-la-incorporacion-de-11-buses-electricos-en-la-capital-regional\/\" target=\"_blank\" rel=\"noopener\">Ministra Hutt anunci\u00f3 electrocorredor para Talca y la Incorporaci\u00f3n de 11 buses el\u00e9ctricos en la capital regional.<\/a><\/p><p>\u00a0<\/p><p><b>REDMAULE.COM\u00a0<\/b><\/p><p><a style=\"font-style: inherit; font-weight: inherit; background-color: #ffffff; font-family: -apple-system, BlinkMacSystemFont,;\" href=\"https:\/\/www.redmaule.com\/regional\/el-maule-presenta-sus-atractivos-turisticos-con-apoyo-de-la-tecnologia\" target=\"_blank\" rel=\"noopener\">El Maule presenta sus atractivos tur\u00edsticos con apoyo de la tecnolog\u00eda. Se refiere Felipe Besoa\u00edn, director de Mauletec-UTalca.<\/a><\/p><p>\u00a0<\/p><p><b>DIARIOELHERALDO.CL<\/b><\/p><p><a style=\"font-style: inherit; font-weight: inherit; background-color: #ffffff; font-family: -apple-system, BlinkMacSystemFont,;\" href=\"http:\/\/www.diarioelheraldo.cl\/noticia\/admision-top-100-colegio-alborada-ya-cuenta-con-sus-dos-cupos-para-la-utalca-\" target=\"_blank\" rel=\"noopener\">Admisi\u00f3n Top 100: Colegio Alborada ya cuenta con sus dos cupos para la UTalca.<\/a><\/p><p>\u00a0<\/p><p><b>CANAL MEGA PLUS<\/b><\/p><p><a style=\"font-style: inherit; font-weight: inherit; background-color: #ffffff; font-family: -apple-system, BlinkMacSystemFont,;\" href=\"https:\/\/www.litoralpress.cl\/sitio\/RadioTV_Detalles.cshtml?LPKey=VZKVOWAJLXY2A46CVIELKJ7WRPB6OZW4OEBLERM3PBXBREXJUWZA\" target=\"_blank\" rel=\"noopener\">Entrevista a Mario Herrera, acad\u00e9mico del Centro de An\u00e1lisis Pol\u00edtico (CAP) de la Universidad de Talca.<\/a><\/p><p>\u00a0<\/p><p><b>CANAL MEGA PLUS<\/b><\/p><p><a style=\"font-style: inherit; font-weight: inherit; background-color: #ffffff; font-family: -apple-system, BlinkMacSystemFont,;\" href=\"https:\/\/www.litoralpress.cl\/sitio\/RadioTV_Detalles.cshtml?LPKey=XCU47T5HX4O6JQX627QL5ULFMOYXZFFGQT5SF4GOW5VO5B3OGY5A\" target=\"_blank\" rel=\"noopener\">Entrevista a Mauricio Morales, director del Centro de An\u00e1lisis Pol\u00edtico (CAP) de la UTalca.<\/a><\/p><p>\u00a0<\/p><p><b>CANAL MEGA PLUS<\/b><\/p><p><a style=\"font-style: inherit; font-weight: inherit; background-color: #ffffff; font-family: -apple-system, BlinkMacSystemFont,;\" href=\"https:\/\/www.litoralpress.cl\/sitio\/RadioTV_Detalles.cshtml?LPKey=6ZJVHYMDUV46UXX54WWODWHTNXCWA7Y6JTJWGEKKVVOVQH4JYHOA\" target=\"_blank\" rel=\"noopener\">Entrevista a Mauricio Morales, director del Centro de An\u00e1lisis Pol\u00edtico (CAP) de la UTalca (Parte 1).<\/a><\/p><p>\u00a0<\/p><p><b>CANAL MEGA PLUS<\/b><\/p><p><a style=\"font-style: inherit; font-weight: inherit; background-color: #ffffff; font-family: -apple-system, BlinkMacSystemFont,;\" href=\"https:\/\/www.litoralpress.cl\/sitio\/RadioTV_Detalles.cshtml?LPKey=T3ZFZL36KQT7IBBMIS3B35AB3HHK54I7WGQJRFZW2S4VEAUIA23Q\" target=\"_blank\" rel=\"noopener\">Entrevista a Mauricio Morales, director del Centro de An\u00e1lisis Pol\u00edtico (CAP) de la UTalca (Parte 2).<\/a><\/p><p>\u00a0<\/p><p><b>RADIO INFINITA\u00a0<\/b><\/p><p><a style=\"font-style: inherit; font-weight: inherit; background-color: #ffffff; font-family: -apple-system, BlinkMacSystemFont,;\" href=\"https:\/\/www.litoralpress.cl\/sitio\/RadioTV_Detalles.cshtml?LPKey=JWLARIKJ7LVN5CVQ2D6STLKUU2XDEV7TP423SV7JQTQ5M7BTXRPQ\" target=\"_blank\" rel=\"noopener\">Panel sobre debate presidencial. Se refiere Mauricio Morales, director del Centro de An\u00e1lisis Pol\u00edtico (CAP) de la UTalca.<\/a><\/p><p>\u00a0<\/p><p><b>EMOL.COM<\/b><\/p><p><a style=\"font-style: inherit; font-weight: inherit; background-color: #ffffff; font-family: -apple-system, BlinkMacSystemFont,;\" href=\"https:\/\/www.emol.com\/noticias\/Nacional\/2021\/12\/14\/1041150\/pepe-auth-mirada-politica-emoltv.html\" target=\"_blank\" rel=\"noopener\">A cinco d\u00edas de la segunda vuelta presidencial: Pepe Auth analiza el escenario electoral en Mirada Pol\u00edtica. Se refiere Mauricio Morales, director del Centro de An\u00e1lisis Pol\u00edtico (CAP) de la UTalca.<\/a><\/p><p>\u00a0<\/p><p><b>EX &#8211; ANTE.CL<\/b><\/p><p><a style=\"font-style: inherit; font-weight: inherit; background-color: #ffffff; font-family: -apple-system, BlinkMacSystemFont,;\" href=\"https:\/\/www.ex-ante.cl\/influye-un-apoyo-de-bachelet-a-boric-en-la-recta-final-de-la-campana\/\" target=\"_blank\" rel=\"noopener\">\u00bfInfluye un apoyo de Bachelet a Boric en la recta final de la campa\u00f1a? Se refiere Mauricio Morales, director del Centro de An\u00e1lisis Pol\u00edtico (CAP) de la UTalca.<\/a><\/p>\t\t\t\t\t\t<\/div>\n\t\t\t\t<\/div>\n\t\t\t\t\t<\/div>\n\t\t<\/div>\n\t\t\t\t\t\t\t<\/div>\n\t\t<\/section>\n\t\t\t\t\t\t<\/div>\n\t\t\t\t\t<\/div>\n\t\t","protected":false},"excerpt":{"rendered":"<p>EL MERCURIO Ranking de Desempe\u00f1o Institucional de las Universidades Chilenas 2021: Una nueva forma de medir la calidad, alineada con las exigencias de la acreditaci\u00f3n. Se menciona a la UTalca. \u00a0 EL MERCURIO Las variables que perfilan el Desempe\u00f1o de los planteles en una de sus labores m\u00e1s elementales. Se menciona a la UTalca. \u00a0 &hellip;<\/p>\n<p class=\"read-more\"> <a class=\"\" href=\"https:\/\/www.reportedeprensa.utalca.cl\/?p=2659\"> <span class=\"screen-reader-text\">15 de diciembre de 2021<\/span> Read More &raquo;<\/a><\/p>\n","protected":false},"author":1,"featured_media":0,"comment_status":"closed","ping_status":"open","sticky":false,"template":"elementor_theme","format":"standard","meta":{"_monsterinsights_skip_tracking":false,"_monsterinsights_sitenote_active":false,"_monsterinsights_sitenote_note":"","_monsterinsights_sitenote_category":0},"categories":[15],"tags":[],"_links":{"self":[{"href":"https:\/\/www.reportedeprensa.utalca.cl\/index.php?rest_route=\/wp\/v2\/posts\/2659"}],"collection":[{"href":"https:\/\/www.reportedeprensa.utalca.cl\/index.php?rest_route=\/wp\/v2\/posts"}],"about":[{"href":"https:\/\/www.reportedeprensa.utalca.cl\/index.php?rest_route=\/wp\/v2\/types\/post"}],"author":[{"embeddable":true,"href":"https:\/\/www.reportedeprensa.utalca.cl\/index.php?rest_route=\/wp\/v2\/users\/1"}],"replies":[{"embeddable":true,"href":"https:\/\/www.reportedeprensa.utalca.cl\/index.php?rest_route=%2Fwp%2Fv2%2Fcomments&post=2659"}],"version-history":[{"count":4,"href":"https:\/\/www.reportedeprensa.utalca.cl\/index.php?rest_route=\/wp\/v2\/posts\/2659\/revisions"}],"predecessor-version":[{"id":2663,"href":"https:\/\/www.reportedeprensa.utalca.cl\/index.php?rest_route=\/wp\/v2\/posts\/2659\/revisions\/2663"}],"wp:attachment":[{"href":"https:\/\/www.reportedeprensa.utalca.cl\/index.php?rest_route=%2Fwp%2Fv2%2Fmedia&parent=2659"}],"wp:term":[{"taxonomy":"category","embeddable":true,"href":"https:\/\/www.reportedeprensa.utalca.cl\/index.php?rest_route=%2Fwp%2Fv2%2Fcategories&post=2659"},{"taxonomy":"post_tag","embeddable":true,"href":"https:\/\/www.reportedeprensa.utalca.cl\/index.php?rest_route=%2Fwp%2Fv2%2Ftags&post=2659"}],"curies":[{"name":"wp","href":"https:\/\/api.w.org\/{rel}","templated":true}]}}