{"id":2672,"date":"2021-12-16T09:00:31","date_gmt":"2021-12-16T12:00:31","guid":{"rendered":"https:\/\/www.reportedeprensa.utalca.cl\/?p=2672"},"modified":"2021-12-16T09:20:00","modified_gmt":"2021-12-16T12:20:00","slug":"16-de-diciembre-de-2021","status":"publish","type":"post","link":"https:\/\/www.reportedeprensa.utalca.cl\/?p=2672","title":{"rendered":"16 de diciembre de 2021"},"content":{"rendered":"\t\t<div data-elementor-type=\"wp-post\" data-elementor-id=\"2672\" class=\"elementor elementor-2672\" data-elementor-settings=\"[]\">\n\t\t\t\t\t\t\t<div class=\"elementor-section-wrap\">\n\t\t\t\t\t\t\t<section class=\"elementor-section elementor-top-section elementor-element elementor-element-a06ca45 elementor-section-boxed elementor-section-height-default elementor-section-height-default\" data-id=\"a06ca45\" data-element_type=\"section\">\n\t\t\t\t\t\t<div class=\"elementor-container elementor-column-gap-default\">\n\t\t\t\t\t<div class=\"elementor-column elementor-col-100 elementor-top-column elementor-element elementor-element-1486c35\" data-id=\"1486c35\" data-element_type=\"column\">\n\t\t\t<div class=\"elementor-widget-wrap elementor-element-populated\">\n\t\t\t\t\t\t\t\t<div class=\"elementor-element elementor-element-42b145e elementor-widget elementor-widget-text-editor\" data-id=\"42b145e\" data-element_type=\"widget\" data-widget_type=\"text-editor.default\">\n\t\t\t\t<div class=\"elementor-widget-container\">\n\t\t\t\t\t\t\t\t<p><b>CANAL CONTIVISI\u00d3N<\/b><\/p><p><a style=\"font-style: inherit; font-weight: inherit; background-color: #ffffff; font-family: -apple-system, BlinkMacSystemFont,;\" href=\"https:\/\/www.litoralpress.cl\/sitio\/RadioTV_Detalles.cshtml?LPKey=SFT32PB64NKELY5URZDOJULC6COBMF4ZOFX6F4I4GC27Y5LXWG5A\" target=\"_blank\" rel=\"noopener\">Ranking nacional ratifica a la U de Talca como la mejor estatal de regiones.<\/a><\/p><p>\u00a0<\/p><p><b>DIARIOLAPRENSA.CL<\/b><\/p><p><a style=\"font-style: inherit; font-weight: inherit; background-color: #ffffff; font-family: -apple-system, BlinkMacSystemFont,;\" href=\"https:\/\/new.diariolaprensa.cl\/index.php\/2021\/12\/15\/ranking-ratifica-a-la-universidad-de-talca-como-el-mejor-plantel-estatal-de-regiones\/\" target=\"_blank\" rel=\"noopener\">Ranking ratifica a la Universidad de Talca como el mejor plantel estatal de regiones.<\/a><\/p><p>\u00a0<\/p><p><b>CANAL CNN CHILE<\/b><\/p><p><a style=\"font-style: inherit; font-weight: inherit; background-color: #ffffff; font-family: -apple-system, BlinkMacSystemFont,;\" href=\"https:\/\/www.litoralpress.cl\/sitio\/RadioTV_Detalles.cshtml?LPKey=QCGORTOGDTH6RKABHJAF3XMEYGHLWY52RVLIGKIYA2LIIEQKSDZA\" target=\"_blank\" rel=\"noopener\">Entrevista a Paulo Cox, acad\u00e9mico de la Facultad de Econom\u00eda y Negocios (FEN) de la UTalca.<\/a><\/p><p>\u00a0<\/p><p><b>CNNCHILE.COM<\/b><\/p><p><a style=\"font-style: inherit; font-weight: inherit; background-color: #ffffff; font-family: -apple-system, BlinkMacSystemFont,;\" href=\"https:\/\/www.cnnchile.com\/programas-completos\/agenda-economica-paulo-cox-inflacion_20211215\/\" target=\"_blank\" rel=\"noopener\">Paulo Cox: \u201cBuena parte de la inflaci\u00f3n que observamos en Chile se debe a a fen\u00f3menos globales\u201d.<\/a><\/p><p>\u00a0<\/p><p><b>ELMOSTRADOR.CL<\/b><\/p><p><a style=\"font-style: inherit; font-weight: inherit; background-color: #ffffff; font-family: -apple-system, BlinkMacSystemFont,;\" href=\"https:\/\/www.elmostrador.cl\/destacado\/2021\/12\/15\/ipom-del-banco-central-academicos-analizan-el-fierro-caliente-que-espera-a-boric-o-kast-y-recomiendan-contener-las-expectativas\/\" target=\"_blank\" rel=\"noopener\">IPoM del Banco Central: acad\u00e9micos analizan el \u201cfierro caliente\u201d que espera a Boric o Kast y recomiendan contener las expectativas. Se refiere Paulo Cox, acad\u00e9mico de la Facultad de Econom\u00eda y Negocios (FEN) de la UTalca.<\/a><\/p><p>\u00a0<\/p><p><b>EL MERCURIO<\/b><\/p><p><a style=\"font-style: inherit; font-weight: inherit; background-color: #ffffff; font-family: -apple-system, BlinkMacSystemFont,;\" href=\"https:\/\/www.litoralpress.cl\/paginaconsultas\/Servicios_NClip\/Get_Imagen_Nota.aspx?LPKey=Y2EILHXAPLXTGB23ON3EE7OHJHOLDUDIJSGNIG4YW2JUNVR2UAMDXPLFYYWFHK3FMQJV53DPDQWSM\" target=\"_blank\" rel=\"noopener\">Informarse sobre los posibles riesgos de los implantes mamarios es el nuevo requisito antes de la cirug\u00eda. Se refiere Sergio Reyes, acad\u00e9mico de la Escuela de Medicina de la UTalca.<\/a><\/p><p>\u00a0<\/p><p><b>EL MERCURIO<\/b><\/p><p><a style=\"font-style: inherit; font-weight: inherit; background-color: #ffffff; font-family: -apple-system, BlinkMacSystemFont,;\" href=\"https:\/\/www.litoralpress.cl\/paginaconsultas\/Servicios_NClip\/Get_Imagen_Nota.aspx?LPKey=MNHWCYVCHLM3QDT7S36N2LUSPSICYNQ3VJJN2TB25IU7XXF7IEPYVHEXMJC3M6VMYNTMQYAXFOWJ4\" target=\"_blank\" rel=\"noopener\">Ante altas temperaturas para el domingo, especialistas aconsejan ir a votar temprano. Se refiere Erika Retamal, directora de Salud P\u00fablica de la UTalca.<\/a><\/p><p>\u00a0<\/p><p><b>EMOL.COM<\/b><\/p><p><a style=\"font-style: inherit; font-weight: inherit; background-color: #ffffff; font-family: -apple-system, BlinkMacSystemFont,;\" href=\"https:\/\/www.emol.com\/noticias\/Nacional\/2021\/12\/15\/1041223\/anticipan-mes-clave-vacunacion-covid19.html\" target=\"_blank\" rel=\"noopener\">Anticipan mes clave en vacunaci\u00f3n: apuesta es llegar a rezagados y buen ritmo en ni\u00f1os. Se refiere Daniel Jim\u00e9nez, director de Salud del Estudiante de la UTalca.<\/a><\/p><p>\u00a0<\/p><p><b>DIARIOELHERALDO.CL<\/b><\/p><p><a style=\"font-style: inherit; font-weight: inherit; background-color: #ffffff; font-family: -apple-system, BlinkMacSystemFont,;\" href=\"http:\/\/www.diarioelheraldo.cl\/noticia\/tercera-dosis-la-importancia-de-alcanzar-la-vacunacion-del-80-de-la-poblacion\" target=\"_blank\" rel=\"noopener\">Tercera dosis: la importancia de alcanzar la vacunaci\u00f3n del 80% de la poblaci\u00f3n. Se refiere Erika Retamal, directora de Salud P\u00fablica y Daniel Jim\u00e9nez, director de Salud del Estudiante de la UTalca.<\/a><\/p><p>\u00a0<\/p><p><b>ADPRENSA.CL<\/b><\/p><p><a style=\"font-style: inherit; font-weight: inherit; background-color: #ffffff; font-family: -apple-system, BlinkMacSystemFont,;\" href=\"https:\/\/www.adprensa.cl\/cronica\/futuras-matronas-abordan-casos-de-violencia-obstetrica-durante-el-parto\/\" target=\"_blank\" rel=\"noopener\">Futuras matronas abordan casos de \u00abviolencia obst\u00e9trica\u00bb durante el parto. Se refiere Lorena Castro, directora de G\u00e9nero; y M\u00f3nica Abraham, acad\u00e9mica de la Facultad de Ciencias de la Salud de la UTalca.<\/a><\/p><p>\u00a0<\/p><p><b>MAULEHOY.CL<\/b><\/p><p><a style=\"font-style: inherit; font-weight: inherit; background-color: #ffffff; font-family: -apple-system, BlinkMacSystemFont,;\" href=\"https:\/\/maulehoy.cl\/2021\/12\/15\/expertos-reiteran-importancia-de-la-vacunacion-infantil-ante-nueva-alerta-de-la-oms-y-la-llegada-de-omicron\/\" target=\"_blank\" rel=\"noopener\">Expertos reiteran importancia de la vacunaci\u00f3n infantil ante nueva alerta de la OMS y la llegada de \u00d3micron Se refiere Erika Retamal, directora de Salud P\u00fablica y Daniel Jim\u00e9nez, director de Salud del Estudiante de la UTalca.<\/a><\/p><p>\u00a0<\/p><p><b>LATERCERA.COM<\/b><\/p><p><a style=\"font-style: inherit; font-weight: inherit; background-color: #ffffff; font-family: -apple-system, BlinkMacSystemFont,;\" href=\"https:\/\/www.latercera.com\/transformadores\/noticia\/la-educadora-que-revoluciona-la-robotica-infantil\/S3X3JKAN7ZFKHPAIBRVGHINEUM\/\" target=\"_blank\" rel=\"noopener\">La educadora que revoluciona la rob\u00f3tica infantil. Se refiere Silvana Herrera, acad\u00e9mica de la Escuela de Dise\u00f1o de la UTalca.<\/a><\/p><p>\u00a0<\/p><p><b>ELMAULEINFORMA.CL<\/b><\/p><p><a style=\"font-style: inherit; font-weight: inherit; background-color: #ffffff; font-family: -apple-system, BlinkMacSystemFont,;\" href=\"https:\/\/elmauleinforma.cl\/region-del-maule-presenta-sus-atractivos-turisticos-con-apoyo-de-la-tecnologia\/\" target=\"_blank\" rel=\"noopener\">Regi\u00f3n del Maule presenta sus atractivos tur\u00edsticos con apoyo de la tecnolog\u00eda. Se refiere Felipe Besoa\u00edn, acad\u00e9mico de la Facultad de Ingenier\u00eda de la UTalca.<\/a><\/p><p>\u00a0<\/p><p><b>RADIO VLN<\/b><\/p><p><a style=\"font-style: inherit; font-weight: inherit; background-color: #ffffff; font-family: -apple-system, BlinkMacSystemFont,;\" href=\"https:\/\/www.litoralpress.cl\/sitio\/RadioTV_Detalles.cshtml?LPKey=KURW4CWNAGEHYASOVZ66ZKSE7KASSGH4PQXS3SJOHQR7QENU5MXA\" target=\"_blank\" rel=\"noopener\">Fallas en el servicio de telefon\u00eda m\u00f3vil. Se refiere Ricardo P\u00e9rez, acad\u00e9mico de la Facultad de Ingenier\u00eda de la UTalca.<\/a><\/p><p>\u00a0<\/p><p><b>CANAL TVN<\/b><\/p><p><a style=\"font-style: inherit; font-weight: inherit; background-color: #ffffff; font-family: -apple-system, BlinkMacSystemFont,;\" href=\"https:\/\/www.litoralpress.cl\/sitio\/RadioTV_Detalles.cshtml?LPKey=TJWU2NJBK564ZKYMM3TWZTP3D6INAMV72ZHIUY2KUROHHPREFD6A\" target=\"_blank\" rel=\"noopener\">Panel de an\u00e1lisis sobre actualidad pol\u00edtica y el \u00faltimo debate presidencial. Se refiere Mario Herrera, acad\u00e9mico del Centro de An\u00e1lisis Pol\u00edtico (CAP) de la UTalca.<\/a><\/p><p>\u00a0<\/p><p><b>CANAL 24 HORAS<\/b><\/p><p><a style=\"font-style: inherit; font-weight: inherit; background-color: #ffffff; font-family: -apple-system, BlinkMacSystemFont,;\" href=\"https:\/\/www.litoralpress.cl\/sitio\/RadioTV_Detalles.cshtml?LPKey=PVQPZ5OFMTJCLTD5SIFMON4I5VFFAD47X5SM3QO3PUTZPUDHYKIQ\" target=\"_blank\" rel=\"noopener\">Panel de an\u00e1lisis sobre actualidad pol\u00edtica y el \u00faltimo debate presidencial. Se refiere Mario Herrera, acad\u00e9mico del Centro de An\u00e1lisis Pol\u00edtico (CAP) de la UTalca.<\/a><\/p><p>\u00a0<\/p><p><b>24HORAS.CL<\/b><\/p><p><a style=\"font-style: inherit; font-weight: inherit; background-color: #ffffff; font-family: -apple-system, BlinkMacSystemFont,;\" href=\"https:\/\/www.24horas.cl\/noticiarios\/medianoche\/medianoche---martes-14-de-diciembre-5103604\" target=\"_blank\" rel=\"noopener\">Programa Medianoche. Se refiere Mario Herrera, acad\u00e9mico del Centro de An\u00e1lisis Pol\u00edtico (CAP) de la UTalca.<\/a><\/p><p>\u00a0<\/p><p><b>24HORAS.CL<\/b><\/p><p><a style=\"font-style: inherit; font-weight: inherit; background-color: #ffffff; font-family: -apple-system, BlinkMacSystemFont,;\" href=\"https:\/\/www.24horas.cl\/programas\/entrevistas\/academicos-por-apoyo-de-bachelet-a-boric-no-esta-faltando-a-una-norma-legal-ni-etica-5103592\" target=\"_blank\" rel=\"noopener\">Acad\u00e9micos por apoyo de Bachelet a Boric: &#8220;No est\u00e1 faltando a una norma legal ni \u00e9tica&#8221;. Se refiere Mario Herrera, acad\u00e9mico del Centro de An\u00e1lisis Pol\u00edtico (CAP) de la UTalca.<\/a><\/p><p>\u00a0<\/p><p><b>24HORAS.CL<\/b><\/p><p><a style=\"font-style: inherit; font-weight: inherit; background-color: #ffffff; font-family: -apple-system, BlinkMacSystemFont,;\" href=\"https:\/\/www.24horas.cl\/programas\/viapublica\/via-publica---martes-14-de-diciembre-5103618\" target=\"_blank\" rel=\"noopener\">V\u00eda P\u00fablica: Entrevista a Mario Herrera, acad\u00e9mico del Centro de An\u00e1lisis Pol\u00edtico (CAP) de la UTalca.<\/a><\/p><p>\u00a0<\/p><p><b>CANAL CNN CHILE<\/b><\/p><p><a style=\"font-style: inherit; font-weight: inherit; background-color: #ffffff; font-family: -apple-system, BlinkMacSystemFont,;\" href=\"https:\/\/www.litoralpress.cl\/Archivos\/QT52W7DXAKDSKOR3MV7UWS34SI.mp4\" target=\"_blank\" rel=\"noopener\">Servel entre los \u00faltimos detalles para elecciones. Se refiere Mauricio Morales, director del Centro de An\u00e1lisis Pol\u00edtico (CAP) de la UTalca.<\/a><\/p><p>\u00a0<\/p><p><b>CANAL CHILEVISI\u00d3N<\/b><\/p><p><a style=\"font-style: inherit; font-weight: inherit; background-color: #ffffff; font-family: -apple-system, BlinkMacSystemFont,;\" href=\"https:\/\/www.litoralpress.cl\/sitio\/RadioTV_Detalles.cshtml?LPKey=NUJDI2O7ZDBCYPU6HFIKA2F3Q4Z3XMFI4SSO5IOH3637FZ264IXA\" target=\"_blank\" rel=\"noopener\">Servel entrega \u00faltimos detalles para elecciones. Se refiere Mauricio Morales, director del Centro de An\u00e1lisis Pol\u00edtico (CAP) de la UTalca.<\/a><\/p><p>\u00a0<\/p><p><b>CANAL TVN<\/b><\/p><p><a style=\"font-style: inherit; font-weight: inherit; background-color: #ffffff; font-family: -apple-system, BlinkMacSystemFont,;\" href=\"https:\/\/www.litoralpress.cl\/Archivos\/JD7JOM4ICITWJCKMQHELMRCVOE.mp4\" target=\"_blank\" rel=\"noopener\">Los cuatro factores que podr\u00edan definir la elecci\u00f3n presidencial. Se refiere Mauricio Morales, director del Centro de An\u00e1lisis Pol\u00edtico (CAP) de la UTalca.<\/a><\/p><p>\u00a0<\/p><p><b>CANAL 24 HORAS<\/b><\/p><p><a style=\"font-style: inherit; font-weight: inherit; background-color: #ffffff; font-family: -apple-system, BlinkMacSystemFont,;\" href=\"https:\/\/www.litoralpress.cl\/Archivos\/5QSB5VK6RJX2ZKAPO6WESMZZZU.mp4\" target=\"_blank\" rel=\"noopener\">Los cuatro factores que podr\u00edan definir la elecci\u00f3n presidencial. Se refiere Mauricio Morales, director del Centro de An\u00e1lisis Pol\u00edtico (CAP) de la UTalca.<\/a><\/p><p>\u00a0<\/p><p><b>CNN CHILE<\/b><\/p><p><a style=\"font-style: inherit; font-weight: inherit; background-color: #ffffff; font-family: -apple-system, BlinkMacSystemFont,;\" href=\"https:\/\/www.litoralpress.cl\/Archivos\/5NWFJIRARAK2TTFS37MGOVVKQY.mp4\" target=\"_blank\" rel=\"noopener\">Proyectan la participaci\u00f3n electoral para los comicios de este domingo. Se refiere Mauricio Morales, director del Centro de An\u00e1lisis Pol\u00edtico (CAP) de la UTalca.<\/a><\/p><p>\u00a0<\/p><p><b>CANAL CHILEVISI\u00d3N<\/b><\/p><p><a style=\"font-style: inherit; font-weight: inherit; background-color: #ffffff; font-family: -apple-system, BlinkMacSystemFont,;\" href=\"https:\/\/www.litoralpress.cl\/Archivos\/3Q6OATDZKOHVNT4UCX6IIZ2LME.mp4\" target=\"_blank\" rel=\"noopener\">Proyectan la participaci\u00f3n electoral para los comicios de este domingo. Se refiere Mauricio Morales, director del Centro de An\u00e1lisis Pol\u00edtico (CAP) de la UTalca.<\/a><\/p><p>\u00a0<\/p><p><b>EMOL.COM<\/b><\/p><p><a style=\"font-style: inherit; font-weight: inherit; background-color: #ffffff; font-family: -apple-system, BlinkMacSystemFont,;\" href=\"https:\/\/www.emol.com\/noticias\/Nacional\/2021\/12\/15\/1041207\/proyeccion-participacion-segunda-vuelta.html\" target=\"_blank\" rel=\"noopener\">Menos que el Plebiscito, pero m\u00e1s que la primera vuelta: Los n\u00fameros de votantes que se proyectan para el domingo. Se refiere Mauricio Morales, director del Centro de An\u00e1lisis Pol\u00edtico (CAP) de la UTalca.<\/a><\/p><p>\u00a0<\/p><p><b>RADIO COOPERATIVA<\/b><\/p><p><a style=\"font-style: inherit; font-weight: inherit; background-color: #ffffff; font-family: -apple-system, BlinkMacSystemFont,;\" href=\"https:\/\/www.litoralpress.cl\/sitio\/RadioTV_Detalles.cshtml?LPKey=D54LLKEBM3B3FEQLRPZL4CWOW27FS7FNNBV423DASJGIM3C7CU6A\" target=\"_blank\" rel=\"noopener\">Ma\u00f1ana es el cierre de la campa\u00f1a presidencial \u00bfqu\u00e9 se espera en elecciones? Se refiere Mauricio Morales, director del Centro de An\u00e1lisis Pol\u00edtico (CAP) de la UTalca.<\/a><\/p><p>\u00a0<\/p><p><b>RADIO AGRICULTURA<\/b><\/p><p><a style=\"font-style: inherit; font-weight: inherit; background-color: #ffffff; font-family: -apple-system, BlinkMacSystemFont,;\" href=\"https:\/\/www.litoralpress.cl\/sitio\/RadioTV_Detalles.cshtml?LPKey=QOFCDK7LRRCRTHFRG4NEKLTULHTK3O2IPXKUWGPX4ESJDC2N4IKQ\" target=\"_blank\" rel=\"noopener\">Se acerca la definici\u00f3n presidencial. Se refiere Mauricio Morales, director del Centro de An\u00e1lisis Pol\u00edtico (CAP) de la UTalca.<\/a><\/p><p>\u00a0<\/p><p><b>PUBLIMETRO<\/b><\/p><p><a style=\"font-style: inherit; font-weight: inherit; background-color: #ffffff; font-family: -apple-system, BlinkMacSystemFont,;\" href=\"https:\/\/www.litoralpress.cl\/paginaconsultas\/Servicios_NClip\/Get_Imagen_Nota.aspx?LPKey=OILTTVGB2DJIHJS7EYHCR6ZK4FKWA3YB32A5TH3MYJ7ZDUSKUSWD2SNDO3DXAINQGXYP375EXEGBI\" target=\"_blank\" rel=\"noopener\">El an\u00e1lisis de un debate en que nadie sum\u00f3 y que incluso \u201cespant\u00f3\u201d. Se refiere Mauricio Morales, director del Centro de An\u00e1lisis Pol\u00edtico (CAP) de la UTalca.<\/a><\/p><p>\u00a0<\/p><p><b>PUBLIMETRO.CL<\/b><\/p><p><a style=\"font-style: inherit; font-weight: inherit; background-color: #ffffff; font-family: -apple-system, BlinkMacSystemFont,;\" href=\"https:\/\/www.publimetro.cl\/\/noticias\/2021\/12\/15\/el-analisis-de-un-debate-en-que-nadie-sumo-y-que-incluso-espanto\/\" target=\"_blank\" rel=\"noopener\">El an\u00e1lisis de un debate en que nadie sum\u00f3 y que incluso \u201cespant\u00f3\u201d. Se refiere Mauricio Morales, director del Centro de An\u00e1lisis Pol\u00edtico (CAP) de la UTalca.<\/a><\/p><p>\u00a0<\/p><p><b>EL MERCURIO DE VALPAR\u00cdSO<\/b><\/p><p><a style=\"font-style: inherit; font-weight: inherit; background-color: #ffffff; font-family: -apple-system, BlinkMacSystemFont,;\" href=\"https:\/\/www.litoralpress.cl\/paginaconsultas\/Servicios_NClip\/Get_Imagen_Nota.aspx?LPKey=LG5AEXF73FJIBNUDBJ75BMVGKPYN5HEHF3IMG7XT5ZGCDGULUEGRYISA6S74K3GEYBRT22XCIZ7E2\" target=\"_blank\" rel=\"noopener\">Analistas plantean la duda de si moderaci\u00f3n es estrat\u00e9gica o real. Se refiere Mauricio Morales, director del Centro de An\u00e1lisis Pol\u00edtico (CAP) de la UTalca.<\/a><\/p><p>\u00a0<\/p><p><b>THECLINIC.CL<\/b><\/p><p><a style=\"font-style: inherit; font-weight: inherit; background-color: #ffffff; font-family: -apple-system, BlinkMacSystemFont,;\" href=\"https:\/\/www.theclinic.cl\/2021\/12\/15\/jaque-mate-o-autogol-de-media-cancha-examen-a-la-jugada-casi-maestra-del-test-de-drogas-de-boric\/\" target=\"_blank\" rel=\"noopener\">\u00bfJaque mate o autogol de media cancha? Examen a la jugada (casi) maestra del test de drogas de Boric. Se refiere Mauricio Morales, director del Centro de An\u00e1lisis Pol\u00edtico (CAP) de la UTalca.<\/a><\/p><p>\u00a0<\/p><p><b>ELDIARIODESANTIAGO.CL<\/b><\/p><p><a style=\"font-style: inherit; font-weight: inherit; background-color: #ffffff; font-family: -apple-system, BlinkMacSystemFont,;\" href=\"https:\/\/eldiariodesantiago.cl\/archivo\/94711\" target=\"_blank\" rel=\"noopener\">Las tremendas diferencias que hay entre un test de drogas y un test de orina: a prop\u00f3sito del \u201cBoricgate\u201d. Se Marcelo Alarc\u00f3n acad\u00e9mico del Departamento de Bioqu\u00edmica Cl\u00ednica e Inmunohematolog\u00eda de la UTalca.<\/a><\/p><p>\u00a0<\/p><p><b>NOSTALGICA.CL<\/b><\/p><p><a style=\"font-style: inherit; font-weight: inherit; background-color: #ffffff; font-family: -apple-system, BlinkMacSystemFont,;\" href=\"https:\/\/www.nostalgica.cl\/menos-que-el-plebiscito-pero-mas-que-la-primera-vuelta-los-numeros-de-votantes-que-se-proyectan-para-el-domingo\/\" target=\"_blank\" rel=\"noopener\">Menos que el Plebiscito pero m\u00e1s que la primera vuelta: Los n\u00fameros de votantes que se proyectan para el domingo. Se refiere Mauricio Morales, director del Centro de An\u00e1lisis Pol\u00edtico (CAP) de la UTalca.<\/a><\/p><p>\u00a0<\/p><p><b>NUEVOPODER.CL<\/b><\/p><p><a style=\"font-style: inherit; font-weight: inherit; background-color: #ffffff; font-family: -apple-system, BlinkMacSystemFont,;\" href=\"https:\/\/www.nuevopoder.cl\/balotaje-proyectan-votacion-menor-al-plebiscito-y-mayor-a-primera-vuelta\/\" target=\"_blank\" rel=\"noopener\">Balotaje: proyectan votaci\u00f3n menor al plebiscito y mayor a primera vuelta. Se refiere Mauricio Morales, director del Centro de An\u00e1lisis Pol\u00edtico (CAP) de la UTalca.<\/a><\/p>\t\t\t\t\t\t<\/div>\n\t\t\t\t<\/div>\n\t\t\t\t\t<\/div>\n\t\t<\/div>\n\t\t\t\t\t\t\t<\/div>\n\t\t<\/section>\n\t\t\t\t\t\t<\/div>\n\t\t\t\t\t<\/div>\n\t\t","protected":false},"excerpt":{"rendered":"<p>CANAL CONTIVISI\u00d3N Ranking nacional ratifica a la U de Talca como la mejor estatal de regiones. \u00a0 DIARIOLAPRENSA.CL Ranking ratifica a la Universidad de Talca como el mejor plantel estatal de regiones. \u00a0 CANAL CNN CHILE Entrevista a Paulo Cox, acad\u00e9mico de la Facultad de Econom\u00eda y Negocios (FEN) de la UTalca. \u00a0 CNNCHILE.COM Paulo &hellip;<\/p>\n<p class=\"read-more\"> <a class=\"\" href=\"https:\/\/www.reportedeprensa.utalca.cl\/?p=2672\"> <span class=\"screen-reader-text\">16 de diciembre de 2021<\/span> Read More &raquo;<\/a><\/p>\n","protected":false},"author":1,"featured_media":0,"comment_status":"closed","ping_status":"open","sticky":false,"template":"elementor_theme","format":"standard","meta":{"_monsterinsights_skip_tracking":false,"_monsterinsights_sitenote_active":false,"_monsterinsights_sitenote_note":"","_monsterinsights_sitenote_category":0},"categories":[15],"tags":[],"_links":{"self":[{"href":"https:\/\/www.reportedeprensa.utalca.cl\/index.php?rest_route=\/wp\/v2\/posts\/2672"}],"collection":[{"href":"https:\/\/www.reportedeprensa.utalca.cl\/index.php?rest_route=\/wp\/v2\/posts"}],"about":[{"href":"https:\/\/www.reportedeprensa.utalca.cl\/index.php?rest_route=\/wp\/v2\/types\/post"}],"author":[{"embeddable":true,"href":"https:\/\/www.reportedeprensa.utalca.cl\/index.php?rest_route=\/wp\/v2\/users\/1"}],"replies":[{"embeddable":true,"href":"https:\/\/www.reportedeprensa.utalca.cl\/index.php?rest_route=%2Fwp%2Fv2%2Fcomments&post=2672"}],"version-history":[{"count":4,"href":"https:\/\/www.reportedeprensa.utalca.cl\/index.php?rest_route=\/wp\/v2\/posts\/2672\/revisions"}],"predecessor-version":[{"id":2676,"href":"https:\/\/www.reportedeprensa.utalca.cl\/index.php?rest_route=\/wp\/v2\/posts\/2672\/revisions\/2676"}],"wp:attachment":[{"href":"https:\/\/www.reportedeprensa.utalca.cl\/index.php?rest_route=%2Fwp%2Fv2%2Fmedia&parent=2672"}],"wp:term":[{"taxonomy":"category","embeddable":true,"href":"https:\/\/www.reportedeprensa.utalca.cl\/index.php?rest_route=%2Fwp%2Fv2%2Fcategories&post=2672"},{"taxonomy":"post_tag","embeddable":true,"href":"https:\/\/www.reportedeprensa.utalca.cl\/index.php?rest_route=%2Fwp%2Fv2%2Ftags&post=2672"}],"curies":[{"name":"wp","href":"https:\/\/api.w.org\/{rel}","templated":true}]}}