{"id":2684,"date":"2021-12-17T09:12:16","date_gmt":"2021-12-17T12:12:16","guid":{"rendered":"https:\/\/www.reportedeprensa.utalca.cl\/?p=2684"},"modified":"2021-12-17T10:24:19","modified_gmt":"2021-12-17T13:24:19","slug":"17-de-diciembre-de-2021","status":"publish","type":"post","link":"https:\/\/www.reportedeprensa.utalca.cl\/?p=2684","title":{"rendered":"17 de diciembre de 2021"},"content":{"rendered":"\t\t<div data-elementor-type=\"wp-post\" data-elementor-id=\"2684\" class=\"elementor elementor-2684\" data-elementor-settings=\"[]\">\n\t\t\t\t\t\t\t<div class=\"elementor-section-wrap\">\n\t\t\t\t\t\t\t<section class=\"elementor-section elementor-top-section elementor-element elementor-element-a06ca45 elementor-section-boxed elementor-section-height-default elementor-section-height-default\" data-id=\"a06ca45\" data-element_type=\"section\">\n\t\t\t\t\t\t<div class=\"elementor-container elementor-column-gap-default\">\n\t\t\t\t\t<div class=\"elementor-column elementor-col-100 elementor-top-column elementor-element elementor-element-1486c35\" data-id=\"1486c35\" data-element_type=\"column\">\n\t\t\t<div class=\"elementor-widget-wrap elementor-element-populated\">\n\t\t\t\t\t\t\t\t<div class=\"elementor-element elementor-element-42b145e elementor-widget elementor-widget-text-editor\" data-id=\"42b145e\" data-element_type=\"widget\" data-widget_type=\"text-editor.default\">\n\t\t\t\t<div class=\"elementor-widget-container\">\n\t\t\t\t\t\t\t\t<p><b>RADIO COOPERATIVA<\/b><\/p><p><a style=\"font-style: inherit; font-weight: inherit; background-color: #ffffff; font-family: -apple-system, BlinkMacSystemFont,;\" href=\"https:\/\/www.litoralpress.cl\/sitio\/RadioTV_Detalles.cshtml?LPKey=BGYPMOMPWP46GBREBIOOSXUEQDZAUTL2SSIE66M42FHJ5UEA77DQ\" target=\"_blank\" rel=\"noopener\">ISP aprob\u00f3 la utilizaci\u00f3n de vacuna Pfizer para inoculaci\u00f3n de ni\u00f1os desde los 5 a\u00f1os. Se refiere Daniel Jim\u00e9nez, director de Salud del Estudiante de la UTalca.<\/a><\/p><p>\u00a0<\/p><p><b>LA PRENSA<\/b><\/p><p><a style=\"font-style: inherit; font-weight: inherit; background-color: #ffffff; font-family: -apple-system, BlinkMacSystemFont,;\" href=\"https:\/\/www.litoralpress.cl\/paginaconsultas\/Servicios_NClip\/Get_Imagen_Nota.aspx?LPKey=DGUUDALXN4ODEEAGKFTTQ6YFG7GQXXUCK277RWN7GGCQLZ4AUENDX4TMLXDQFLXXMIJTTJ75M6B3M\" target=\"_blank\" rel=\"noopener\">Acad\u00e9mico llamar a aplicarse dosis de refuerzo. Se refiere Daniel Jim\u00e9nez, director de Salud del Estudiante de la UTalca.<\/a><\/p><p>\u00a0<\/p><p><b>CENTROSURNOTICIAS.CL<\/b><\/p><p><a style=\"font-style: inherit; font-weight: inherit; background-color: #ffffff; font-family: -apple-system, BlinkMacSystemFont,;\" href=\"https:\/\/centrosurnoticias.cl\/tercera-dosis-la-importancia-de-alcanzar-la-vacunacion-del-80-de-la-poblacion\/\" target=\"_blank\" rel=\"noopener\">Tercera dosis: La importancia de alcanzar la vacunaci\u00f3n del 80% de la poblaci\u00f3n. Se refieren Erika Retamal, directora de Salud P\u00fablica y Daniel Jim\u00e9nez, director de Salud del Estudiante de la UTalca.<\/a><\/p><p>\u00a0<\/p><p><b>EL MERCURIO<\/b><\/p><p><a style=\"font-style: inherit; font-weight: inherit; background-color: #ffffff; font-family: -apple-system, BlinkMacSystemFont,;\" href=\"https:\/\/www.litoralpress.cl\/paginaconsultas\/Servicios_NClip\/Get_Imagen_Nota.aspx?LPKey=OLD35AFYP5DZ2ZC45IGZZY25TIBSVYIS3LA7I2KDWRNGYV46LU2U6LBBIMSC55BSMZLUKCBXY2VOE\" target=\"_blank\" rel=\"noopener\">Apoyo de acad\u00e9micos y cinco rectores de universidades estatales a Boric genera debate. Se refiere \u00c1lvaro Rojas, Rector de la UTalca.<\/a><\/p><p>\u00a0<\/p><p><b>RADIO BIOB\u00cdO<\/b><\/p><p><a style=\"font-style: inherit; font-weight: inherit; background-color: #ffffff; font-family: -apple-system, BlinkMacSystemFont,;\" href=\"https:\/\/www.litoralpress.cl\/sitio\/RadioTV_Detalles.cshtml?LPKey=3NYDZREMVSN434MDVZHQXD2KA7ZI5CI5ZZMNOGPCOPXJXWR6S3RA\" target=\"_blank\" rel=\"noopener\">Este domingo el Metro de Santiago ser\u00e1 gratuito junto a otros 2 mil 150 servicios de transporte a nivel nacional. Se menciona opini\u00f3n de Erika Retamal, directora de Salud P\u00fablica de la UTalca.<\/a><\/p><p>\u00a0<\/p><p><b>RADIO AGRICULTURA<\/b><\/p><p><a style=\"font-style: inherit; font-weight: inherit; background-color: #ffffff; font-family: -apple-system, BlinkMacSystemFont,;\" href=\"https:\/\/www.litoralpress.cl\/sitio\/RadioTV_Detalles.cshtml?LPKey=BHTYY33MEXXY4VYUCXIZWSF3J3NADTDNVPIKTJ4CFT3MNCUFSLQQ\" target=\"_blank\" rel=\"noopener\">Experto de la Universidad de Talca asegura que altas temperaturas pueden tener efecto a mediano y largo plazo en hortalizas, granos y frutas.<\/a><\/p><p>\u00a0<\/p><p><b>LANOTICIA.CL<\/b><\/p><p><a style=\"font-style: inherit; font-weight: inherit; background-color: #ffffff; font-family: -apple-system, BlinkMacSystemFont,;\" href=\"https:\/\/lanoticia.cl\/futuras-matronas-abordan-casos-de-violencia-obstetrica-durante-el-parto\/\" target=\"_blank\" rel=\"noopener\">Futuras matronas abordan casos de \u201cviolencia obst\u00e9trica\u201d durante el parto. Se refiere M\u00f3nica Abraham, acad\u00e9mica de la Facultad de Ciencias de la Salud de la UTalca.<\/a><\/p><p>\u00a0<\/p><p><b>BIOBIOCHILE.CL<\/b><\/p><p><a style=\"font-style: inherit; font-weight: inherit; background-color: #ffffff; font-family: -apple-system, BlinkMacSystemFont,;\" href=\"https:\/\/www.biobiochile.cl\/noticias\/economia\/tu-bolsillo\/2021\/12\/16\/el-gasto-hormiga-en-que-estarias-botando-700-mil-al-ano-y-tips-para-2022-con-bolsillos-mas-llenos.shtml\" target=\"_blank\" rel=\"noopener\">El &#8220;gasto hormiga&#8221; en que estar\u00edas botando $700 mil al a\u00f1o y tips para 2022 con bolsillos m\u00e1s llenos. Se menciona estudio de la UTalca.<\/a><\/p><p>\u00a0<\/p><p><b>ADPRENSA.CL<\/b><\/p><p><a style=\"font-style: inherit; font-weight: inherit; background-color: #ffffff; font-family: -apple-system, BlinkMacSystemFont,;\" href=\"https:\/\/www.adprensa.cl\/nacionales\/experto-utalca-ola-de-calor-de-hasta-37-grados-afectaria-al-valle-central\/\" target=\"_blank\" rel=\"noopener\">Experto UTalca: Ola de calor de hasta 37 grados afectar\u00eda al valle central.<\/a><\/p><p>\u00a0<\/p><p><b>TVMAULE.CL<\/b><\/p><p><a style=\"font-style: inherit; font-weight: inherit; background-color: #ffffff; font-family: -apple-system, BlinkMacSystemFont,;\" href=\"https:\/\/www.tvmaule.cl\/buscan-favorecer-salud-mental-de-maulinos-mediante-desarrollo-tecnologico\/\" target=\"_blank\" rel=\"noopener\">Buscan favorecer salud mental de maulinos mediante desarrollo tecnol\u00f3gico. Se refiere Nadia Ramos, acad\u00e9mica de la Facultad de Psicolog\u00eda de la UTalca.<\/a><\/p><p>\u00a0<\/p><p><b>CANAL MEGA PLUS<\/b><\/p><p><a style=\"font-style: inherit; font-weight: inherit; background-color: #ffffff; font-family: -apple-system, BlinkMacSystemFont,;\" href=\"https:\/\/www.litoralpress.cl\/sitio\/RadioTV_Detalles.cshtml?LPKey=EYNGJNA7RY56RLXI6CF26W25C3O6V573SEGKVNJLTB52ZLWWIIIA\" target=\"_blank\" rel=\"noopener\">Cierre de campa\u00f1as de candidatos presidenciales. Se refiere Mauricio Morales, director del Centro de An\u00e1lisis Pol\u00edtico (CAP) de la UTalca.<\/a><\/p><p>\u00a0<\/p><p><b>CANAL MEGA PLUS<\/b><\/p><p><a style=\"font-style: inherit; font-weight: inherit; background-color: #ffffff; font-family: -apple-system, BlinkMacSystemFont,;\" href=\"https:\/\/www.litoralpress.cl\/sitio\/RadioTV_Detalles.cshtml?LPKey=5QLH4HSZ52VTPLNQXGW4DODZ7D26XTRFKSW3HK3IECXPSUYFU7KQ\" target=\"_blank\" rel=\"noopener\">Marco Antonio Pinochet ley\u00f3 un comunicado sobre la muerte de su madre Luc\u00eda Hiriart. Se refiere Mauricio Morales, director del Centro de An\u00e1lisis Pol\u00edtico (CAP) de la UTalca.<\/a><\/p><p>\u00a0<\/p><p><b>RADIO COOPERATIVA<\/b><\/p><p><a style=\"font-style: inherit; font-weight: inherit; background-color: #ffffff; font-family: -apple-system, BlinkMacSystemFont,;\" href=\"https:\/\/www.litoralpress.cl\/sitio\/RadioTV_Detalles.cshtml?LPKey=SZQVAWJPYJCRMUNSTV5WSYJXPP6AYOGMVP4BR2X7AR2HQA2EIV6Q\" target=\"_blank\" rel=\"noopener\">Fallece Luc\u00eda Hiriart la viuda de Augusto Pinochet a los 99 a\u00f1os. Se refiere Mauricio Morales, director del Centro de An\u00e1lisis Pol\u00edtico (CAP) de la UTalca.<\/a><\/p><p>\u00a0<\/p><p><b>RADIO SONAR<\/b><\/p><p><a style=\"font-style: inherit; font-weight: inherit; background-color: #ffffff; font-family: -apple-system, BlinkMacSystemFont,;\" href=\"https:\/\/www.litoralpress.cl\/sitio\/RadioTV_Detalles.cshtml?LPKey=SYZ5PWSQAZXXW3VNPNGT6WJRIS4EHLD3ETLLVFPXOWJ6K6QFNYJA\" target=\"_blank\" rel=\"noopener\">Entrevista a Mario Herrera, acad\u00e9mico Centro de An\u00e1lisis Pol\u00edtico (CAP) de la UTalca.<\/a><\/p><p>\u00a0<\/p><p><b>CANAL TVN<\/b><\/p><p><a style=\"font-style: inherit; font-weight: inherit; background-color: #ffffff; font-family: -apple-system, BlinkMacSystemFont,;\" href=\"https:\/\/www.litoralpress.cl\/sitio\/RadioTV_Detalles.cshtml?LPKey=2CSARUYKGOOEAGWRNURJDLOT3IF2GV67UVH64EMFIVU7ZZFZAJ3Q\" target=\"_blank\" rel=\"noopener\">\u00bfQu\u00e9 factores influyen en la votaci\u00f3n de domingo? Se refiere Mauricio Morales, director del Centro de An\u00e1lisis Pol\u00edtico (CAP) de la UTalca.<\/a><\/p><p>\u00a0<\/p><p><b>CANAL MEGA<\/b><\/p><p><a style=\"font-style: inherit; font-weight: inherit; background-color: #ffffff; font-family: -apple-system, BlinkMacSystemFont,;\" href=\"https:\/\/www.litoralpress.cl\/sitio\/RadioTV_Detalles.cshtml?LPKey=J4LWDJCY6VAQVM4EXSWVM26CACEYKDRTHX4F4QG7YBKWVC2I6TJA\" target=\"_blank\" rel=\"noopener\">Panel: Se refiere Mauricio Morales, director del Centro de An\u00e1lisis Pol\u00edtico (CAP) de la UTalca.<\/a><\/p><p>\u00a0<\/p><p><b>CANAL MEGA<\/b><\/p><p><a style=\"font-style: inherit; font-weight: inherit; background-color: #ffffff; font-family: -apple-system, BlinkMacSystemFont,;\" href=\"https:\/\/www.litoralpress.cl\/sitio\/RadioTV_Detalles.cshtml?LPKey=MYJ7CBTZNPBC4L4OWNP5KG7FTETIX6AXCGVJ3DGAO7KOFEPUEQ5A\" target=\"_blank\" rel=\"noopener\">Panel: Se refiere Mauricio Morales, director del Centro de An\u00e1lisis Pol\u00edtico (CAP) de la UTalca.<\/a><\/p><p>\u00a0<\/p><p><b>CANAL CHILEVISI\u00d3N<\/b><\/p><p><a style=\"font-style: inherit; font-weight: inherit; background-color: #ffffff; font-family: -apple-system, BlinkMacSystemFont,;\" href=\"https:\/\/www.litoralpress.cl\/sitio\/RadioTV_Detalles.cshtml?LPKey=JQIQZBJCKSMZZGZLAKGAARNYAW7KGOAAFNZ6KLADLWWM4XMUSMJQ\" target=\"_blank\" rel=\"noopener\">\u00bfKast o Boric?: Millones de votantes para este domingo. Se refiere Mauricio Morales, director del Centro de An\u00e1lisis Pol\u00edtico (CAP) de la UTalca.<\/a><\/p><p>\u00a0<\/p><p><b>CANAL CNN CHILE<\/b><\/p><p><a style=\"font-style: inherit; font-weight: inherit; background-color: #ffffff; font-family: -apple-system, BlinkMacSystemFont,;\" href=\"https:\/\/www.litoralpress.cl\/sitio\/RadioTV_Detalles.cshtml?LPKey=AU2VFRX7P7SQX5D4QQ24EYM4354CNDKN5ZHTLRKFCV6Q24P3XEVA\" target=\"_blank\" rel=\"noopener\">Proyectan la participaci\u00f3n electoral para los comicios de este domingo. Se refiere Mauricio Morales, director del Centro de An\u00e1lisis Pol\u00edtico (CAP) de la UTalca.<\/a><\/p><p>\u00a0<\/p><p><b>CANAL TVN RED MAULE<\/b><\/p><p><a style=\"font-style: inherit; font-weight: inherit; background-color: #ffffff; font-family: -apple-system, BlinkMacSystemFont,;\" href=\"https:\/\/www.litoralpress.cl\/sitio\/RadioTV_Detalles.cshtml?LPKey=4J6NWFGH2TVLL5DA3N6OA7WNQ3KIC27VGJ2IQRZOEWTOHHTS4WGQ\" target=\"_blank\" rel=\"noopener\">Ma\u00f1ana se presentar\u00e1 concierto &#8220;Arboretum&#8221;. Se menciona la UTalca.<\/a><\/p><p>\u00a0<\/p><p><b>PORTALEDUCACION.CL<\/b><\/p><p><a style=\"font-style: inherit; font-weight: inherit; background-color: #ffffff; font-family: -apple-system, BlinkMacSystemFont,;\" href=\"https:\/\/portaleducacion.cl\/index.php\/2021\/12\/16\/editorial-utalca-lanza-nueva-coleccion-de-audiolibros-con-ineditos-discursos-de-nicanor-parra\/\" target=\"_blank\" rel=\"noopener\">Editorial UTalca lanza nueva colecci\u00f3n de audiolibros con in\u00e9ditos discursos de Nicanor Parra.<\/a><\/p>\t\t\t\t\t\t<\/div>\n\t\t\t\t<\/div>\n\t\t\t\t\t<\/div>\n\t\t<\/div>\n\t\t\t\t\t\t\t<\/div>\n\t\t<\/section>\n\t\t\t\t\t\t<\/div>\n\t\t\t\t\t<\/div>\n\t\t","protected":false},"excerpt":{"rendered":"<p>RADIO COOPERATIVA ISP aprob\u00f3 la utilizaci\u00f3n de vacuna Pfizer para inoculaci\u00f3n de ni\u00f1os desde los 5 a\u00f1os. Se refiere Daniel Jim\u00e9nez, director de Salud del Estudiante de la UTalca. \u00a0 LA PRENSA Acad\u00e9mico llamar a aplicarse dosis de refuerzo. Se refiere Daniel Jim\u00e9nez, director de Salud del Estudiante de la UTalca. \u00a0 CENTROSURNOTICIAS.CL Tercera dosis: &hellip;<\/p>\n<p class=\"read-more\"> <a class=\"\" href=\"https:\/\/www.reportedeprensa.utalca.cl\/?p=2684\"> <span class=\"screen-reader-text\">17 de diciembre de 2021<\/span> Read More &raquo;<\/a><\/p>\n","protected":false},"author":1,"featured_media":0,"comment_status":"closed","ping_status":"open","sticky":false,"template":"elementor_theme","format":"standard","meta":{"_monsterinsights_skip_tracking":false,"_monsterinsights_sitenote_active":false,"_monsterinsights_sitenote_note":"","_monsterinsights_sitenote_category":0},"categories":[15],"tags":[],"_links":{"self":[{"href":"https:\/\/www.reportedeprensa.utalca.cl\/index.php?rest_route=\/wp\/v2\/posts\/2684"}],"collection":[{"href":"https:\/\/www.reportedeprensa.utalca.cl\/index.php?rest_route=\/wp\/v2\/posts"}],"about":[{"href":"https:\/\/www.reportedeprensa.utalca.cl\/index.php?rest_route=\/wp\/v2\/types\/post"}],"author":[{"embeddable":true,"href":"https:\/\/www.reportedeprensa.utalca.cl\/index.php?rest_route=\/wp\/v2\/users\/1"}],"replies":[{"embeddable":true,"href":"https:\/\/www.reportedeprensa.utalca.cl\/index.php?rest_route=%2Fwp%2Fv2%2Fcomments&post=2684"}],"version-history":[{"count":10,"href":"https:\/\/www.reportedeprensa.utalca.cl\/index.php?rest_route=\/wp\/v2\/posts\/2684\/revisions"}],"predecessor-version":[{"id":2704,"href":"https:\/\/www.reportedeprensa.utalca.cl\/index.php?rest_route=\/wp\/v2\/posts\/2684\/revisions\/2704"}],"wp:attachment":[{"href":"https:\/\/www.reportedeprensa.utalca.cl\/index.php?rest_route=%2Fwp%2Fv2%2Fmedia&parent=2684"}],"wp:term":[{"taxonomy":"category","embeddable":true,"href":"https:\/\/www.reportedeprensa.utalca.cl\/index.php?rest_route=%2Fwp%2Fv2%2Fcategories&post=2684"},{"taxonomy":"post_tag","embeddable":true,"href":"https:\/\/www.reportedeprensa.utalca.cl\/index.php?rest_route=%2Fwp%2Fv2%2Ftags&post=2684"}],"curies":[{"name":"wp","href":"https:\/\/api.w.org\/{rel}","templated":true}]}}