{"id":2707,"date":"2021-12-20T09:24:07","date_gmt":"2021-12-20T12:24:07","guid":{"rendered":"https:\/\/www.reportedeprensa.utalca.cl\/?p=2707"},"modified":"2021-12-20T09:43:45","modified_gmt":"2021-12-20T12:43:45","slug":"20-de-diciembre-de-2021","status":"publish","type":"post","link":"https:\/\/www.reportedeprensa.utalca.cl\/?p=2707","title":{"rendered":"20 de diciembre de 2021"},"content":{"rendered":"\t\t<div data-elementor-type=\"wp-post\" data-elementor-id=\"2707\" class=\"elementor elementor-2707\" data-elementor-settings=\"[]\">\n\t\t\t\t\t\t\t<div class=\"elementor-section-wrap\">\n\t\t\t\t\t\t\t<section class=\"elementor-section elementor-top-section elementor-element elementor-element-a06ca45 elementor-section-boxed elementor-section-height-default elementor-section-height-default\" data-id=\"a06ca45\" data-element_type=\"section\">\n\t\t\t\t\t\t<div class=\"elementor-container elementor-column-gap-default\">\n\t\t\t\t\t<div class=\"elementor-column elementor-col-100 elementor-top-column elementor-element elementor-element-1486c35\" data-id=\"1486c35\" data-element_type=\"column\">\n\t\t\t<div class=\"elementor-widget-wrap elementor-element-populated\">\n\t\t\t\t\t\t\t\t<div class=\"elementor-element elementor-element-42b145e elementor-widget elementor-widget-text-editor\" data-id=\"42b145e\" data-element_type=\"widget\" data-widget_type=\"text-editor.default\">\n\t\t\t\t<div class=\"elementor-widget-container\">\n\t\t\t\t\t\t\t\t<p><b>DIARIOTALCA.CL<\/b><\/p><p><a style=\"font-style: inherit; font-weight: inherit; background-color: #ffffff; font-family: -apple-system, BlinkMacSystemFont,;\" href=\"https:\/\/diariotalca.cl\/ranking-reafirma-liderazgo-nacional-de-la-universidad-de-talca\/\" target=\"_blank\" rel=\"noopener\">Ranking reafirma liderazgo nacional de la Universidad de Talca.<\/a><\/p><p>\u00a0<\/p><p><b>RADIO COOPERATIVA<\/b><\/p><p><a style=\"font-style: inherit; font-weight: inherit; background-color: #ffffff; font-family: -apple-system, BlinkMacSystemFont,;\" href=\"https:\/\/www.litoralpress.cl\/sitio\/RadioTV_Detalles.cshtml?LPKey=3YZTUZTRMUZJ5DJFJJXBUODXWQEBCZXBNCFEZ637XWLGBEA6J3RQ\" target=\"_blank\" rel=\"noopener\">Balance del Covid-19. Los principales indicadores de la pandemia siguen a la baja. Se refiere Marcelo Alarc\u00f3n, acad\u00e9mico del Departamento de Bioqu\u00edmica Cl\u00ednica e Inmunohematolog\u00eda de la UTalca.<\/a><\/p><p>\u00a0<\/p><p><b>CANAL TVR<\/b><\/p><p><a style=\"font-style: inherit; font-weight: inherit; background-color: #ffffff; font-family: -apple-system, BlinkMacSystemFont,;\" href=\"https:\/\/www.litoralpress.cl\/sitio\/RadioTV_Detalles.cshtml?LPKey=27KPNBATGPAMKB4ENSTBEBZGJ6LEP2J2TKZWLGIF6P7YMFUC5MKA\" target=\"_blank\" rel=\"noopener\">Anuncian ola de calor entre las regiones de Coquimbo y Biob\u00edo. Se refiere Patricio Gonz\u00e1lez, agroclimat\u00f3logo de la UTalca.<\/a><\/p><p>\u00a0<\/p><p><b>CANAL CONTIVISI\u00d3N<\/b><\/p><p><a style=\"font-style: inherit; font-weight: inherit; background-color: #ffffff; font-family: -apple-system, BlinkMacSystemFont,;\" href=\"https:\/\/www.litoralpress.cl\/sitio\/RadioTV_Detalles.cshtml?LPKey=EWS7NOUPSYZLYEYJCV5TC5LUAA7CE3GZEJQIUXUOTM2AZGSFHBHQ\" target=\"_blank\" rel=\"noopener\">Una ola de calor de hasta 37 grados afectar\u00eda al valle central de la Regi\u00f3n del Maule. Se refiere Patricio Gonz\u00e1lez, agroclimat\u00f3logo de la UTalca.<\/a><\/p><p>\u00a0<\/p><p><b>RADIO VLN<\/b><\/p><p><a style=\"font-style: inherit; font-weight: inherit; background-color: #ffffff; font-family: -apple-system, BlinkMacSystemFont,;\" href=\"https:\/\/www.litoralpress.cl\/sitio\/RadioTV_Detalles.cshtml?LPKey=3U6I2UISXOAMXTAS2WX4T67EWCQKUTGY5OKNYM5XHEHYT63EOL3Q\" target=\"_blank\" rel=\"noopener\">Entrevista a Patricio Gonz\u00e1lez, agroclimat\u00f3logo de la UTalca.<\/a><\/p><p>\u00a0<\/p><p><b>DIARIO EL HERALDO<\/b><\/p><p><a style=\"font-style: inherit; font-weight: inherit; background-color: #ffffff; font-family: -apple-system, BlinkMacSystemFont,;\" href=\"https:\/\/www.litoralpress.cl\/paginaconsultas\/Servicios_NClip\/Get_Imagen_Nota.aspx?LPKey=GGNUKO2RNLMSOTAQK5NNORPJTMDQGHT6LQ43EJO7SX62E5HPIEMQEGKOJGGVOMBAO3T6IGQG2CGFA\" target=\"_blank\" rel=\"noopener\">Portada. Experto UTalca: Ola de calor de hasta 37 grados afectar\u00e1 al valle central.<\/a><\/p><p>\u00a0<\/p><p><b>DIARIO EL HERALDO<\/b><\/p><p><a style=\"font-style: inherit; font-weight: inherit; background-color: #ffffff; font-family: -apple-system, BlinkMacSystemFont,;\" href=\"https:\/\/www.litoralpress.cl\/paginaconsultas\/Servicios_NClip\/Get_Imagen_Nota.aspx?LPKey=T4PH3MPT2QYWIS25M4JBFICT5AU632PPOQR3XZ5M2NOTARFWERI44XQ54M3RLBSPRIGWLG25S326A\" target=\"_blank\" rel=\"noopener\">Experto UTalca: Ola de calor de hasta 37 grados afectar\u00eda al valle central.<\/a><\/p><p>\u00a0<\/p><p><b>DIARIOELHERALDO.CL<\/b><\/p><p><a style=\"font-style: inherit; font-weight: inherit; background-color: #ffffff; font-family: -apple-system, BlinkMacSystemFont,;\" href=\"http:\/\/www.diarioelheraldo.cl\/noticia\/experto-utalca-ola-de-calor-de-hasta-37-grados-afectaria-al-valle-central-\" target=\"_blank\" rel=\"noopener\">Experto UTalca: Ola de calor de hasta 37 grados afectar\u00eda al valle central.<\/a><\/p><p>\u00a0<\/p><p><b>ELPERIODISTA.CL<\/b><\/p><p><a style=\"font-style: inherit; font-weight: inherit; background-color: #ffffff; font-family: -apple-system, BlinkMacSystemFont,;\" href=\"https:\/\/www.elperiodista.cl\/2021\/12\/universidades-regionales-y-convencion-constitucional-suscriben-amplio-convenio-de-colaboracion\/\" target=\"_blank\" rel=\"noopener\">Universidades regionales y Convenci\u00f3n Constitucional suscriben amplio convenio de colaboraci\u00f3n. Se menciona a Pablo Villalobos, Vicerrector de Innovaci\u00f3n de la UTalca.<\/a><\/p><p>\u00a0<\/p><p><b>DIARIOSENRED.COM<\/b><\/p><p><a style=\"font-style: inherit; font-weight: inherit; background-color: #ffffff; font-family: -apple-system, BlinkMacSystemFont,;\" href=\"https:\/\/www.diariosenred.com\/nacional\/lanzan-coleccion-de-audiolibros-con-ineditos-discursos-de-nicanor-parra\" target=\"_blank\" rel=\"noopener\">Lanzan colecci\u00f3n de audiolibros con in\u00e9ditos discursos de Nicanor Parra. Se refiere Marcela Albornoz, directora de la Editorial Universidad de Talca.<\/a><\/p><p>\u00a0<\/p><p><b>REDMAULE.COM<\/b><\/p><p><a style=\"font-style: inherit; font-weight: inherit; background-color: #ffffff; font-family: -apple-system, BlinkMacSystemFont,;\" href=\"https:\/\/www.redmaule.com\/nacional\/lanzan-coleccion-de-audiolibros-con-ineditos-discursos-de-nicanor-parra\" target=\"_blank\" rel=\"noopener\">Lanzan colecci\u00f3n de audiolibros con in\u00e9ditos discursos de Nicanor Parra. Se refiere Marcela Albornoz, directora de la Editorial Universidad de Talca.<\/a><\/p><p>\u00a0<\/p><p><b>EL MAGALLANES<\/b><\/p><p><a style=\"font-style: inherit; font-weight: inherit; background-color: #ffffff; font-family: -apple-system, BlinkMacSystemFont,;\" href=\"https:\/\/www.litoralpress.cl\/paginaconsultas\/Servicios_NClip\/Get_Imagen_Nota.aspx?LPKey=ZSIXUDUP7Z3WPSBMP4ASOYW3V2MVYBMONLXQHNTV6EDV4NKEJKHAHF42YLELDP4BLNMAKLTH2VHVA\" target=\"_blank\" rel=\"noopener\">UTalca lanza colecci\u00f3n de audiolibros con in\u00e9ditos discursos de Nicanor Parra.<\/a><\/p><p>\u00a0<\/p><p><b>LAS \u00daLTIMAS NOTICIAS<\/b><\/p><p><a style=\"font-style: inherit; font-weight: inherit; background-color: #ffffff; font-family: -apple-system, BlinkMacSystemFont,;\" href=\"https:\/\/www.litoralpress.cl\/paginaconsultas\/Servicios_NClip\/Get_Imagen_Nota.aspx?LPKey=LQHLZBD5QSOLMXOWIT3BAXP27BP3P34FRIPNQFMMGBCJT3ZCSQPHK452T2FMOYXENXSQAHDL6V4VC\" target=\"_blank\" rel=\"noopener\">El 57% de trabajadores tiene vacaciones acumuladas. Se menciona a la UTalca.<\/a><\/p><p>\u00a0<\/p><p><b>CANAL CONTIVISI\u00d3N<\/b><\/p><p><a style=\"font-style: inherit; font-weight: inherit; background-color: #ffffff; font-family: -apple-system, BlinkMacSystemFont,;\" href=\"https:\/\/www.litoralpress.cl\/sitio\/RadioTV_Detalles.cshtml?LPKey=4QB2KZER6XMIN6HZJZF52JISFQORLDDOZDF4MSEKDRMU5R5VJXFQ\" target=\"_blank\" rel=\"noopener\">Especialistas de la Universidad de Talca alertaron de diversas situaciones que podr\u00edan terminar en cat\u00e1strofe.<\/a><\/p><p>\u00a0<\/p><p><b>LA PRENSA<\/b><\/p><p><a style=\"font-style: inherit; font-weight: inherit; background-color: #ffffff; font-family: -apple-system, BlinkMacSystemFont,;\" href=\"https:\/\/www.litoralpress.cl\/paginaconsultas\/Servicios_NClip\/Get_Imagen_Nota.aspx?LPKey=PJ2ZQHUSQ3CRVOIG5Z3GKQXW5UK4YHO4XNIED24LS6V3OT6UCECWG44BIFKOF3ZNJSOE5KVAPRR7Y\" target=\"_blank\" rel=\"noopener\">Detectan situaciones de riesgo que podr\u00edan terminar como el tr\u00e1gico incendio de Castro. Se refieren Armando Dur\u00e1n, director de las Escuela de la Ingenier\u00eda Civil en Obas Civiles y Octavio Castillo, prevencionista de riesgos de la UTalca.<\/a><\/p><p>\u00a0<\/p><p><b>DIARIOLAPRENSA.CL<\/b><\/p><p><a style=\"font-style: inherit; font-weight: inherit; background-color: #ffffff; font-family: -apple-system, BlinkMacSystemFont,;\" href=\"https:\/\/new.diariolaprensa.cl\/index.php\/2021\/12\/19\/detectan-situaciones-de-riesgo-que-podrian-terminar-como-el-tragico-incendio-de-castro\/\" target=\"_blank\" rel=\"noopener\">Detectan situaciones de riesgo que podr\u00edan terminar como el tr\u00e1gico incendio de Castro. Se refieren Armando Dur\u00e1n, director de las Escuela de la Ingenier\u00eda Civil en Obas Civiles y Octavio Castillo, prevencionista de riesgos de la UTalca.<\/a><\/p><p>\u00a0<\/p><p><b>G5NOTICIAS.CL<\/b><\/p><p><a style=\"font-style: inherit; font-weight: inherit; background-color: #ffffff; font-family: -apple-system, BlinkMacSystemFont,;\" href=\"https:\/\/g5noticias.cl\/2021\/12\/18\/tercera-dosis-la-importancia-de-alcanzar-la-vacunacion-del-80-de-la-poblacion\/\" target=\"_blank\" rel=\"noopener\">Tercera dosis: la importancia de alcanzar la vacunaci\u00f3n del 80% de la poblaci\u00f3n. Se refiere Erika Retamal, directora de Salud P\u00fablica y Daniel Jim\u00e9nez, director de Salud del Estudiante de la UTalca.<\/a><\/p><p>\u00a0<\/p><p><b>G5NOTICIAS.CL<\/b><\/p><p><a style=\"font-style: inherit; font-weight: inherit; background-color: #ffffff; font-family: -apple-system, BlinkMacSystemFont,;\" href=\"https:\/\/g5noticias.cl\/2021\/12\/18\/futuras-matronas-abordan-casos-de-violencia-obstetrica-durante-el-parto\/\" target=\"_blank\" rel=\"noopener\">Futuras matronas abordan casos de \u00abviolencia obst\u00e9trica\u00bb durante el parto. Se refiere M\u00f3nica Abraham, acad\u00e9mica de la Facultad de Ciencias de la Salud de la UTalca.<\/a><\/p><p>\u00a0<\/p><p><b>LA PRENSA<\/b><\/p><p><a style=\"font-style: inherit; font-weight: inherit; background-color: #ffffff; font-family: -apple-system, BlinkMacSystemFont,;\" href=\"https:\/\/www.litoralpress.cl\/paginaconsultas\/Servicios_NClip\/Get_Imagen_Nota.aspx?LPKey=PF7LVK4KYAYWR5MYFBFSXLHDOQEJUXSUBZ53IDCB3BA2IYNOMYWEWVR5MMAK7OKYTL3N4WE5YOCYU\" target=\"_blank\" rel=\"noopener\">Estudiantes de Enfermer\u00eda y Obstetricia se certifican para atender pacientes VIH\/Sida. Se refiere Daniel Jim\u00e9nez, director de Salud del Estudiante de la UTalca.<\/a><\/p><p>\u00a0<\/p><p><b>RADIO EL CONQUISTADOR<\/b><\/p><p><a style=\"font-style: inherit; font-weight: inherit; background-color: #ffffff; font-family: -apple-system, BlinkMacSystemFont,;\" href=\"https:\/\/www.litoralpress.cl\/sitio\/RadioTV_Detalles.cshtml?LPKey=JNAECLDICWQXUW6UY3TV5YBSHVZZUDEVSLPNBZJK24POGJ6VB5VA\" target=\"_blank\" rel=\"noopener\">Entrevista a Doris M\u00e9ndez, especialista en salud laboral y docente Escuela de Psicolog\u00eda Universidad de Talca.<\/a><\/p><p>\u00a0<\/p><p><b>ELMOSTRADOR.CL<\/b><\/p><p><a style=\"font-style: inherit; font-weight: inherit; background-color: #ffffff; font-family: -apple-system, BlinkMacSystemFont,;\" href=\"https:\/\/www.elmostrador.cl\/agenda-pais\/2021\/12\/19\/inician-despliegue-de-tecnologia-5g-en-chile\/\" target=\"_blank\" rel=\"noopener\">Inician despliegue de tecnolog\u00eda 5G en Chile. Se menciona a la UTalca.<\/a><\/p><p>\u00a0<\/p><p><b>LA TERCERA<\/b><\/p><p><a style=\"font-style: inherit; font-weight: inherit; background-color: #ffffff; font-family: -apple-system, BlinkMacSystemFont,;\" href=\"https:\/\/www.litoralpress.cl\/paginaconsultas\/Servicios_NClip\/Get_Imagen_Nota.aspx?LPKey=VGOJYTA2B4KPTS6ULCDMKQFYK2V6BGXJYGRXOWON5O2GE7CESJOLFX4BG7N3HYLOEXK6FM2AHQOGU\" target=\"_blank\" rel=\"noopener\">Ranking de Universidades La Tercera-Qu\u00e9 Pasa 2021. Se menciona a la UTalca.<\/a><\/p><p>\u00a0<\/p><p><b>LADIRECTALONGAVIANA.CL<\/b><\/p><p><a style=\"font-style: inherit; font-weight: inherit; background-color: #ffffff; font-family: -apple-system, BlinkMacSystemFont,;\" href=\"https:\/\/www.ladirectalongaviana.cl\/2021\/12\/18\/buscan-favorecer-salud-mental-de-maulinos-mediante-desarrollo-tecnologico\/\" target=\"_blank\" rel=\"noopener\">Buscan favorecer salud mental de maulinos mediante desarrollo tecnol\u00f3gico. Se refiere Nadia Ramos, acad\u00e9rmica de la Facultad de Psicolog\u00eda de la UTalca.<\/a><\/p><p>\u00a0<\/p><p><b>EL MERCURIO<\/b><\/p><p><a style=\"font-style: inherit; font-weight: inherit; background-color: #ffffff; font-family: -apple-system, BlinkMacSystemFont,;\" href=\"https:\/\/www.litoralpress.cl\/paginaconsultas\/Servicios_NClip\/Get_Imagen_Nota.aspx?LPKey=IQ2BZ2RR56SNEL744XQCHKCJ374LUX6RGYIDJPNQIZEIUJRCMWYRU7HJTLHBIAJTIGIBZB4A7G6NE\" target=\"_blank\" rel=\"noopener\">Sector privado plantea prioridades al pr\u00f3ximo gobierno: Dar certezas a los agentes econ\u00f3micos y erradicar la violencia. Se refiere Andrea Bentancor, acad\u00e9mica de la Facultad de Econom\u00eda y Negocios (FEN) de la UTalca.<\/a><\/p><p>\u00a0<\/p><p><b>EL MERCURIO<\/b><\/p><p><a style=\"font-style: inherit; font-weight: inherit; background-color: #ffffff; font-family: -apple-system, BlinkMacSystemFont,;\" href=\"https:\/\/www.litoralpress.cl\/paginaconsultas\/Servicios_NClip\/Get_Imagen_Nota.aspx?LPKey=CMELCP4THXM56LWTQG2TIS5DXHCAMISBUDMAQYYXZ7QXUT6YN3PWDMOR3EXFQ47DEOD4Y6SPS44NQ\" target=\"_blank\" rel=\"noopener\">En teor\u00eda, ambas c\u00e1maras del Parlamento se observan empatadas, pero en la pr\u00e1ctica las mayor\u00edas se ven esquivas: La \u201catomizada\u201d ruta legislativa que deber\u00e1 transitar el Presidente electo en el Congreso. Se refiere Mauricio Morales, director del Centro de An\u00e1lisis Pol\u00edtico (CAP) de la UTalca.<\/a><\/p><p>\u00a0<\/p><p><b>EL MERCURIO<\/b><\/p><p><a style=\"font-style: inherit; font-weight: inherit; background-color: #ffffff; font-family: -apple-system, BlinkMacSystemFont,;\" href=\"https:\/\/www.litoralpress.cl\/paginaconsultas\/Servicios_NClip\/Get_Imagen_Nota.aspx?LPKey=SERUYXCYVCVJAI2F5BQAS4RZGW4IVEZG3NWOAGRRY7UPSQEFTPSQUDF6J3CPWUMVB4JSB4GKOQUIW\" target=\"_blank\" rel=\"noopener\">Los nudos institucionales que esperan al nuevo Presidente. Se refiere Mauricio Morales, director del Centro de An\u00e1lisis Pol\u00edtico (CAP) de la UTalca.<\/a><\/p><p>\u00a0<\/p><p><b>LAS \u00daLTIMAS NOTICIAS<\/b><\/p><p><a style=\"font-style: inherit; font-weight: inherit; background-color: #ffffff; font-family: -apple-system, BlinkMacSystemFont,;\" href=\"https:\/\/www.litoralpress.cl\/paginaconsultas\/Servicios_NClip\/Get_Imagen_Nota.aspx?LPKey=K3D2Y7EDVENLNW2N2ZA2ZYOSQODTENTIQ5IGGMYJDINLX53VR44CDXGY7PGXMHPJKYFTCKAKT2YKW\" target=\"_blank\" rel=\"noopener\">Especialistas electorales analizan el buen funcionamiento del Servel en las elecciones. Se refiere Mauricio Morales, director del Centro de An\u00e1lisis Pol\u00edtico (CAP) de la UTalca.<\/a><\/p><p>\u00a0<\/p><p><b>CANAL MEGA<\/b><\/p><p><a style=\"font-style: inherit; font-weight: inherit; background-color: #ffffff; font-family: -apple-system, BlinkMacSystemFont,;\" href=\"https:\/\/www.litoralpress.cl\/sitio\/RadioTV_Detalles.cshtml?LPKey=JGT6PXTPBGEUMSLGFZNOIDQD7AMGKTMXJ2PYMEYCLGK472CTZWBQ\" target=\"_blank\" rel=\"noopener\">Resultados elecciones 2021: Gabriel Boric suma m\u00e1s del 55% de las preferencias. Se menciona a Mauricio Morales, director del Centro de An\u00e1lisis Pol\u00edtico (CAP) de la UTalca.<\/a><\/p><p>\u00a0<\/p><p><b>CANAL MEGA<\/b><\/p><p><a style=\"font-style: inherit; font-weight: inherit; background-color: #ffffff; font-family: -apple-system, BlinkMacSystemFont,;\" href=\"https:\/\/www.litoralpress.cl\/sitio\/RadioTV_Detalles.cshtml?LPKey=LKO3I4HK7V7P7XDRS6CFESB5IIVDET47PGWUC36UJEGCI2HHHOKQ\" target=\"_blank\" rel=\"noopener\">Las claves del triunfo de Boric en las elecciones. Se refiere Mauricio Morales, director del Centro de An\u00e1lisis Pol\u00edtico (CAP) de la UTalca.<\/a><\/p><p>\u00a0<\/p><p><b>CANAL MEGA<\/b><\/p><p><a style=\"font-style: inherit; font-weight: inherit; background-color: #ffffff; font-family: -apple-system, BlinkMacSystemFont,;\" href=\"https:\/\/www.litoralpress.cl\/sitio\/RadioTV_Detalles.cshtml?LPKey=A42WYO57WWTX32P6D3FY73C6O22UZ4UJIKQHYKX3FQKGSARR56LQ\" target=\"_blank\" rel=\"noopener\">Las claves del triunfo de Boric en las elecciones. Se refiere Mauricio Morales, director del Centro de An\u00e1lisis Pol\u00edtico (CAP) de la UTalca.<\/a><\/p><p>\u00a0<\/p><p><b>MEGANOTICIAS.CL<\/b><\/p><p><a style=\"font-style: inherit; font-weight: inherit; background-color: #ffffff; font-family: -apple-system, BlinkMacSystemFont,;\" href=\"https:\/\/www.meganoticias.cl\/elecciones-chile\/362042-gabriel-boric-va-ganando-elecciones-presidenciales-analista-politico-19-12-2021.html\" target=\"_blank\" rel=\"noopener\">Mauricio Morales asegura que ventaja de Gabriel Boric es &#8220;irremontable&#8221;.<\/a><\/p><p>\u00a0<\/p><p><b>CANAL MEGA<\/b><\/p><p><a style=\"font-style: inherit; font-weight: inherit; background-color: #ffffff; font-family: -apple-system, BlinkMacSystemFont,;\" href=\"https:\/\/www.litoralpress.cl\/sitio\/RadioTV_Detalles.cshtml?LPKey=TSPRH3MP5I4LI4ZXGQTFG46U5OAWPFTGET7E7JE5CLRLSLZFT6IA\" target=\"_blank\" rel=\"noopener\">Entrevista a Mauricio Morales, cientista pol\u00edtico y acad\u00e9mico de la Universidad de Talca.<\/a><\/p><p>\u00a0<\/p><p><b>EL MERCURIO<\/b><\/p><p><a style=\"font-style: inherit; font-weight: inherit; background-color: #ffffff; font-family: -apple-system, BlinkMacSystemFont,;\" href=\"https:\/\/www.litoralpress.cl\/paginaconsultas\/Servicios_NClip\/Get_Imagen_Nota.aspx?LPKey=ZFZSK4WE3CMS4PTVD2LFZ5U7X4KHRBKZUS7C6A227VJGWTE5HENCBMFPCQZH5UKLYVZNNREAUDHOQ\" target=\"_blank\" rel=\"noopener\">Especialistas analizan el rol de los votos nulos, blancos y \u201cocultos\u201d en el balotaje de ma\u00f1ana. Se refiere Mario Herrera, acad\u00e9mico del Centro de An\u00e1lisis Pol\u00edtico (CAP) de la UTalca.<\/a><\/p><p>\u00a0<\/p><p><b>RADIO BIOB\u00cdO<\/b><\/p><p><a style=\"font-style: inherit; font-weight: inherit; background-color: #ffffff; font-family: -apple-system, BlinkMacSystemFont,;\" href=\"https:\/\/www.litoralpress.cl\/sitio\/RadioTV_Detalles.cshtml?LPKey=ONKMTXGW56LPC5GFDQLSLU6356OWC7DXPH77AH3XH4RE4HLI6UKA\" target=\"_blank\" rel=\"noopener\">El rol de los votos nulos, blancos y voto oculto de cara a segunda vuelta. Se menciona a Mario Herrera, acad\u00e9mico del Centro de An\u00e1lisis Pol\u00edtico (CAP) de la UTalca.<\/a><\/p><p>\u00a0<\/p><p><b>LACUARTA.COM<\/b><\/p><p><a style=\"font-style: inherit; font-weight: inherit; background-color: #ffffff; font-family: -apple-system, BlinkMacSystemFont,;\" href=\"https:\/\/www.lacuarta.com\/cronica\/noticia\/votos-nulos-y-blancos-como-se-cuentan-las-papeletas\/W3Z7J5COGZD3RHYUAKY4HEGO7U\/\" target=\"_blank\" rel=\"noopener\">Votos nulos y blancos: \u00bfC\u00f3mo se cuentan las papeletas? Se menciona a Mario Herrera, acad\u00e9mico del Centro de An\u00e1lisis Pol\u00edtico (CAP) de la UTalca.<\/a><\/p><p>\u00a0<\/p><p><b>RADIOAGRICULTURA.CL<\/b><\/p><p><a style=\"font-style: inherit; font-weight: inherit; background-color: #ffffff; font-family: -apple-system, BlinkMacSystemFont,;\" href=\"https:\/\/www.radioagricultura.cl\/politica\/2021\/12\/18\/los-mitos-tras-los-votos-nulos-y-blancos-como-se-cuentan-las-papeletas.html\" target=\"_blank\" rel=\"noopener\">Los mitos tras los votos nulos y blancos: \u00bfC\u00f3mo se cuentan las papeletas? Se menciona a Mario Herrera, acad\u00e9mico del Centro de An\u00e1lisis Pol\u00edtico (CAP) de la UTalca.<\/a><\/p><p>\u00a0<\/p><p><b>DIARIOUSACH.CL<\/b><\/p><p><a style=\"font-style: inherit; font-weight: inherit; background-color: #ffffff; font-family: -apple-system, BlinkMacSystemFont,;\" href=\"https:\/\/diariousach.cl\/votos-nulos-y-blancos-como-se-cuentan-las-papeletas\" target=\"_blank\" rel=\"noopener\">Votos nulos y blancos: \u00bfC\u00f3mo se cuentan las papeletas? Se refiere Mario Herrera, acad\u00e9mico del Centro de An\u00e1lisis Pol\u00edtico (CAP) de la UTalca.<\/a><\/p><p>\u00a0<\/p><p><b>EL HERALDO<\/b><\/p><p><a style=\"font-style: inherit; font-weight: inherit; background-color: #ffffff; font-family: -apple-system, BlinkMacSystemFont,;\" href=\"https:\/\/www.litoralpress.cl\/paginaconsultas\/Servicios_NClip\/Get_Imagen_Nota.aspx?LPKey=LTYI6SLQSACCFFDT5552BB7CQXLUE3GJIIJKDYTOVCWAVDTA4OUIMEAA5DUROH4QYCEJDB7W6LUZS\" target=\"_blank\" rel=\"noopener\">Votos nulos y blancos: \u00bfC\u00f3mo se cuentan las papeletas? Se refiere Mario Herrera, acad\u00e9mico del Centro de An\u00e1lisis Pol\u00edtico (CAP) de la UTalca.<\/a><\/p><p>\u00a0<\/p><p><b>DIARIOELHERALDO.CL<\/b><\/p><p><a style=\"font-style: inherit; font-weight: inherit; background-color: #ffffff; font-family: -apple-system, BlinkMacSystemFont,;\" href=\"http:\/\/www.diarioelheraldo.cl\/noticia\/votos-nulos-y-blancos-como-se-cuentan-las-papeletas-\" target=\"_blank\" rel=\"noopener\">Votos nulos y blancos: \u00bfC\u00f3mo se cuentan las papeletas? Se refiere Mario Herrera, acad\u00e9mico del Centro de An\u00e1lisis Pol\u00edtico (CAP) de la UTalca.<\/a><\/p><p>\u00a0<\/p><p><b>LANOTICIA.CL<\/b><\/p><p><a style=\"font-style: inherit; font-weight: inherit; background-color: #ffffff; font-family: -apple-system, BlinkMacSystemFont,;\" href=\"https:\/\/lanoticia.cl\/votos-nulos-y-blancos-como-se-cuentan-las-papeletas\/\" target=\"_blank\" rel=\"noopener\">Votos nulos y blancos: \u00bfC\u00f3mo se cuentan las papeletas? Se refiere Mario Herrera, acad\u00e9mico del Centro de An\u00e1lisis Pol\u00edtico (CAP) de la UTalca.<\/a><\/p><p>\u00a0<\/p><p><b>DIARIOTALCA.CL<\/b><\/p><p><a style=\"font-style: inherit; font-weight: inherit; background-color: #ffffff; font-family: -apple-system, BlinkMacSystemFont,;\" href=\"https:\/\/diariotalca.cl\/el-puzzle-para-llegar-a-la-moneda-que-hoy-se-resuelve-entre-boric-y-kast\/\" target=\"_blank\" rel=\"noopener\">El puzzle para llegar a la Moneda que hoy se resuelve entre Boric y Kast. Se refiere Mario Herrera, acad\u00e9mico del Centro de An\u00e1lisis Pol\u00edtico (CAP) de la UTalca.<\/a><\/p><p>\u00a0<\/p><p><b>LA PRENSA<\/b><\/p><p><a style=\"font-style: inherit; font-weight: inherit; background-color: #ffffff; font-family: -apple-system, BlinkMacSystemFont,;\" href=\"https:\/\/www.litoralpress.cl\/paginaconsultas\/Servicios_NClip\/Get_Imagen_Nota.aspx?LPKey=ZOCDSJKTIMCUPGT66E4TTH73JN2NHG5XHWQRN6V7YXZBFARNYPXNE5EXOCLPC4IEQJVTLTIY6YTNU\" target=\"_blank\" rel=\"noopener\">Fundaci\u00f3n Pro Desarrollo del Maule reafirma su compromiso con Orquesta Infanto-Juvenil Sename. Se menciona Conservatorio y Escuela de M\u00fasica de la UTalca.<\/a><\/p><p>\u00a0<\/p><p><b>DIARIOLAPRENSA.CL<\/b><\/p><p><a style=\"font-style: inherit; font-weight: inherit; background-color: #ffffff; font-family: -apple-system, BlinkMacSystemFont,;\" href=\"https:\/\/new.diariolaprensa.cl\/index.php\/2021\/12\/18\/orquesta-infanto-juvenil-del-sename-maule-realizo-concierto-de-fin-de-ano\/\" target=\"_blank\" rel=\"noopener\">Orquesta Infanto-Juvenil del Sename Maule realiz\u00f3 concierto de fin de a\u00f1o. Se menciona Conservatorio y Escuela de M\u00fasica de la UTalca.<\/a><\/p>\t\t\t\t\t\t<\/div>\n\t\t\t\t<\/div>\n\t\t\t\t\t<\/div>\n\t\t<\/div>\n\t\t\t\t\t\t\t<\/div>\n\t\t<\/section>\n\t\t\t\t\t\t<\/div>\n\t\t\t\t\t<\/div>\n\t\t","protected":false},"excerpt":{"rendered":"<p>DIARIOTALCA.CL Ranking reafirma liderazgo nacional de la Universidad de Talca. \u00a0 RADIO COOPERATIVA Balance del Covid-19. Los principales indicadores de la pandemia siguen a la baja. Se refiere Marcelo Alarc\u00f3n, acad\u00e9mico del Departamento de Bioqu\u00edmica Cl\u00ednica e Inmunohematolog\u00eda de la UTalca. \u00a0 CANAL TVR Anuncian ola de calor entre las regiones de Coquimbo y Biob\u00edo. &hellip;<\/p>\n<p class=\"read-more\"> <a class=\"\" href=\"https:\/\/www.reportedeprensa.utalca.cl\/?p=2707\"> <span class=\"screen-reader-text\">20 de diciembre de 2021<\/span> Read More &raquo;<\/a><\/p>\n","protected":false},"author":1,"featured_media":0,"comment_status":"closed","ping_status":"open","sticky":false,"template":"elementor_theme","format":"standard","meta":{"_monsterinsights_skip_tracking":false,"_monsterinsights_sitenote_active":false,"_monsterinsights_sitenote_note":"","_monsterinsights_sitenote_category":0},"categories":[15],"tags":[],"_links":{"self":[{"href":"https:\/\/www.reportedeprensa.utalca.cl\/index.php?rest_route=\/wp\/v2\/posts\/2707"}],"collection":[{"href":"https:\/\/www.reportedeprensa.utalca.cl\/index.php?rest_route=\/wp\/v2\/posts"}],"about":[{"href":"https:\/\/www.reportedeprensa.utalca.cl\/index.php?rest_route=\/wp\/v2\/types\/post"}],"author":[{"embeddable":true,"href":"https:\/\/www.reportedeprensa.utalca.cl\/index.php?rest_route=\/wp\/v2\/users\/1"}],"replies":[{"embeddable":true,"href":"https:\/\/www.reportedeprensa.utalca.cl\/index.php?rest_route=%2Fwp%2Fv2%2Fcomments&post=2707"}],"version-history":[{"count":4,"href":"https:\/\/www.reportedeprensa.utalca.cl\/index.php?rest_route=\/wp\/v2\/posts\/2707\/revisions"}],"predecessor-version":[{"id":2711,"href":"https:\/\/www.reportedeprensa.utalca.cl\/index.php?rest_route=\/wp\/v2\/posts\/2707\/revisions\/2711"}],"wp:attachment":[{"href":"https:\/\/www.reportedeprensa.utalca.cl\/index.php?rest_route=%2Fwp%2Fv2%2Fmedia&parent=2707"}],"wp:term":[{"taxonomy":"category","embeddable":true,"href":"https:\/\/www.reportedeprensa.utalca.cl\/index.php?rest_route=%2Fwp%2Fv2%2Fcategories&post=2707"},{"taxonomy":"post_tag","embeddable":true,"href":"https:\/\/www.reportedeprensa.utalca.cl\/index.php?rest_route=%2Fwp%2Fv2%2Ftags&post=2707"}],"curies":[{"name":"wp","href":"https:\/\/api.w.org\/{rel}","templated":true}]}}