{"id":2719,"date":"2021-12-21T09:22:19","date_gmt":"2021-12-21T12:22:19","guid":{"rendered":"https:\/\/www.reportedeprensa.utalca.cl\/?p=2719"},"modified":"2021-12-21T09:29:36","modified_gmt":"2021-12-21T12:29:36","slug":"21-de-diciembre-de-2021","status":"publish","type":"post","link":"https:\/\/www.reportedeprensa.utalca.cl\/?p=2719","title":{"rendered":"21 de diciembre de 2021"},"content":{"rendered":"\t\t<div data-elementor-type=\"wp-post\" data-elementor-id=\"2719\" class=\"elementor elementor-2719\" data-elementor-settings=\"[]\">\n\t\t\t\t\t\t\t<div class=\"elementor-section-wrap\">\n\t\t\t\t\t\t\t<section class=\"elementor-section elementor-top-section elementor-element elementor-element-a06ca45 elementor-section-boxed elementor-section-height-default elementor-section-height-default\" data-id=\"a06ca45\" data-element_type=\"section\">\n\t\t\t\t\t\t<div class=\"elementor-container elementor-column-gap-default\">\n\t\t\t\t\t<div class=\"elementor-column elementor-col-100 elementor-top-column elementor-element elementor-element-1486c35\" data-id=\"1486c35\" data-element_type=\"column\">\n\t\t\t<div class=\"elementor-widget-wrap elementor-element-populated\">\n\t\t\t\t\t\t\t\t<div class=\"elementor-element elementor-element-42b145e elementor-widget elementor-widget-text-editor\" data-id=\"42b145e\" data-element_type=\"widget\" data-widget_type=\"text-editor.default\">\n\t\t\t\t<div class=\"elementor-widget-container\">\n\t\t\t\t\t\t\t\t<p><b>DIARIOTALCA.CL\u00a0<\/b><\/p><p><a style=\"font-style: inherit; font-weight: inherit; background-color: #ffffff; font-family: -apple-system, BlinkMacSystemFont,;\" href=\"https:\/\/diariotalca.cl\/utalca-lanzo-audiolibros-con-ineditos-discursos-de-nicanor-parra\/\" target=\"_blank\" rel=\"noopener\">UTalca lanz\u00f3 audiolibros con in\u00e9ditos discursos de Nicanor Parra.<\/a><\/p><p>\u00a0<\/p><p><b>DIARIOLAPRENSA.CL<\/b><\/p><p><a style=\"font-style: inherit; font-weight: inherit; background-color: #ffffff; font-family: -apple-system, BlinkMacSystemFont,;\" href=\"https:\/\/new.diariolaprensa.cl\/index.php\/2021\/12\/20\/mas-dosis-de-refuerzo-dependera-si-vacunas-demuestran-ser-efectivas-contra-las-nuevas-variantes-que-aparezcan\/\" target=\"_blank\" rel=\"noopener\">\u201cM\u00e1s dosis de refuerzo depender\u00e1 si vacunas demuestran ser efectivas contra las nuevas variantes que aparezcan\u201d. Entrevista a Sergio Wehinger, director del Mag\u00edster en Ciencias Biom\u00e9dicas de la UTalca.<\/a><\/p><p>\u00a0<\/p><p><b>ELMAULEINFORMA.CL<\/b><\/p><p><a style=\"font-style: inherit; font-weight: inherit; background-color: #ffffff; font-family: -apple-system, BlinkMacSystemFont,;\" href=\"https:\/\/elmauleinforma.cl\/difunden-nuevas-investigaciones-para-el-tratamiento-de-covid-19\/\" target=\"_blank\" rel=\"noopener\">Difunden nuevas investigaciones para el tratamiento de COVID 19. Se refiere Wendy Gonz\u00e1lez, acad\u00e9mica de la Facultad de Ingenier\u00eda de la UTalca.<\/a><\/p><p>\u00a0<\/p><p><b>DIARIO CHA\u00d1ARCILLO<\/b><\/p><p><a style=\"font-style: inherit; font-weight: inherit; background-color: #ffffff; font-family: -apple-system, BlinkMacSystemFont,;\" href=\"https:\/\/www.litoralpress.cl\/paginaconsultas\/Servicios_NClip\/Get_Imagen_Nota.aspx?LPKey=OGIOVMF6DS4S5OFB64DOKWJE5HM5CXZK3NNLGYIM6ZNPHPM6L4KHMA6R3JQ3YOKCRX27AXWGAODP6\" target=\"_blank\" rel=\"noopener\">Minsal confirma 1. 431 casos nuevos de Covid-19 y 28 fallecidos en las \u00faltimas 24 horas. Se refiere Marcelo Alarc\u00f3n, acad\u00e9mico del Departamento de Bioqu\u00edmica Cl\u00ednica e Inmunohematolog\u00eda de la UTalca.<\/a><\/p><p>\u00a0<\/p><p><b>LANACION.COM.AR (Argentina)<\/b><\/p><p><a style=\"font-style: inherit; font-weight: inherit; background-color: #ffffff; font-family: -apple-system, BlinkMacSystemFont,;\" href=\"https:\/\/www.lanacion.com.ar\/el-mundo\/las-claves-del-triunfo-de-gabriel-boric-en-chile-y-los-desafios-mas-urgentes-para-su-gobierno-nid19122021\/\" target=\"_blank\" rel=\"noopener\">Las claves del triunfo de Gabriel Boric en Chile y los desaf\u00edos m\u00e1s urgentes para su gobierno. Se refiere Mario Herrera, acad\u00e9mico del Centro de An\u00e1lisis Pol\u00edtico (CAP) de la UTalca.<\/a><\/p><p>\u00a0<\/p><p><b>CANAL MEGA<\/b><\/p><p><a style=\"font-style: inherit; font-weight: inherit; background-color: #ffffff; font-family: -apple-system, BlinkMacSystemFont,;\" href=\"https:\/\/www.litoralpress.cl\/sitio\/RadioTV_Detalles.cshtml?LPKey=PXJSSLR3FA2H4X6AASCOHGWGJ3DR23YIHL6TZFSTB3CKL3GXOTRQ\" target=\"_blank\" rel=\"noopener\">Entrevista a Mauricio Morales, director del Centro de An\u00e1lisis Pol\u00edtico (CAP) de la UTalca.<\/a><\/p><p>\u00a0<\/p><p><b>MEGANOTICIAS.CL<\/b><\/p><p><a style=\"font-style: inherit; font-weight: inherit; background-color: #ffffff; font-family: -apple-system, BlinkMacSystemFont,;\" href=\"https:\/\/www.meganoticias.cl\/elecciones-chile\/362072-eleccion-presidencial-2021-derrota-kast-boric-presidente-electo-20-12-2021.html\" target=\"_blank\" rel=\"noopener\">&#8220;Sac\u00f3 casi lo mismo que Pi\u00f1era en 2017&#8221;: cientista pol\u00edtico explica derrota de Kast pese a alta votaci\u00f3n. Se refiere Mauricio Morales, director del Centro de An\u00e1lisis Pol\u00edtico (CAP) de la UTalca.<\/a><\/p><p>\u00a0<\/p><p><b>CANAL MEGA<\/b><\/p><p><a style=\"font-style: inherit; font-weight: inherit; background-color: #ffffff; font-family: -apple-system, BlinkMacSystemFont,;\" href=\"https:\/\/www.litoralpress.cl\/sitio\/RadioTV_Detalles.cshtml?LPKey=3E5DDOO462QOWJVTXV6NFFAZFD7QT3NZV7U3PKBEHXRSSODKKJNQ\" target=\"_blank\" rel=\"noopener\">Mucho Gusto: Panel con Mauricio Morales, director del Centro de An\u00e1lisis Pol\u00edtico (CAP) de la UTalca.<\/a><\/p><p>\u00a0<\/p><p><b>RADIO INFINITA<\/b><\/p><p><a style=\"font-style: inherit; font-weight: inherit; background-color: #ffffff; font-family: -apple-system, BlinkMacSystemFont,;\" href=\"https:\/\/www.litoralpress.cl\/sitio\/RadioTV_Detalles.cshtml?LPKey=H7YQ6TV6L4C6Y66LNSEHJ5U5Z2KNJM5EAPT7DH4HSL2FZGDICZTA\" target=\"_blank\" rel=\"noopener\">Entrevista a Mauricio Morales, director del Centro de An\u00e1lisis Pol\u00edtico (CAP) de la UTalca.<\/a><\/p><p>\u00a0<\/p><p><b>LA SEGUNDA<\/b><\/p><p><a style=\"font-style: inherit; font-weight: inherit; background-color: #ffffff; font-family: -apple-system, BlinkMacSystemFont,;\" href=\"https:\/\/www.litoralpress.cl\/sitio\/Prensa_PaginaCompleta.cshtml?LPKey=XVUGQCAKWOX3MHFCETFLLQEO3FC57ZLXUQZRV7UPK5346EENCIRQ\" target=\"_blank\" rel=\"noopener\">Boric llama a ampliar pacto: Lo que dijo a presidentes de partidos de la ex Concertaci\u00f3n. Se refiere Mauricio Morales, director del Centro de An\u00e1lisis Pol\u00edtico (CAP) de la UTalca.<\/a><\/p><p>\u00a0<\/p><p><b>CANAL MEGA\u00a0<\/b><\/p><p><a style=\"font-style: inherit; font-weight: inherit; background-color: #ffffff; font-family: -apple-system, BlinkMacSystemFont,;\" href=\"https:\/\/www.litoralpress.cl\/sitio\/RadioTV_Detalles.cshtml?LPKey=C2FNAW2SF36MOASPCZWJATLQEFLMHSHRF5D6P5SJFQ42XUZYQJHQ\" target=\"_blank\" rel=\"noopener\">Gabriel Boric fue elegido como presidente con m\u00e1s del 55% de las preferencias. Menci\u00f3n a Mauricio Morales, director del Centro de An\u00e1lisis Pol\u00edtico (CAP) de la UTalca.<\/a><\/p><p>\u00a0<\/p><p><b>MEGANOTICIAS.CL<\/b><\/p><p><a style=\"font-style: inherit; font-weight: inherit; background-color: #ffffff; font-family: -apple-system, BlinkMacSystemFont,;\" href=\"https:\/\/www.meganoticias.cl\/elecciones-chile\/362058-gabriel-boric-candidato-presidente-electo-mas-alta-votacion-historia-19-12-2021.html\" target=\"_blank\" rel=\"noopener\">Gabriel Boric se convierte en el Presidente electo con la votaci\u00f3n m\u00e1s alta de la historia. Se refiere Mario Herrera, acad\u00e9mico del Centro de An\u00e1lisis Pol\u00edtico (CAP) de la UTalca.<\/a><\/p><p>\u00a0<\/p><p><b>MEGANOTICIAS.CL<\/b><\/p><p><a style=\"font-style: inherit; font-weight: inherit; background-color: #ffffff; font-family: -apple-system, BlinkMacSystemFont,;\" href=\"https:\/\/www.meganoticias.cl\/elecciones-chile\/361442-quien-se-quedo-con-los-votos-de-parisi-elecciones-presidenciales-chile-segunda-vuelta-boric-presidente-electo-kast-19-12-2021.html\" target=\"_blank\" rel=\"noopener\">\u00bfC\u00f3mo le fue a Boric en las regiones donde Parisi obtuvo una alta cantidad de votos? Se refiere Mario Herrera, acad\u00e9mico del Centro de An\u00e1lisis Pol\u00edtico (CAP) de la UTalca.<\/a><\/p><p>\u00a0<\/p><p><b>ELMERCURIO.COM\u00a0<\/b><\/p><p><a style=\"font-style: inherit; font-weight: inherit; background-color: #ffffff; font-family: -apple-system, BlinkMacSystemFont,;\" href=\"https:\/\/www.litoralpress.cl\/paginaconsultas\/Documentos\/Crear_Achivo_MO_Pdf.aspx?LPKey=NSUYJZSSRNYQW64RQ5V45UOLQRFUQVNXSVV2JJF7REXNWWKLTWJBNAYXPB2JN7AERBCR32JZ5TBMI\" target=\"_blank\" rel=\"noopener\">Sector privado plantea prioridades al pr\u00f3ximo gobierno: Dar certezas a los agentes econ\u00f3micos y erradicar la violencia. Se refiere Andrea Bentancor, acad\u00e9mico de la Facultad de Econom\u00eda y Negocios (FEN) de la UTalca.<\/a><\/p><p>\u00a0<\/p><p><b>THECLINIC.CL<\/b><\/p><p><a style=\"font-style: inherit; font-weight: inherit; background-color: #ffffff; font-family: -apple-system, BlinkMacSystemFont,;\" href=\"https:\/\/www.theclinic.cl\/2021\/12\/20\/tristeza-llanto-y-lamento-reinaron-en-babel-la-desolada-tarde-en-que-kast-perdio-la-segunda-vuelta-presidencial\/\" target=\"_blank\" rel=\"noopener\">Tristeza, llanto y lamento reinaron en Babel: la desolada tarde en que Kast perdi\u00f3 la segunda vuelta presidencial. Se refiere Mauricio Morales, director del Centro de An\u00e1lisis Pol\u00edtico (CAP) de la UTalca.<\/a><\/p><p>\u00a0<\/p><p><b>DIARIO TALCA<\/b><\/p><p><a style=\"font-style: inherit; font-weight: inherit; background-color: #ffffff; font-family: -apple-system, BlinkMacSystemFont,;\" href=\"https:\/\/www.litoralpress.cl\/paginaconsultas\/Servicios_NClip\/Get_Imagen_Nota.aspx?LPKey=BUMVRCTJLMMHBNFE5B6IYE6WFGB64Y5BK4IQFQWIFMXUCZFA7JZSFAEIHOSFLGGTAQD4N42VTXYUU\" target=\"_blank\" rel=\"noopener\">Las cifras y datos que marcaron un proceso hist\u00f3rico. Se refiere Mario Herrera, acad\u00e9mico del Centro de An\u00e1lisis Pol\u00edtico (CAP) de la UTalca.<\/a><\/p><p>\u00a0<\/p><p><b>DIARIOTALCA.CL<\/b><\/p><p><a style=\"font-style: inherit; font-weight: inherit; background-color: #ffffff; font-family: -apple-system, BlinkMacSystemFont,;\" href=\"https:\/\/diariotalca.cl\/boric-volvio-a-caer-el-maule-pero-recupero-10-comunas\/\" target=\"_blank\" rel=\"noopener\">Boric volvi\u00f3 a caer el Maule pero \u201crecuper\u00f3\u201d 10 comunas. Se refiere Mario Herrera, acad\u00e9mico del Centro de An\u00e1lisis Pol\u00edtico (CAP) de la UTalca<\/a><a style=\"font-style: inherit; font-weight: inherit; background-color: #ffffff; font-family: -apple-system, BlinkMacSystemFont,;\" href=\"https:\/\/diariotalca.cl\/boric-volvio-a-caer-el-maule-pero-recupero-10-comunas\/\" target=\"_blank\" rel=\"noopener\">.<\/a><\/p>\t\t\t\t\t\t<\/div>\n\t\t\t\t<\/div>\n\t\t\t\t\t<\/div>\n\t\t<\/div>\n\t\t\t\t\t\t\t<\/div>\n\t\t<\/section>\n\t\t\t\t\t\t<\/div>\n\t\t\t\t\t<\/div>\n\t\t","protected":false},"excerpt":{"rendered":"<p>DIARIOTALCA.CL\u00a0 UTalca lanz\u00f3 audiolibros con in\u00e9ditos discursos de Nicanor Parra. \u00a0 DIARIOLAPRENSA.CL \u201cM\u00e1s dosis de refuerzo depender\u00e1 si vacunas demuestran ser efectivas contra las nuevas variantes que aparezcan\u201d. Entrevista a Sergio Wehinger, director del Mag\u00edster en Ciencias Biom\u00e9dicas de la UTalca. \u00a0 ELMAULEINFORMA.CL Difunden nuevas investigaciones para el tratamiento de COVID 19. Se refiere Wendy &hellip;<\/p>\n<p class=\"read-more\"> <a class=\"\" href=\"https:\/\/www.reportedeprensa.utalca.cl\/?p=2719\"> <span class=\"screen-reader-text\">21 de diciembre de 2021<\/span> Read More &raquo;<\/a><\/p>\n","protected":false},"author":1,"featured_media":0,"comment_status":"closed","ping_status":"open","sticky":false,"template":"elementor_theme","format":"standard","meta":{"_monsterinsights_skip_tracking":false,"_monsterinsights_sitenote_active":false,"_monsterinsights_sitenote_note":"","_monsterinsights_sitenote_category":0},"categories":[15],"tags":[],"_links":{"self":[{"href":"https:\/\/www.reportedeprensa.utalca.cl\/index.php?rest_route=\/wp\/v2\/posts\/2719"}],"collection":[{"href":"https:\/\/www.reportedeprensa.utalca.cl\/index.php?rest_route=\/wp\/v2\/posts"}],"about":[{"href":"https:\/\/www.reportedeprensa.utalca.cl\/index.php?rest_route=\/wp\/v2\/types\/post"}],"author":[{"embeddable":true,"href":"https:\/\/www.reportedeprensa.utalca.cl\/index.php?rest_route=\/wp\/v2\/users\/1"}],"replies":[{"embeddable":true,"href":"https:\/\/www.reportedeprensa.utalca.cl\/index.php?rest_route=%2Fwp%2Fv2%2Fcomments&post=2719"}],"version-history":[{"count":4,"href":"https:\/\/www.reportedeprensa.utalca.cl\/index.php?rest_route=\/wp\/v2\/posts\/2719\/revisions"}],"predecessor-version":[{"id":2723,"href":"https:\/\/www.reportedeprensa.utalca.cl\/index.php?rest_route=\/wp\/v2\/posts\/2719\/revisions\/2723"}],"wp:attachment":[{"href":"https:\/\/www.reportedeprensa.utalca.cl\/index.php?rest_route=%2Fwp%2Fv2%2Fmedia&parent=2719"}],"wp:term":[{"taxonomy":"category","embeddable":true,"href":"https:\/\/www.reportedeprensa.utalca.cl\/index.php?rest_route=%2Fwp%2Fv2%2Fcategories&post=2719"},{"taxonomy":"post_tag","embeddable":true,"href":"https:\/\/www.reportedeprensa.utalca.cl\/index.php?rest_route=%2Fwp%2Fv2%2Ftags&post=2719"}],"curies":[{"name":"wp","href":"https:\/\/api.w.org\/{rel}","templated":true}]}}