{"id":2731,"date":"2021-12-22T09:14:22","date_gmt":"2021-12-22T12:14:22","guid":{"rendered":"https:\/\/www.reportedeprensa.utalca.cl\/?p=2731"},"modified":"2021-12-22T09:26:41","modified_gmt":"2021-12-22T12:26:41","slug":"22-de-diciembre-de-2021","status":"publish","type":"post","link":"https:\/\/www.reportedeprensa.utalca.cl\/?p=2731","title":{"rendered":"22 de diciembre de 2021"},"content":{"rendered":"\t\t<div data-elementor-type=\"wp-post\" data-elementor-id=\"2731\" class=\"elementor elementor-2731\" data-elementor-settings=\"[]\">\n\t\t\t\t\t\t\t<div class=\"elementor-section-wrap\">\n\t\t\t\t\t\t\t<section class=\"elementor-section elementor-top-section elementor-element elementor-element-a06ca45 elementor-section-boxed elementor-section-height-default elementor-section-height-default\" data-id=\"a06ca45\" data-element_type=\"section\">\n\t\t\t\t\t\t<div class=\"elementor-container elementor-column-gap-default\">\n\t\t\t\t\t<div class=\"elementor-column elementor-col-100 elementor-top-column elementor-element elementor-element-1486c35\" data-id=\"1486c35\" data-element_type=\"column\">\n\t\t\t<div class=\"elementor-widget-wrap elementor-element-populated\">\n\t\t\t\t\t\t\t\t<div class=\"elementor-element elementor-element-42b145e elementor-widget elementor-widget-text-editor\" data-id=\"42b145e\" data-element_type=\"widget\" data-widget_type=\"text-editor.default\">\n\t\t\t\t<div class=\"elementor-widget-container\">\n\t\t\t\t\t\t\t\t<p><b>DIARIO TALCA<\/b><\/p><p><a style=\"font-style: inherit; font-weight: inherit; background-color: #ffffff; font-family: -apple-system, BlinkMacSystemFont,;\" href=\"https:\/\/www.litoralpress.cl\/paginaconsultas\/Servicios_NClip\/Get_Imagen_Nota.aspx?LPKey=7K3GJV2PVX4MB6OAJOQLZDTBODJ5YX3FSEHXPWTU5ASSANR3UGDGV3QYE4ZQWR3D73EX5EMW22UJS\" target=\"_blank\" rel=\"noopener\">Ranking ratifica a la Universidad de Talca como la mejor estatal de regiones.<\/a><\/p><p>\u00a0<\/p><p><b>XINHUANET.COM (China)<\/b><\/p><p><a style=\"font-style: inherit; font-weight: inherit; background-color: #ffffff; font-family: -apple-system, BlinkMacSystemFont,;\" href=\"http:\/\/spanish.news.cn\/2021-12\/21\/c_1310385335.htm\" target=\"_blank\" rel=\"noopener\">Presidente electo chileno enfrenta desaf\u00edos econ\u00f3micos para lograr cambios estructurales. Se refiere Mario Herrera, acad\u00e9mico del Centro de An\u00e1lisis Pol\u00edtico (CAP) de la UTalca.<\/a><\/p><p>\u00a0<\/p><p><b>LANACION.COM.EC (Ecuador)<\/b><\/p><p><a style=\"font-style: inherit; font-weight: inherit; background-color: #ffffff; font-family: -apple-system, BlinkMacSystemFont,;\" href=\"https:\/\/lanacion.com.ec\/presidente-electo-chileno-enfrenta-desafios-economicos-para-lograr-cambios-estructurales\/\" target=\"_blank\" rel=\"noopener\">Presidente electo chileno enfrenta desaf\u00edos econ\u00f3micos para lograr cambios estructurales. Se refiere Mario Herrera, acad\u00e9mico del Centro de An\u00e1lisis Pol\u00edtico (CAP) de la UTalca.<\/a><\/p><p>\u00a0<\/p><p><b>SPANISH.CHINA.ORG.CN (China)<\/b><\/p><p><a style=\"font-style: inherit; font-weight: inherit; background-color: #ffffff; font-family: -apple-system, BlinkMacSystemFont,;\" href=\"http:\/\/spanish.china.org.cn\/economic\/txt\/2021-12\/21\/content_77944011.htm\" target=\"_blank\" rel=\"noopener\">Miner\u00eda observa con cautela programa econ\u00f3mico del presidente electo de Chile. Se refiere Manuel Reyes, acad\u00e9mico de la Facultad de Ingenier\u00eda de la UTalca.<\/a><\/p><p>\u00a0<\/p><p><b>CANAL TVN RED MAULE<\/b><\/p><p><a style=\"font-style: inherit; font-weight: inherit; background-color: #ffffff; font-family: -apple-system, BlinkMacSystemFont,;\" href=\"https:\/\/www.litoralpress.cl\/sitio\/RadioTV_Detalles.cshtml?LPKey=QMWLXTWVKNGT3AIAQNET5FN66MSVNCSZ4K6XQY2IJ4AKAXUGQJMA\" target=\"_blank\" rel=\"noopener\">Editorial U de Talca lanz\u00f3 nueva colecci\u00f3n de audio libros, con in\u00e9ditos discursos de Nicanor Parra.<\/a><\/p><p>\u00a0<\/p><p><b>LANOTICIA.CL<\/b><\/p><p><a style=\"font-style: inherit; font-weight: inherit; background-color: #ffffff; font-family: -apple-system, BlinkMacSystemFont,;\" href=\"https:\/\/lanoticia.cl\/organizacion-internacional-wim-reconocio-labor-inspiradora-de-cuatro-utalinas-en-mineria\/\" target=\"_blank\" rel=\"noopener\">Organizaci\u00f3n internacional Wim reconoci\u00f3 labor inspiradora de cuatro utalinas en miner\u00eda.<\/a><\/p><p>\u00a0<\/p><p><b>DIARIOESTRATEGIA.CL<\/b><\/p><p><a style=\"font-style: inherit; font-weight: inherit; background-color: #ffffff; font-family: -apple-system, BlinkMacSystemFont,;\" href=\"https:\/\/www.litoralpress.cl\/paginaconsultas\/Documentos\/Crear_Achivo_MO_Pdf.aspx?LPKey=J4LN6YVENYQOC2QU5UACYY5ZBYEW6QDDGDFZ2KMJOERJSTIJMDUNLROMKYM6YIXVD7DFENIO5FCPY\" target=\"_blank\" rel=\"noopener\">\u00bfCu\u00e1les son los mayores \u201cgastos hormiga\u201d de los chilenos? Ojo en estas cinco pr\u00e1cticas cotidianas. Se menciona estudio de la UTalca.<\/a><\/p><p>\u00a0<\/p><p><b>LA PRENSA<\/b><\/p><p><a style=\"font-style: inherit; font-weight: inherit; background-color: #ffffff; font-family: -apple-system, BlinkMacSystemFont,;\" href=\"https:\/\/www.litoralpress.cl\/paginaconsultas\/Servicios_NClip\/Get_Imagen_Nota.aspx?LPKey=BSWMOE35VU2B3FJMU727E6DB7PPBW7HQBMLMCRQ52QWLMQTMGXPFHFD35PATVVILQEOVKC44AKKXS\" target=\"_blank\" rel=\"noopener\">Investigaci\u00f3n descubre sustancia que ayuda a remover el pesticida del medioambiente. Se menciona a la UTalca.<\/a><\/p><p>\u00a0<\/p><p><b>ADPRENSA.CL<\/b><\/p><p><a style=\"font-style: inherit; font-weight: inherit; background-color: #ffffff; font-family: -apple-system, BlinkMacSystemFont,;\" href=\"https:\/\/www.adprensa.cl\/cronica\/gastos-de-fin-de-ano-llaman-a-evitar-el-sobreendeudamiento-y-cuidar-el-presupuesto\/\" target=\"_blank\" rel=\"noopener\">Gastos de fin de a\u00f1o: llaman a evitar el sobreendeudamiento y cuidar el presupuesto. Se refiere Hern\u00e1n D\u00edaz, acad\u00e9mico de la Facultad de Econom\u00eda y Negocios (FEN) de la Universidad de Talca.<\/a><\/p><p>\u00a0<\/p><p><b>DIARIOTALCA.CL<\/b><\/p><p><a style=\"font-style: inherit; font-weight: inherit; background-color: #ffffff; font-family: -apple-system, BlinkMacSystemFont,;\" href=\"https:\/\/diariotalca.cl\/experto-llama-a-evitar-el-sobreendeudamiento-en-compras-de-fin-de-ano\/\" target=\"_blank\" rel=\"noopener\">Experto llama a evitar el sobreendeudamiento en compras de fin de a\u00f1o. Se refiere Hern\u00e1n D\u00edaz, acad\u00e9mico de la Facultad de Econom\u00eda y Negocios (FEN) de la Universidad de Talca.<\/a><\/p><p>\u00a0<\/p><p><b>RADIO AMIGA<\/b><\/p><p><a style=\"font-style: inherit; font-weight: inherit; background-color: #ffffff; font-family: -apple-system, BlinkMacSystemFont,;\" href=\"https:\/\/www.litoralpress.cl\/sitio\/RadioTV_Detalles.cshtml?LPKey=FLPSALTO4KEKFAT436Q5H23FODV63E2CE6C2U2O6FD32OMDDZ3VQ\" target=\"_blank\" rel=\"noopener\">Recomendaciones para evitar el sobreendeudamiento de fin de a\u00f1o. Se refiere Hern\u00e1n D\u00edaz, acad\u00e9mico de la Facultad de Econom\u00eda y Negocios (FEN) de la Universidad de Talca.<\/a><\/p><p>\u00a0<\/p><p><b>REDMAULE.COM<\/b><\/p><p><a style=\"font-style: inherit; font-weight: inherit; background-color: #ffffff; font-family: -apple-system, BlinkMacSystemFont,;\" href=\"https:\/\/www.redmaule.com\/nacional\/gastos-de-fin-de-ano-llaman-a-cuidar-el-presupuesto-y-evitar-el\" target=\"_blank\" rel=\"noopener\">Gastos de fin de a\u00f1o: llaman a evitar el sobreendeudamiento y cuidar el presupuesto. Se refiere Hern\u00e1n D\u00edaz, acad\u00e9mico de la Facultad de Econom\u00eda y Negocios (FEN) de la Universidad de Talca.<\/a><\/p><p>\u00a0<\/p><p><b>SEPTIMAPAGINANOTICIAS.CL\u00a0<\/b><\/p><p><a style=\"font-style: inherit; font-weight: inherit; background-color: #ffffff; font-family: -apple-system, BlinkMacSystemFont,;\" href=\"https:\/\/www.septimapaginanoticias.cl\/gastos-de-fin-de-ano-llaman-a-evitar-el-sobreendeudamiento-y-cuidar-el-presupuesto\" target=\"_blank\" rel=\"noopener\">Gastos de fin de a\u00f1o: llaman a evitar el sobreendeudamiento y cuidar el presupuesto. Se refiere Hern\u00e1n D\u00edaz, acad\u00e9mico de la Facultad de Econom\u00eda y Negocios (FEN) de la Universidad de Talca.<\/a><\/p><p>\u00a0<\/p><p><b>RADIOMAGALLANES.CL<\/b><\/p><p><a style=\"font-style: inherit; font-weight: inherit; background-color: #ffffff; font-family: -apple-system, BlinkMacSystemFont,;\" href=\"https:\/\/www.radiomagallanes.cl\/noticia.php?id_not=99217\" target=\"_blank\" rel=\"noopener\">Gastos de fin de a\u00f1o: llaman a evitar el sobreendeudamiento y cuidar el presupuesto. Se refiere Hern\u00e1n D\u00edaz, acad\u00e9mico de la Facultad de Econom\u00eda y Negocios (FEN) de la Universidad de Talca.<\/a><\/p><p>\u00a0<\/p><p><b>AURORADELMAULE.CL<\/b><\/p><p><a style=\"font-style: inherit; font-weight: inherit; background-color: #ffffff; font-family: -apple-system, BlinkMacSystemFont,;\" href=\"https:\/\/auroradelmaule.cl\/2021\/12\/21\/gastos-de-fin-de-ano-llaman-a-evitar-el-sobreendeudamiento-y-cuidar-el-presupuesto\/\" target=\"_blank\" rel=\"noopener\">Gastos de fin de a\u00f1o: llaman a evitar el sobreendeudamiento y cuidar el presupuesto. Se refiere Hern\u00e1n D\u00edaz, acad\u00e9mico de la Facultad de Econom\u00eda y Negocios (FEN) de la Universidad de Talca.<\/a><\/p><p>\u00a0<\/p><p><b>PORTAVOZNOTICIAS.CL<\/b><\/p><p><a style=\"font-style: inherit; font-weight: inherit; background-color: #ffffff; font-family: -apple-system, BlinkMacSystemFont,;\" href=\"https:\/\/www.portavoznoticias.cl\/noticia\/entrevista-a-doctora-erika-retamal\/61c21f9916812100097abe45\" target=\"_blank\" rel=\"noopener\">Entrevista a Erika Retamal, directora de Salud P\u00fablica de la UTalca.<\/a><\/p><p>\u00a0<\/p><p><b>LA SEGUNDA<\/b><\/p><p><a style=\"font-style: inherit; font-weight: inherit; background-color: #ffffff; font-family: -apple-system, BlinkMacSystemFont,;\" href=\"https:\/\/www.litoralpress.cl\/paginaconsultas\/Servicios_NClip\/Get_Imagen_Nota.aspx?LPKey=HF26R5TGUKXPEYZK34KINGNX4ACLNOY5TEWWIDUMHYG2X7766YQPV67ZPEDKL7K3ZIPOMYA2SOJTK\" target=\"_blank\" rel=\"noopener\">Ossand\u00f3n abre carrera por la presidencia del Senado. Se refiere Mauricio Morales, director del Centro de An\u00e1lisis Pol\u00edtico (CAP) e la UTalca.<\/a><\/p><p>\u00a0<\/p><p><b>DIARIO TALCA<\/b><\/p><p><a style=\"font-style: inherit; font-weight: inherit; background-color: #ffffff; font-family: -apple-system, BlinkMacSystemFont,;\" href=\"https:\/\/www.litoralpress.cl\/sitio\/Prensa_PaginaCompleta.cshtml?LPKey=TEFOLOGITO5BKTDZUQBYIWVNDWCYT3IXATDAMFBBUZEJSWSHWLNQ\" target=\"_blank\" rel=\"noopener\">El puzzle para llegar a La Moneda. Se refiere Mauricio Morales, director del Centro de An\u00e1lisis Pol\u00edtico (CAP) e la UTalca.<\/a><\/p><p>\u00a0<\/p><p><b>CANAL TVN RED MAULE<\/b><\/p><p><a style=\"font-style: inherit; font-weight: inherit; background-color: #ffffff; font-family: -apple-system, BlinkMacSystemFont,;\" href=\"https:\/\/www.litoralpress.cl\/sitio\/RadioTV_Detalles.cshtml?LPKey=U3ME3SUXJZEOCXDQF7UTRFY2QLEXR72ESKFQUYA33JNGB454LKQQ\" target=\"_blank\" rel=\"noopener\">Maule tuvo re\u00f1ido resultado en elecci\u00f3n presidencial. Se refiere Mario Herrera, acad\u00e9mico del Centro de An\u00e1lisis Pol\u00edtico (CAP) de la UTalca.<\/a><\/p><p>\u00a0<\/p><p><b>24HORAS.CL<\/b><\/p><p><a style=\"font-style: inherit; font-weight: inherit; background-color: #ffffff; font-family: -apple-system, BlinkMacSystemFont,;\" href=\"https:\/\/www.litoralpress.cl\/sitio\/RadioTV_Detalles.cshtml?LPKey=VDIR274NMTB2D7YE357DWMWST4K7HMFUVP63NWUBTXR2ISGELKBQ\" target=\"_blank\" rel=\"noopener\">An\u00e1lisis de resultados de segunda vuelta. Se refiere Mario Herrera, acad\u00e9mico del Centro de An\u00e1lisis Pol\u00edtico (CAP) de la UTalca.<\/a><\/p><p>\u00a0<\/p><p><b>CANAL TVN RED AUSTRAL<\/b><\/p><p><a style=\"font-style: inherit; font-weight: inherit; background-color: #ffffff; font-family: -apple-system, BlinkMacSystemFont,;\" href=\"https:\/\/www.litoralpress.cl\/sitio\/RadioTV_Detalles.cshtml?LPKey=QMD5GD7QX7733YNOIZJTMGWMJRMRLO2PHSCQNNUKVVICK3CIKC5Q\" target=\"_blank\" rel=\"noopener\">\u00bfCu\u00e1les fueron las reacciones ante el Presidente electo? Se refiere Mario Herrera, acad\u00e9mico del Centro de An\u00e1lisis Pol\u00edtico (CAP) de la UTalca.<\/a><\/p><p>\u00a0<\/p><p><b>ELMAULEINFORMA.CL<\/b><\/p><p><a style=\"font-style: inherit; font-weight: inherit; background-color: #ffffff; font-family: -apple-system, BlinkMacSystemFont,;\" href=\"https:\/\/elmauleinforma.cl\/experto-analiza-los-desafios-que-enfrentara-el-nuevo-gobierno\/\" target=\"_blank\" rel=\"noopener\">Experto analiza los desaf\u00edos que enfrentar\u00e1 el nuevo gobierno. Se refiere Mario Herrera, acad\u00e9mico del Centro de An\u00e1lisis Pol\u00edtico (CAP) de la UTalca.<\/a><\/p><p>\u00a0<\/p><p><b>DIARIO TALCA<\/b><\/p><p><a style=\"font-style: inherit; font-weight: inherit; background-color: #ffffff; font-family: -apple-system, BlinkMacSystemFont,;\" href=\"https:\/\/www.litoralpress.cl\/paginaconsultas\/Servicios_NClip\/Get_Imagen_Nota.aspx?LPKey=VJSDBUW375JF4LZ5BU5SK4JTM3A65PKS6NYXVCVETUK7DII5YZFIZNHO377HVWDK6RLUE3EYJCUHA\" target=\"_blank\" rel=\"noopener\">Talca se abre como una referencia en el mapa del Surrealismo. Se menciona a la UTalca.<\/a><\/p><p>\u00a0<\/p><p><b>LATRIBUNA.CL<\/b><\/p><p><a style=\"font-style: inherit; font-weight: inherit; background-color: #ffffff; font-family: -apple-system, BlinkMacSystemFont,;\" href=\"https:\/\/www.latribuna.cl\/noticias\/2021\/12\/21\/academicos-seran-parte-del-mayor-grupo-de-investigacion-de-la-madera-en-chile.html\" target=\"_blank\" rel=\"noopener\">Acad\u00e9micos ser\u00e1n parte del mayor grupo de investigaci\u00f3n de la madera en Chile. Se menciona la UTalca.<\/a><\/p>\t\t\t\t\t\t<\/div>\n\t\t\t\t<\/div>\n\t\t\t\t\t<\/div>\n\t\t<\/div>\n\t\t\t\t\t\t\t<\/div>\n\t\t<\/section>\n\t\t\t\t\t\t<\/div>\n\t\t\t\t\t<\/div>\n\t\t","protected":false},"excerpt":{"rendered":"<p>DIARIO TALCA Ranking ratifica a la Universidad de Talca como la mejor estatal de regiones. \u00a0 XINHUANET.COM (China) Presidente electo chileno enfrenta desaf\u00edos econ\u00f3micos para lograr cambios estructurales. Se refiere Mario Herrera, acad\u00e9mico del Centro de An\u00e1lisis Pol\u00edtico (CAP) de la UTalca. \u00a0 LANACION.COM.EC (Ecuador) Presidente electo chileno enfrenta desaf\u00edos econ\u00f3micos para lograr cambios estructurales. &hellip;<\/p>\n<p class=\"read-more\"> <a class=\"\" href=\"https:\/\/www.reportedeprensa.utalca.cl\/?p=2731\"> <span class=\"screen-reader-text\">22 de diciembre de 2021<\/span> Read More &raquo;<\/a><\/p>\n","protected":false},"author":1,"featured_media":0,"comment_status":"closed","ping_status":"open","sticky":false,"template":"elementor_theme","format":"standard","meta":{"_monsterinsights_skip_tracking":false,"_monsterinsights_sitenote_active":false,"_monsterinsights_sitenote_note":"","_monsterinsights_sitenote_category":0},"categories":[15],"tags":[],"_links":{"self":[{"href":"https:\/\/www.reportedeprensa.utalca.cl\/index.php?rest_route=\/wp\/v2\/posts\/2731"}],"collection":[{"href":"https:\/\/www.reportedeprensa.utalca.cl\/index.php?rest_route=\/wp\/v2\/posts"}],"about":[{"href":"https:\/\/www.reportedeprensa.utalca.cl\/index.php?rest_route=\/wp\/v2\/types\/post"}],"author":[{"embeddable":true,"href":"https:\/\/www.reportedeprensa.utalca.cl\/index.php?rest_route=\/wp\/v2\/users\/1"}],"replies":[{"embeddable":true,"href":"https:\/\/www.reportedeprensa.utalca.cl\/index.php?rest_route=%2Fwp%2Fv2%2Fcomments&post=2731"}],"version-history":[{"count":4,"href":"https:\/\/www.reportedeprensa.utalca.cl\/index.php?rest_route=\/wp\/v2\/posts\/2731\/revisions"}],"predecessor-version":[{"id":2735,"href":"https:\/\/www.reportedeprensa.utalca.cl\/index.php?rest_route=\/wp\/v2\/posts\/2731\/revisions\/2735"}],"wp:attachment":[{"href":"https:\/\/www.reportedeprensa.utalca.cl\/index.php?rest_route=%2Fwp%2Fv2%2Fmedia&parent=2731"}],"wp:term":[{"taxonomy":"category","embeddable":true,"href":"https:\/\/www.reportedeprensa.utalca.cl\/index.php?rest_route=%2Fwp%2Fv2%2Fcategories&post=2731"},{"taxonomy":"post_tag","embeddable":true,"href":"https:\/\/www.reportedeprensa.utalca.cl\/index.php?rest_route=%2Fwp%2Fv2%2Ftags&post=2731"}],"curies":[{"name":"wp","href":"https:\/\/api.w.org\/{rel}","templated":true}]}}