{"id":2743,"date":"2021-12-23T08:59:11","date_gmt":"2021-12-23T11:59:11","guid":{"rendered":"https:\/\/www.reportedeprensa.utalca.cl\/?p=2743"},"modified":"2021-12-23T09:06:06","modified_gmt":"2021-12-23T12:06:06","slug":"22-de-diciembre-de-2021-2","status":"publish","type":"post","link":"https:\/\/www.reportedeprensa.utalca.cl\/?p=2743","title":{"rendered":"23 de diciembre de 2021"},"content":{"rendered":"\t\t<div data-elementor-type=\"wp-post\" data-elementor-id=\"2743\" class=\"elementor elementor-2743\" data-elementor-settings=\"[]\">\n\t\t\t\t\t\t\t<div class=\"elementor-section-wrap\">\n\t\t\t\t\t\t\t<section class=\"elementor-section elementor-top-section elementor-element elementor-element-a06ca45 elementor-section-boxed elementor-section-height-default elementor-section-height-default\" data-id=\"a06ca45\" data-element_type=\"section\">\n\t\t\t\t\t\t<div class=\"elementor-container elementor-column-gap-default\">\n\t\t\t\t\t<div class=\"elementor-column elementor-col-100 elementor-top-column elementor-element elementor-element-1486c35\" data-id=\"1486c35\" data-element_type=\"column\">\n\t\t\t<div class=\"elementor-widget-wrap elementor-element-populated\">\n\t\t\t\t\t\t\t\t<div class=\"elementor-element elementor-element-42b145e elementor-widget elementor-widget-text-editor\" data-id=\"42b145e\" data-element_type=\"widget\" data-widget_type=\"text-editor.default\">\n\t\t\t\t<div class=\"elementor-widget-container\">\n\t\t\t\t\t\t\t\t<p class=\"x_x_MsoNoSpacing\"><strong><span lang=\"ES\">UNIVERSIDADESESTATALES.CL\u00a0<\/span><\/strong><\/p><p class=\"x_x_MsoNoSpacing\"><a href=\"http:\/\/www.universidadesestatales.cl\/cue\/?q=node\/9363\"><span lang=\"ES\">Firman convenio: UTalca colaborar\u00e1 con la Convenci\u00f3n Constitucional.\u00a0<\/span><\/a><\/p><p>\u00a0<\/p><p class=\"x_x_MsoNoSpacing\"><strong><span lang=\"ES\">ADPRENSA.CL\u00a0<\/span><\/strong><\/p><p class=\"x_x_MsoNoSpacing\"><a href=\"https:\/\/www.adprensa.cl\/cronica\/firman-convenio-utalca-colaborara-con-la-convencion-constitucional\/\"><span lang=\"ES\">Firman convenio: UTalca colaborar\u00e1 con la Convenci\u00f3n Constitucional.<\/span><span lang=\"ES\">\u00a0<\/span><\/a><\/p><p class=\"x_x_MsoNoSpacing\"><span lang=\"ES\">\u00a0<\/span><\/p><p class=\"x_x_MsoNoSpacing\"><strong><span lang=\"ES\">PORTALEDUCACION.CL\u00a0<\/span><\/strong><\/p><p class=\"x_x_MsoNoSpacing\"><a href=\"https:\/\/portaleducacion.cl\/index.php\/2021\/12\/22\/universidad-de-talca-firmo-convenio-para-colaborar-con-la-convencion-constitucional\/\"><span lang=\"ES\">Universidad de Talca firm\u00f3 convenio para colaborar con la Convenci\u00f3n Constitucional.\u00a0<\/span><\/a><\/p><p class=\"x_x_MsoNoSpacing\"><span lang=\"ES\">\u00a0<\/span><\/p><p class=\"x_x_MsoNoSpacing\"><strong><span lang=\"ES\">DIARIOTALCA.CL\u00a0<\/span><\/strong><\/p><p class=\"x_x_MsoNoSpacing\"><a href=\"https:\/\/diariotalca.cl\/utalca-se-comprometio-a-colaborar-con-la-convencion-constitucional\/\"><span lang=\"ES\">UTalca firm\u00f3 convenio de colaborar con la Convenci\u00f3n Constitucional.\u00a0<\/span><span lang=\"ES\">\u00a0<\/span><\/a><\/p><p class=\"x_x_MsoNoSpacing\"><span lang=\"ES\">\u00a0<\/span><\/p><p class=\"x_x_MsoNoSpacing\"><strong><span lang=\"ES\">TVMAULINOS.CL\u00a0<\/span><\/strong><\/p><p class=\"x_x_MsoNoSpacing\"><a href=\"http:\/\/tvmaulinos.com\/firman-convenio-utalca-colaborara-con-la-convencion-constitucional\/\"><span lang=\"ES\">Firman convenio: UTalca colaborar\u00e1 con la Convenci\u00f3n Constitucional.\u00a0<\/span><\/a><\/p><p class=\"x_x_MsoNoSpacing\"><span lang=\"ES\">\u00a0<\/span><\/p><p class=\"x_x_MsoNoSpacing\"><strong><span lang=\"ES\">AURORADELMAULE.CL\u00a0<\/span><\/strong><\/p><p class=\"x_x_MsoNoSpacing\"><a href=\"https:\/\/auroradelmaule.cl\/2021\/12\/22\/firman-convenio-utalca-colaborara-con-la-convencion-constitucional\/\"><span lang=\"ES\">Firman convenio: UTalca colaborar\u00e1 con la Convenci\u00f3n Constitucional.\u00a0<\/span><\/a><\/p><p class=\"x_x_MsoNoSpacing\"><span lang=\"ES\">\u00a0<\/span><\/p><p class=\"x_x_MsoNoSpacing\"><strong><span lang=\"ES\">CANAL CONTIVISI\u00d3N\u00a0<\/span><\/strong><\/p><p class=\"x_x_MsoNoSpacing\"><a href=\"https:\/\/www.litoralpress.cl\/sitio\/RadioTV_Detalles.cshtml?LPKey=NIMKJJFKKARPVJ3L4P5ZIUOS77VP2DO34FCX2J5THNOR5C5FMN2A\"><span lang=\"ES\">Acad\u00e9mico de la Universidad de Talca aconseja no sobreendeduarse en diciembre y aplazar compras.\u00a0<\/span><\/a><\/p><p class=\"x_x_MsoNoSpacing\"><span lang=\"ES\">\u00a0<\/span><\/p><p class=\"x_x_MsoNoSpacing\"><strong><span lang=\"ES\">RADIO AMIGA\u00a0<\/span><\/strong><\/p><p class=\"x_x_MsoNoSpacing\"><a href=\"https:\/\/www.litoralpress.cl\/sitio\/RadioTV_Detalles.cshtml?LPKey=ZK4V7LHFSXTGK73QRQQORZT2VUQJB47YAGJSB57NMNMOXTI4NBSQ\"><span lang=\"ES\">Especialistas recomiendan gastar con moderaci\u00f3n con miras a las fiestas de fin de a\u00f1o. Se refiere Hern\u00e1n D\u00edaz, acad\u00e9mico Facultad de Econom\u00eda y Negocios (FEN) de la UTalca.\u00a0<\/span><span lang=\"ES\">\u00a0<\/span><\/a><\/p><p class=\"x_x_MsoNoSpacing\"><span lang=\"ES\">\u00a0<\/span><\/p><p class=\"x_x_MsoNoSpacing\"><strong><span lang=\"ES\">ELMOSTRADOR.CL\u00a0<\/span><\/strong><\/p><p class=\"x_x_MsoNoSpacing\"><a href=\"https:\/\/www.elmostrador.cl\/generacion-m\/2021\/12\/22\/cuidados-para-nuestro-automovil-frente-a-las-altas-temperaturas\/\"><span lang=\"ES\">Cuidados para nuestro autom\u00f3vil frente a las altas temperaturas. Se refiere Patricio Gonz\u00e1lez, agroclimat\u00f3logo de la UTalca.\u00a0<\/span><\/a><\/p><p class=\"x_x_MsoNoSpacing\"><span lang=\"ES\">\u00a0<\/span><span lang=\"ES\">\u00a0<\/span><\/p><p class=\"x_x_MsoNoSpacing\"><span lang=\"ES\"><strong>RADIOAGRICULTURA.CL<\/strong>\u00a0<\/span><\/p><p class=\"x_x_MsoNoSpacing\"><a href=\"https:\/\/www.radioagricultura.cl\/nacional\/2021\/12\/22\/ola-de-calor-extrema-pronostican-altas-temperaturas-que-afectaria-a-la-zona-central-del-pais-en-las-fiestas-de-fin-de-ano.html\"><span lang=\"ES\">Ola de calor extrema: Pronostican altas temperaturas que afectar\u00eda a la zona central del pa\u00eds en las fiestas de fin de a\u00f1o.<\/span><span lang=\"ES\">\u00a0<\/span><span lang=\"ES\">Se refiere Patricio Gonz\u00e1lez, agroclimat\u00f3logo de la UTalca.\u00a0<\/span><span lang=\"ES\">\u00a0<\/span><\/a><\/p><p class=\"x_x_MsoNoSpacing\"><span lang=\"ES\">\u00a0<\/span><\/p><p class=\"x_x_MsoNoSpacing\"><strong><span lang=\"ES\">TALCACAPITAL.CL\u00a0<\/span><\/strong><\/p><p class=\"x_x_MsoNoSpacing\"><a href=\"https:\/\/talcacapital.cl\/altas-temperaturas-afectarian-a-la-zona-central-durante-las-fiestas-de-fin-de-ano\/\"><span lang=\"ES\">Altas temperaturas afectar\u00edan a la zona central durante las fiestas de fin de a\u00f1o.<\/span><span lang=\"ES\">\u00a0<\/span><span lang=\"ES\">Se refiere Patricio Gonz\u00e1lez, agroclimat\u00f3logo de la UTalca.\u00a0<\/span><\/a><\/p><p class=\"x_x_MsoNoSpacing\"><span lang=\"ES\">\u00a0<\/span><\/p><p class=\"x_x_MsoNoSpacing\"><strong><span lang=\"ES\">TVMAULE.CL\u00a0<\/span><\/strong><\/p><p class=\"x_x_MsoNoSpacing\"><a href=\"https:\/\/www.tvmaule.cl\/pronostican-altas-temperaturas-durante-las-fiestas-de-fin-de-ano-en-la-region\/\"><span lang=\"ES\">Pronostican altas temperaturas durante las fiestas de fin de a\u00f1o en la regi\u00f3n. Se refiere Patricio Gonz\u00e1lez, agroclimat\u00f3logo de la UTalca.\u00a0<\/span><\/a><\/p><p class=\"x_x_MsoNoSpacing\"><span lang=\"ES\">\u00a0<\/span><\/p><p class=\"x_x_MsoNoSpacing\"><strong><span lang=\"ES\">VLTV.CL\u00a0<\/span><\/strong><\/p><p class=\"x_x_MsoNoSpacing\"><a href=\"https:\/\/vltv.cl\/altas-temperaturas-afectarian-a-la-zona-central-durante-las-fiestas-de-fin-de-ano\/\"><span lang=\"ES\">Altas temperaturas afectar\u00edan a la zona central durante las fiestas de fin de a\u00f1o. Se refiere Patricio Gonz\u00e1lez, agroclimat\u00f3logo de la UTalca.\u00a0<\/span><span lang=\"ES\">\u00a0<\/span><\/a><\/p><p class=\"x_x_MsoNoSpacing\"><span lang=\"ES\">\u00a0<\/span><\/p><p class=\"x_x_MsoNoSpacing\"><strong><span lang=\"ES\">LINARESENLINEA.CL\u00a0<\/span><\/strong><\/p><p class=\"x_x_MsoNoSpacing\"><a href=\"https:\/\/www.linaresenlinea.cl\/2021\/12\/22\/pronostican-altas-temperaturas-en-el-maule-durante-las-fiestas-de-fin-de-ano\/\"><span lang=\"ES\">Pronostican altas temperaturas en el Maule durante las fiestas de fin de a\u00f1o. Se refiere Patricio Gonz\u00e1lez, agroclimat\u00f3logo de la UTalca.\u00a0<\/span><\/a><\/p><p class=\"x_x_MsoNoSpacing\"><span lang=\"ES\">\u00a0<\/span><\/p><p class=\"x_x_MsoNoSpacing\"><strong><span lang=\"ES\">CENTROSURNOTICIAS.CL\u00a0<\/span><\/strong><\/p><p class=\"x_x_MsoNoSpacing\"><a href=\"https:\/\/centrosurnoticias.cl\/altas-temperaturas-afectarian-a-la-zona-central-durante-las-fiestas-de-fin-de-ano\/\"><span lang=\"ES\">Altas temperaturas afectar\u00edan a la zona central durante las fiestas de fin de a\u00f1o. Se refiere Patricio Gonz\u00e1lez, agroclimat\u00f3logo de la UTalca.\u00a0<\/span><\/a><\/p><p class=\"x_x_MsoNoSpacing\"><span lang=\"ES\">\u00a0<\/span><\/p><p class=\"x_x_MsoNoSpacing\"><strong><span lang=\"ES\">EMOL.COM\u00a0<\/span><\/strong><\/p><p class=\"x_x_MsoNoSpacing\"><a href=\"https:\/\/www.emol.com\/noticias\/Tendencias\/2021\/12\/22\/1041819\/no-hay-presidente-generacion-x.html\"><span lang=\"ES\">La banda presidencial pasar\u00e1 de un &#8220;boomer&#8221; a un &#8220;millennial&#8221;: \u00bfPor qu\u00e9 la generaci\u00f3n X no pudo llegar a La Moneda? Se refiere Mauricio Morales, director del Centro de An\u00e1lisis Pol\u00edtico (CAP) de la UTalca.\u00a0<\/span><\/a><\/p><p class=\"x_x_MsoNoSpacing\"><span lang=\"ES\">\u00a0<\/span><\/p><p class=\"x_x_MsoNoSpacing\"><strong><span lang=\"ES\">LA PRENSA\u00a0<\/span><\/strong><\/p><p class=\"x_x_MsoNoSpacing\"><a href=\"https:\/\/www.litoralpress.cl\/paginaconsultas\/Servicios_NClip\/Get_Imagen_Nota.aspx?LPKey=FQKGW4IJL3XGCXXFIPRZYUAKWTRA6RLRKJRKO2RCSJY5PFZN4NNQIC76YTYYDKSZKUHH6YOK6UWRE\"><span lang=\"ES\">Experto analiza desaf\u00edos que enfrentar\u00e1 el nuevo Gobierno. Se refiere Mario Herrera, acad\u00e9mico del Centro de An\u00e1lisis Pol\u00edtico (CAP) de la UTalca.\u00a0<\/span><\/a><span lang=\"ES\">\u00a0<\/span><\/p><p class=\"x_x_MsoNoSpacing\"><span lang=\"ES\">\u00a0<\/span><\/p><p class=\"x_x_MsoNoSpacing\"><strong><span lang=\"ES\">DIARIOLAPRENSA.CL\u00a0<\/span><\/strong><\/p><p class=\"x_x_MsoNoSpacing\"><a href=\"https:\/\/new.diariolaprensa.cl\/index.php\/2021\/12\/22\/experto-analiza-desafios-que-enfrentara-el-nuevo-gobierno\/\"><span lang=\"ES\">Experto analiza desaf\u00edos que enfrentar\u00e1 el nuevo Gobierno. Se refiere Mario Herrera, acad\u00e9mico del Centro de An\u00e1lisis Pol\u00edtico (CAP) de la UTalca.\u00a0<\/span><\/a><\/p><p class=\"x_x_MsoNoSpacing\"><span lang=\"ES\">\u00a0<\/span><\/p><p class=\"x_x_MsoNoSpacing\"><strong><span lang=\"ES\">RADIO AMIGA\u00a0<\/span><\/strong><\/p><p class=\"x_x_MsoNoSpacing\"><a href=\"https:\/\/www.litoralpress.cl\/sitio\/RadioTV_Detalles.cshtml?LPKey=BY2PVZVMYKWFLOVWJWEAUNFDYUOLFGCTPQTRMSYM6RJN76M3ED5A\"><span lang=\"ES\">Desaf\u00edos que deber\u00e1 enfrentar el futuro gobierno de Gabriel Boric. Se refiere Mario Herrera, acad\u00e9mico del Centro de An\u00e1lisis Pol\u00edtico (CAP) de la UTalca.\u00a0<\/span><\/a><\/p><p class=\"x_x_MsoNoSpacing\"><span lang=\"ES\">\u00a0<\/span><\/p><p class=\"x_x_MsoNoSpacing\"><strong><span lang=\"ES\">ATENTOSCHILE.CL\u00a0<\/span><\/strong><\/p><p class=\"x_x_MsoNoSpacing\"><a href=\"https:\/\/www.litoralpress.cl\/sitio\/RadioTV_Detalles.cshtml?LPKey=Q6KWLRPC3DHJHN2YANOVCIGCFEP27MHO4VHPTDBNV2ON7VRRMOHA\"><span lang=\"ES\">Entrevista a Fabi\u00e1n Soto, acad\u00e9mico del Centro de An\u00e1lisis Pol\u00edtico (CAP) de la UTalca.\u00a0<\/span><\/a><\/p><p class=\"x_x_MsoNoSpacing\"><span lang=\"ES\">\u00a0<\/span><\/p>\t\t\t\t\t\t<\/div>\n\t\t\t\t<\/div>\n\t\t\t\t\t<\/div>\n\t\t<\/div>\n\t\t\t\t\t\t\t<\/div>\n\t\t<\/section>\n\t\t\t\t\t\t<\/div>\n\t\t\t\t\t<\/div>\n\t\t","protected":false},"excerpt":{"rendered":"<p>UNIVERSIDADESESTATALES.CL&nbsp; Firman convenio: UTalca colaborar\u00e1 con la Convenci\u00f3n Constitucional.&nbsp; ADPRENSA.CL&nbsp; Firman convenio: UTalca colaborar\u00e1 con la Convenci\u00f3n Constitucional.&nbsp; PORTALEDUCACION.CL&nbsp; Universidad de Talca firm\u00f3 convenio para colaborar con la Convenci\u00f3n Constitucional.&nbsp; DIARIOTALCA.CL&nbsp; UTalca firm\u00f3 convenio de colaborar con la Convenci\u00f3n Constitucional.&nbsp;&nbsp; TVMAULINOS.CL&nbsp; Firman convenio: UTalca colaborar\u00e1 con la Convenci\u00f3n Constitucional.&nbsp; AURORADELMAULE.CL&nbsp; Firman convenio: UTalca colaborar\u00e1 con &hellip;<\/p>\n<p class=\"read-more\"> <a class=\"\" href=\"https:\/\/www.reportedeprensa.utalca.cl\/?p=2743\"> <span class=\"screen-reader-text\">23 de diciembre de 2021<\/span> Read More &raquo;<\/a><\/p>\n","protected":false},"author":1,"featured_media":0,"comment_status":"closed","ping_status":"open","sticky":false,"template":"elementor_theme","format":"standard","meta":{"_monsterinsights_skip_tracking":false,"_monsterinsights_sitenote_active":false,"_monsterinsights_sitenote_note":"","_monsterinsights_sitenote_category":0},"categories":[15],"tags":[],"_links":{"self":[{"href":"https:\/\/www.reportedeprensa.utalca.cl\/index.php?rest_route=\/wp\/v2\/posts\/2743"}],"collection":[{"href":"https:\/\/www.reportedeprensa.utalca.cl\/index.php?rest_route=\/wp\/v2\/posts"}],"about":[{"href":"https:\/\/www.reportedeprensa.utalca.cl\/index.php?rest_route=\/wp\/v2\/types\/post"}],"author":[{"embeddable":true,"href":"https:\/\/www.reportedeprensa.utalca.cl\/index.php?rest_route=\/wp\/v2\/users\/1"}],"replies":[{"embeddable":true,"href":"https:\/\/www.reportedeprensa.utalca.cl\/index.php?rest_route=%2Fwp%2Fv2%2Fcomments&post=2743"}],"version-history":[{"count":4,"href":"https:\/\/www.reportedeprensa.utalca.cl\/index.php?rest_route=\/wp\/v2\/posts\/2743\/revisions"}],"predecessor-version":[{"id":2747,"href":"https:\/\/www.reportedeprensa.utalca.cl\/index.php?rest_route=\/wp\/v2\/posts\/2743\/revisions\/2747"}],"wp:attachment":[{"href":"https:\/\/www.reportedeprensa.utalca.cl\/index.php?rest_route=%2Fwp%2Fv2%2Fmedia&parent=2743"}],"wp:term":[{"taxonomy":"category","embeddable":true,"href":"https:\/\/www.reportedeprensa.utalca.cl\/index.php?rest_route=%2Fwp%2Fv2%2Fcategories&post=2743"},{"taxonomy":"post_tag","embeddable":true,"href":"https:\/\/www.reportedeprensa.utalca.cl\/index.php?rest_route=%2Fwp%2Fv2%2Ftags&post=2743"}],"curies":[{"name":"wp","href":"https:\/\/api.w.org\/{rel}","templated":true}]}}