{"id":2752,"date":"2021-12-24T08:53:56","date_gmt":"2021-12-24T11:53:56","guid":{"rendered":"https:\/\/www.reportedeprensa.utalca.cl\/?p=2752"},"modified":"2021-12-24T09:02:03","modified_gmt":"2021-12-24T12:02:03","slug":"24-de-diciembre-de-2021","status":"publish","type":"post","link":"https:\/\/www.reportedeprensa.utalca.cl\/?p=2752","title":{"rendered":"24 de diciembre de 2021"},"content":{"rendered":"\t\t<div data-elementor-type=\"wp-post\" data-elementor-id=\"2752\" class=\"elementor elementor-2752\" data-elementor-settings=\"[]\">\n\t\t\t\t\t\t\t<div class=\"elementor-section-wrap\">\n\t\t\t\t\t\t\t<section class=\"elementor-section elementor-top-section elementor-element elementor-element-a06ca45 elementor-section-boxed elementor-section-height-default elementor-section-height-default\" data-id=\"a06ca45\" data-element_type=\"section\">\n\t\t\t\t\t\t<div class=\"elementor-container elementor-column-gap-default\">\n\t\t\t\t\t<div class=\"elementor-column elementor-col-100 elementor-top-column elementor-element elementor-element-1486c35\" data-id=\"1486c35\" data-element_type=\"column\">\n\t\t\t<div class=\"elementor-widget-wrap elementor-element-populated\">\n\t\t\t\t\t\t\t\t<div class=\"elementor-element elementor-element-42b145e elementor-widget elementor-widget-text-editor\" data-id=\"42b145e\" data-element_type=\"widget\" data-widget_type=\"text-editor.default\">\n\t\t\t\t<div class=\"elementor-widget-container\">\n\t\t\t\t\t\t\t\t<p class=\"x_x_MsoNoSpacing\"><strong>CANAL TVN RED MAULE\u00a0<\/strong><\/p><p class=\"x_x_MsoNoSpacing\"><a href=\"https:\/\/www.litoralpress.cl\/sitio\/RadioTV_Detalles.cshtml?LPKey=6J3UE5TEKFFRKC4AW4CVYA3O7AAER2UHSY4H2OK2VDYGSQR2EJBA\">UTalca firm\u00f3 convenio con la Convenci\u00f3n Constitucional.\u00a0<\/a><\/p><p class=\"x_x_MsoNoSpacing\">\u00a0<\/p><p class=\"x_x_MsoNoSpacing\"><strong>LA PRENSA\u00a0<\/strong><\/p><p class=\"x_x_MsoNoSpacing\"><a href=\"https:\/\/www.litoralpress.cl\/paginaconsultas\/Servicios_NClip\/Get_Imagen_Nota.aspx?LPKey=UZPPSA3ZO6QBACOQXO65KMNFDMTYUV4RXBVJPHQTCLCNUTQH367WWD6SFPU3QG47XGMXPTUFFP23W\">Portada: Universidad de Talca colaborar\u00e1 con la Convenci\u00f3n Constitucional.\u00a0<\/a><\/p><p class=\"x_x_MsoNoSpacing\">\u00a0<\/p><p class=\"x_x_MsoNoSpacing\"><strong>LA PRENSA<\/strong>\u00a0<\/p><p class=\"x_x_MsoNoSpacing\"><a href=\"https:\/\/www.litoralpress.cl\/paginaconsultas\/Servicios_NClip\/Get_Imagen_Nota.aspx?LPKey=57C22FEZWFH3RB5WHXHIYIMBLWINGSOY74W4J7R3L5AD22WM74FN4DKMDN5T6DQHOUZ4S2QYXVHUC\">Universidad de Talca colaborar\u00e1 con la Convenci\u00f3n Constitucional.\u00a0<\/a><\/p><p>\u00a0<\/p><p class=\"x_x_MsoNoSpacing\"><strong>DIARIOLAPRENSA.CL<\/strong>\u00a0<\/p><p class=\"x_x_MsoNoSpacing\"><a href=\"https:\/\/new.diariolaprensa.cl\/index.php\/2021\/12\/23\/universidad-de-talca-colaborara-con-la-convencion-constitucional\/\">Universidad de Talca colaborar\u00e1 con la Convenci\u00f3n Constitucional.\u00a0<\/a><\/p><p class=\"x_x_MsoNoSpacing\" aria-hidden=\"true\">\u00a0<\/p><p class=\"x_x_MsoNoSpacing\"><strong>EL HERALDO\u00a0<\/strong><\/p><p class=\"x_x_MsoNoSpacing\"><a href=\"https:\/\/www.litoralpress.cl\/paginaconsultas\/Servicios_NClip\/Get_Imagen_Nota.aspx?LPKey=4PG6QB4GE6M6WXDVV7MTJ2URGD5BUOZFL2NF52GZGDUQAQGV4JZI4WGT3AZXM6Y4AN53OJKAVCRN4\">Firman convenio: UTalca colaborar\u00e1 con la Convenci\u00f3n Constitucional.\u00a0<\/a><\/p><p class=\"x_x_MsoNoSpacing\">\u00a0<\/p><p class=\"x_x_MsoNoSpacing\"><strong>DIARIOELHERALDO.CL\u00a0<\/strong><\/p><p class=\"x_x_MsoNoSpacing\"><a href=\"http:\/\/www.diarioelheraldo.cl\/noticia\/firman-convenio-utalca-colaborara-con-la-convencion-constitucional-\">Firman convenio: UTalca colaborar\u00e1 con la Convenci\u00f3n Constitucional.\u00a0<\/a><\/p><p class=\"x_x_MsoNoSpacing\" aria-hidden=\"true\">\u00a0<\/p><p class=\"x_x_MsoNoSpacing\"><strong>LANOTICIA.CL\u00a0<\/strong><\/p><p class=\"x_x_MsoNoSpacing\"><a href=\"https:\/\/lanoticia.cl\/utalca-colaborara-con-la-convencion-constitucional\/\">UTalca colaborar\u00e1 con la Convenci\u00f3n Constitucional.\u00a0<\/a><\/p><p>\u00a0<\/p><p class=\"x_x_MsoNoSpacing\"><strong>EMOL.COM\u00a0<\/strong><\/p><p class=\"x_x_MsoNoSpacing\"><a href=\"https:\/\/www.emol.com\/noticias\/Nacional\/2021\/12\/23\/1042019\/cuarta-dosis-analisis-expertos-covid19.html\">&#8220;Refuerzos aumentan respuesta inmune&#8221; y &#8220;mayor protecci\u00f3n frente a \u00d3micron&#8221;: Expertos valoran anuncio sobre la cuarta dosis. Se refiere Daniel Jim\u00e9nez, director de Salud del Estudiante de la UTalca.\u00a0<\/a><\/p><p class=\"x_x_MsoNoSpacing\">\u00a0<\/p><p class=\"x_x_MsoNoSpacing\"><strong>REDMAULE.COM\u00a0<\/strong><\/p><p class=\"x_x_MsoNoSpacing\"><a href=\"https:\/\/www.redmaule.com\/nacional\/hacen-llamado-a-mantener-protocolos-sanitarios-durante-festividades\">Hacen llamado a mantener protocolos sanitarios durante festividades frente a advertencia de la OMS. Se refiere Marcelo Alarc\u00f3n, acad\u00e9mico del Departamento de Bioqu\u00edmica Cl\u00ednica e Inmunohematolog\u00eda de la UTalca.\u00a0<\/a><\/p><p class=\"x_x_MsoNoSpacing\">\u00a0<\/p><p class=\"x_x_MsoNoSpacing\"><strong>DIALOGOSUR.CL\u00a0<\/strong><\/p><p class=\"x_x_MsoNoSpacing\"><a href=\"https:\/\/dialogosur.cl\/especialista-recomienda-mantener-protocolos-durante-festividades-frente-a-advertencia-de-la-oms\/\">Especialista recomienda mantener protocolos durante festividades frente a advertencia de la OMS. Se refiere Marcelo Alarc\u00f3n, acad\u00e9mico del Departamento de Bioqu\u00edmica Cl\u00ednica e Inmunohematolog\u00eda de la UTalca.\u00a0<\/a><\/p><p class=\"x_x_MsoNoSpacing\" aria-hidden=\"true\">\u00a0<\/p><p class=\"x_x_MsoNoSpacing\"><strong>RADIO AMIGA\u00a0<\/strong><\/p><p class=\"x_x_MsoNoSpacing\"><a href=\"https:\/\/www.litoralpress.cl\/sitio\/RadioTV_Detalles.cshtml?LPKey=MC6AAO2Z7GHTIKJO7NLDJKO2DRV2O7WBWXYHIVGLSZDCCUNUJR5A\">Advierten sobre el proceso de vacunaci\u00f3n contra el Covid-19 debe ser voluntaria. Se refiere Loreto N\u00fa\u00f1ez, acad\u00e9mica del Departamento de Salud P\u00fablica de la UTalca.\u00a0<\/a><\/p><p class=\"x_x_MsoNoSpacing\">\u00a0<\/p><p class=\"x_x_MsoNoSpacing\"><strong>DIARIOUSACH.CL\u00a0<\/strong><\/p><p class=\"x_x_MsoNoSpacing\"><a href=\"https:\/\/diariousach.cl\/altas-temperaturas-afectarian-a-la-zona-central-en-las-fiestas-de-fin-de\">Altas temperaturas afectar\u00e1n a la zona central en las fiestas de fin de a\u00f1o. Se refiere Patricio Gonz\u00e1lez, agroclimat\u00f3logo de la UTalca.\u00a0<\/a><\/p><p class=\"x_x_MsoNoSpacing\">\u00a0<\/p><p class=\"x_x_MsoNoSpacing\"><strong>LA PRENSA\u00a0<\/strong><\/p><p class=\"x_x_MsoNoSpacing\"><a href=\"https:\/\/www.litoralpress.cl\/paginaconsultas\/Servicios_NClip\/Get_Imagen_Nota.aspx?LPKey=GWT5RXWR6KQTDL73ZSFQEGFJDUKTMBN4BAJOUS6PTDITQ4P3FLQISLS6RPF5OFNZUXEG4KCRBXSRC\">Pronostican altas temperaturas durante las fiestas de fin de a\u00f1o. Se refiere Patricio Gonz\u00e1lez, agroclimat\u00f3logo de la UTalca.\u00a0<\/a><\/p><p class=\"x_x_MsoNoSpacing\">\u00a0<\/p><p class=\"x_x_MsoNoSpacing\"><strong>DIARIOTALCA.CL\u00a0<\/strong><\/p><p class=\"x_x_MsoNoSpacing\"><a href=\"https:\/\/diariotalca.cl\/atencion-no-sera-una-sino-dos-olas-de-calor-afectaran-al-maule-antes-del-cierre-del-2021\/\">\u00a1Atenci\u00f3n! No ser\u00e1 una sino dos olas de calor afectar\u00e1n al Maule antes del cierre del 2021. Se refiere Patricio Gonz\u00e1lez, agroclimat\u00f3logo de la UTalca.\u00a0<\/a><\/p><p class=\"x_x_MsoNoSpacing\">\u00a0<\/p><p class=\"x_x_MsoNoSpacing\"><strong>RADIO CONDELL\u00a0<\/strong><\/p><p class=\"x_x_MsoNoSpacing\"><a href=\"https:\/\/www.litoralpress.cl\/sitio\/RadioTV_Detalles.cshtml?LPKey=S2AJD4RDNQOPERGOIIGEPYEJWGJDNX54IHYZTYMDKBMPGAPDSG5A\">Altas temperaturas para las fiestas de final de a\u00f1o. Se refiere Patricio Gonz\u00e1lez, agroclimat\u00f3logo de la UTalca.\u00a0<\/a><\/p><p class=\"x_x_MsoNoSpacing\">\u00a0<\/p><p class=\"x_x_MsoNoSpacing\"><strong>ELMAULEINFORMA.CL\u00a0<\/strong><\/p><p class=\"x_x_MsoNoSpacing\"><a href=\"https:\/\/elmauleinforma.cl\/olas-de-calor-afectaran-la-zona-central-en-navidad-y-ano-nuevo\/\">Olas de calor afectar\u00e1n la zona central en Navidad y A\u00f1o Nuevo. Se refiere Patricio Gonz\u00e1lez, agroclimat\u00f3logo de la UTalca.\u00a0<\/a><\/p><p class=\"x_x_MsoNoSpacing\" aria-hidden=\"true\">\u00a0<\/p><p class=\"x_x_MsoNoSpacing\"><strong>G5NOTICIAS.CL\u00a0<\/strong><\/p><p class=\"x_x_MsoNoSpacing\"><a href=\"https:\/\/g5noticias.cl\/2021\/12\/23\/altas-temperaturas-afectarian-a-la-zona-central-durante-las-fiestas-de-fin-de-ano\/\">Altas temperaturas afectar\u00edan a la zona central durante las fiestas de fin de a\u00f1o. Se refiere Patricio Gonz\u00e1lez, agroclimat\u00f3logo de la UTalca.\u00a0<\/a><\/p><p class=\"x_x_MsoNoSpacing\" aria-hidden=\"true\">\u00a0<\/p><p class=\"x_x_MsoNoSpacing\"><strong>RADIOPOLAR.CL\u00a0<\/strong><\/p><p class=\"x_x_MsoNoSpacing\"><a href=\"https:\/\/radiopolar.com\/noticia_172406.html\">Expertos detectan situaciones de riesgo que podr\u00edan terminar como el tr\u00e1gico incendio de Castro. Se refiere Armando Dur\u00e1n, director de la Escuela de Ingenier\u00eda Civil en Obras Civiles y Octavio Castillo, prevencionista de riesgos de la UTalca.\u00a0<\/a><\/p><p class=\"x_x_MsoNoSpacing\">\u00a0<\/p><p class=\"x_x_MsoNoSpacing\"><strong>24HORAS.CL\u00a0<\/strong><\/p><p class=\"x_x_MsoNoSpacing\"><a href=\"https:\/\/www.24horas.cl\/politica\/a-siches-no-la-pondria-como-vocera-y-vallejo-en-interior-seria-un-muy-buen-nombre-las-opciones-que-proyectan-analistas-politicos-para-el-gabinete-de-gabriel-boric-5114100\">&#8220;A Siches no la pondr\u00eda como vocera&#8221; y &#8220;Vallejo en Interior ser\u00eda un muy buen nombre&#8221;: Las opciones para el gabinete de Gabriel Boric. Se refiere Mario Herrera, acad\u00e9mico del Centro de An\u00e1lisis Pol\u00edtico (CAP) de la UTalca.\u00a0<\/a><\/p><p class=\"x_x_MsoNoSpacing\">\u00a0<\/p><p class=\"x_x_MsoNoSpacing\"><strong>LAS \u00daLTIMAS NOTICIAS<\/strong><\/p><p class=\"x_x_MsoNoSpacing\"><a href=\"https:\/\/www.litoralpress.cl\/paginaconsultas\/Servicios_NClip\/Get_Imagen_Nota.aspx?LPKey=W3YAXVV3XGJUOB4J6CCD4ORF4NS6PIIADU7H753VDQYY3NSWQHDIF25TKBSEP4DIWF2PU3ES5N6XE\">As\u00ed es la casona que le presto la U. de Chile a Gabriel Boric para trabajar. Se menciona a la UTalca.<\/a><\/p><p>\u00a0<\/p><p class=\"x_x_MsoNoSpacing\"><strong>RADIO BIOB\u00cdO\u00a0<\/strong><\/p><p class=\"x_x_MsoNoSpacing\"><a href=\"https:\/\/www.litoralpress.cl\/sitio\/RadioTV_Detalles.cshtml?LPKey=LKA5WQ3YLTP73JEFT55IHCYK3POKRTDJ3SJCWKU5OFTQLSJHN5VQ\">Nueva sede del comando de Gabriel Boric. Se menciona a la UTalca.\u00a0<\/a><\/p><p class=\"x_x_MsoNoSpacing\">\u00a0<\/p><p class=\"x_x_MsoNoSpacing\"><strong>RADIO AMIGA\u00a0<\/strong><\/p><p class=\"x_x_MsoNoSpacing\"><a href=\"https:\/\/www.litoralpress.cl\/sitio\/RadioTV_Detalles.cshtml?LPKey=NFD5PKL7ARQDAKE67ZLOMBKHVJF7HK2NE56XJJWYHRGT5X2VCWUA\">Desaf\u00edos del nuevo gobierno de Gabriel Boric. Se refiere Mario Herrera, acad\u00e9mico del Centro de An\u00e1lisis Pol\u00edtico (CAP) de la UTalca.\u00a0<\/a><\/p><p>\u00a0<\/p><p class=\"x_x_MsoNoSpacing\"><strong>CANAL ANTOFAGASTA TELEVISI\u00d3N<\/strong><\/p><p class=\"x_x_MsoNoSpacing\"><a href=\"https:\/\/www.litoralpress.cl\/sitio\/RadioTV_Detalles.cshtml?LPKey=RNUV76XW4WRK5SSAXT4ZD3UXSDZNPGP7JK5TITOQMNGND7O7NMSA\">\u00bfCu\u00e1les son los principales desaf\u00edos que enfrentar\u00e1 el gobierno de Gabriel Boric?\u00a0\u00a0Se refiere Mario Herrera, acad\u00e9mico del Centro de An\u00e1lisis Pol\u00edtico (CAP) de la UTalca.<\/a><\/p><p>\u00a0<\/p><p class=\"x_x_MsoNoSpacing\"><strong>RADIOMAGALLANES.CL\u00a0<\/strong><\/p><p class=\"x_x_MsoNoSpacing\"><a href=\"https:\/\/www.radiomagallanes.cl\/noticia.php?id_not=99241\">Experto analiza los desaf\u00edos que enfrentar\u00e1 el nuevo gobierno. Se refiere Mario Herrera, acad\u00e9mico del Centro de An\u00e1lisis Pol\u00edtico (CAP) de la UTalca.\u00a0<\/a><\/p>\t\t\t\t\t\t<\/div>\n\t\t\t\t<\/div>\n\t\t\t\t\t<\/div>\n\t\t<\/div>\n\t\t\t\t\t\t\t<\/div>\n\t\t<\/section>\n\t\t\t\t\t\t<\/div>\n\t\t\t\t\t<\/div>\n\t\t","protected":false},"excerpt":{"rendered":"<p>CANAL TVN RED MAULE\u00a0 UTalca firm\u00f3 convenio con la Convenci\u00f3n Constitucional.\u00a0 \u00a0 LA PRENSA\u00a0 Portada: Universidad de Talca colaborar\u00e1 con la Convenci\u00f3n Constitucional.\u00a0 \u00a0 LA PRENSA\u00a0 Universidad de Talca colaborar\u00e1 con la Convenci\u00f3n Constitucional.\u00a0 \u00a0 DIARIOLAPRENSA.CL\u00a0 Universidad de Talca colaborar\u00e1 con la Convenci\u00f3n Constitucional.\u00a0 \u00a0 EL HERALDO\u00a0 Firman convenio: UTalca colaborar\u00e1 con la Convenci\u00f3n Constitucional.\u00a0 &hellip;<\/p>\n<p class=\"read-more\"> <a class=\"\" href=\"https:\/\/www.reportedeprensa.utalca.cl\/?p=2752\"> <span class=\"screen-reader-text\">24 de diciembre de 2021<\/span> Read More &raquo;<\/a><\/p>\n","protected":false},"author":1,"featured_media":0,"comment_status":"closed","ping_status":"open","sticky":false,"template":"elementor_theme","format":"standard","meta":{"_monsterinsights_skip_tracking":false,"_monsterinsights_sitenote_active":false,"_monsterinsights_sitenote_note":"","_monsterinsights_sitenote_category":0},"categories":[15],"tags":[],"_links":{"self":[{"href":"https:\/\/www.reportedeprensa.utalca.cl\/index.php?rest_route=\/wp\/v2\/posts\/2752"}],"collection":[{"href":"https:\/\/www.reportedeprensa.utalca.cl\/index.php?rest_route=\/wp\/v2\/posts"}],"about":[{"href":"https:\/\/www.reportedeprensa.utalca.cl\/index.php?rest_route=\/wp\/v2\/types\/post"}],"author":[{"embeddable":true,"href":"https:\/\/www.reportedeprensa.utalca.cl\/index.php?rest_route=\/wp\/v2\/users\/1"}],"replies":[{"embeddable":true,"href":"https:\/\/www.reportedeprensa.utalca.cl\/index.php?rest_route=%2Fwp%2Fv2%2Fcomments&post=2752"}],"version-history":[{"count":4,"href":"https:\/\/www.reportedeprensa.utalca.cl\/index.php?rest_route=\/wp\/v2\/posts\/2752\/revisions"}],"predecessor-version":[{"id":2757,"href":"https:\/\/www.reportedeprensa.utalca.cl\/index.php?rest_route=\/wp\/v2\/posts\/2752\/revisions\/2757"}],"wp:attachment":[{"href":"https:\/\/www.reportedeprensa.utalca.cl\/index.php?rest_route=%2Fwp%2Fv2%2Fmedia&parent=2752"}],"wp:term":[{"taxonomy":"category","embeddable":true,"href":"https:\/\/www.reportedeprensa.utalca.cl\/index.php?rest_route=%2Fwp%2Fv2%2Fcategories&post=2752"},{"taxonomy":"post_tag","embeddable":true,"href":"https:\/\/www.reportedeprensa.utalca.cl\/index.php?rest_route=%2Fwp%2Fv2%2Ftags&post=2752"}],"curies":[{"name":"wp","href":"https:\/\/api.w.org\/{rel}","templated":true}]}}