{"id":2771,"date":"2021-12-27T09:11:02","date_gmt":"2021-12-27T12:11:02","guid":{"rendered":"https:\/\/www.reportedeprensa.utalca.cl\/?p=2771"},"modified":"2021-12-27T09:19:14","modified_gmt":"2021-12-27T12:19:14","slug":"27-de-diciembre-de-2021","status":"publish","type":"post","link":"https:\/\/www.reportedeprensa.utalca.cl\/?p=2771","title":{"rendered":"27 de diciembre de 2021"},"content":{"rendered":"\t\t<div data-elementor-type=\"wp-post\" data-elementor-id=\"2771\" class=\"elementor elementor-2771\" data-elementor-settings=\"[]\">\n\t\t\t\t\t\t\t<div class=\"elementor-section-wrap\">\n\t\t\t\t\t\t\t<section class=\"elementor-section elementor-top-section elementor-element elementor-element-a06ca45 elementor-section-boxed elementor-section-height-default elementor-section-height-default\" data-id=\"a06ca45\" data-element_type=\"section\">\n\t\t\t\t\t\t<div class=\"elementor-container elementor-column-gap-default\">\n\t\t\t\t\t<div class=\"elementor-column elementor-col-100 elementor-top-column elementor-element elementor-element-1486c35\" data-id=\"1486c35\" data-element_type=\"column\">\n\t\t\t<div class=\"elementor-widget-wrap elementor-element-populated\">\n\t\t\t\t\t\t\t\t<div class=\"elementor-element elementor-element-42b145e elementor-widget elementor-widget-text-editor\" data-id=\"42b145e\" data-element_type=\"widget\" data-widget_type=\"text-editor.default\">\n\t\t\t\t<div class=\"elementor-widget-container\">\n\t\t\t\t\t\t\t\t<p><strong>DIARIOTALCA.CL\u00a0<\/strong><\/p><p><a href=\"https:\/\/diariotalca.cl\/firman-convenio-utalca-colaborara-con-la-convencion-constitucional\/\">Firman convenio: UTalca colaborar\u00e1 con la Convenci\u00f3n Constitucional.\u00a0<\/a><\/p><p>\u00a0<\/p><p><strong>ADPRENSA.CL\u00a0<\/strong><\/p><p><a href=\"https:\/\/www.adprensa.cl\/politica\/voto-de-sectores-populares-y-mayor-participacion-fueron-claves-en-el-triunfo-de-gabriel-boric-en-la-segunda-vuelta-presidencial\/\">Voto de sectores populares y mayor participaci\u00f3n fueron claves en el triunfo de Gabriel Boric en la segunda vuelta presidencial. Se refiere Mauricio Morales, director del Centro de An\u00e1lisis Pol\u00edtico (CAP) de la UTalca. \u00a0<\/a><\/p><p>\u00a0<\/p><p><strong>EL HERALDO\u00a0<\/strong><\/p><p><a href=\"https:\/\/www.litoralpress.cl\/paginaconsultas\/Servicios_NClip\/Get_Imagen_Nota.aspx?LPKey=YBMQHONPBWQKWHY7ZSMLFRK6TY74AYPBENILUT6IKD2BC5BAU5L3JG6H747P4WW5VXK722UF2INBI\">Voto de sectores populares y mayor participaci\u00f3n fueron claves en el triunfo de Gabriel Boric. Se refiere Mauricio Morales, director del Centro de An\u00e1lisis Pol\u00edtico (CAP) de la UTalca.\u00a0<\/a><\/p><p aria-hidden=\"true\">\u00a0<\/p><p><strong>ELHERALDO.CL\u00a0<\/strong><\/p><p><a href=\"http:\/\/www.diarioelheraldo.cl\/noticia\/voto-de-sectores-populares-y-mayor-participacion-fueron-claves-en-el-triunfo-de-gabriel-boric\">Voto de sectores populares y mayor participaci\u00f3n fueron claves en el triunfo de Gabriel Boric. Se refiere Mauricio Morales, director del Centro de An\u00e1lisis Pol\u00edtico (CAP) de la UTalca.\u00a0<\/a><\/p><p aria-hidden=\"true\">\u00a0<\/p><p><strong>RADIO MAGALLANES\u00a0<\/strong><\/p><p><a href=\"https:\/\/www.radiomagallanes.cl\/noticia.php?id_not=99267\">Voto de sectores populares y mayor participaci\u00f3n fueron claves en el triunfo de Gabriel Boric en la segunda vuelta presidencial. Se refiere Mauricio Morales, director del Centro de An\u00e1lisis Pol\u00edtico (CAP) de la UTalca.\u00a0<\/a><\/p><p>\u00a0<\/p><p><strong>G5NOTICIAS.CL\u00a0<\/strong><\/p><p><a href=\"https:\/\/g5noticias.cl\/2021\/12\/24\/voto-de-sectores-populares-y-mayor-participacion-fueron-claves-en-el-triunfo-de-gabriel-boric-en-la-segunda-vuelta-presidencial\/\">Voto de sectores populares y mayor participaci\u00f3n fueron claves en el triunfo de Gabriel Boric en la segunda vuelta presidencial. Se refiere Mauricio Morales, director del Centro de An\u00e1lisis Pol\u00edtico (CAP) de la UTalca.\u00a0<\/a><\/p><p aria-hidden=\"true\">\u00a0<\/p><p><strong>RADIO COOPERATIVA\u00a0<\/strong><\/p><p><a href=\"https:\/\/www.litoralpress.cl\/Archivos\/UES2ZCN7KYXEZJO6HIYBFMTDDM.mp3\">Balance Covid-19: Minsal inform\u00f3 1.232 casos nuevos y 21 fallecidos en la \u00faltima jornada.\u00a0Se refiere Marcelo Alarc\u00f3n, acad\u00e9mico Departamento de Bioqu\u00edmica Cl\u00ednica e Inmunohematolog\u00eda de la UTalca.\u00a0<\/a><\/p><p>\u00a0<\/p><p><strong>EMOL.COM\u00a0<\/strong><\/p><p><a href=\"https:\/\/www.emol.com\/noticias\/Nacional\/2021\/12\/24\/1042057\/meta-oms-fin-covid19-2022.html\">&#8220;Dif\u00edcil de predecir&#8221; y &#8220;muy prematuro&#8221;: Expertos ponen en duda ambiciosa meta de la OMS de terminar con el covid-19 en 2022. Se refiere Daniel Jim\u00e9nez, director de Salud del Estudiante de la UTalca.\u00a0<\/a><\/p><p>\u00a0<\/p><p><strong>COOPERATIVA.CL\u00a0<\/strong><\/p><p><a href=\"https:\/\/www.cooperativa.cl\/noticias\/pais\/tiempo\/navidad-y-ano-nuevo-se-viviran-en-medio-de-olas-de-calor-en-la-zona\/2021-12-24\/130159.html\">Navidad y A\u00f1o Nuevo se vivir\u00e1n en medio de olas de calor en la zona central. Se refiere Patricio Gonz\u00e1lez, acad\u00e9mico e investigador del Centro de Investigaci\u00f3n y Transferencia en Riego de la UTalca.\u00a0<\/a><\/p><p aria-hidden=\"true\">\u00a0<\/p><p><strong>CANAL TVN RED AUSTRAL\u00a0<\/strong><\/p><p><a href=\"https:\/\/www.litoralpress.cl\/Archivos\/7ZSFT4DV2YOJZG6IWTI6QTDZFU.mp4\">Covid-19: Recomendaciones para pasar fiestas de Fin de A\u00f1o. Se refiere Daniel Jim\u00e9nez, director de Salud del Estudiante de la UTalca.\u00a0<\/a><\/p><p aria-hidden=\"true\">\u00a0<\/p><p><strong>LA PRENSA\u00a0<\/strong><\/p><p><a href=\"https:\/\/www.litoralpress.cl\/paginaconsultas\/Servicios_NClip\/Get_Imagen_Nota.aspx?LPKey=CQDXWODA4NUENXMYZM5S3EZ6AZNROC6HQK72VAMQLRHVILAPYGFG2GHSW66ZDF2N3WME6AQGGFX2Q\">Portada: Llaman a mantener el autocuidado durante las fiestas de fin de a\u00f1o. Se refiere Marcelo Alarc\u00f3n, acad\u00e9mico Departamento de Bioqu\u00edmica Cl\u00ednica e Inmunohematolog\u00eda de la UTalca.\u00a0<\/a><\/p><p>\u00a0<\/p><p><strong>LA PRENSA\u00a0<\/strong><\/p><p><a href=\"https:\/\/www.litoralpress.cl\/paginaconsultas\/Servicios_NClip\/Get_Imagen_Nota.aspx?LPKey=RTDPB5QMM5CUEBWYYY2YZTGDSGMZFQNC5JKLYHLLMOIPZ42N5YXRC634F4KZMUIDUFU62IROIW664\">Recomiendan mantener protocolos Covid-19 en fiestas de fin de a\u00f1o. Se refiere Marcelo Alarc\u00f3n, acad\u00e9mico Departamento de Bioqu\u00edmica Cl\u00ednica e Inmunohematolog\u00eda de la UTalca.\u00a0<\/a><\/p><p aria-hidden=\"true\">\u00a0<\/p><p><strong>MAULEHOY.CL\u00a0<\/strong><\/p><p><a href=\"https:\/\/maulehoy.cl\/2021\/12\/25\/universidad-de-talca-desarrollo-innovador-softwarede-telerehabilitacion-para-adultos-mayores\/\">Universidad de Talca desarroll\u00f3 innovador software de telerrehabilitaci\u00f3n para adultos mayores. Se refiere Valeska Gatica, directora del Centro Tecnol\u00f3gico de Telerrehabilitaci\u00f3n y Neurociencias de la UTalca.\u00a0<\/a><\/p><p aria-hidden=\"true\">\u00a0<\/p><p><strong>EL HERALDO\u00a0<\/strong><\/p><p><a href=\"https:\/\/www.litoralpress.cl\/paginaconsultas\/Servicios_NClip\/Get_Imagen_Nota.aspx?LPKey=H7SPLU7RLBARAZ6NUA6P35CIPE3FYJREGO67XOYFDHWTUSMAPOWPA7K6ENNPUQEJDTNJKEBQVJF4W\">Especialista recomienda mantener protocolos durante festividades frente a advertencia de la OMS. Se refiere Marcelo Alarc\u00f3n, acad\u00e9mico Departamento de Bioqu\u00edmica Cl\u00ednica e Inmunohematolog\u00eda de la UTalca.\u00a0<\/a><\/p><p aria-hidden=\"true\">\u00a0<\/p><p><strong>EL LECTOR \u00a0<\/strong><\/p><p><a href=\"https:\/\/www.litoralpress.cl\/paginaconsultas\/Servicios_NClip\/Get_Imagen_Nota.aspx?LPKey=7MAL4Y4GPFNHGHAUXLSOLH3JZOEVCX37EKZAJMYU2OO3U7W5QCJP3IIBBKBIMV7WITGT6NGUL6QHW\">Especialista recomienda mantener protocolos durante festividades frente a advertencia de la OMS. Se refiere Marcelo Alarc\u00f3n, acad\u00e9mico Departamento de Bioqu\u00edmica Cl\u00ednica e Inmunohematolog\u00eda de la UTalca.\u00a0<\/a><\/p><p aria-hidden=\"true\">\u00a0<\/p><p><strong>DIARIOLAPRENSA.CL\u00a0<\/strong><\/p><p><a href=\"https:\/\/new.diariolaprensa.cl\/index.php\/2021\/12\/25\/recomiendan-mantener-protocolos-covid-19-en-fiestas-de-fin-de-ano\/\">Recomiendan mantener protocolos Covid-19 en fiestas de fin de a\u00f1o. Se refiere Marcelo Alarc\u00f3n, acad\u00e9mico Departamento de Bioqu\u00edmica Cl\u00ednica e Inmunohematolog\u00eda de la UTalca.\u00a0<\/a><\/p><p aria-hidden=\"true\">\u00a0<\/p><p><strong>ELHERALDO.CL\u00a0<\/strong><\/p><p><a href=\"http:\/\/www.diarioelheraldo.cl\/noticia\/especialista-recomienda-mantener-protocolos-durante-festividades-frente-a-advertencia-de-la-oms-\">Especialista recomienda mantener protocolos durante festividades frente a advertencia de la OMS. Se refiere Marcelo Alarc\u00f3n, acad\u00e9mico Departamento de Bioqu\u00edmica Cl\u00ednica e Inmunohematolog\u00eda de la UTalca.\u00a0<\/a><\/p><p aria-hidden=\"true\">\u00a0<\/p><p><strong>G5NOTICIAS.CL\u00a0<\/strong><\/p><p><a href=\"https:\/\/g5noticias.cl\/2021\/12\/24\/especialista-recomienda-mantener-protocolos-durante-festividades-frente-a-advertencia-de-la-oms\/\">Especialista recomienda mantener protocolos durante festividades frente a advertencia de la OMS. Se refiere Marcelo Alarc\u00f3n, acad\u00e9mico Departamento de Bioqu\u00edmica Cl\u00ednica e Inmunohematolog\u00eda de la UTalca.\u00a0<\/a><\/p><p>\u00a0\u00a0<\/p><p><strong>SEPTIMAPAGINANOTICIAS.CL\u00a0<\/strong><\/p><p><a href=\"https:\/\/www.septimapaginanoticias.cl\/pandemia-del-covid-19-especialista-recomienda-mantener-protocolos-durante-festividades-frente-a-advertencia-de-la-oms\">Pandemia del Covid-19: Especialista recomienda mantener protocolos durante festividades frente a advertencia de la OMS. Se refiere Marcelo Alarc\u00f3n, acad\u00e9mico Departamento de Bioqu\u00edmica Cl\u00ednica e Inmunohematolog\u00eda de la UTalca.\u00a0<\/a><\/p><p aria-hidden=\"true\">\u00a0<\/p><p><strong>CANAL TVN RED AUSTRAL\u00a0<\/strong><\/p><p><a href=\"https:\/\/www.litoralpress.cl\/Archivos\/2A6K227RXQA7IIA3OPQPNGIM2M.mp4\">Se cumple un a\u00f1o desde la llegada de la vacuna contra el coronavirus en Magallanes. Se refiere Marcelo Alarc\u00f3n, acad\u00e9mico Departamento de Bioqu\u00edmica Cl\u00ednica e Inmunohematolog\u00eda de la UTalca.\u00a0<\/a><\/p><p>\u00a0<\/p><p><strong>CANAL TVN RED AUSTRAL\u00a0<\/strong><\/p><p><a href=\"https:\/\/www.litoralpress.cl\/Archivos\/RHGOT3N3MBVQUWCZKG2QU3TU4U.mp4\">El diciembre m\u00e1s seco de los \u00faltimos 50 a\u00f1os. Se refiere Patricio Gonz\u00e1lez, acad\u00e9mico e investigador del Centro de Investigaci\u00f3n y Transferencia en Riego de la UTalca.\u00a0<\/a><\/p><p aria-hidden=\"true\">\u00a0<\/p><p><strong>CANAL CONTIVISI\u00d3N\u00a0<\/strong><\/p><p><a href=\"https:\/\/www.litoralpress.cl\/Archivos\/IQLGUVVLK4KUXRU563ZHPANQ64.mp4\">Proyectan dos nuevas olas de calor para fiestas de fin de a\u00f1o. Se refiere Patricio Gonz\u00e1lez, acad\u00e9mico e investigador del Centro de Investigaci\u00f3n y Transferencia en Riego de la UTalca.\u00a0<\/a><\/p><p>\u00a0<\/p><p><strong>COOPERATIVA.CL \u00a0<\/strong><\/p><p><a href=\"https:\/\/www.cooperativa.cl\/noticias\/pais\/region-del-maule\/rios-maule-y-mataquito-racionalizaran-agua-para-enfrentar-otra-temporada\/2021-12-26\/140240.html\">R\u00edos Maule y Mataquito racionalizar\u00e1n agua para enfrentar otra temporada de sequ\u00eda. Se menciona a la UTalca.\u00a0<\/a><\/p><p>\u00a0<\/p><p><strong>SEPTIMAPAGINANOTICIAS.CL\u00a0<\/strong><\/p><p><a href=\"https:\/\/www.septimapaginanoticias.cl\/hoy-parte-nueva-oleada-de-altas-temperaturas-en-la-zona-central\">Hoy parte nueva &#8220;oleada&#8221; de altas temperaturas en la zona central. Se refiere Patricio Gonz\u00e1lez, acad\u00e9mico e investigador del Centro de Investigaci\u00f3n y Transferencia en Riego de la UTalca.\u00a0<\/a><\/p><p aria-hidden=\"true\">\u00a0<\/p><p><strong>RADIO AMIGA\u00a0<\/strong><\/p><p><a href=\"https:\/\/www.litoralpress.cl\/sitio\/RadioTV_Detalles.cshtml?LPKey=CQ7SZ2TITHXBXC5MT7ZUT6UVSWFTZ6ZQABUSKN3ZEP6H5E6ZO3PQ\">Anuncian ola de calor para este fin de semana para la zona central del pa\u00eds. Se refiere Patricio Gonz\u00e1lez, acad\u00e9mico e investigador del Centro de Investigaci\u00f3n y Transferencia en Riego de la UTalca.\u00a0<\/a><\/p><p aria-hidden=\"true\">\u00a0<\/p><p><strong>CANAL TVN RED AUSTRAL\u00a0<\/strong><\/p><p><a href=\"https:\/\/www.litoralpress.cl\/Archivos\/U2RBTXGPOVNTMCGSNLXBSNRCLU.mp4\">Punta Arenas: Vendedores ambulantes sacan cuentas alegres tras compras de regalos navide\u00f1os de \u00faltima hora. Se refiere Hern\u00e1n D\u00edaz, acad\u00e9mico de la Facultad de Econom\u00eda y Negocios de la UTalca.\u00a0<\/a><\/p><p>\u00a0<\/p><p><strong>IMPACTOREGIONAL.CL\u00a0<\/strong><\/p><p><a href=\"http:\/\/www.impactoregional.cl\/?p=4583\">Legalmente a los chilenos no se les puede obligar a vacunarse. Se refiere Loreto N\u00fa\u00f1ez, acad\u00e9mica del Departamento de Salud P\u00fablica de la UTALCA.\u00a0<\/a><\/p><p>\u00a0<\/p><p><strong>CANAL MEGA\u00a0<\/strong><\/p><p><a href=\"https:\/\/www.litoralpress.cl\/Archivos\/XCWB5G3RXS7LD5JRDTAGCXEIWQ.mp4\">Entrevista a Mauricio Morales, director\u00a0del Centro de An\u00e1lisis Pol\u00edtico de la UTalca.\u00a0<\/a><\/p><p>\u00a0<\/p><p><strong>CANAL MEGA\u00a0<\/strong><\/p><p><a href=\"https:\/\/www.litoralpress.cl\/Archivos\/SS5UFZQRMVIJQ24S4SEPPFUDJY.mp4\">Un 55% cree que a Boric le ir\u00e1 bien. Se refiere Mauricio Morales, director del Centro de An\u00e1lisis Pol\u00edtico (CAP) de la UTalca.\u00a0<\/a><\/p><p>\u00a0<\/p><p><strong>CANAL TVN\u00a0<\/strong><\/p><p><a href=\"https:\/\/www.litoralpress.cl\/Archivos\/JCJ75Y6U3MNPSFW5P6A2WIPRXY.mp4\">El jefe pol\u00edtico de Gabriel Boric se\u00f1al\u00f3 que analizan propuesta de gira junto al Presidente Pi\u00f1era. Se refiere Mauricio Morales, director del Centro de An\u00e1lisis Pol\u00edtico (CAP) de la UTalca.\u00a0<\/a><\/p><p>\u00a0<\/p><p><strong>CANAL 24 HORAS\u00a0<\/strong><\/p><p><a href=\"https:\/\/www.litoralpress.cl\/Archivos\/ZJZH3J4EFX3HHDDTH5Z5IM7JAA.mp4\">El jefe pol\u00edtico de Gabriel Boric se\u00f1al\u00f3 que analizan propuesta de gira junto al Presidente Pi\u00f1era. Se refiere Mauricio Morales, director del Centro de An\u00e1lisis Pol\u00edtico (CAP) de la UTalca.\u00a0<\/a><\/p><p>\u00a0<\/p><p><strong>DIARIOTALCA.CL\u00a0<\/strong><\/p><p><a href=\"https:\/\/diariotalca.cl\/cual-podria-ser-el-perfil-del-gabinete-de-boric-experto-adelante-las-claves\/\">\u00bfCu\u00e1l podr\u00eda ser el perfil del Gabinete de Boric? Experto adelante las claves. Se refiere Mario Herrera, acad\u00e9mico del Centro de An\u00e1lisis Pol\u00edtico (CAP) de la UTalca.\u00a0<\/a><\/p><p>\u00a0<\/p><p><strong>G5NOTICIAS.CL\u00a0<\/strong><\/p><p><a href=\"https:\/\/g5noticias.cl\/2021\/12\/25\/experto-analiza-los-desafios-que-enfrentara-el-nuevo-gobierno\/\">Experto analiza los desaf\u00edos que enfrentar\u00e1 el nuevo gobierno. Se refiere Mario Herrera, acad\u00e9mico del Centro de An\u00e1lisis Pol\u00edtico (CAP) de la UTalca.\u00a0<\/a><\/p><p aria-hidden=\"true\">\u00a0<\/p><p><strong>RADIOSREGIONALES.CL\u00a0<\/strong><\/p><p><a href=\"https:\/\/www.radiosregionales.cl\/colegio-de-nutricionistas-llama-a-no-desperdiciar-alimentos-en-estas-celebraciones-de-fin-de-ano\/\">Colegio de Nutricionistas llama a no desperdiciar alimentos en estas celebraciones de fin de a\u00f1o. Se menciona a la UTalca.\u00a0<\/a><\/p><p aria-hidden=\"true\">\u00a0<\/p><p><strong>LA PRENSA\u00a0<\/strong><\/p><p><a href=\"https:\/\/www.litoralpress.cl\/paginaconsultas\/Documentos\/Crear_Achivo_Pdf.aspx?LPKey=JHFLF4DEDZP5AC53N4ESNCM4CQ2OCYZB4DLFBRMG3H5FFSIQLZDQ\">Amante de la artesan\u00eda atesora obras \u00fanicas como los pesebres navide\u00f1os. Se menciona a la UTalca.\u00a0<\/a><\/p><p aria-hidden=\"true\">\u00a0<\/p><p><strong>DIARIOLA PRENSA.CL\u00a0<\/strong><\/p><p><a href=\"https:\/\/new.diariolaprensa.cl\/index.php\/2021\/12\/26\/amante-de-la-artesania-atesora-obras-unicas-como-los-pesebres-navidenos\/\">Amante de la artesan\u00eda atesora obras \u00fanicas como los pesebres navide\u00f1os. Se menciona a la UTalca.\u00a0<\/a><\/p>\t\t\t\t\t\t<\/div>\n\t\t\t\t<\/div>\n\t\t\t\t\t<\/div>\n\t\t<\/div>\n\t\t\t\t\t\t\t<\/div>\n\t\t<\/section>\n\t\t\t\t\t\t<\/div>\n\t\t\t\t\t<\/div>\n\t\t","protected":false},"excerpt":{"rendered":"<p>DIARIOTALCA.CL\u00a0 Firman convenio: UTalca colaborar\u00e1 con la Convenci\u00f3n Constitucional.\u00a0 \u00a0 ADPRENSA.CL\u00a0 Voto de sectores populares y mayor participaci\u00f3n fueron claves en el triunfo de Gabriel Boric en la segunda vuelta presidencial. Se refiere Mauricio Morales, director del Centro de An\u00e1lisis Pol\u00edtico (CAP) de la UTalca. \u00a0 \u00a0 EL HERALDO\u00a0 Voto de sectores populares y mayor &hellip;<\/p>\n<p class=\"read-more\"> <a class=\"\" href=\"https:\/\/www.reportedeprensa.utalca.cl\/?p=2771\"> <span class=\"screen-reader-text\">27 de diciembre de 2021<\/span> Read More &raquo;<\/a><\/p>\n","protected":false},"author":1,"featured_media":0,"comment_status":"closed","ping_status":"open","sticky":false,"template":"elementor_theme","format":"standard","meta":{"_monsterinsights_skip_tracking":false,"_monsterinsights_sitenote_active":false,"_monsterinsights_sitenote_note":"","_monsterinsights_sitenote_category":0},"categories":[15],"tags":[],"_links":{"self":[{"href":"https:\/\/www.reportedeprensa.utalca.cl\/index.php?rest_route=\/wp\/v2\/posts\/2771"}],"collection":[{"href":"https:\/\/www.reportedeprensa.utalca.cl\/index.php?rest_route=\/wp\/v2\/posts"}],"about":[{"href":"https:\/\/www.reportedeprensa.utalca.cl\/index.php?rest_route=\/wp\/v2\/types\/post"}],"author":[{"embeddable":true,"href":"https:\/\/www.reportedeprensa.utalca.cl\/index.php?rest_route=\/wp\/v2\/users\/1"}],"replies":[{"embeddable":true,"href":"https:\/\/www.reportedeprensa.utalca.cl\/index.php?rest_route=%2Fwp%2Fv2%2Fcomments&post=2771"}],"version-history":[{"count":7,"href":"https:\/\/www.reportedeprensa.utalca.cl\/index.php?rest_route=\/wp\/v2\/posts\/2771\/revisions"}],"predecessor-version":[{"id":2778,"href":"https:\/\/www.reportedeprensa.utalca.cl\/index.php?rest_route=\/wp\/v2\/posts\/2771\/revisions\/2778"}],"wp:attachment":[{"href":"https:\/\/www.reportedeprensa.utalca.cl\/index.php?rest_route=%2Fwp%2Fv2%2Fmedia&parent=2771"}],"wp:term":[{"taxonomy":"category","embeddable":true,"href":"https:\/\/www.reportedeprensa.utalca.cl\/index.php?rest_route=%2Fwp%2Fv2%2Fcategories&post=2771"},{"taxonomy":"post_tag","embeddable":true,"href":"https:\/\/www.reportedeprensa.utalca.cl\/index.php?rest_route=%2Fwp%2Fv2%2Ftags&post=2771"}],"curies":[{"name":"wp","href":"https:\/\/api.w.org\/{rel}","templated":true}]}}