{"id":2785,"date":"2021-12-28T08:41:06","date_gmt":"2021-12-28T11:41:06","guid":{"rendered":"https:\/\/www.reportedeprensa.utalca.cl\/?p=2785"},"modified":"2021-12-28T09:01:03","modified_gmt":"2021-12-28T12:01:03","slug":"28-de-diciembre-de-2021","status":"publish","type":"post","link":"https:\/\/www.reportedeprensa.utalca.cl\/?p=2785","title":{"rendered":"28 de diciembre de 2021"},"content":{"rendered":"\t\t<div data-elementor-type=\"wp-post\" data-elementor-id=\"2785\" class=\"elementor elementor-2785\" data-elementor-settings=\"[]\">\n\t\t\t\t\t\t\t<div class=\"elementor-section-wrap\">\n\t\t\t\t\t\t\t<section class=\"elementor-section elementor-top-section elementor-element elementor-element-a06ca45 elementor-section-boxed elementor-section-height-default elementor-section-height-default\" data-id=\"a06ca45\" data-element_type=\"section\">\n\t\t\t\t\t\t<div class=\"elementor-container elementor-column-gap-default\">\n\t\t\t\t\t<div class=\"elementor-column elementor-col-100 elementor-top-column elementor-element elementor-element-1486c35\" data-id=\"1486c35\" data-element_type=\"column\">\n\t\t\t<div class=\"elementor-widget-wrap elementor-element-populated\">\n\t\t\t\t\t\t\t\t<div class=\"elementor-element elementor-element-42b145e elementor-widget elementor-widget-text-editor\" data-id=\"42b145e\" data-element_type=\"widget\" data-widget_type=\"text-editor.default\">\n\t\t\t\t<div class=\"elementor-widget-container\">\n\t\t\t\t\t\t\t\t<p><strong>DIARIO TALCA\u00a0<\/strong><\/p><p><a href=\"https:\/\/www.litoralpress.cl\/paginaconsultas\/Servicios_NClip\/Get_Imagen_Nota.aspx?LPKey=REE3IQAU2SASXN2BKV76ZCZNH6NZ6OAP6W4GU3NQKF3PBILT232TTRVE2NOR4TVBQYPRZMPIZ6A7M\">Ranking reafirma liderazgo nacional de la Universidad de Talca.\u00a0<\/a><\/p><p>\u00a0<\/p><p><strong>LA PRENSA\u00a0<\/strong><\/p><p><a href=\"https:\/\/www.litoralpress.cl\/paginaconsultas\/Servicios_NClip\/Get_Imagen_Nota.aspx?LPKey=ETU34DXC45MKW6TZ4EJW7QCIKKPRSMJ5SKWOCJFPKCXDQVUQHET2YV4COYGM7KZ6247NIVPMYS7FE\">Acad\u00e9micas y exalumnas de Ingenier\u00eda en Minas de la UTalca entre 100 mujeres l\u00edderes del sector.\u00a0<\/a><\/p><p>\u00a0<\/p><p><strong>DIARIOLAPRENSA.CL\u00a0<\/strong><\/p><p><a href=\"https:\/\/new.diariolaprensa.cl\/index.php\/2021\/12\/27\/academicas-y-exalumnas-de-ingenieria-en-minas-de-la-utalca-entre-100-mujeres-lideres-del-sector\/\">Acad\u00e9micas y exalumnas de Ingenier\u00eda en Minas de la UTalca entre 100 mujeres l\u00edderes del sector.\u00a0<\/a><\/p><p>\u00a0<\/p><p><strong>MINERIACHILE.CL\u00a0<\/strong><\/p><p><a href=\"https:\/\/www.mineriachile.cl\/2021\/12\/27\/reconocen-labor-de-cuatro-utalinas-lideres-en-la-mineria\/\">Reconocen labor de cuatro utalinas l\u00edderes en la miner\u00eda.\u00a0<\/a><\/p><p>\u00a0<\/p><p><strong>PORTALEDUCACION.CL\u00a0<\/strong><\/p><p><a href=\"https:\/\/portaleducacion.cl\/index.php\/2021\/12\/27\/reconocen-labor-de-cuatro-utalinas-lideres-en-la-mineria\/\">Reconocen labor de cuatro utalinas l\u00edderes en la miner\u00eda.\u00a0<\/a><\/p><p>\u00a0<\/p><p><strong>ENLINEAMAULE.CL\u00a0<\/strong><\/p><p><a href=\"https:\/\/enlineamaule.cl\/archivo\/46639\">Reconocen labor de cuatro utalinas l\u00edderes en la miner\u00eda en el pa\u00eds, se trata de dos acad\u00e9micas de la casa de estudios superiores y dos exalumnas.\u00a0<\/a><\/p><p>\u00a0<\/p><p><strong>LA PRENSA\u00a0<\/strong><\/p><p><a href=\"https:\/\/www.litoralpress.cl\/paginaconsultas\/Servicios_NClip\/Get_Imagen_Nota.aspx?LPKey=Z75FNVWWDHEME636ZLXPWFBVTJCAXZZ7GEDIT6FLETZMAVZNFGTGGISIUVL24WNDEPJAMKIFU5ALG\">Seminario UTalca \u2013 Cieplan: Voto de sectores populares y mayor participaci\u00f3n fueron claves en el triunfo de Gabriel Boric. Se refiere Mauricio Morales, director del Centro de An\u00e1lisis Pol\u00edtico (CAP) de la UTalca.\u00a0<\/a><\/p><p>\u00a0<\/p><p><strong>ENLINEAMAULE.CL\u00a0<\/strong><\/p><p><a href=\"https:\/\/enlineamaule.cl\/archivo\/46630\">Los sectores populares fueron clave en el \u00e9xito de Gabriel Boric en la segunda vuelta. Se refiere Mauricio Morales, director del Centro de An\u00e1lisis Pol\u00edtico (CAP) de la UTalca.\u00a0<\/a><\/p><p>\u00a0<\/p><p><strong>ELMOSTRADOR.CL\u00a0<\/strong><\/p><p><a href=\"https:\/\/www.elmostrador.cl\/generacion-m\/2021\/12\/27\/como-ahorrar-energia-durante-el-verano\/\">\u00bfC\u00f3mo ahorrar energ\u00eda durante el verano? Se refieren Mar\u00eda Luisa del Campo, Marco Alsina y Daniel Mora, acad\u00e9micos de la Facultad de Ingenier\u00eda.\u00a0<\/a><\/p><p>\u00a0<\/p><p><strong>DIARIOELHERALDO.CL\u00a0<\/strong><\/p><p><a href=\"http:\/\/www.diarioelheraldo.cl\/noticia\/academicos-utalca-entregan-ideas-para-el-ahorro-energetico-durante-el-verano-\">Acad\u00e9micos UTalca entregan ideas para el ahorro energ\u00e9tico durante el verano. Se refieren Mar\u00eda Luisa del Campo, Marco Alsina y Daniel Mora, acad\u00e9micos de la Facultad de Ingenier\u00eda.\u00a0<\/a><\/p><p>\u00a0<\/p><p><strong>ELMAULEINFORMA.CL\u00a0<\/strong><\/p><p><a href=\"https:\/\/elmauleinforma.cl\/ideas-para-el-ahorro-energetico-y-de-agua-durante-el-verano\/\">Ideas para el ahorro energ\u00e9tico y de agua durante el verano. Se refieren Mar\u00eda Luisa del Campo, Marco Alsina y Daniel Mora, acad\u00e9micos de la Facultad de Ingenier\u00eda.\u00a0<\/a><\/p><p>\u00a0<\/p><p><strong>VLTV.CL\u00a0<\/strong><\/p><p><a href=\"https:\/\/vltv.cl\/academicos-utalca-entregan-ideas-para-el-ahorro-energetico-durante-el-verano\/\">Acad\u00e9micos UTalca entregan ideas para el ahorro energ\u00e9tico durante el verano. Se refieren Mar\u00eda Luisa del Campo, Marco Alsina y Daniel Mora, acad\u00e9micos de la Facultad de Ingenier\u00eda.\u00a0<\/a>\u00a0<\/p><p>\u00a0<\/p><p><strong>RADIO COOPERATIVA\u00a0<\/strong><\/p><p><a href=\"https:\/\/www.litoralpress.cl\/Archivos\/2KGSJVLISTAAMSSW44OHPDY7AM.mp3\">Efectos de variante \u00d3micron a nivel mundial. Se refiere Marcelo Alarc\u00f3n, acad\u00e9mico Departamento de Bioqu\u00edmica Cl\u00ednica e Inmunohematolog\u00eda de la UTalca.\u00a0<\/a><\/p><p>\u00a0<\/p><p><strong>EL MERCURIO DE VALPARA\u00cdSO\u00a0<\/strong><\/p><p><a href=\"https:\/\/www.litoralpress.cl\/paginaconsultas\/Servicios_NClip\/Get_Imagen_Nota.aspx?LPKey=4RA65TLSCCXFNDJCUDAR2ZPWYMPTXEDQ4HTLP765BUSSWK6E4PYIT6PA35QDSQBOVHZKE4UTPLTCQ\">Contagios por covid-19 en Chile superaron 1,8 mill\u00f3n. Se refiere Marcelo Alarc\u00f3n, acad\u00e9mico Departamento de Bioqu\u00edmica Cl\u00ednica e Inmunohematolog\u00eda de la UTalca.<\/a><\/p><p>\u00a0<\/p><p><strong>EL MERCURIO DE ANTOFAGASTA\u00a0<\/strong><\/p><p><a href=\"https:\/\/www.litoralpress.cl\/paginaconsultas\/Servicios_NClip\/Get_Imagen_Nota.aspx?LPKey=LPG62RGHDTQRNGBNZKUSAIVHJXRLDMHZ7AWV5WJSXWFP5DH52I2DNJE6UWH33GWWB6QSYDC3ODBP4\">Contagios por covid-19 en Chile superaron 1,8 mill\u00f3n. Se refiere Marcelo Alarc\u00f3n, acad\u00e9mico Departamento de Bioqu\u00edmica Cl\u00ednica e Inmunohematolog\u00eda de la UTalca.\u00a0<\/a><\/p><p>\u00a0<\/p><p><strong>EL MERCURIO DE CALAMA\u00a0<\/strong><\/p><p><a href=\"https:\/\/www.litoralpress.cl\/paginaconsultas\/Servicios_NClip\/Get_Imagen_Nota.aspx?LPKey=QPXE7MYDRUZV763EU7PG6I2ESRS22DN4AHV5ISDZWL5VHVFQ7KYIK2HO7V7ZHL6BNZTIH2KXDD6LC\">Contagios por covid-19 en Chile superaron 1,8 mill\u00f3n. Se refiere Marcelo Alarc\u00f3n, acad\u00e9mico Departamento de Bioqu\u00edmica Cl\u00ednica e Inmunohematolog\u00eda de la UTalca.\u00a0<\/a><\/p><p>\u00a0<\/p><p><strong>EL SUR\u00a0<\/strong><\/p><p><a href=\"https:\/\/www.litoralpress.cl\/paginaconsultas\/Servicios_NClip\/Get_Imagen_Nota.aspx?LPKey=KNOLRBA7R2R4FENCGJ6JD2GB236GDEP6PYAOKFYPQM6SG3VAWKZ7BZ6D335XSO3CS64QMYOO2OLOY\">Contagios por covid-19 en Chile superaron 1,8 mill\u00f3n. Se refiere Marcelo Alarc\u00f3n, acad\u00e9mico Departamento de Bioqu\u00edmica Cl\u00ednica e Inmunohematolog\u00eda de la UTalca.\u00a0<\/a><\/p><p>\u00a0<\/p><p><strong>CR\u00d3NICA DE CHILL\u00c1N\u00a0<\/strong><\/p><p><a href=\"https:\/\/www.litoralpress.cl\/paginaconsultas\/Servicios_NClip\/Get_Imagen_Nota.aspx?LPKey=QSAUVXZVCE2BYECZ3KC4M35BWYIDEBU54F22FCYI6TTI7ZWTFUAOJOEB45EOAGAFSTH57YDMBRHF2\">Contagios por covid-19 en Chile superaron 1,8 mill\u00f3n. Se refiere Marcelo Alarc\u00f3n, acad\u00e9mico Departamento de Bioqu\u00edmica Cl\u00ednica e Inmunohematolog\u00eda de la UTalca.\u00a0<\/a><\/p><p>\u00a0<\/p><p><strong>DIARIO AUSTRAL REGI\u00d3N DE LOS R\u00cdOS\u00a0<\/strong><\/p><p><a href=\"https:\/\/www.litoralpress.cl\/paginaconsultas\/Servicios_NClip\/Get_Imagen_Nota.aspx?LPKey=N6BSP4DUHILBXS4KSGBKNJDZ25DMUAT7DYTFPKJPRG5UVWN3QZGS7HWQERNEF4UW4QDII4IR276VM\">Contagios por covid-19 en Chile superaron 1,8 mill\u00f3n. Se refiere Marcelo Alarc\u00f3n, acad\u00e9mico Departamento de Bioqu\u00edmica Cl\u00ednica e Inmunohematolog\u00eda de la UTalca.\u00a0<\/a><\/p><p>\u00a0<\/p><p><strong>EL LLANQUIHUE\u00a0<\/strong><\/p><p><a href=\"https:\/\/www.litoralpress.cl\/paginaconsultas\/Servicios_NClip\/Get_Imagen_Nota.aspx?LPKey=QTUKBZ7WQM2WJTAIV6T7PIZ7QFSCKRP26GLVXMIBC54L2XRTNP7I3SHAKFQM7VX3K2B5S64TGJK2Q\">Contagios por covid-19 en Chile superaron 1,8 mill\u00f3n. Se refiere Marcelo Alarc\u00f3n, acad\u00e9mico Departamento de Bioqu\u00edmica Cl\u00ednica e Inmunohematolog\u00eda de la UTalca.\u00a0<\/a><\/p><p>\u00a0<\/p><p><strong>EL AUSTRAL DE OSORNO\u00a0<\/strong><\/p><p><a href=\"https:\/\/www.litoralpress.cl\/paginaconsultas\/Servicios_NClip\/Get_Imagen_Nota.aspx?LPKey=26R3YFBGDTVNEJPEH2TSW6AO7YVZOC445CLEQHECWKLNULDXMSHD5PX5ZSWO27FLVZNUJDSHTYCU2\">Contagios por covid-19 en Chile superaron 1,8 mill\u00f3n. Se refiere Marcelo Alarc\u00f3n, acad\u00e9mico Departamento de Bioqu\u00edmica Cl\u00ednica e Inmunohematolog\u00eda de la UTalca.\u00a0<\/a><\/p><p>\u00a0<\/p><p><strong>EL DIARIO DE ATACAMA\u00a0<\/strong><\/p><p><a href=\"https:\/\/www.litoralpress.cl\/paginaconsultas\/Servicios_NClip\/Get_Imagen_Nota.aspx?LPKey=6OPVM5NWDU37GNROYHPH7UL4IUU5ZOBNZ2J3VKQXVLWJUD3GOGSXYMVDA5JIT2KCOKHQUG2PWHB46\">Contagios por covid-19 en Chile superaron 1,8 mill\u00f3n. Se refiere Marcelo Alarc\u00f3n, acad\u00e9mico Departamento de Bioqu\u00edmica Cl\u00ednica e Inmunohematolog\u00eda de la UTalca.\u00a0<\/a><\/p><p>\u00a0<\/p><p><strong>RADIO BIOB\u00cdO\u00a0<\/strong><\/p><p><a href=\"https:\/\/www.litoralpress.cl\/Archivos\/64ZOA2W3P35IHLT5UPBIRFX5FA.mp3\">Incendios forestales y los efectos del cambio clim\u00e1tico. Se refiere Patricio Gonz\u00e1lez, acad\u00e9mico e investigador del Centro de Investigaci\u00f3n y Transferencia en Riego (CITRA) de la UTalca.\u00a0<\/a><\/p><p>\u00a0<\/p><p><strong>LAS \u00daLTIMAS NOTICIAS\u00a0<\/strong><\/p><p><a href=\"https:\/\/www.litoralpress.cl\/paginaconsultas\/Servicios_NClip\/Get_Imagen_Nota.aspx?LPKey=DKPUNCTFES5YBWCTTNNJOZ2XP2DT6MXKQ4GY7S6VVMJBDX4CVP3T23VJIMKA7ZYA2FF5X3G773S66\">Larry Moe Awards 2021 (el balance definitivo). Se menciona a Mauricio Morales, director del Centro de An\u00e1lisis Pol\u00edtico de la UTalca.\u00a0<\/a><\/p><p>\u00a0<\/p><p><strong>LAS \u00daLTIMAS NOTICIAS\u00a0<\/strong><\/p><p><a href=\"https:\/\/www.litoralpress.cl\/paginaconsultas\/Servicios_NClip\/Get_Imagen_Nota.aspx?LPKey=357BDKSFDELCSQ53MNC7ABZGDPSJYTBLTTVE7E74ORWXWLZXHS6PN5ZQCOFKMOZMDRYL3V563RWBA\">Dos matronas y un m\u00e9dico gineco-obstetra detallan en qu\u00e9 se diferencian sus trabajos. Se menciona a la UTalca.\u00a0<\/a><\/p><p>\u00a0<\/p><p><strong>REDMAULE.COM\u00a0<\/strong><\/p><p><a href=\"https:\/\/www.redmaule.com\/regional\/desafios-medioambientales-en-la-cuenca-del-maule-profesionales-se\">Desaf\u00edos medioambientales en la cuenca del Maule: Profesionales que se re\u00fanen en la primera versi\u00f3n del Seminario de Gesti\u00f3n H\u00eddrica. Se refiere Samuel Ortega, director del Centro de Investigaci\u00f3n y Transferencia en Riego y Agroclimatolog\u00eda (CITRA) de la Universidad de Talca.\u00a0<\/a><\/p><p>\u00a0<\/p><p><strong>LINARESENLINEA.CL\u00a0<\/strong><\/p><p><a href=\"https:\/\/www.linaresenlinea.cl\/2021\/12\/27\/desafios-medioambientales-en-la-cuenca-del-maule-profesionales-que-se-reunen-en-la-primera-version-del-seminario-de-gestion-hidrica\/\">Desaf\u00edos medioambientales en la cuenca del Maule: Profesionales que se re\u00fanen en la primera versi\u00f3n del Seminario de Gesti\u00f3n H\u00eddrica. Se refiere Samuel Ortega, director del Centro de Investigaci\u00f3n y Transferencia en Riego y Agroclimatolog\u00eda (CITRA) de la Universidad de Talca.\u00a0<\/a><\/p><p>\u00a0<\/p><p><strong>RADIO COOPERATIVA\u00a0<\/strong><\/p><p><a href=\"https:\/\/www.litoralpress.cl\/Archivos\/MWODU6Z7XCYU5LFCDIG66VHADY.mp3\">Talca. Hay preocupaci\u00f3n por la escasez h\u00eddrica, la p\u00e9rdida de cultivos en la zona. Se menciona a la UTalca.\u00a0<\/a><\/p><p>\u00a0<\/p><p><strong>CANAL CHILEVISI\u00d3N\u00a0<\/strong><\/p><p><a href=\"https:\/\/www.litoralpress.cl\/Archivos\/JB5AWPRDSZAXD27PKFLZWKCKMA.mp4\">Gabriel Boric rechaza la invitaci\u00f3n del Presidente Pi\u00f1era para participar de una visita a Colombia. Se refiere Mauricio Morales, director del Centro de An\u00e1lisis Pol\u00edtico (CAP) de la UTalca.\u00a0<\/a><\/p><p><strong>\u00a0<\/strong><\/p><p><strong>CANAL TVN\u00a0<\/strong><\/p><p><a href=\"https:\/\/www.litoralpress.cl\/Archivos\/72FV67KW52PSGQNSRRSMLD422A.mp4\">DC define su futuro en elecciones internas. Se refiere Mauricio Morales, director del Centro de An\u00e1lisis Pol\u00edtico (CAP) de la UTalca.\u00a0<\/a><\/p><p><strong>\u00a0<\/strong><\/p><p><strong>RADIO UNIVERSO\u00a0<\/strong><\/p><p><a href=\"https:\/\/www.litoralpress.cl\/Archivos\/Q3YMHCQZHG7OHB5IDJAO45PMDY.mp3\">Entrevista a Mauricio Morales, director del Centro de An\u00e1lisis Pol\u00edtico de la UTalca.\u00a0<\/a><\/p><p>\u00a0<\/p><p><strong>UNIVERSO.CL\u00a0<\/strong><\/p><p><a href=\"https:\/\/universo.cl\/actualidad\/morales-y-conformacion-del-gabinete-apruebo-dignidad-tiene-el-contingente-de-liderazgo-mas-potente-que-no-se-veia-de-los-anos-90\/\">Morales y conformaci\u00f3n del gabinete: Apruebo Dignidad, tiene el contingente de liderazgo m\u00e1s potente que no se ve\u00eda de los a\u00f1os \u201990. Se refiere Mauricio Morales, director del Centro de An\u00e1lisis Pol\u00edtico de la UTalca.\u00a0<\/a><\/p><p>\u00a0<\/p><p><strong>RADIO PRESIDENTE IB\u00c1\u00d1EZ PUNTA ARENAS\u00a0<\/strong><\/p><p><a href=\"https:\/\/www.litoralpress.cl\/Archivos\/ZR7MNGAOHKSFAJIH4PJVTXLQYI.mp3\">Entrevista a Mario Herrera, acad\u00e9mico e investigador del Centro de An\u00e1lisis Pol\u00edtico de la UTalca.\u00a0<\/a><\/p><p>\u00a0<\/p><p><strong>RADIO AGRICULTURA\u00a0<\/strong><\/p><p><a href=\"https:\/\/www.litoralpress.cl\/Archivos\/7QIMKIJ5PITKE2AFM5IRYSMJ34.mp3\">El oficialismo intenta rearticularse de cara a su nuevo rol de oposici\u00f3n. Se refiere Mauricio Morales, director del Centro de An\u00e1lisis Pol\u00edtico de la UTalca.\u00a0<\/a><\/p><p>\u00a0<\/p><p><strong>RADIOPOLAR.COM\u00a0<\/strong><\/p><p><a href=\"https:\/\/radiopolar.com\/noticia_172469.html\">Experto analiza los desaf\u00edos que enfrentar\u00e1 el nuevo gobierno. Se refiere Mario Herrera, acad\u00e9mico e investigador del Centro de An\u00e1lisis Pol\u00edtico de la UTalca.\u00a0<\/a><\/p><p>\u00a0<\/p><p><strong>LA PRENSA\u00a0<\/strong><\/p><p><a href=\"https:\/\/www.litoralpress.cl\/paginaconsultas\/Servicios_NClip\/Get_Imagen_Nota.aspx?LPKey=555CKYEOHTMKONWC5MJWIBTJ5ZYJARMS442BVTXM47BZW4PGTISV7ZLWM5ZDOBGDEORLD2DCZIPXK\">Extensi\u00f3n UTalca estrena cortometraje que invita a interactuar con la historia. Se refiere Marcela Albornoz, directora de Extensi\u00f3n Cultural y Art\u00edstica de la UTalca.\u00a0<\/a><\/p><p>\u00a0<\/p><p><strong>DIARIOLAPRENSA.CL\u00a0<\/strong><\/p><p><a href=\"https:\/\/new.diariolaprensa.cl\/index.php\/2021\/12\/27\/extension-utalca-estrena-cortometraje-que-invita-a-interactuar-con-la-historia\/\">Extensi\u00f3n UTalca estrena cortometraje que invita a interactuar con la historia. Se refiere Marcela Albornoz, directora de Extensi\u00f3n Cultural y Art\u00edstica de la UTalca.\u00a0<\/a><\/p><p>\u00a0<\/p><p><strong>LINARESENLINEA.CL\u00a0<\/strong><\/p><p><a href=\"https:\/\/www.linaresenlinea.cl\/2021\/12\/27\/extension-utalca-y-organizacion-de-audiovisualistas-de-linares-estrena-cortometraje-que-invita-a-interactuar-con-la-historia\/\">Extensi\u00f3n UTalca y Organizaci\u00f3n de Audiovisualistas de Linares estrena cortometraje que invita a interactuar con la historia. Se refiere Marcela Albornoz, directora de Extensi\u00f3n Cultural y Art\u00edstica de la UTalca.\u00a0<\/a><\/p><p>\u00a0<\/p><p><strong>DIARIO TALCA\u00a0<\/strong><\/p><p><a href=\"https:\/\/www.litoralpress.cl\/paginaconsultas\/Servicios_NClip\/Get_Imagen_Nota.aspx?LPKey=CWRWKDO23WVICOLUSDTI2OITRP4H2TJXSIRA2ESZQKTL3SG4MQ753VAU5DU62TNPYV4U5U3NMZE5W\">Un recorrido por la poes\u00eda amorosa del Maule. Se menciona a Marcela Albornoz, directora de Extensi\u00f3n Cultural y Art\u00edstica de la UTalca.\u00a0<\/a><\/p><p>\u00a0<\/p><p><strong>DIARIORANCAGUA.CL\u00a0<\/strong><\/p><p><a href=\"http:\/\/diariorancagua.cl\/cambio-de-director-en-hospital-de-pichilemu\/\">Cambio de director en Hospital de Pichilemu. Se menciona a la UTalca.\u00a0<\/a><\/p><p>\u00a0<\/p><p><strong>ELRANCAGUINO.CL\u00a0<\/strong><\/p><p><a href=\"https:\/\/www.elrancaguino.cl\/2021\/12\/27\/cambio-de-director-en-hospital-de-pichilemu\/\">Cambio de director en Hospital de Pichilemu. Se menciona a la UTalca.\u00a0<\/a><\/p><p>\u00a0<\/p>\t\t\t\t\t\t<\/div>\n\t\t\t\t<\/div>\n\t\t\t\t\t<\/div>\n\t\t<\/div>\n\t\t\t\t\t\t\t<\/div>\n\t\t<\/section>\n\t\t\t\t\t\t<\/div>\n\t\t\t\t\t<\/div>\n\t\t","protected":false},"excerpt":{"rendered":"<p>DIARIO TALCA\u00a0 Ranking reafirma liderazgo nacional de la Universidad de Talca.\u00a0 \u00a0 LA PRENSA\u00a0 Acad\u00e9micas y exalumnas de Ingenier\u00eda en Minas de la UTalca entre 100 mujeres l\u00edderes del sector.\u00a0 \u00a0 DIARIOLAPRENSA.CL\u00a0 Acad\u00e9micas y exalumnas de Ingenier\u00eda en Minas de la UTalca entre 100 mujeres l\u00edderes del sector.\u00a0 \u00a0 MINERIACHILE.CL\u00a0 Reconocen labor de cuatro utalinas &hellip;<\/p>\n<p class=\"read-more\"> <a class=\"\" href=\"https:\/\/www.reportedeprensa.utalca.cl\/?p=2785\"> <span class=\"screen-reader-text\">28 de diciembre de 2021<\/span> Read More &raquo;<\/a><\/p>\n","protected":false},"author":1,"featured_media":0,"comment_status":"closed","ping_status":"open","sticky":false,"template":"elementor_theme","format":"standard","meta":{"_monsterinsights_skip_tracking":false,"_monsterinsights_sitenote_active":false,"_monsterinsights_sitenote_note":"","_monsterinsights_sitenote_category":0},"categories":[15],"tags":[],"_links":{"self":[{"href":"https:\/\/www.reportedeprensa.utalca.cl\/index.php?rest_route=\/wp\/v2\/posts\/2785"}],"collection":[{"href":"https:\/\/www.reportedeprensa.utalca.cl\/index.php?rest_route=\/wp\/v2\/posts"}],"about":[{"href":"https:\/\/www.reportedeprensa.utalca.cl\/index.php?rest_route=\/wp\/v2\/types\/post"}],"author":[{"embeddable":true,"href":"https:\/\/www.reportedeprensa.utalca.cl\/index.php?rest_route=\/wp\/v2\/users\/1"}],"replies":[{"embeddable":true,"href":"https:\/\/www.reportedeprensa.utalca.cl\/index.php?rest_route=%2Fwp%2Fv2%2Fcomments&post=2785"}],"version-history":[{"count":7,"href":"https:\/\/www.reportedeprensa.utalca.cl\/index.php?rest_route=\/wp\/v2\/posts\/2785\/revisions"}],"predecessor-version":[{"id":2793,"href":"https:\/\/www.reportedeprensa.utalca.cl\/index.php?rest_route=\/wp\/v2\/posts\/2785\/revisions\/2793"}],"wp:attachment":[{"href":"https:\/\/www.reportedeprensa.utalca.cl\/index.php?rest_route=%2Fwp%2Fv2%2Fmedia&parent=2785"}],"wp:term":[{"taxonomy":"category","embeddable":true,"href":"https:\/\/www.reportedeprensa.utalca.cl\/index.php?rest_route=%2Fwp%2Fv2%2Fcategories&post=2785"},{"taxonomy":"post_tag","embeddable":true,"href":"https:\/\/www.reportedeprensa.utalca.cl\/index.php?rest_route=%2Fwp%2Fv2%2Ftags&post=2785"}],"curies":[{"name":"wp","href":"https:\/\/api.w.org\/{rel}","templated":true}]}}