{"id":2800,"date":"2021-12-29T09:00:48","date_gmt":"2021-12-29T12:00:48","guid":{"rendered":"https:\/\/www.reportedeprensa.utalca.cl\/?p=2800"},"modified":"2021-12-29T09:09:59","modified_gmt":"2021-12-29T12:09:59","slug":"29-de-diciembre-de-2021","status":"publish","type":"post","link":"https:\/\/www.reportedeprensa.utalca.cl\/?p=2800","title":{"rendered":"29 de diciembre de 2021"},"content":{"rendered":"\t\t<div data-elementor-type=\"wp-post\" data-elementor-id=\"2800\" class=\"elementor elementor-2800\" data-elementor-settings=\"[]\">\n\t\t\t\t\t\t\t<div class=\"elementor-section-wrap\">\n\t\t\t\t\t\t\t<section class=\"elementor-section elementor-top-section elementor-element elementor-element-a06ca45 elementor-section-boxed elementor-section-height-default elementor-section-height-default\" data-id=\"a06ca45\" data-element_type=\"section\">\n\t\t\t\t\t\t<div class=\"elementor-container elementor-column-gap-default\">\n\t\t\t\t\t<div class=\"elementor-column elementor-col-100 elementor-top-column elementor-element elementor-element-1486c35\" data-id=\"1486c35\" data-element_type=\"column\">\n\t\t\t<div class=\"elementor-widget-wrap elementor-element-populated\">\n\t\t\t\t\t\t\t\t<div class=\"elementor-element elementor-element-42b145e elementor-widget elementor-widget-text-editor\" data-id=\"42b145e\" data-element_type=\"widget\" data-widget_type=\"text-editor.default\">\n\t\t\t\t<div class=\"elementor-widget-container\">\n\t\t\t\t\t\t\t\t<p class=\"x_MsoNormal\"><strong>UNIVERSIDADESESTATALES.CL\u00a0<\/strong><\/p><p class=\"x_MsoNormal\"><a href=\"http:\/\/www.universidadesestatales.cl\/cue\/?q=node\/9367\">Cient\u00edficos detectan causa de enfermedad que da\u00f1a los dientes en los ni\u00f1os.\u00a0Se refiere Vidal P\u00e9rez, acad\u00e9mico de la Facultad de Ciencias de la Salud de la UTalca.\u00a0<\/a><\/p><p class=\"x_MsoNormal\">\u00a0<\/p><p class=\"x_MsoNormal\"><strong>HOY X HOY\u00a0<\/strong><\/p><p class=\"x_MsoNormal\"><a href=\"https:\/\/www.litoralpress.cl\/paginaconsultas\/Servicios_NClip\/Get_Imagen_Nota.aspx?LPKey=ZXQ62TAEO4F53XCSMSP3YO7KCLFIGZCPGUTCOU3MXYNKWS62NJE3U55LQGZHE5FBPC7AF2AZC63UK\">Cient\u00edficos detectan causa de enfermedad que da\u00f1a los dientes en los ni\u00f1os.\u00a0Se refiere Vidal P\u00e9rez, acad\u00e9mico de la Facultad de Ciencias de la Salud de la UTalca.\u00a0<\/a><\/p><p class=\"x_MsoNormal\">\u00a0<\/p><p class=\"x_MsoNormal\"><strong>DIARIOSENRED.COM\u00a0<\/strong><\/p><p class=\"x_MsoNormal\"><a href=\"https:\/\/www.diariosenred.com\/nacional\/dientes-de-tiza-cientificos-logran-avance-en-investigacion-de\">\u201cDientes de tiza\u201d: Cient\u00edficos logran avance en investigaci\u00f3n de enfermedad que afecta a los ni\u00f1os. Se refiere Vidal P\u00e9rez, acad\u00e9mico de la Facultad de Ciencias de la Salud de la UTalca.\u00a0<\/a><\/p><p class=\"x_MsoNormal\">\u00a0<\/p><p class=\"x_MsoNormal\"><strong>REDMAULE.COM\u00a0<\/strong><\/p><p class=\"x_MsoNormal\"><a href=\"https:\/\/www.redmaule.com\/nacional\/dientes-de-tiza-cientificos-logran-avance-en-investigacion-de\">\u201cDientes de tiza\u201d: Cient\u00edficos logran avance en investigaci\u00f3n de enfermedad que afecta a los ni\u00f1os. Se refiere Vidal P\u00e9rez, acad\u00e9mico de la Facultad de Ciencias de la Salud de la UTalca.\u00a0<\/a><\/p><p class=\"x_MsoNormal\" aria-hidden=\"true\">\u00a0<\/p><p class=\"x_MsoNormal\"><strong>VLTV.CL\u00a0<\/strong><\/p><p class=\"x_MsoNormal\"><a href=\"https:\/\/vltv.cl\/cientificos-detectan-causa-de-enfermedad-que-dana-los-dientes-en-los-ninos\/\">Cient\u00edficos detectan causa de enfermedad que da\u00f1a los dientes de los ni\u00f1os. Se refiere Vidal P\u00e9rez, acad\u00e9mico de la Facultad de Ciencias de la Salud de la UTalca.\u00a0<\/a><\/p><p class=\"x_MsoNormal\" aria-hidden=\"true\">\u00a0<\/p><p class=\"x_MsoNormal\"><strong>RADIO VLN\u00a0<\/strong><\/p><p class=\"x_MsoNormal\"><a href=\"https:\/\/www.litoralpress.cl\/Archivos\/7GKHLBSM7QH4WRFAE72MWQI3K4.mp3\">Entrevista a Fernando Soto, director de la Escuela de Administraci\u00f3n P\u00fablica de la UTalca.\u00a0<\/a><\/p><p class=\"x_MsoNormal\">\u00a0<\/p><p class=\"x_MsoNormal\"><strong>CANAL ANTOFAGASTA TELEVISI\u00d3N\u00a0<\/strong><\/p><p class=\"x_MsoNormal\"><a href=\"https:\/\/www.litoralpress.cl\/Archivos\/LDK3HI6SU6VDCQF7JENKWDTOHA.mp4\">Dos acad\u00e9micas y dos ex alumnas de la U. de Talca fueron seleccionadas entre las 100 mujeres L\u00edderes en Miner\u00eda 2021.\u00a0<\/a><\/p><p class=\"x_MsoNormal\">\u00a0<\/p><p class=\"x_MsoNormal\"><strong>CANAL CONTIVISI\u00d3N\u00a0<\/strong><\/p><p class=\"x_MsoNormal\"><a href=\"https:\/\/www.litoralpress.cl\/Archivos\/XOJNXYOBIOOVI2QFIGT5SMKMSM.mp4\">Dos acad\u00e9micas y dos ex alumnas de la U. de Talca fueron seleccionadas entre las 100 mujeres L\u00edderes en Miner\u00eda 2021. \u00a0<\/a><\/p><p class=\"x_MsoNormal\">\u00a0<\/p><p class=\"x_MsoNormal\"><strong>DIARIOTALCA.CL\u00a0<\/strong><\/p><p class=\"x_MsoNormal\"><a href=\"https:\/\/diariotalca.cl\/como-ahorrar-energia-durante-el-verano\/\">\u00bfC\u00f3mo ahorrar energ\u00eda durante el verano?.\u00a0<\/a><\/p><p>\u00a0<\/p><p class=\"x_MsoNormal\"><strong>DIARIOELHERALDO.CL\u00a0<\/strong><\/p><p class=\"x_MsoNormal\"><a href=\"http:\/\/www.diarioelheraldo.cl\/noticia\/academicos-utalca-entregan-ideas-para-el-ahorro-energetico-durante-el-verano-\">Acad\u00e9micos UTalca entregan ideas para el ahorro energ\u00e9tico durante el verano. Se refieren Mar\u00eda Luisa de Campo, Marco Alsina y Daniel Mora, acad\u00e9micos de la Facultad de Ingenier\u00eda. \u00a0<\/a><\/p><p>\u00a0<\/p><p class=\"x_MsoNormal\"><strong>ENLINEAMAULE.CL\u00a0<\/strong><\/p><p class=\"x_MsoNormal\"><a href=\"https:\/\/enlineamaule.cl\/archivo\/46651\">Acad\u00e9micos de la Universidad de Talca recomiendan acciones concretas para aumentar el ahorro de agua y la eficiencia energ\u00e9tica en el hogar y as\u00ed aliviar el gasto familiar. Se refieren Mar\u00eda Luisa de Campo y Daniel Mora, acad\u00e9micos de la Facultad de Ingenier\u00eda.\u00a0<\/a><\/p><p class=\"x_MsoNormal\" aria-hidden=\"true\">\u00a0<\/p><p class=\"x_MsoNormal\"><strong>ELMERCURIO.COM\u00a0<\/strong><\/p><p class=\"x_MsoNormal\"><a href=\"https:\/\/www.elmercurio.com\/legal\/Registro\/Login.aspx?urlBack=\/Legal\/Noticias\/Opinion\/2021\/12\/28\/ley-proconsumidor-necesidad-sistematizadas-consumo.aspx\">Columna de opini\u00f3n: Los desaf\u00edos en la integraci\u00f3n de la Ley Pro-Consumidor y la necesidad de contar con reglas sistematizadas de consumo. Se refiere Erika Isler, acad\u00e9mica de la Facultad de Ciencias Jur\u00eddicas y Sociales de la UTalca. \u00a0<\/a><\/p><p class=\"x_MsoNormal\" aria-hidden=\"true\">\u00a0<\/p><p class=\"x_MsoNormal\"><strong>CANAL TVN RED MAULE\u00a0<\/strong><\/p><p class=\"x_MsoNormal\"><a href=\"https:\/\/www.litoralpress.cl\/Archivos\/373YD6TCSUMYUZ7WOWH2FDDAG4.mp4\">Siete incendios se registraron el fin de semana. Se refiere Patricio Gonz\u00e1lez, acad\u00e9mico e investigador del Centro de Investigaci\u00f3n y Transferencia en Riego de la UTalca.\u00a0<\/a><\/p><p>\u00a0<\/p><p class=\"x_MsoNormal\"><strong>EL MERCURIO\u00a0<\/strong><\/p><p class=\"x_MsoNormal\"><a href=\"https:\/\/www.litoralpress.cl\/paginaconsultas\/Servicios_NClip\/Get_Imagen_Nota.aspx?LPKey=S4MBMSUONGBJG5TV2P34GUJPF3MT4F63SYNDBY67YGTG5UJ4TCNIZTSKLVNKTHRBGGKBPAV6V24RC\">Movilizaci\u00f3n o moderaci\u00f3n: el debate por el alza de Boric en el balotaje.\u00a0Se refiere Mauricio Morales, director del Centro de An\u00e1lisis Pol\u00edtico (CAP) de la UTalca.\u00a0<\/a><\/p><p class=\"x_MsoNormal\">\u00a0<\/p><p class=\"x_MsoNormal\"><strong>CANAL 24 HORAS\u00a0<\/strong><\/p><p class=\"x_MsoNormal\"><a href=\"https:\/\/www.litoralpress.cl\/Archivos\/CGZIXUNF4LSQS7BOO5SK66L2T4.mp4\">Pr\u00f3xima elecci\u00f3n de la nueva directiva de la DC y el rol en el pr\u00f3ximo gobierno de Gabriel Boric. Se refiere Mauricio Morales, director del Centro de An\u00e1lisis Pol\u00edtico (CAP) de la UTalca.\u00a0<\/a><\/p><p class=\"x_MsoNormal\">\u00a0<\/p><p class=\"x_MsoNormal\"><strong>THECLINIC.CL\u00a0<\/strong><\/p><p class=\"x_MsoNormal\"><a href=\"https:\/\/www.theclinic.cl\/2021\/12\/28\/coordinacion-internacional-feminista-rol-irina-karamanos-gobierno-boric\/\">\u00bfCoordinaci\u00f3n internacional feminista? El rol de Irina Karamanos en el gobierno de Boric.\u00a0Se refiere Mauricio Morales, director del Centro de An\u00e1lisis Pol\u00edtico (CAP) de la UTalca.\u00a0<\/a><\/p><p class=\"x_MsoNormal\">\u00a0<\/p><p class=\"x_MsoNormal\"><strong>LA PRENSA\u00a0<\/strong><\/p><p class=\"x_MsoNormal\"><a href=\"https:\/\/www.litoralpress.cl\/paginaconsultas\/Servicios_NClip\/Get_Imagen_Nota.aspx?LPKey=OBOX5BSQAMJUGXDV7F3W3JUF5ZREMYFP4EITVHIDSKDZRL5IFCI64HN3PAT46BWEZOEBTFELKA4SQ\">Entrevista a Fabi\u00e1n Belmar, investigador del Centro de An\u00e1lisis Pol\u00edtico de la UTalca.\u00a0<\/a><\/p><p class=\"x_MsoNormal\">\u00a0<\/p><p class=\"x_MsoNormal\"><strong>RADIOAGRICULTURA.CL\u00a0<\/strong><\/p><p class=\"x_MsoNormal\"><a href=\"https:\/\/www.radioagricultura.cl\/elagro\/2021\/12\/28\/rios-maule-y-mataquito-racionalizaran-agua-para-enfrentar-otra-temporada-de-sequia.html\">R\u00edos Maule y Mataquito racionalizar\u00e1n agua para enfrentar otra temporada de sequ\u00eda. Se menciona a la UTalca.\u00a0<\/a><\/p><p class=\"x_MsoNormal\" aria-hidden=\"true\">\u00a0<\/p><p class=\"x_MsoNormal\"><strong>CANAL CONTIVISI\u00d3N\u00a0<\/strong><\/p><p class=\"x_MsoNormal\"><a href=\"https:\/\/www.litoralpress.cl\/Archivos\/QFVC2CPPBLJ4ZXPMIKHQG3FQVA.mp4\">Finaliz\u00f3 Programa Becas Maule 1 que busca aumentar n\u00famero de m\u00e9dicos especialistas en la regi\u00f3n. Se menciona a la UTalca.\u00a0<\/a><\/p><p class=\"x_MsoNormal\">\u00a0<\/p><p class=\"x_MsoNormal\"><strong>CANAL TVN RED MAULE<\/strong><\/p><p class=\"x_MsoNormal\"><a href=\"https:\/\/www.litoralpress.cl\/Archivos\/HAD6K3JI66YWOEVBJAVOKQAX54.mp4\">Cortometraje &#8220;Control&#8221; invita a los espectadores a interactuar con la historia. Se menciona al Centro de Extensi\u00f3n de la UTalca. \u00a0<\/a><\/p><p class=\"x_MsoNormal\">\u00a0<\/p><p class=\"x_MsoNormal\"><strong>EL RANCAG\u00dcINO\u00a0<\/strong><\/p><p class=\"x_MsoNormal\"><a href=\"https:\/\/www.litoralpress.cl\/paginaconsultas\/Servicios_NClip\/Get_Imagen_Nota.aspx?LPKey=IEOBBJWG32AMMVHOPM3IAKA74WZFNYAMOK76AQE3SFUL7VOGLARIAVYQS27D7DRA7BQ32ISI4RIJM\">Cambio de director en Hospital de Pichilemu. Se menciona a la UTalca. \u00a0<\/a><\/p><p class=\"x_MsoNormal\" aria-hidden=\"true\">\u00a0<\/p><p class=\"x_MsoNormal\"><strong>LANOTICIAONLINE.CL\u00a0<\/strong><\/p><p class=\"x_MsoNormal\"><a href=\"http:\/\/lanoticiaonline.cl\/ciudad\/cambio-de-director-en-hospital-de-pichilemu\/\">Cambio de director en Hospital de Pichilemu. Se menciona a la UTalca.\u00a0<\/a><\/p><p class=\"x_MsoNormal\" aria-hidden=\"true\">\u00a0<\/p><p class=\"x_MsoNormal\"><strong>ELCACHAPOAL.CL\u00a0<\/strong><\/p><p class=\"x_MsoNormal\"><a href=\"https:\/\/elcachapoal.cl\/ec\/2021\/12\/28\/cambio-de-director-en-hospital-de-pichilemu\/\">Cambio de director en Hospital de Pichilemu.\u00a0<\/a><\/p><p class=\"x_MsoNormal\" aria-hidden=\"true\">\u00a0<\/p><p class=\"x_MsoNormal\"><strong>PICHILEMUNEWS.CL\u00a0<\/strong><\/p><p class=\"x_MsoNormal\"><a href=\"https:\/\/www.pichilemunews.cl\/index.php\/all-categories-list\/noticias\/pichilemu-cambio-de-director-en-hospital\">Pichilemu: Cambio de director en Hospital. Se menciona a la UTalca.\u00a0<\/a><\/p><p class=\"x_MsoNormal\" aria-hidden=\"true\">\u00a0<\/p><p class=\"x_MsoNormal\"><strong>ELMACHALINO.CL\u00a0<\/strong><\/p><p class=\"x_MsoNormal\"><a href=\"https:\/\/www.elmachalino.cl\/asume-nuevo-director-del-hospital-de-pichilemu\/\">Asume nuevo director del Hospital de Pichilemu. Se menciona a la UTalca. \u00a0<\/a><\/p>\t\t\t\t\t\t<\/div>\n\t\t\t\t<\/div>\n\t\t\t\t\t<\/div>\n\t\t<\/div>\n\t\t\t\t\t\t\t<\/div>\n\t\t<\/section>\n\t\t\t\t\t\t<\/div>\n\t\t\t\t\t<\/div>\n\t\t","protected":false},"excerpt":{"rendered":"<p>UNIVERSIDADESESTATALES.CL\u00a0 Cient\u00edficos detectan causa de enfermedad que da\u00f1a los dientes en los ni\u00f1os.\u00a0Se refiere Vidal P\u00e9rez, acad\u00e9mico de la Facultad de Ciencias de la Salud de la UTalca.\u00a0 \u00a0 HOY X HOY\u00a0 Cient\u00edficos detectan causa de enfermedad que da\u00f1a los dientes en los ni\u00f1os.\u00a0Se refiere Vidal P\u00e9rez, acad\u00e9mico de la Facultad de Ciencias de la &hellip;<\/p>\n<p class=\"read-more\"> <a class=\"\" href=\"https:\/\/www.reportedeprensa.utalca.cl\/?p=2800\"> <span class=\"screen-reader-text\">29 de diciembre de 2021<\/span> Read More &raquo;<\/a><\/p>\n","protected":false},"author":1,"featured_media":0,"comment_status":"closed","ping_status":"open","sticky":false,"template":"elementor_theme","format":"standard","meta":{"_monsterinsights_skip_tracking":false,"_monsterinsights_sitenote_active":false,"_monsterinsights_sitenote_note":"","_monsterinsights_sitenote_category":0},"categories":[15],"tags":[],"_links":{"self":[{"href":"https:\/\/www.reportedeprensa.utalca.cl\/index.php?rest_route=\/wp\/v2\/posts\/2800"}],"collection":[{"href":"https:\/\/www.reportedeprensa.utalca.cl\/index.php?rest_route=\/wp\/v2\/posts"}],"about":[{"href":"https:\/\/www.reportedeprensa.utalca.cl\/index.php?rest_route=\/wp\/v2\/types\/post"}],"author":[{"embeddable":true,"href":"https:\/\/www.reportedeprensa.utalca.cl\/index.php?rest_route=\/wp\/v2\/users\/1"}],"replies":[{"embeddable":true,"href":"https:\/\/www.reportedeprensa.utalca.cl\/index.php?rest_route=%2Fwp%2Fv2%2Fcomments&post=2800"}],"version-history":[{"count":4,"href":"https:\/\/www.reportedeprensa.utalca.cl\/index.php?rest_route=\/wp\/v2\/posts\/2800\/revisions"}],"predecessor-version":[{"id":2805,"href":"https:\/\/www.reportedeprensa.utalca.cl\/index.php?rest_route=\/wp\/v2\/posts\/2800\/revisions\/2805"}],"wp:attachment":[{"href":"https:\/\/www.reportedeprensa.utalca.cl\/index.php?rest_route=%2Fwp%2Fv2%2Fmedia&parent=2800"}],"wp:term":[{"taxonomy":"category","embeddable":true,"href":"https:\/\/www.reportedeprensa.utalca.cl\/index.php?rest_route=%2Fwp%2Fv2%2Fcategories&post=2800"},{"taxonomy":"post_tag","embeddable":true,"href":"https:\/\/www.reportedeprensa.utalca.cl\/index.php?rest_route=%2Fwp%2Fv2%2Ftags&post=2800"}],"curies":[{"name":"wp","href":"https:\/\/api.w.org\/{rel}","templated":true}]}}